{"id":174310,"date":"2024-04-30T14:15:13","date_gmt":"2024-04-30T12:15:13","guid":{"rendered":"https:\/\/novice.si\/page\/?p=174310"},"modified":"2024-04-30T14:15:13","modified_gmt":"2024-04-30T12:15:13","slug":"store-stara-obcinska-stavba-z-novim-namenom","status":"publish","type":"post","link":"https:\/\/novice.si\/page\/store-stara-obcinska-stavba-z-novim-namenom\/","title":{"rendered":"\u0160TORE Stara ob\u010dinska stavba z novim namenom"},"content":{"rendered":"<p><img loading=\"lazy\" decoding=\"async\" class=\"size-medium wp-image-145500 alignleft\" src=\"https:\/\/novice.si\/page\/wp-content\/uploads\/2021\/12\/Store-obcina-cesta-2-1-300x169.jpg\" alt=\"\" width=\"300\" height=\"169\" srcset=\"https:\/\/novice.si\/page\/wp-content\/uploads\/2021\/12\/Store-obcina-cesta-2-1-300x169.jpg 300w, https:\/\/novice.si\/page\/wp-content\/uploads\/2021\/12\/Store-obcina-cesta-2-1-1024x576.jpg 1024w, https:\/\/novice.si\/page\/wp-content\/uploads\/2021\/12\/Store-obcina-cesta-2-1-768x432.jpg 768w, https:\/\/novice.si\/page\/wp-content\/uploads\/2021\/12\/Store-obcina-cesta-2-1-1536x864.jpg 1536w, https:\/\/novice.si\/page\/wp-content\/uploads\/2021\/12\/Store-obcina-cesta-2-1-2048x1152.jpg 2048w, https:\/\/novice.si\/page\/wp-content\/uploads\/2021\/12\/Store-obcina-cesta-2-1-696x392.jpg 696w, https:\/\/novice.si\/page\/wp-content\/uploads\/2021\/12\/Store-obcina-cesta-2-1-1068x601.jpg 1068w, https:\/\/novice.si\/page\/wp-content\/uploads\/2021\/12\/Store-obcina-cesta-2-1-747x420.jpg 747w, https:\/\/novice.si\/page\/wp-content\/uploads\/2021\/12\/Store-obcina-cesta-2-1-24x14.jpg 24w, https:\/\/novice.si\/page\/wp-content\/uploads\/2021\/12\/Store-obcina-cesta-2-1-36x20.jpg 36w, https:\/\/novice.si\/page\/wp-content\/uploads\/2021\/12\/Store-obcina-cesta-2-1-48x27.jpg 48w\" sizes=\"auto, (max-width: 300px) 100vw, 300px\" \/>Ob\u010dina \u0160tore je zgradbo, kjer so bili pred selitvijo na Lipo ob\u010dinski prostori, prodala celjskemu podjetju GES. S tem so se pred \u010dasom kon\u010dala ugibanja, da naj bi objekt namenili za varovana stanovanja oziroma naj bi ga prodali po eta\u017eah, kakor se je sprva domnevalo.<\/p>\n<p>\u017dupan <strong>Miran Jurko\u0161ek<\/strong> je zadovoljen z novimi lastniki, saj so poslopje vzorno uredili (v njem je samo poslovni del), podjetje pa ima odli\u010dne reference, saj je med drugim v \u0160torah \u017ee gradilo novo \u0161portno dvorano in urejalo nove ob\u010dinske prostore, v Celju pa obnavljalo glasbeno \u0161olo.<\/p>\n<p>Jurko\u0161ek dodaja, da so pri prodaji morali upo\u0161tevati tudi voljo stanovalcev Spodnjih \u0160tor, ki jim vsi potencialni lastniki niso bili po volji, interes za nakup pa je bil zelo velik.<\/p>\n<p>P\u0160<\/p>\n<p>&nbsp;<\/p>\n","protected":false},"excerpt":{"rendered":"<p>Ob\u010dina \u0160tore je zgradbo, kjer so bili pred selitvijo na Lipo ob\u010dinski prostori, prodala celjskemu podjetju GES. S tem so se pred \u010dasom kon\u010dala ugibanja, da naj bi objekt namenili za varovana stanovanja oziroma naj bi ga prodali po eta\u017eah, kakor se je sprva domnevalo. \u017dupan Miran Jurko\u0161ek je zadovoljen z novimi lastniki, saj so [&hellip;]<\/p>\n","protected":false},"author":33,"featured_media":106808,"comment_status":"closed","ping_status":"closed","sticky":false,"template":"","format":"standard","meta":{"footnotes":""},"categories":[17],"tags":[7154,20409,1479,20408],"class_list":{"0":"post-174310","1":"post","2":"type-post","3":"status-publish","4":"format-standard","5":"has-post-thumbnail","7":"category-celjsko","8":"tag-miran-jurkosek","9":"tag-podjetje-ges","10":"tag-prodaja","11":"tag-stara-obcinska-zgradba"},"yoast_head":"<!-- This site is optimized with the Yoast SEO plugin v27.4 - https:\/\/yoast.com\/product\/yoast-seo-wordpress\/ -->\n<title>\u0160TORE Stara ob\u010dinska stavba z novim namenom - Novice.si<\/title>\n<meta name=\"robots\" content=\"index, follow, max-snippet:-1, max-image-preview:large, max-video-preview:-1\" \/>\n<link rel=\"canonical\" href=\"https:\/\/novice.si\/page\/store-stara-obcinska-stavba-z-novim-namenom\/\" \/>\n<meta property=\"og:locale\" content=\"sl_SI\" \/>\n<meta property=\"og:type\" content=\"article\" \/>\n<meta property=\"og:title\" content=\"\u0160TORE Stara ob\u010dinska stavba z novim namenom - Novice.si\" \/>\n<meta property=\"og:description\" content=\"Ob\u010dina \u0160tore je zgradbo, kjer so bili pred selitvijo na Lipo ob\u010dinski prostori, prodala celjskemu podjetju GES. S tem so se pred \u010dasom kon\u010dala ugibanja, da naj bi objekt namenili za varovana stanovanja oziroma naj bi ga prodali po eta\u017eah, kakor se je sprva domnevalo. \u017dupan Miran Jurko\u0161ek je zadovoljen z novimi lastniki, saj so [&hellip;]\" \/>\n<meta property=\"og:url\" content=\"https:\/\/novice.si\/page\/store-stara-obcinska-stavba-z-novim-namenom\/\" \/>\n<meta property=\"og:site_name\" content=\"Novice.si\" \/>\n<meta property=\"article:published_time\" content=\"2024-04-30T12:15:13+00:00\" \/>\n<meta property=\"og:image\" content=\"https:\/\/novice.si\/page\/wp-content\/uploads\/2019\/06\/Ob\u010dina-\u0160tore-poslopje-2a.jpg\" \/>\n\t<meta property=\"og:image:width\" content=\"2309\" \/>\n\t<meta property=\"og:image:height\" content=\"1732\" \/>\n\t<meta property=\"og:image:type\" content=\"image\/jpeg\" \/>\n<meta name=\"author\" content=\"Uredni\u0161tvo Celjana\" \/>\n<meta name=\"twitter:card\" content=\"summary_large_image\" \/>\n<meta name=\"twitter:label1\" content=\"Written by\" \/>\n\t<meta name=\"twitter:data1\" content=\"Uredni\u0161tvo Celjana\" \/>\n\t<meta name=\"twitter:label2\" content=\"Est. reading time\" \/>\n\t<meta name=\"twitter:data2\" content=\"2 minuti\" \/>\n<script type=\"application\/ld+json\" class=\"yoast-schema-graph\">{\"@context\":\"https:\\\/\\\/schema.org\",\"@graph\":[{\"@type\":\"Article\",\"@id\":\"https:\\\/\\\/novice.si\\\/page\\\/store-stara-obcinska-stavba-z-novim-namenom\\\/#article\",\"isPartOf\":{\"@id\":\"https:\\\/\\\/novice.si\\\/page\\\/store-stara-obcinska-stavba-z-novim-namenom\\\/\"},\"author\":{\"name\":\"Uredni\u0161tvo Celjana\",\"@id\":\"https:\\\/\\\/novice.si\\\/page\\\/#\\\/schema\\\/person\\\/57f25c9642a9541c7349c65d32032c3e\"},\"headline\":\"\u0160TORE Stara ob\u010dinska stavba z novim namenom\",\"datePublished\":\"2024-04-30T12:15:13+00:00\",\"mainEntityOfPage\":{\"@id\":\"https:\\\/\\\/novice.si\\\/page\\\/store-stara-obcinska-stavba-z-novim-namenom\\\/\"},\"wordCount\":140,\"publisher\":{\"@id\":\"https:\\\/\\\/novice.si\\\/page\\\/#organization\"},\"image\":{\"@id\":\"https:\\\/\\\/novice.si\\\/page\\\/store-stara-obcinska-stavba-z-novim-namenom\\\/#primaryimage\"},\"thumbnailUrl\":\"https:\\\/\\\/novice.si\\\/page\\\/wp-content\\\/uploads\\\/2019\\\/06\\\/Ob\u010dina-\u0160tore-poslopje-2a.jpg\",\"keywords\":[\"Miran Jurko\u0161ek\",\"podjetje GES\",\"prodaja\",\"stara ob\u010dinska zgradba\"],\"articleSection\":[\"Celjsko\"],\"inLanguage\":\"sl-SI\"},{\"@type\":\"WebPage\",\"@id\":\"https:\\\/\\\/novice.si\\\/page\\\/store-stara-obcinska-stavba-z-novim-namenom\\\/\",\"url\":\"https:\\\/\\\/novice.si\\\/page\\\/store-stara-obcinska-stavba-z-novim-namenom\\\/\",\"name\":\"\u0160TORE Stara ob\u010dinska stavba z novim namenom - Novice.si\",\"isPartOf\":{\"@id\":\"https:\\\/\\\/novice.si\\\/page\\\/#website\"},\"primaryImageOfPage\":{\"@id\":\"https:\\\/\\\/novice.si\\\/page\\\/store-stara-obcinska-stavba-z-novim-namenom\\\/#primaryimage\"},\"image\":{\"@id\":\"https:\\\/\\\/novice.si\\\/page\\\/store-stara-obcinska-stavba-z-novim-namenom\\\/#primaryimage\"},\"thumbnailUrl\":\"https:\\\/\\\/novice.si\\\/page\\\/wp-content\\\/uploads\\\/2019\\\/06\\\/Ob\u010dina-\u0160tore-poslopje-2a.jpg\",\"datePublished\":\"2024-04-30T12:15:13+00:00\",\"breadcrumb\":{\"@id\":\"https:\\\/\\\/novice.si\\\/page\\\/store-stara-obcinska-stavba-z-novim-namenom\\\/#breadcrumb\"},\"inLanguage\":\"sl-SI\",\"potentialAction\":[{\"@type\":\"ReadAction\",\"target\":[\"https:\\\/\\\/novice.si\\\/page\\\/store-stara-obcinska-stavba-z-novim-namenom\\\/\"]}]},{\"@type\":\"ImageObject\",\"inLanguage\":\"sl-SI\",\"@id\":\"https:\\\/\\\/novice.si\\\/page\\\/store-stara-obcinska-stavba-z-novim-namenom\\\/#primaryimage\",\"url\":\"https:\\\/\\\/novice.si\\\/page\\\/wp-content\\\/uploads\\\/2019\\\/06\\\/Ob\u010dina-\u0160tore-poslopje-2a.jpg\",\"contentUrl\":\"https:\\\/\\\/novice.si\\\/page\\\/wp-content\\\/uploads\\\/2019\\\/06\\\/Ob\u010dina-\u0160tore-poslopje-2a.jpg\",\"width\":2309,\"height\":1732},{\"@type\":\"BreadcrumbList\",\"@id\":\"https:\\\/\\\/novice.si\\\/page\\\/store-stara-obcinska-stavba-z-novim-namenom\\\/#breadcrumb\",\"itemListElement\":[{\"@type\":\"ListItem\",\"position\":1,\"name\":\"Home\",\"item\":\"https:\\\/\\\/novice.si\\\/page\\\/\"},{\"@type\":\"ListItem\",\"position\":2,\"name\":\"\u0160TORE Stara ob\u010dinska stavba z novim namenom\"}]},{\"@type\":\"WebSite\",\"@id\":\"https:\\\/\\\/novice.si\\\/page\\\/#website\",\"url\":\"https:\\\/\\\/novice.si\\\/page\\\/\",\"name\":\"Novice.si\",\"description\":\"\",\"publisher\":{\"@id\":\"https:\\\/\\\/novice.si\\\/page\\\/#organization\"},\"potentialAction\":[{\"@type\":\"SearchAction\",\"target\":{\"@type\":\"EntryPoint\",\"urlTemplate\":\"https:\\\/\\\/novice.si\\\/page\\\/?s={search_term_string}\"},\"query-input\":{\"@type\":\"PropertyValueSpecification\",\"valueRequired\":true,\"valueName\":\"search_term_string\"}}],\"inLanguage\":\"sl-SI\"},{\"@type\":\"Organization\",\"@id\":\"https:\\\/\\\/novice.si\\\/page\\\/#organization\",\"name\":\"Novice.si\",\"url\":\"https:\\\/\\\/novice.si\\\/page\\\/\",\"logo\":{\"@type\":\"ImageObject\",\"inLanguage\":\"sl-SI\",\"@id\":\"https:\\\/\\\/novice.si\\\/page\\\/#\\\/schema\\\/logo\\\/image\\\/\",\"url\":\"https:\\\/\\\/novice.si\\\/page\\\/wp-content\\\/uploads\\\/2023\\\/03\\\/novice_si.png\",\"contentUrl\":\"https:\\\/\\\/novice.si\\\/page\\\/wp-content\\\/uploads\\\/2023\\\/03\\\/novice_si.png\",\"width\":576,\"height\":200,\"caption\":\"Novice.si\"},\"image\":{\"@id\":\"https:\\\/\\\/novice.si\\\/page\\\/#\\\/schema\\\/logo\\\/image\\\/\"}},{\"@type\":\"Person\",\"@id\":\"https:\\\/\\\/novice.si\\\/page\\\/#\\\/schema\\\/person\\\/57f25c9642a9541c7349c65d32032c3e\",\"name\":\"Uredni\u0161tvo Celjana\",\"image\":{\"@type\":\"ImageObject\",\"inLanguage\":\"sl-SI\",\"@id\":\"https:\\\/\\\/secure.gravatar.com\\\/avatar\\\/78e52bc4279b65f6df6345e0ef0f7b792d361361f230cf4ffecfe0afe6d5629c?s=96&d=mm&r=g\",\"url\":\"https:\\\/\\\/secure.gravatar.com\\\/avatar\\\/78e52bc4279b65f6df6345e0ef0f7b792d361361f230cf4ffecfe0afe6d5629c?s=96&d=mm&r=g\",\"contentUrl\":\"https:\\\/\\\/secure.gravatar.com\\\/avatar\\\/78e52bc4279b65f6df6345e0ef0f7b792d361361f230cf4ffecfe0afe6d5629c?s=96&d=mm&r=g\",\"caption\":\"Uredni\u0161tvo Celjana\"},\"url\":\"https:\\\/\\\/novice.si\\\/page\\\/author\\\/primoz\\\/\"}]}<\/script>\n<!-- \/ Yoast SEO plugin. -->","yoast_head_json":{"title":"\u0160TORE Stara ob\u010dinska stavba z novim namenom - Novice.si","robots":{"index":"index","follow":"follow","max-snippet":"max-snippet:-1","max-image-preview":"max-image-preview:large","max-video-preview":"max-video-preview:-1"},"canonical":"https:\/\/novice.si\/page\/store-stara-obcinska-stavba-z-novim-namenom\/","og_locale":"sl_SI","og_type":"article","og_title":"\u0160TORE Stara ob\u010dinska stavba z novim namenom - Novice.si","og_description":"Ob\u010dina \u0160tore je zgradbo, kjer so bili pred selitvijo na Lipo ob\u010dinski prostori, prodala celjskemu podjetju GES. S tem so se pred \u010dasom kon\u010dala ugibanja, da naj bi objekt namenili za varovana stanovanja oziroma naj bi ga prodali po eta\u017eah, kakor se je sprva domnevalo. \u017dupan Miran Jurko\u0161ek je zadovoljen z novimi lastniki, saj so [&hellip;]","og_url":"https:\/\/novice.si\/page\/store-stara-obcinska-stavba-z-novim-namenom\/","og_site_name":"Novice.si","article_published_time":"2024-04-30T12:15:13+00:00","og_image":[{"width":2309,"height":1732,"url":"https:\/\/novice.si\/page\/wp-content\/uploads\/2019\/06\/Ob\u010dina-\u0160tore-poslopje-2a.jpg","type":"image\/jpeg"}],"author":"Uredni\u0161tvo Celjana","twitter_card":"summary_large_image","twitter_misc":{"Written by":"Uredni\u0161tvo Celjana","Est. reading time":"2 minuti"},"schema":{"@context":"https:\/\/schema.org","@graph":[{"@type":"Article","@id":"https:\/\/novice.si\/page\/store-stara-obcinska-stavba-z-novim-namenom\/#article","isPartOf":{"@id":"https:\/\/novice.si\/page\/store-stara-obcinska-stavba-z-novim-namenom\/"},"author":{"name":"Uredni\u0161tvo Celjana","@id":"https:\/\/novice.si\/page\/#\/schema\/person\/57f25c9642a9541c7349c65d32032c3e"},"headline":"\u0160TORE Stara ob\u010dinska stavba z novim namenom","datePublished":"2024-04-30T12:15:13+00:00","mainEntityOfPage":{"@id":"https:\/\/novice.si\/page\/store-stara-obcinska-stavba-z-novim-namenom\/"},"wordCount":140,"publisher":{"@id":"https:\/\/novice.si\/page\/#organization"},"image":{"@id":"https:\/\/novice.si\/page\/store-stara-obcinska-stavba-z-novim-namenom\/#primaryimage"},"thumbnailUrl":"https:\/\/novice.si\/page\/wp-content\/uploads\/2019\/06\/Ob\u010dina-\u0160tore-poslopje-2a.jpg","keywords":["Miran Jurko\u0161ek","podjetje GES","prodaja","stara ob\u010dinska zgradba"],"articleSection":["Celjsko"],"inLanguage":"sl-SI"},{"@type":"WebPage","@id":"https:\/\/novice.si\/page\/store-stara-obcinska-stavba-z-novim-namenom\/","url":"https:\/\/novice.si\/page\/store-stara-obcinska-stavba-z-novim-namenom\/","name":"\u0160TORE Stara ob\u010dinska stavba z novim namenom - Novice.si","isPartOf":{"@id":"https:\/\/novice.si\/page\/#website"},"primaryImageOfPage":{"@id":"https:\/\/novice.si\/page\/store-stara-obcinska-stavba-z-novim-namenom\/#primaryimage"},"image":{"@id":"https:\/\/novice.si\/page\/store-stara-obcinska-stavba-z-novim-namenom\/#primaryimage"},"thumbnailUrl":"https:\/\/novice.si\/page\/wp-content\/uploads\/2019\/06\/Ob\u010dina-\u0160tore-poslopje-2a.jpg","datePublished":"2024-04-30T12:15:13+00:00","breadcrumb":{"@id":"https:\/\/novice.si\/page\/store-stara-obcinska-stavba-z-novim-namenom\/#breadcrumb"},"inLanguage":"sl-SI","potentialAction":[{"@type":"ReadAction","target":["https:\/\/novice.si\/page\/store-stara-obcinska-stavba-z-novim-namenom\/"]}]},{"@type":"ImageObject","inLanguage":"sl-SI","@id":"https:\/\/novice.si\/page\/store-stara-obcinska-stavba-z-novim-namenom\/#primaryimage","url":"https:\/\/novice.si\/page\/wp-content\/uploads\/2019\/06\/Ob\u010dina-\u0160tore-poslopje-2a.jpg","contentUrl":"https:\/\/novice.si\/page\/wp-content\/uploads\/2019\/06\/Ob\u010dina-\u0160tore-poslopje-2a.jpg","width":2309,"height":1732},{"@type":"BreadcrumbList","@id":"https:\/\/novice.si\/page\/store-stara-obcinska-stavba-z-novim-namenom\/#breadcrumb","itemListElement":[{"@type":"ListItem","position":1,"name":"Home","item":"https:\/\/novice.si\/page\/"},{"@type":"ListItem","position":2,"name":"\u0160TORE Stara ob\u010dinska stavba z novim namenom"}]},{"@type":"WebSite","@id":"https:\/\/novice.si\/page\/#website","url":"https:\/\/novice.si\/page\/","name":"Novice.si","description":"","publisher":{"@id":"https:\/\/novice.si\/page\/#organization"},"potentialAction":[{"@type":"SearchAction","target":{"@type":"EntryPoint","urlTemplate":"https:\/\/novice.si\/page\/?s={search_term_string}"},"query-input":{"@type":"PropertyValueSpecification","valueRequired":true,"valueName":"search_term_string"}}],"inLanguage":"sl-SI"},{"@type":"Organization","@id":"https:\/\/novice.si\/page\/#organization","name":"Novice.si","url":"https:\/\/novice.si\/page\/","logo":{"@type":"ImageObject","inLanguage":"sl-SI","@id":"https:\/\/novice.si\/page\/#\/schema\/logo\/image\/","url":"https:\/\/novice.si\/page\/wp-content\/uploads\/2023\/03\/novice_si.png","contentUrl":"https:\/\/novice.si\/page\/wp-content\/uploads\/2023\/03\/novice_si.png","width":576,"height":200,"caption":"Novice.si"},"image":{"@id":"https:\/\/novice.si\/page\/#\/schema\/logo\/image\/"}},{"@type":"Person","@id":"https:\/\/novice.si\/page\/#\/schema\/person\/57f25c9642a9541c7349c65d32032c3e","name":"Uredni\u0161tvo Celjana","image":{"@type":"ImageObject","inLanguage":"sl-SI","@id":"https:\/\/secure.gravatar.com\/avatar\/78e52bc4279b65f6df6345e0ef0f7b792d361361f230cf4ffecfe0afe6d5629c?s=96&d=mm&r=g","url":"https:\/\/secure.gravatar.com\/avatar\/78e52bc4279b65f6df6345e0ef0f7b792d361361f230cf4ffecfe0afe6d5629c?s=96&d=mm&r=g","contentUrl":"https:\/\/secure.gravatar.com\/avatar\/78e52bc4279b65f6df6345e0ef0f7b792d361361f230cf4ffecfe0afe6d5629c?s=96&d=mm&r=g","caption":"Uredni\u0161tvo Celjana"},"url":"https:\/\/novice.si\/page\/author\/primoz\/"}]}},"_links":{"self":[{"href":"https:\/\/novice.si\/page\/wp-json\/wp\/v2\/posts\/174310","targetHints":{"allow":["GET"]}}],"collection":[{"href":"https:\/\/novice.si\/page\/wp-json\/wp\/v2\/posts"}],"about":[{"href":"https:\/\/novice.si\/page\/wp-json\/wp\/v2\/types\/post"}],"author":[{"embeddable":true,"href":"https:\/\/novice.si\/page\/wp-json\/wp\/v2\/users\/33"}],"replies":[{"embeddable":true,"href":"https:\/\/novice.si\/page\/wp-json\/wp\/v2\/comments?post=174310"}],"version-history":[{"count":1,"href":"https:\/\/novice.si\/page\/wp-json\/wp\/v2\/posts\/174310\/revisions"}],"predecessor-version":[{"id":174311,"href":"https:\/\/novice.si\/page\/wp-json\/wp\/v2\/posts\/174310\/revisions\/174311"}],"wp:featuredmedia":[{"embeddable":true,"href":"https:\/\/novice.si\/page\/wp-json\/wp\/v2\/media\/106808"}],"wp:attachment":[{"href":"https:\/\/novice.si\/page\/wp-json\/wp\/v2\/media?parent=174310"}],"wp:term":[{"taxonomy":"category","embeddable":true,"href":"https:\/\/novice.si\/page\/wp-json\/wp\/v2\/categories?post=174310"},{"taxonomy":"post_tag","embeddable":true,"href":"https:\/\/novice.si\/page\/wp-json\/wp\/v2\/tags?post=174310"}],"curies":[{"name":"wp","href":"https:\/\/api.w.org\/{rel}","templated":true}]}}