{"id":174244,"date":"2024-04-26T16:25:31","date_gmt":"2024-04-26T14:25:31","guid":{"rendered":"https:\/\/novice.si\/page\/?p=174244"},"modified":"2024-04-26T16:25:31","modified_gmt":"2024-04-26T14:25:31","slug":"celje-okoljski-odlok-za-administracijo-za-izvedbo-se-ne","status":"publish","type":"post","link":"https:\/\/novice.si\/page\/celje-okoljski-odlok-za-administracijo-za-izvedbo-se-ne\/","title":{"rendered":"CELJE Okoljski odlok za administracijo, za izvedbo \u0161e ne"},"content":{"rendered":"<p>V sredo je vlada sprejela Odlok o dolo\u010ditvi degradiranega okolja in programa ukrepov za izbolj\u0161anje kakovosti okolja na obmo\u010dju Stare Cinkarne (SC), danes pa sta ga poslanca <img loading=\"lazy\" decoding=\"async\" class=\"wp-image-174245 alignleft\" src=\"https:\/\/novice.si\/page\/wp-content\/uploads\/2024\/04\/GS-Sluga-Kovac-Kumer-Lamut-2-3-600x450.jpg\" alt=\"\" width=\"434\" height=\"326\" srcset=\"https:\/\/novice.si\/page\/wp-content\/uploads\/2024\/04\/GS-Sluga-Kovac-Kumer-Lamut-2-3-600x450.jpg 600w, https:\/\/novice.si\/page\/wp-content\/uploads\/2024\/04\/GS-Sluga-Kovac-Kumer-Lamut-2-3-1024x768.jpg 1024w, https:\/\/novice.si\/page\/wp-content\/uploads\/2024\/04\/GS-Sluga-Kovac-Kumer-Lamut-2-3-768x576.jpg 768w, https:\/\/novice.si\/page\/wp-content\/uploads\/2024\/04\/GS-Sluga-Kovac-Kumer-Lamut-2-3-1536x1152.jpg 1536w, https:\/\/novice.si\/page\/wp-content\/uploads\/2024\/04\/GS-Sluga-Kovac-Kumer-Lamut-2-3-2048x1536.jpg 2048w, https:\/\/novice.si\/page\/wp-content\/uploads\/2024\/04\/GS-Sluga-Kovac-Kumer-Lamut-2-3-696x522.jpg 696w, https:\/\/novice.si\/page\/wp-content\/uploads\/2024\/04\/GS-Sluga-Kovac-Kumer-Lamut-2-3-1068x801.jpg 1068w, https:\/\/novice.si\/page\/wp-content\/uploads\/2024\/04\/GS-Sluga-Kovac-Kumer-Lamut-2-3-1920x1440.jpg 1920w, https:\/\/novice.si\/page\/wp-content\/uploads\/2024\/04\/GS-Sluga-Kovac-Kumer-Lamut-2-3-560x420.jpg 560w, https:\/\/novice.si\/page\/wp-content\/uploads\/2024\/04\/GS-Sluga-Kovac-Kumer-Lamut-2-3-80x60.jpg 80w, https:\/\/novice.si\/page\/wp-content\/uploads\/2024\/04\/GS-Sluga-Kovac-Kumer-Lamut-2-3-265x198.jpg 265w, https:\/\/novice.si\/page\/wp-content\/uploads\/2024\/04\/GS-Sluga-Kovac-Kumer-Lamut-2-3-24x18.jpg 24w, https:\/\/novice.si\/page\/wp-content\/uploads\/2024\/04\/GS-Sluga-Kovac-Kumer-Lamut-2-3-36x27.jpg 36w, https:\/\/novice.si\/page\/wp-content\/uploads\/2024\/04\/GS-Sluga-Kovac-Kumer-Lamut-2-3-48x36.jpg 48w\" sizes=\"auto, (max-width: 434px) 100vw, 434px\" \/>Gibanja Svoboda <strong>Janja Sluga<\/strong> in <strong>Miha Lamut <\/strong>v dru\u017ebi ministra za okolje, podnebje in energijo <strong>Bojana Kumra<\/strong> in celjskega \u017eupana <strong>Matije Kova\u010da<\/strong> tudi predstavila javnosti.<\/p>\n<p>Gre za prvi konkretni korak \u2013 nekateri mu pravijo kar ekolo\u0161ki mejnik &#8211; za celostno sanacijo celjske kotline, \u010deravno odlok zajema zgolj predel okoli SC, kjer je celjska Cinkarna 115 let imela talilnico cinka in proizvodnjo pra\u017eenja cinkove rude.<\/p>\n<p>Tako bo v tej administrativni fazi potrebno dobrih 1,2 milijona evrov \u2013 880 tiso\u010dakov bo \u0161lo iz dr\u017eavnega, 350 tiso\u010dakov pa iz mestnega prora\u010duna. Aktivnosti zbiranja vse potrebne dokumentacije bi v najslab\u0161em primeru kon\u010dali v letu 2028, po najbolj\u0161em scenariju pa v dveh letih. Temu bo sledila faza izvedbe.<\/p>\n<p>Ve\u010d preberite v Celjanu<\/p>\n<p>P\u0160<\/p>\n<p>&nbsp;<\/p>\n","protected":false},"excerpt":{"rendered":"<p>V sredo je vlada sprejela Odlok o dolo\u010ditvi degradiranega okolja in programa ukrepov za izbolj\u0161anje kakovosti okolja na obmo\u010dju Stare Cinkarne (SC), danes pa sta ga poslanca Gibanja Svoboda Janja Sluga in Miha Lamut v dru\u017ebi ministra za okolje, podnebje in energijo Bojana Kumra in celjskega \u017eupana Matije Kova\u010da tudi predstavila javnosti. Gre za prvi [&hellip;]<\/p>\n","protected":false},"author":33,"featured_media":143841,"comment_status":"closed","ping_status":"closed","sticky":false,"template":"","format":"standard","meta":{"footnotes":""},"categories":[17],"tags":[20384,8283,6795,20383,20382,20385,13527],"class_list":{"0":"post-174244","1":"post","2":"type-post","3":"status-publish","4":"format-standard","5":"has-post-thumbnail","7":"category-celjsko","8":"tag-bojan-kumer","9":"tag-janja-sluga","10":"tag-matija-kovac","11":"tag-miha-lamut","12":"tag-odlok-o-sanaciji","13":"tag-predstavitev-odloka","14":"tag-stara-cinkarna"},"yoast_head":"<!-- This site is optimized with the Yoast SEO plugin v27.4 - https:\/\/yoast.com\/product\/yoast-seo-wordpress\/ -->\n<title>CELJE Okoljski odlok za administracijo, za izvedbo \u0161e ne - Novice.si<\/title>\n<meta name=\"robots\" content=\"index, follow, max-snippet:-1, max-image-preview:large, max-video-preview:-1\" \/>\n<link rel=\"canonical\" href=\"https:\/\/novice.si\/page\/celje-okoljski-odlok-za-administracijo-za-izvedbo-se-ne\/\" \/>\n<meta property=\"og:locale\" content=\"sl_SI\" \/>\n<meta property=\"og:type\" content=\"article\" \/>\n<meta property=\"og:title\" content=\"CELJE Okoljski odlok za administracijo, za izvedbo \u0161e ne - Novice.si\" \/>\n<meta property=\"og:description\" content=\"V sredo je vlada sprejela Odlok o dolo\u010ditvi degradiranega okolja in programa ukrepov za izbolj\u0161anje kakovosti okolja na obmo\u010dju Stare Cinkarne (SC), danes pa sta ga poslanca Gibanja Svoboda Janja Sluga in Miha Lamut v dru\u017ebi ministra za okolje, podnebje in energijo Bojana Kumra in celjskega \u017eupana Matije Kova\u010da tudi predstavila javnosti. Gre za prvi [&hellip;]\" \/>\n<meta property=\"og:url\" content=\"https:\/\/novice.si\/page\/celje-okoljski-odlok-za-administracijo-za-izvedbo-se-ne\/\" \/>\n<meta property=\"og:site_name\" content=\"Novice.si\" \/>\n<meta property=\"article:published_time\" content=\"2024-04-26T14:25:31+00:00\" \/>\n<meta property=\"og:image\" content=\"https:\/\/novice.si\/page\/wp-content\/uploads\/2021\/10\/portal-stara-cinkarna.jpg\" \/>\n\t<meta property=\"og:image:width\" content=\"800\" \/>\n\t<meta property=\"og:image:height\" content=\"533\" \/>\n\t<meta property=\"og:image:type\" content=\"image\/jpeg\" \/>\n<meta name=\"author\" content=\"Uredni\u0161tvo Celjana\" \/>\n<meta name=\"twitter:card\" content=\"summary_large_image\" \/>\n<meta name=\"twitter:label1\" content=\"Written by\" \/>\n\t<meta name=\"twitter:data1\" content=\"Uredni\u0161tvo Celjana\" \/>\n\t<meta name=\"twitter:label2\" content=\"Est. reading time\" \/>\n\t<meta name=\"twitter:data2\" content=\"2 minuti\" \/>\n<script type=\"application\/ld+json\" class=\"yoast-schema-graph\">{\"@context\":\"https:\\\/\\\/schema.org\",\"@graph\":[{\"@type\":\"Article\",\"@id\":\"https:\\\/\\\/novice.si\\\/page\\\/celje-okoljski-odlok-za-administracijo-za-izvedbo-se-ne\\\/#article\",\"isPartOf\":{\"@id\":\"https:\\\/\\\/novice.si\\\/page\\\/celje-okoljski-odlok-za-administracijo-za-izvedbo-se-ne\\\/\"},\"author\":{\"name\":\"Uredni\u0161tvo Celjana\",\"@id\":\"https:\\\/\\\/novice.si\\\/page\\\/#\\\/schema\\\/person\\\/57f25c9642a9541c7349c65d32032c3e\"},\"headline\":\"CELJE Okoljski odlok za administracijo, za izvedbo \u0161e ne\",\"datePublished\":\"2024-04-26T14:25:31+00:00\",\"mainEntityOfPage\":{\"@id\":\"https:\\\/\\\/novice.si\\\/page\\\/celje-okoljski-odlok-za-administracijo-za-izvedbo-se-ne\\\/\"},\"wordCount\":162,\"publisher\":{\"@id\":\"https:\\\/\\\/novice.si\\\/page\\\/#organization\"},\"image\":{\"@id\":\"https:\\\/\\\/novice.si\\\/page\\\/celje-okoljski-odlok-za-administracijo-za-izvedbo-se-ne\\\/#primaryimage\"},\"thumbnailUrl\":\"https:\\\/\\\/novice.si\\\/page\\\/wp-content\\\/uploads\\\/2021\\\/10\\\/portal-stara-cinkarna.jpg\",\"keywords\":[\"bojan kumer\",\"JAnja Sluga\",\"Matija Kova\u010d\",\"miha lamut\",\"odlok o sanaciji\",\"predstavitev odloka\",\"Stara Cinkarna\"],\"articleSection\":[\"Celjsko\"],\"inLanguage\":\"sl-SI\"},{\"@type\":\"WebPage\",\"@id\":\"https:\\\/\\\/novice.si\\\/page\\\/celje-okoljski-odlok-za-administracijo-za-izvedbo-se-ne\\\/\",\"url\":\"https:\\\/\\\/novice.si\\\/page\\\/celje-okoljski-odlok-za-administracijo-za-izvedbo-se-ne\\\/\",\"name\":\"CELJE Okoljski odlok za administracijo, za izvedbo \u0161e ne - Novice.si\",\"isPartOf\":{\"@id\":\"https:\\\/\\\/novice.si\\\/page\\\/#website\"},\"primaryImageOfPage\":{\"@id\":\"https:\\\/\\\/novice.si\\\/page\\\/celje-okoljski-odlok-za-administracijo-za-izvedbo-se-ne\\\/#primaryimage\"},\"image\":{\"@id\":\"https:\\\/\\\/novice.si\\\/page\\\/celje-okoljski-odlok-za-administracijo-za-izvedbo-se-ne\\\/#primaryimage\"},\"thumbnailUrl\":\"https:\\\/\\\/novice.si\\\/page\\\/wp-content\\\/uploads\\\/2021\\\/10\\\/portal-stara-cinkarna.jpg\",\"datePublished\":\"2024-04-26T14:25:31+00:00\",\"breadcrumb\":{\"@id\":\"https:\\\/\\\/novice.si\\\/page\\\/celje-okoljski-odlok-za-administracijo-za-izvedbo-se-ne\\\/#breadcrumb\"},\"inLanguage\":\"sl-SI\",\"potentialAction\":[{\"@type\":\"ReadAction\",\"target\":[\"https:\\\/\\\/novice.si\\\/page\\\/celje-okoljski-odlok-za-administracijo-za-izvedbo-se-ne\\\/\"]}]},{\"@type\":\"ImageObject\",\"inLanguage\":\"sl-SI\",\"@id\":\"https:\\\/\\\/novice.si\\\/page\\\/celje-okoljski-odlok-za-administracijo-za-izvedbo-se-ne\\\/#primaryimage\",\"url\":\"https:\\\/\\\/novice.si\\\/page\\\/wp-content\\\/uploads\\\/2021\\\/10\\\/portal-stara-cinkarna.jpg\",\"contentUrl\":\"https:\\\/\\\/novice.si\\\/page\\\/wp-content\\\/uploads\\\/2021\\\/10\\\/portal-stara-cinkarna.jpg\",\"width\":800,\"height\":533},{\"@type\":\"BreadcrumbList\",\"@id\":\"https:\\\/\\\/novice.si\\\/page\\\/celje-okoljski-odlok-za-administracijo-za-izvedbo-se-ne\\\/#breadcrumb\",\"itemListElement\":[{\"@type\":\"ListItem\",\"position\":1,\"name\":\"Home\",\"item\":\"https:\\\/\\\/novice.si\\\/page\\\/\"},{\"@type\":\"ListItem\",\"position\":2,\"name\":\"CELJE Okoljski odlok za administracijo, za izvedbo \u0161e ne\"}]},{\"@type\":\"WebSite\",\"@id\":\"https:\\\/\\\/novice.si\\\/page\\\/#website\",\"url\":\"https:\\\/\\\/novice.si\\\/page\\\/\",\"name\":\"Novice.si\",\"description\":\"\",\"publisher\":{\"@id\":\"https:\\\/\\\/novice.si\\\/page\\\/#organization\"},\"potentialAction\":[{\"@type\":\"SearchAction\",\"target\":{\"@type\":\"EntryPoint\",\"urlTemplate\":\"https:\\\/\\\/novice.si\\\/page\\\/?s={search_term_string}\"},\"query-input\":{\"@type\":\"PropertyValueSpecification\",\"valueRequired\":true,\"valueName\":\"search_term_string\"}}],\"inLanguage\":\"sl-SI\"},{\"@type\":\"Organization\",\"@id\":\"https:\\\/\\\/novice.si\\\/page\\\/#organization\",\"name\":\"Novice.si\",\"url\":\"https:\\\/\\\/novice.si\\\/page\\\/\",\"logo\":{\"@type\":\"ImageObject\",\"inLanguage\":\"sl-SI\",\"@id\":\"https:\\\/\\\/novice.si\\\/page\\\/#\\\/schema\\\/logo\\\/image\\\/\",\"url\":\"https:\\\/\\\/novice.si\\\/page\\\/wp-content\\\/uploads\\\/2023\\\/03\\\/novice_si.png\",\"contentUrl\":\"https:\\\/\\\/novice.si\\\/page\\\/wp-content\\\/uploads\\\/2023\\\/03\\\/novice_si.png\",\"width\":576,\"height\":200,\"caption\":\"Novice.si\"},\"image\":{\"@id\":\"https:\\\/\\\/novice.si\\\/page\\\/#\\\/schema\\\/logo\\\/image\\\/\"}},{\"@type\":\"Person\",\"@id\":\"https:\\\/\\\/novice.si\\\/page\\\/#\\\/schema\\\/person\\\/57f25c9642a9541c7349c65d32032c3e\",\"name\":\"Uredni\u0161tvo Celjana\",\"image\":{\"@type\":\"ImageObject\",\"inLanguage\":\"sl-SI\",\"@id\":\"https:\\\/\\\/secure.gravatar.com\\\/avatar\\\/78e52bc4279b65f6df6345e0ef0f7b792d361361f230cf4ffecfe0afe6d5629c?s=96&d=mm&r=g\",\"url\":\"https:\\\/\\\/secure.gravatar.com\\\/avatar\\\/78e52bc4279b65f6df6345e0ef0f7b792d361361f230cf4ffecfe0afe6d5629c?s=96&d=mm&r=g\",\"contentUrl\":\"https:\\\/\\\/secure.gravatar.com\\\/avatar\\\/78e52bc4279b65f6df6345e0ef0f7b792d361361f230cf4ffecfe0afe6d5629c?s=96&d=mm&r=g\",\"caption\":\"Uredni\u0161tvo Celjana\"},\"url\":\"https:\\\/\\\/novice.si\\\/page\\\/author\\\/primoz\\\/\"}]}<\/script>\n<!-- \/ Yoast SEO plugin. -->","yoast_head_json":{"title":"CELJE Okoljski odlok za administracijo, za izvedbo \u0161e ne - Novice.si","robots":{"index":"index","follow":"follow","max-snippet":"max-snippet:-1","max-image-preview":"max-image-preview:large","max-video-preview":"max-video-preview:-1"},"canonical":"https:\/\/novice.si\/page\/celje-okoljski-odlok-za-administracijo-za-izvedbo-se-ne\/","og_locale":"sl_SI","og_type":"article","og_title":"CELJE Okoljski odlok za administracijo, za izvedbo \u0161e ne - Novice.si","og_description":"V sredo je vlada sprejela Odlok o dolo\u010ditvi degradiranega okolja in programa ukrepov za izbolj\u0161anje kakovosti okolja na obmo\u010dju Stare Cinkarne (SC), danes pa sta ga poslanca Gibanja Svoboda Janja Sluga in Miha Lamut v dru\u017ebi ministra za okolje, podnebje in energijo Bojana Kumra in celjskega \u017eupana Matije Kova\u010da tudi predstavila javnosti. Gre za prvi [&hellip;]","og_url":"https:\/\/novice.si\/page\/celje-okoljski-odlok-za-administracijo-za-izvedbo-se-ne\/","og_site_name":"Novice.si","article_published_time":"2024-04-26T14:25:31+00:00","og_image":[{"width":800,"height":533,"url":"https:\/\/novice.si\/page\/wp-content\/uploads\/2021\/10\/portal-stara-cinkarna.jpg","type":"image\/jpeg"}],"author":"Uredni\u0161tvo Celjana","twitter_card":"summary_large_image","twitter_misc":{"Written by":"Uredni\u0161tvo Celjana","Est. reading time":"2 minuti"},"schema":{"@context":"https:\/\/schema.org","@graph":[{"@type":"Article","@id":"https:\/\/novice.si\/page\/celje-okoljski-odlok-za-administracijo-za-izvedbo-se-ne\/#article","isPartOf":{"@id":"https:\/\/novice.si\/page\/celje-okoljski-odlok-za-administracijo-za-izvedbo-se-ne\/"},"author":{"name":"Uredni\u0161tvo Celjana","@id":"https:\/\/novice.si\/page\/#\/schema\/person\/57f25c9642a9541c7349c65d32032c3e"},"headline":"CELJE Okoljski odlok za administracijo, za izvedbo \u0161e ne","datePublished":"2024-04-26T14:25:31+00:00","mainEntityOfPage":{"@id":"https:\/\/novice.si\/page\/celje-okoljski-odlok-za-administracijo-za-izvedbo-se-ne\/"},"wordCount":162,"publisher":{"@id":"https:\/\/novice.si\/page\/#organization"},"image":{"@id":"https:\/\/novice.si\/page\/celje-okoljski-odlok-za-administracijo-za-izvedbo-se-ne\/#primaryimage"},"thumbnailUrl":"https:\/\/novice.si\/page\/wp-content\/uploads\/2021\/10\/portal-stara-cinkarna.jpg","keywords":["bojan kumer","JAnja Sluga","Matija Kova\u010d","miha lamut","odlok o sanaciji","predstavitev odloka","Stara Cinkarna"],"articleSection":["Celjsko"],"inLanguage":"sl-SI"},{"@type":"WebPage","@id":"https:\/\/novice.si\/page\/celje-okoljski-odlok-za-administracijo-za-izvedbo-se-ne\/","url":"https:\/\/novice.si\/page\/celje-okoljski-odlok-za-administracijo-za-izvedbo-se-ne\/","name":"CELJE Okoljski odlok za administracijo, za izvedbo \u0161e ne - Novice.si","isPartOf":{"@id":"https:\/\/novice.si\/page\/#website"},"primaryImageOfPage":{"@id":"https:\/\/novice.si\/page\/celje-okoljski-odlok-za-administracijo-za-izvedbo-se-ne\/#primaryimage"},"image":{"@id":"https:\/\/novice.si\/page\/celje-okoljski-odlok-za-administracijo-za-izvedbo-se-ne\/#primaryimage"},"thumbnailUrl":"https:\/\/novice.si\/page\/wp-content\/uploads\/2021\/10\/portal-stara-cinkarna.jpg","datePublished":"2024-04-26T14:25:31+00:00","breadcrumb":{"@id":"https:\/\/novice.si\/page\/celje-okoljski-odlok-za-administracijo-za-izvedbo-se-ne\/#breadcrumb"},"inLanguage":"sl-SI","potentialAction":[{"@type":"ReadAction","target":["https:\/\/novice.si\/page\/celje-okoljski-odlok-za-administracijo-za-izvedbo-se-ne\/"]}]},{"@type":"ImageObject","inLanguage":"sl-SI","@id":"https:\/\/novice.si\/page\/celje-okoljski-odlok-za-administracijo-za-izvedbo-se-ne\/#primaryimage","url":"https:\/\/novice.si\/page\/wp-content\/uploads\/2021\/10\/portal-stara-cinkarna.jpg","contentUrl":"https:\/\/novice.si\/page\/wp-content\/uploads\/2021\/10\/portal-stara-cinkarna.jpg","width":800,"height":533},{"@type":"BreadcrumbList","@id":"https:\/\/novice.si\/page\/celje-okoljski-odlok-za-administracijo-za-izvedbo-se-ne\/#breadcrumb","itemListElement":[{"@type":"ListItem","position":1,"name":"Home","item":"https:\/\/novice.si\/page\/"},{"@type":"ListItem","position":2,"name":"CELJE Okoljski odlok za administracijo, za izvedbo \u0161e ne"}]},{"@type":"WebSite","@id":"https:\/\/novice.si\/page\/#website","url":"https:\/\/novice.si\/page\/","name":"Novice.si","description":"","publisher":{"@id":"https:\/\/novice.si\/page\/#organization"},"potentialAction":[{"@type":"SearchAction","target":{"@type":"EntryPoint","urlTemplate":"https:\/\/novice.si\/page\/?s={search_term_string}"},"query-input":{"@type":"PropertyValueSpecification","valueRequired":true,"valueName":"search_term_string"}}],"inLanguage":"sl-SI"},{"@type":"Organization","@id":"https:\/\/novice.si\/page\/#organization","name":"Novice.si","url":"https:\/\/novice.si\/page\/","logo":{"@type":"ImageObject","inLanguage":"sl-SI","@id":"https:\/\/novice.si\/page\/#\/schema\/logo\/image\/","url":"https:\/\/novice.si\/page\/wp-content\/uploads\/2023\/03\/novice_si.png","contentUrl":"https:\/\/novice.si\/page\/wp-content\/uploads\/2023\/03\/novice_si.png","width":576,"height":200,"caption":"Novice.si"},"image":{"@id":"https:\/\/novice.si\/page\/#\/schema\/logo\/image\/"}},{"@type":"Person","@id":"https:\/\/novice.si\/page\/#\/schema\/person\/57f25c9642a9541c7349c65d32032c3e","name":"Uredni\u0161tvo Celjana","image":{"@type":"ImageObject","inLanguage":"sl-SI","@id":"https:\/\/secure.gravatar.com\/avatar\/78e52bc4279b65f6df6345e0ef0f7b792d361361f230cf4ffecfe0afe6d5629c?s=96&d=mm&r=g","url":"https:\/\/secure.gravatar.com\/avatar\/78e52bc4279b65f6df6345e0ef0f7b792d361361f230cf4ffecfe0afe6d5629c?s=96&d=mm&r=g","contentUrl":"https:\/\/secure.gravatar.com\/avatar\/78e52bc4279b65f6df6345e0ef0f7b792d361361f230cf4ffecfe0afe6d5629c?s=96&d=mm&r=g","caption":"Uredni\u0161tvo Celjana"},"url":"https:\/\/novice.si\/page\/author\/primoz\/"}]}},"_links":{"self":[{"href":"https:\/\/novice.si\/page\/wp-json\/wp\/v2\/posts\/174244","targetHints":{"allow":["GET"]}}],"collection":[{"href":"https:\/\/novice.si\/page\/wp-json\/wp\/v2\/posts"}],"about":[{"href":"https:\/\/novice.si\/page\/wp-json\/wp\/v2\/types\/post"}],"author":[{"embeddable":true,"href":"https:\/\/novice.si\/page\/wp-json\/wp\/v2\/users\/33"}],"replies":[{"embeddable":true,"href":"https:\/\/novice.si\/page\/wp-json\/wp\/v2\/comments?post=174244"}],"version-history":[{"count":1,"href":"https:\/\/novice.si\/page\/wp-json\/wp\/v2\/posts\/174244\/revisions"}],"predecessor-version":[{"id":174246,"href":"https:\/\/novice.si\/page\/wp-json\/wp\/v2\/posts\/174244\/revisions\/174246"}],"wp:featuredmedia":[{"embeddable":true,"href":"https:\/\/novice.si\/page\/wp-json\/wp\/v2\/media\/143841"}],"wp:attachment":[{"href":"https:\/\/novice.si\/page\/wp-json\/wp\/v2\/media?parent=174244"}],"wp:term":[{"taxonomy":"category","embeddable":true,"href":"https:\/\/novice.si\/page\/wp-json\/wp\/v2\/categories?post=174244"},{"taxonomy":"post_tag","embeddable":true,"href":"https:\/\/novice.si\/page\/wp-json\/wp\/v2\/tags?post=174244"}],"curies":[{"name":"wp","href":"https:\/\/api.w.org\/{rel}","templated":true}]}}