{"id":174234,"date":"2024-04-25T20:14:36","date_gmt":"2024-04-25T18:14:36","guid":{"rendered":"https:\/\/novice.si\/page\/?p=174234"},"modified":"2024-04-25T20:14:36","modified_gmt":"2024-04-25T18:14:36","slug":"vrtec-poljcane-bo-po-danasnji-evakuaciji-otrok-jutri-deloval-normalno-in-v-varnih-pogojih","status":"publish","type":"post","link":"https:\/\/novice.si\/page\/vrtec-poljcane-bo-po-danasnji-evakuaciji-otrok-jutri-deloval-normalno-in-v-varnih-pogojih\/","title":{"rendered":"Vrtec Polj\u010dane bo po dana\u0161nji evakuaciji otrok jutri deloval normalno in v varnih pogojih"},"content":{"rendered":"<p>Vrtec v Polj\u010danah bo jutri (v petek) deloval normalno in v varnih pogojih, sporo\u010dajo iz Ob\u010dine Polj\u010dane.<br \/>\nPribli\u017eno 150 otrok je bilo okoli 13. ure evakuiranih. V kurilnici vrtca so se namre\u010d zaradi zaznanega dima spro\u017eile alarmne naprave. Otroke so nemudoma preventivno evakuirali v bli\u017enjo osnovno \u0161olo in poskrbeli, da so bili na varnem. Dogodek ni ogrozil zdravja in \u017eivljenja otrok. V \u0161oli so tudi prejeli kosilo, star\u0161e pa so obvestili o dogodku in novi lokaciji prevzema.<br \/>\nS civilne za\u0161\u010dite so med tem sporo\u010dili, da je pri\u0161lo do tehni\u010dne okvare. Zaradi napake in uhajanje hladilnega plina iz sistema toplotne \u010drpalke, so prostor pregledale pristojne osebe, prav tako je sistem nemudoma pregledalo tudi poobla\u0161\u010deno podjetje za vzdr\u017eevanje in namestitve nepremi\u010dne opreme za hlajenje, klimatizacijo in toplotne \u010drpalke. Po prezra\u010devanju in oceni strokovnih oseb je vrtec varen za nadaljnje izvajanje programa, so sporo\u010dili iz Ob\u010dine. Jutri bo torej vrtec spet deloval normalno in v varnih pogojih. (B. P.)<\/p>\n<figure id=\"attachment_174235\" aria-describedby=\"caption-attachment-174235\" style=\"width: 600px\" class=\"wp-caption alignnone\"><img loading=\"lazy\" decoding=\"async\" class=\"wp-image-174235 size-medium\" src=\"https:\/\/novice.si\/page\/wp-content\/uploads\/2024\/04\/vrtec-poljcane_2-600x387.jpg\" alt=\"Otroci iz vrtca v Polj\u010danah so bili zaradi dima v kurilnici popoldne evakuirani v bli\u017enjo \u0161olo\" width=\"600\" height=\"387\" srcset=\"https:\/\/novice.si\/page\/wp-content\/uploads\/2024\/04\/vrtec-poljcane_2-600x387.jpg 600w, https:\/\/novice.si\/page\/wp-content\/uploads\/2024\/04\/vrtec-poljcane_2-768x495.jpg 768w, https:\/\/novice.si\/page\/wp-content\/uploads\/2024\/04\/vrtec-poljcane_2-696x449.jpg 696w, https:\/\/novice.si\/page\/wp-content\/uploads\/2024\/04\/vrtec-poljcane_2-651x420.jpg 651w, https:\/\/novice.si\/page\/wp-content\/uploads\/2024\/04\/vrtec-poljcane_2-24x15.jpg 24w, https:\/\/novice.si\/page\/wp-content\/uploads\/2024\/04\/vrtec-poljcane_2-36x23.jpg 36w, https:\/\/novice.si\/page\/wp-content\/uploads\/2024\/04\/vrtec-poljcane_2-48x31.jpg 48w, https:\/\/novice.si\/page\/wp-content\/uploads\/2024\/04\/vrtec-poljcane_2.jpg 1000w\" sizes=\"auto, (max-width: 600px) 100vw, 600px\" \/><figcaption id=\"caption-attachment-174235\" class=\"wp-caption-text\">Otroci iz vrtca v Polj\u010danah so bili zaradi dima v kurilnici popoldne evakuirani v bli\u017enjo \u0161olo<\/figcaption><\/figure>\n","protected":false},"excerpt":{"rendered":"<p>Vrtec v Polj\u010danah bo jutri (v petek) deloval normalno in v varnih pogojih, sporo\u010dajo iz Ob\u010dine Polj\u010dane. Pribli\u017eno 150 otrok je bilo okoli 13. ure evakuiranih. V kurilnici vrtca so se namre\u010d zaradi zaznanega dima spro\u017eile alarmne naprave. Otroke so nemudoma preventivno evakuirali v bli\u017enjo osnovno \u0161olo in poskrbeli, da so bili na varnem. Dogodek [&hellip;]<\/p>\n","protected":false},"author":8,"featured_media":174235,"comment_status":"closed","ping_status":"closed","sticky":false,"template":"","format":"standard","meta":{"footnotes":""},"categories":[14,32],"tags":[5194,928,5471,618,636],"class_list":{"0":"post-174234","1":"post","2":"type-post","3":"status-publish","4":"format-standard","5":"has-post-thumbnail","7":"category-aktualno","8":"category-bistrisko","9":"tag-dim","10":"tag-evakuacija","11":"tag-otroci","12":"tag-poljcane","13":"tag-vrtec"},"yoast_head":"<!-- This site is optimized with the Yoast SEO plugin v27.4 - https:\/\/yoast.com\/product\/yoast-seo-wordpress\/ -->\n<title>Vrtec Polj\u010dane bo po dana\u0161nji evakuaciji otrok jutri deloval normalno in v varnih pogojih - Novice.si<\/title>\n<meta name=\"robots\" content=\"index, follow, max-snippet:-1, max-image-preview:large, max-video-preview:-1\" \/>\n<link rel=\"canonical\" href=\"https:\/\/novice.si\/page\/vrtec-poljcane-bo-po-danasnji-evakuaciji-otrok-jutri-deloval-normalno-in-v-varnih-pogojih\/\" \/>\n<meta property=\"og:locale\" content=\"sl_SI\" \/>\n<meta property=\"og:type\" content=\"article\" \/>\n<meta property=\"og:title\" content=\"Vrtec Polj\u010dane bo po dana\u0161nji evakuaciji otrok jutri deloval normalno in v varnih pogojih - Novice.si\" \/>\n<meta property=\"og:description\" content=\"Vrtec v Polj\u010danah bo jutri (v petek) deloval normalno in v varnih pogojih, sporo\u010dajo iz Ob\u010dine Polj\u010dane. Pribli\u017eno 150 otrok je bilo okoli 13. ure evakuiranih. V kurilnici vrtca so se namre\u010d zaradi zaznanega dima spro\u017eile alarmne naprave. Otroke so nemudoma preventivno evakuirali v bli\u017enjo osnovno \u0161olo in poskrbeli, da so bili na varnem. Dogodek [&hellip;]\" \/>\n<meta property=\"og:url\" content=\"https:\/\/novice.si\/page\/vrtec-poljcane-bo-po-danasnji-evakuaciji-otrok-jutri-deloval-normalno-in-v-varnih-pogojih\/\" \/>\n<meta property=\"og:site_name\" content=\"Novice.si\" \/>\n<meta property=\"article:published_time\" content=\"2024-04-25T18:14:36+00:00\" \/>\n<meta property=\"og:image\" content=\"https:\/\/novice.si\/page\/wp-content\/uploads\/2024\/04\/vrtec-poljcane_2.jpg\" \/>\n\t<meta property=\"og:image:width\" content=\"1000\" \/>\n\t<meta property=\"og:image:height\" content=\"645\" \/>\n\t<meta property=\"og:image:type\" content=\"image\/jpeg\" \/>\n<meta name=\"author\" content=\"Uredni\u0161tvo Bistri\u0161kih novic\" \/>\n<meta name=\"twitter:card\" content=\"summary_large_image\" \/>\n<meta name=\"twitter:label1\" content=\"Written by\" \/>\n\t<meta name=\"twitter:data1\" content=\"Uredni\u0161tvo Bistri\u0161kih novic\" \/>\n\t<meta name=\"twitter:label2\" content=\"Est. reading time\" \/>\n\t<meta name=\"twitter:data2\" content=\"2 minuti\" \/>\n<script type=\"application\/ld+json\" class=\"yoast-schema-graph\">{\"@context\":\"https:\\\/\\\/schema.org\",\"@graph\":[{\"@type\":\"Article\",\"@id\":\"https:\\\/\\\/novice.si\\\/page\\\/vrtec-poljcane-bo-po-danasnji-evakuaciji-otrok-jutri-deloval-normalno-in-v-varnih-pogojih\\\/#article\",\"isPartOf\":{\"@id\":\"https:\\\/\\\/novice.si\\\/page\\\/vrtec-poljcane-bo-po-danasnji-evakuaciji-otrok-jutri-deloval-normalno-in-v-varnih-pogojih\\\/\"},\"author\":{\"name\":\"Uredni\u0161tvo Bistri\u0161kih novic\",\"@id\":\"https:\\\/\\\/novice.si\\\/page\\\/#\\\/schema\\\/person\\\/96b32396deedcde3f7f776c306b4be21\"},\"headline\":\"Vrtec Polj\u010dane bo po dana\u0161nji evakuaciji otrok jutri deloval normalno in v varnih pogojih\",\"datePublished\":\"2024-04-25T18:14:36+00:00\",\"mainEntityOfPage\":{\"@id\":\"https:\\\/\\\/novice.si\\\/page\\\/vrtec-poljcane-bo-po-danasnji-evakuaciji-otrok-jutri-deloval-normalno-in-v-varnih-pogojih\\\/\"},\"wordCount\":213,\"publisher\":{\"@id\":\"https:\\\/\\\/novice.si\\\/page\\\/#organization\"},\"image\":{\"@id\":\"https:\\\/\\\/novice.si\\\/page\\\/vrtec-poljcane-bo-po-danasnji-evakuaciji-otrok-jutri-deloval-normalno-in-v-varnih-pogojih\\\/#primaryimage\"},\"thumbnailUrl\":\"https:\\\/\\\/novice.si\\\/page\\\/wp-content\\\/uploads\\\/2024\\\/04\\\/vrtec-poljcane_2.jpg\",\"keywords\":[\"dim\",\"evakuacija\",\"otroci\",\"Polj\u010dane\",\"vrtec\"],\"articleSection\":[\"Aktualno\",\"Bistri\u0161ko\"],\"inLanguage\":\"sl-SI\"},{\"@type\":\"WebPage\",\"@id\":\"https:\\\/\\\/novice.si\\\/page\\\/vrtec-poljcane-bo-po-danasnji-evakuaciji-otrok-jutri-deloval-normalno-in-v-varnih-pogojih\\\/\",\"url\":\"https:\\\/\\\/novice.si\\\/page\\\/vrtec-poljcane-bo-po-danasnji-evakuaciji-otrok-jutri-deloval-normalno-in-v-varnih-pogojih\\\/\",\"name\":\"Vrtec Polj\u010dane bo po dana\u0161nji evakuaciji otrok jutri deloval normalno in v varnih pogojih - Novice.si\",\"isPartOf\":{\"@id\":\"https:\\\/\\\/novice.si\\\/page\\\/#website\"},\"primaryImageOfPage\":{\"@id\":\"https:\\\/\\\/novice.si\\\/page\\\/vrtec-poljcane-bo-po-danasnji-evakuaciji-otrok-jutri-deloval-normalno-in-v-varnih-pogojih\\\/#primaryimage\"},\"image\":{\"@id\":\"https:\\\/\\\/novice.si\\\/page\\\/vrtec-poljcane-bo-po-danasnji-evakuaciji-otrok-jutri-deloval-normalno-in-v-varnih-pogojih\\\/#primaryimage\"},\"thumbnailUrl\":\"https:\\\/\\\/novice.si\\\/page\\\/wp-content\\\/uploads\\\/2024\\\/04\\\/vrtec-poljcane_2.jpg\",\"datePublished\":\"2024-04-25T18:14:36+00:00\",\"breadcrumb\":{\"@id\":\"https:\\\/\\\/novice.si\\\/page\\\/vrtec-poljcane-bo-po-danasnji-evakuaciji-otrok-jutri-deloval-normalno-in-v-varnih-pogojih\\\/#breadcrumb\"},\"inLanguage\":\"sl-SI\",\"potentialAction\":[{\"@type\":\"ReadAction\",\"target\":[\"https:\\\/\\\/novice.si\\\/page\\\/vrtec-poljcane-bo-po-danasnji-evakuaciji-otrok-jutri-deloval-normalno-in-v-varnih-pogojih\\\/\"]}]},{\"@type\":\"ImageObject\",\"inLanguage\":\"sl-SI\",\"@id\":\"https:\\\/\\\/novice.si\\\/page\\\/vrtec-poljcane-bo-po-danasnji-evakuaciji-otrok-jutri-deloval-normalno-in-v-varnih-pogojih\\\/#primaryimage\",\"url\":\"https:\\\/\\\/novice.si\\\/page\\\/wp-content\\\/uploads\\\/2024\\\/04\\\/vrtec-poljcane_2.jpg\",\"contentUrl\":\"https:\\\/\\\/novice.si\\\/page\\\/wp-content\\\/uploads\\\/2024\\\/04\\\/vrtec-poljcane_2.jpg\",\"width\":1000,\"height\":645},{\"@type\":\"BreadcrumbList\",\"@id\":\"https:\\\/\\\/novice.si\\\/page\\\/vrtec-poljcane-bo-po-danasnji-evakuaciji-otrok-jutri-deloval-normalno-in-v-varnih-pogojih\\\/#breadcrumb\",\"itemListElement\":[{\"@type\":\"ListItem\",\"position\":1,\"name\":\"Home\",\"item\":\"https:\\\/\\\/novice.si\\\/page\\\/\"},{\"@type\":\"ListItem\",\"position\":2,\"name\":\"Vrtec Polj\u010dane bo po dana\u0161nji evakuaciji otrok jutri deloval normalno in v varnih pogojih\"}]},{\"@type\":\"WebSite\",\"@id\":\"https:\\\/\\\/novice.si\\\/page\\\/#website\",\"url\":\"https:\\\/\\\/novice.si\\\/page\\\/\",\"name\":\"Novice.si\",\"description\":\"\",\"publisher\":{\"@id\":\"https:\\\/\\\/novice.si\\\/page\\\/#organization\"},\"potentialAction\":[{\"@type\":\"SearchAction\",\"target\":{\"@type\":\"EntryPoint\",\"urlTemplate\":\"https:\\\/\\\/novice.si\\\/page\\\/?s={search_term_string}\"},\"query-input\":{\"@type\":\"PropertyValueSpecification\",\"valueRequired\":true,\"valueName\":\"search_term_string\"}}],\"inLanguage\":\"sl-SI\"},{\"@type\":\"Organization\",\"@id\":\"https:\\\/\\\/novice.si\\\/page\\\/#organization\",\"name\":\"Novice.si\",\"url\":\"https:\\\/\\\/novice.si\\\/page\\\/\",\"logo\":{\"@type\":\"ImageObject\",\"inLanguage\":\"sl-SI\",\"@id\":\"https:\\\/\\\/novice.si\\\/page\\\/#\\\/schema\\\/logo\\\/image\\\/\",\"url\":\"https:\\\/\\\/novice.si\\\/page\\\/wp-content\\\/uploads\\\/2023\\\/03\\\/novice_si.png\",\"contentUrl\":\"https:\\\/\\\/novice.si\\\/page\\\/wp-content\\\/uploads\\\/2023\\\/03\\\/novice_si.png\",\"width\":576,\"height\":200,\"caption\":\"Novice.si\"},\"image\":{\"@id\":\"https:\\\/\\\/novice.si\\\/page\\\/#\\\/schema\\\/logo\\\/image\\\/\"}},{\"@type\":\"Person\",\"@id\":\"https:\\\/\\\/novice.si\\\/page\\\/#\\\/schema\\\/person\\\/96b32396deedcde3f7f776c306b4be21\",\"name\":\"Uredni\u0161tvo Bistri\u0161kih novic\",\"image\":{\"@type\":\"ImageObject\",\"inLanguage\":\"sl-SI\",\"@id\":\"https:\\\/\\\/secure.gravatar.com\\\/avatar\\\/26c56c4b10cdb3a21e86442e5f2845a4eafdd0f3605def77ec6cff4aaef32ea4?s=96&d=mm&r=g\",\"url\":\"https:\\\/\\\/secure.gravatar.com\\\/avatar\\\/26c56c4b10cdb3a21e86442e5f2845a4eafdd0f3605def77ec6cff4aaef32ea4?s=96&d=mm&r=g\",\"contentUrl\":\"https:\\\/\\\/secure.gravatar.com\\\/avatar\\\/26c56c4b10cdb3a21e86442e5f2845a4eafdd0f3605def77ec6cff4aaef32ea4?s=96&d=mm&r=g\",\"caption\":\"Uredni\u0161tvo Bistri\u0161kih novic\"},\"url\":\"https:\\\/\\\/novice.si\\\/page\\\/author\\\/bojana\\\/\"}]}<\/script>\n<!-- \/ Yoast SEO plugin. -->","yoast_head_json":{"title":"Vrtec Polj\u010dane bo po dana\u0161nji evakuaciji otrok jutri deloval normalno in v varnih pogojih - Novice.si","robots":{"index":"index","follow":"follow","max-snippet":"max-snippet:-1","max-image-preview":"max-image-preview:large","max-video-preview":"max-video-preview:-1"},"canonical":"https:\/\/novice.si\/page\/vrtec-poljcane-bo-po-danasnji-evakuaciji-otrok-jutri-deloval-normalno-in-v-varnih-pogojih\/","og_locale":"sl_SI","og_type":"article","og_title":"Vrtec Polj\u010dane bo po dana\u0161nji evakuaciji otrok jutri deloval normalno in v varnih pogojih - Novice.si","og_description":"Vrtec v Polj\u010danah bo jutri (v petek) deloval normalno in v varnih pogojih, sporo\u010dajo iz Ob\u010dine Polj\u010dane. Pribli\u017eno 150 otrok je bilo okoli 13. ure evakuiranih. V kurilnici vrtca so se namre\u010d zaradi zaznanega dima spro\u017eile alarmne naprave. Otroke so nemudoma preventivno evakuirali v bli\u017enjo osnovno \u0161olo in poskrbeli, da so bili na varnem. Dogodek [&hellip;]","og_url":"https:\/\/novice.si\/page\/vrtec-poljcane-bo-po-danasnji-evakuaciji-otrok-jutri-deloval-normalno-in-v-varnih-pogojih\/","og_site_name":"Novice.si","article_published_time":"2024-04-25T18:14:36+00:00","og_image":[{"width":1000,"height":645,"url":"https:\/\/novice.si\/page\/wp-content\/uploads\/2024\/04\/vrtec-poljcane_2.jpg","type":"image\/jpeg"}],"author":"Uredni\u0161tvo Bistri\u0161kih novic","twitter_card":"summary_large_image","twitter_misc":{"Written by":"Uredni\u0161tvo Bistri\u0161kih novic","Est. reading time":"2 minuti"},"schema":{"@context":"https:\/\/schema.org","@graph":[{"@type":"Article","@id":"https:\/\/novice.si\/page\/vrtec-poljcane-bo-po-danasnji-evakuaciji-otrok-jutri-deloval-normalno-in-v-varnih-pogojih\/#article","isPartOf":{"@id":"https:\/\/novice.si\/page\/vrtec-poljcane-bo-po-danasnji-evakuaciji-otrok-jutri-deloval-normalno-in-v-varnih-pogojih\/"},"author":{"name":"Uredni\u0161tvo Bistri\u0161kih novic","@id":"https:\/\/novice.si\/page\/#\/schema\/person\/96b32396deedcde3f7f776c306b4be21"},"headline":"Vrtec Polj\u010dane bo po dana\u0161nji evakuaciji otrok jutri deloval normalno in v varnih pogojih","datePublished":"2024-04-25T18:14:36+00:00","mainEntityOfPage":{"@id":"https:\/\/novice.si\/page\/vrtec-poljcane-bo-po-danasnji-evakuaciji-otrok-jutri-deloval-normalno-in-v-varnih-pogojih\/"},"wordCount":213,"publisher":{"@id":"https:\/\/novice.si\/page\/#organization"},"image":{"@id":"https:\/\/novice.si\/page\/vrtec-poljcane-bo-po-danasnji-evakuaciji-otrok-jutri-deloval-normalno-in-v-varnih-pogojih\/#primaryimage"},"thumbnailUrl":"https:\/\/novice.si\/page\/wp-content\/uploads\/2024\/04\/vrtec-poljcane_2.jpg","keywords":["dim","evakuacija","otroci","Polj\u010dane","vrtec"],"articleSection":["Aktualno","Bistri\u0161ko"],"inLanguage":"sl-SI"},{"@type":"WebPage","@id":"https:\/\/novice.si\/page\/vrtec-poljcane-bo-po-danasnji-evakuaciji-otrok-jutri-deloval-normalno-in-v-varnih-pogojih\/","url":"https:\/\/novice.si\/page\/vrtec-poljcane-bo-po-danasnji-evakuaciji-otrok-jutri-deloval-normalno-in-v-varnih-pogojih\/","name":"Vrtec Polj\u010dane bo po dana\u0161nji evakuaciji otrok jutri deloval normalno in v varnih pogojih - Novice.si","isPartOf":{"@id":"https:\/\/novice.si\/page\/#website"},"primaryImageOfPage":{"@id":"https:\/\/novice.si\/page\/vrtec-poljcane-bo-po-danasnji-evakuaciji-otrok-jutri-deloval-normalno-in-v-varnih-pogojih\/#primaryimage"},"image":{"@id":"https:\/\/novice.si\/page\/vrtec-poljcane-bo-po-danasnji-evakuaciji-otrok-jutri-deloval-normalno-in-v-varnih-pogojih\/#primaryimage"},"thumbnailUrl":"https:\/\/novice.si\/page\/wp-content\/uploads\/2024\/04\/vrtec-poljcane_2.jpg","datePublished":"2024-04-25T18:14:36+00:00","breadcrumb":{"@id":"https:\/\/novice.si\/page\/vrtec-poljcane-bo-po-danasnji-evakuaciji-otrok-jutri-deloval-normalno-in-v-varnih-pogojih\/#breadcrumb"},"inLanguage":"sl-SI","potentialAction":[{"@type":"ReadAction","target":["https:\/\/novice.si\/page\/vrtec-poljcane-bo-po-danasnji-evakuaciji-otrok-jutri-deloval-normalno-in-v-varnih-pogojih\/"]}]},{"@type":"ImageObject","inLanguage":"sl-SI","@id":"https:\/\/novice.si\/page\/vrtec-poljcane-bo-po-danasnji-evakuaciji-otrok-jutri-deloval-normalno-in-v-varnih-pogojih\/#primaryimage","url":"https:\/\/novice.si\/page\/wp-content\/uploads\/2024\/04\/vrtec-poljcane_2.jpg","contentUrl":"https:\/\/novice.si\/page\/wp-content\/uploads\/2024\/04\/vrtec-poljcane_2.jpg","width":1000,"height":645},{"@type":"BreadcrumbList","@id":"https:\/\/novice.si\/page\/vrtec-poljcane-bo-po-danasnji-evakuaciji-otrok-jutri-deloval-normalno-in-v-varnih-pogojih\/#breadcrumb","itemListElement":[{"@type":"ListItem","position":1,"name":"Home","item":"https:\/\/novice.si\/page\/"},{"@type":"ListItem","position":2,"name":"Vrtec Polj\u010dane bo po dana\u0161nji evakuaciji otrok jutri deloval normalno in v varnih pogojih"}]},{"@type":"WebSite","@id":"https:\/\/novice.si\/page\/#website","url":"https:\/\/novice.si\/page\/","name":"Novice.si","description":"","publisher":{"@id":"https:\/\/novice.si\/page\/#organization"},"potentialAction":[{"@type":"SearchAction","target":{"@type":"EntryPoint","urlTemplate":"https:\/\/novice.si\/page\/?s={search_term_string}"},"query-input":{"@type":"PropertyValueSpecification","valueRequired":true,"valueName":"search_term_string"}}],"inLanguage":"sl-SI"},{"@type":"Organization","@id":"https:\/\/novice.si\/page\/#organization","name":"Novice.si","url":"https:\/\/novice.si\/page\/","logo":{"@type":"ImageObject","inLanguage":"sl-SI","@id":"https:\/\/novice.si\/page\/#\/schema\/logo\/image\/","url":"https:\/\/novice.si\/page\/wp-content\/uploads\/2023\/03\/novice_si.png","contentUrl":"https:\/\/novice.si\/page\/wp-content\/uploads\/2023\/03\/novice_si.png","width":576,"height":200,"caption":"Novice.si"},"image":{"@id":"https:\/\/novice.si\/page\/#\/schema\/logo\/image\/"}},{"@type":"Person","@id":"https:\/\/novice.si\/page\/#\/schema\/person\/96b32396deedcde3f7f776c306b4be21","name":"Uredni\u0161tvo Bistri\u0161kih novic","image":{"@type":"ImageObject","inLanguage":"sl-SI","@id":"https:\/\/secure.gravatar.com\/avatar\/26c56c4b10cdb3a21e86442e5f2845a4eafdd0f3605def77ec6cff4aaef32ea4?s=96&d=mm&r=g","url":"https:\/\/secure.gravatar.com\/avatar\/26c56c4b10cdb3a21e86442e5f2845a4eafdd0f3605def77ec6cff4aaef32ea4?s=96&d=mm&r=g","contentUrl":"https:\/\/secure.gravatar.com\/avatar\/26c56c4b10cdb3a21e86442e5f2845a4eafdd0f3605def77ec6cff4aaef32ea4?s=96&d=mm&r=g","caption":"Uredni\u0161tvo Bistri\u0161kih novic"},"url":"https:\/\/novice.si\/page\/author\/bojana\/"}]}},"_links":{"self":[{"href":"https:\/\/novice.si\/page\/wp-json\/wp\/v2\/posts\/174234","targetHints":{"allow":["GET"]}}],"collection":[{"href":"https:\/\/novice.si\/page\/wp-json\/wp\/v2\/posts"}],"about":[{"href":"https:\/\/novice.si\/page\/wp-json\/wp\/v2\/types\/post"}],"author":[{"embeddable":true,"href":"https:\/\/novice.si\/page\/wp-json\/wp\/v2\/users\/8"}],"replies":[{"embeddable":true,"href":"https:\/\/novice.si\/page\/wp-json\/wp\/v2\/comments?post=174234"}],"version-history":[{"count":1,"href":"https:\/\/novice.si\/page\/wp-json\/wp\/v2\/posts\/174234\/revisions"}],"predecessor-version":[{"id":174236,"href":"https:\/\/novice.si\/page\/wp-json\/wp\/v2\/posts\/174234\/revisions\/174236"}],"wp:featuredmedia":[{"embeddable":true,"href":"https:\/\/novice.si\/page\/wp-json\/wp\/v2\/media\/174235"}],"wp:attachment":[{"href":"https:\/\/novice.si\/page\/wp-json\/wp\/v2\/media?parent=174234"}],"wp:term":[{"taxonomy":"category","embeddable":true,"href":"https:\/\/novice.si\/page\/wp-json\/wp\/v2\/categories?post=174234"},{"taxonomy":"post_tag","embeddable":true,"href":"https:\/\/novice.si\/page\/wp-json\/wp\/v2\/tags?post=174234"}],"curies":[{"name":"wp","href":"https:\/\/api.w.org\/{rel}","templated":true}]}}