{"id":174140,"date":"2024-04-25T07:35:31","date_gmt":"2024-04-25T05:35:31","guid":{"rendered":"https:\/\/novice.si\/page\/?p=174140"},"modified":"2024-04-24T21:38:49","modified_gmt":"2024-04-24T19:38:49","slug":"celje-vrata-odpira-pelikanova-hisa","status":"publish","type":"post","link":"https:\/\/novice.si\/page\/celje-vrata-odpira-pelikanova-hisa\/","title":{"rendered":"CELJE Vrata odpira Pelikanova hi\u0161a"},"content":{"rendered":"<p>Danes vrata uradno odpira Pelikanova hi\u0161a. V njej bo v avtenti\u010dnem okolju na ogled fotografska dedi\u0161\u010dina 20. stoletja<\/p>\n<p><img loading=\"lazy\" decoding=\"async\" class=\" wp-image-174141 alignleft\" src=\"https:\/\/novice.si\/page\/wp-content\/uploads\/2024\/04\/pelikanova-hisa-434x600.jpg\" alt=\"\" width=\"356\" height=\"492\" srcset=\"https:\/\/novice.si\/page\/wp-content\/uploads\/2024\/04\/pelikanova-hisa-434x600.jpg 434w, https:\/\/novice.si\/page\/wp-content\/uploads\/2024\/04\/pelikanova-hisa-304x420.jpg 304w, https:\/\/novice.si\/page\/wp-content\/uploads\/2024\/04\/pelikanova-hisa-17x24.jpg 17w, https:\/\/novice.si\/page\/wp-content\/uploads\/2024\/04\/pelikanova-hisa-26x36.jpg 26w, https:\/\/novice.si\/page\/wp-content\/uploads\/2024\/04\/pelikanova-hisa-35x48.jpg 35w, https:\/\/novice.si\/page\/wp-content\/uploads\/2024\/04\/pelikanova-hisa.jpg 542w\" sizes=\"auto, (max-width: 356px) 100vw, 356px\" \/>Gre za zaklju\u010dek enega najobse\u017enej\u0161ih projektov v 60 letih delovanja Muzeja novej\u0161e zgodovine Celje (MNZC).<\/p>\n<p>Obnovo so napovedovali \u017ee pred petimi leti, a je zaradi znanih razlogov niso mogli izvesti, pravi direktor muzeja dr. <strong>Ton\u010dek Kregar<\/strong>. \u00bbZ velikim veseljem lahko povem, da se je projekt prenove Pelikanove hi\u0161e uspe\u0161no kon\u010dal. Ta zgodba pa je samo zadnje poglavje dolge in stare zgodbe, ki jo v sebi nosi ta hi\u0161a. Leta 1899, v \u010dasu, ko je bila fotografija na vrhuncu svoje priljubljenosti, je takrat eden najbolj uspe\u0161nih celjskih fotografov <strong>Johann Martin Lenz<\/strong> dal postaviti to zgradbo kot dru\u017einsko hi\u0161o, ob njej pa prizidek in stekleni fotografski atelje.\u00ab<\/p>\n<p>Obnovitvena dela so veljala 666 tiso\u010dakov. Polovico sredstev je prispevala celjska mestna ob\u010dina, MNZC je pokril 30 odstotkov nalo\u017ebe, preostalo pa dr\u017eava.<\/p>\n<p>Pelikanovo hi\u0161o bo danes slovesno predala namenu kulturna ministrica <strong>Asta Vre\u010dko<\/strong>.<\/p>\n<p>P\u0160<\/p>\n","protected":false},"excerpt":{"rendered":"<p>Danes vrata uradno odpira Pelikanova hi\u0161a. V njej bo v avtenti\u010dnem okolju na ogled fotografska dedi\u0161\u010dina 20. stoletja Gre za zaklju\u010dek enega najobse\u017enej\u0161ih projektov v 60 letih delovanja Muzeja novej\u0161e zgodovine Celje (MNZC). Obnovo so napovedovali \u017ee pred petimi leti, a je zaradi znanih razlogov niso mogli izvesti, pravi direktor muzeja dr. Ton\u010dek Kregar. \u00bbZ [&hellip;]<\/p>\n","protected":false},"author":33,"featured_media":174142,"comment_status":"closed","ping_status":"closed","sticky":false,"template":"","format":"standard","meta":{"footnotes":""},"categories":[17],"tags":[16989,5869,9694,4320,20371,11534],"class_list":{"0":"post-174140","1":"post","2":"type-post","3":"status-publish","4":"format-standard","5":"has-post-thumbnail","7":"category-celjsko","8":"tag-asta-veecko","9":"tag-johann-martin-lenz","10":"tag-mnzc","11":"tag-otvoritev","12":"tag-pelikanova-hisa","13":"tag-tone-kregar"},"yoast_head":"<!-- This site is optimized with the Yoast SEO plugin v27.4 - https:\/\/yoast.com\/product\/yoast-seo-wordpress\/ -->\n<title>CELJE Vrata odpira Pelikanova hi\u0161a - Novice.si<\/title>\n<meta name=\"robots\" content=\"index, follow, max-snippet:-1, max-image-preview:large, max-video-preview:-1\" \/>\n<link rel=\"canonical\" href=\"https:\/\/novice.si\/page\/celje-vrata-odpira-pelikanova-hisa\/\" \/>\n<meta property=\"og:locale\" content=\"sl_SI\" \/>\n<meta property=\"og:type\" content=\"article\" \/>\n<meta property=\"og:title\" content=\"CELJE Vrata odpira Pelikanova hi\u0161a - Novice.si\" \/>\n<meta property=\"og:description\" content=\"Danes vrata uradno odpira Pelikanova hi\u0161a. V njej bo v avtenti\u010dnem okolju na ogled fotografska dedi\u0161\u010dina 20. stoletja Gre za zaklju\u010dek enega najobse\u017enej\u0161ih projektov v 60 letih delovanja Muzeja novej\u0161e zgodovine Celje (MNZC). Obnovo so napovedovali \u017ee pred petimi leti, a je zaradi znanih razlogov niso mogli izvesti, pravi direktor muzeja dr. Ton\u010dek Kregar. \u00bbZ [&hellip;]\" \/>\n<meta property=\"og:url\" content=\"https:\/\/novice.si\/page\/celje-vrata-odpira-pelikanova-hisa\/\" \/>\n<meta property=\"og:site_name\" content=\"Novice.si\" \/>\n<meta property=\"article:published_time\" content=\"2024-04-25T05:35:31+00:00\" \/>\n<meta property=\"og:image\" content=\"https:\/\/novice.si\/page\/wp-content\/uploads\/2024\/04\/pelikanova-hisa-2024-scaled.jpg\" \/>\n\t<meta property=\"og:image:width\" content=\"2560\" \/>\n\t<meta property=\"og:image:height\" content=\"1920\" \/>\n\t<meta property=\"og:image:type\" content=\"image\/jpeg\" \/>\n<meta name=\"author\" content=\"Uredni\u0161tvo Celjana\" \/>\n<meta name=\"twitter:card\" content=\"summary_large_image\" \/>\n<meta name=\"twitter:label1\" content=\"Written by\" \/>\n\t<meta name=\"twitter:data1\" content=\"Uredni\u0161tvo Celjana\" \/>\n\t<meta name=\"twitter:label2\" content=\"Est. reading time\" \/>\n\t<meta name=\"twitter:data2\" content=\"2 minuti\" \/>\n<script type=\"application\/ld+json\" class=\"yoast-schema-graph\">{\"@context\":\"https:\\\/\\\/schema.org\",\"@graph\":[{\"@type\":\"Article\",\"@id\":\"https:\\\/\\\/novice.si\\\/page\\\/celje-vrata-odpira-pelikanova-hisa\\\/#article\",\"isPartOf\":{\"@id\":\"https:\\\/\\\/novice.si\\\/page\\\/celje-vrata-odpira-pelikanova-hisa\\\/\"},\"author\":{\"name\":\"Uredni\u0161tvo Celjana\",\"@id\":\"https:\\\/\\\/novice.si\\\/page\\\/#\\\/schema\\\/person\\\/57f25c9642a9541c7349c65d32032c3e\"},\"headline\":\"CELJE Vrata odpira Pelikanova hi\u0161a\",\"datePublished\":\"2024-04-25T05:35:31+00:00\",\"mainEntityOfPage\":{\"@id\":\"https:\\\/\\\/novice.si\\\/page\\\/celje-vrata-odpira-pelikanova-hisa\\\/\"},\"wordCount\":179,\"publisher\":{\"@id\":\"https:\\\/\\\/novice.si\\\/page\\\/#organization\"},\"image\":{\"@id\":\"https:\\\/\\\/novice.si\\\/page\\\/celje-vrata-odpira-pelikanova-hisa\\\/#primaryimage\"},\"thumbnailUrl\":\"https:\\\/\\\/novice.si\\\/page\\\/wp-content\\\/uploads\\\/2024\\\/04\\\/pelikanova-hisa-2024-scaled.jpg\",\"keywords\":[\"Asta Vee\u010dko\",\"Johann Martin Lenz\",\"MNZC\",\"otvoritev\",\"Pelikanova hi\u0161a\",\"Tone Kregar\"],\"articleSection\":[\"Celjsko\"],\"inLanguage\":\"sl-SI\"},{\"@type\":\"WebPage\",\"@id\":\"https:\\\/\\\/novice.si\\\/page\\\/celje-vrata-odpira-pelikanova-hisa\\\/\",\"url\":\"https:\\\/\\\/novice.si\\\/page\\\/celje-vrata-odpira-pelikanova-hisa\\\/\",\"name\":\"CELJE Vrata odpira Pelikanova hi\u0161a - Novice.si\",\"isPartOf\":{\"@id\":\"https:\\\/\\\/novice.si\\\/page\\\/#website\"},\"primaryImageOfPage\":{\"@id\":\"https:\\\/\\\/novice.si\\\/page\\\/celje-vrata-odpira-pelikanova-hisa\\\/#primaryimage\"},\"image\":{\"@id\":\"https:\\\/\\\/novice.si\\\/page\\\/celje-vrata-odpira-pelikanova-hisa\\\/#primaryimage\"},\"thumbnailUrl\":\"https:\\\/\\\/novice.si\\\/page\\\/wp-content\\\/uploads\\\/2024\\\/04\\\/pelikanova-hisa-2024-scaled.jpg\",\"datePublished\":\"2024-04-25T05:35:31+00:00\",\"breadcrumb\":{\"@id\":\"https:\\\/\\\/novice.si\\\/page\\\/celje-vrata-odpira-pelikanova-hisa\\\/#breadcrumb\"},\"inLanguage\":\"sl-SI\",\"potentialAction\":[{\"@type\":\"ReadAction\",\"target\":[\"https:\\\/\\\/novice.si\\\/page\\\/celje-vrata-odpira-pelikanova-hisa\\\/\"]}]},{\"@type\":\"ImageObject\",\"inLanguage\":\"sl-SI\",\"@id\":\"https:\\\/\\\/novice.si\\\/page\\\/celje-vrata-odpira-pelikanova-hisa\\\/#primaryimage\",\"url\":\"https:\\\/\\\/novice.si\\\/page\\\/wp-content\\\/uploads\\\/2024\\\/04\\\/pelikanova-hisa-2024-scaled.jpg\",\"contentUrl\":\"https:\\\/\\\/novice.si\\\/page\\\/wp-content\\\/uploads\\\/2024\\\/04\\\/pelikanova-hisa-2024-scaled.jpg\",\"width\":2560,\"height\":1920},{\"@type\":\"BreadcrumbList\",\"@id\":\"https:\\\/\\\/novice.si\\\/page\\\/celje-vrata-odpira-pelikanova-hisa\\\/#breadcrumb\",\"itemListElement\":[{\"@type\":\"ListItem\",\"position\":1,\"name\":\"Home\",\"item\":\"https:\\\/\\\/novice.si\\\/page\\\/\"},{\"@type\":\"ListItem\",\"position\":2,\"name\":\"CELJE Vrata odpira Pelikanova hi\u0161a\"}]},{\"@type\":\"WebSite\",\"@id\":\"https:\\\/\\\/novice.si\\\/page\\\/#website\",\"url\":\"https:\\\/\\\/novice.si\\\/page\\\/\",\"name\":\"Novice.si\",\"description\":\"\",\"publisher\":{\"@id\":\"https:\\\/\\\/novice.si\\\/page\\\/#organization\"},\"potentialAction\":[{\"@type\":\"SearchAction\",\"target\":{\"@type\":\"EntryPoint\",\"urlTemplate\":\"https:\\\/\\\/novice.si\\\/page\\\/?s={search_term_string}\"},\"query-input\":{\"@type\":\"PropertyValueSpecification\",\"valueRequired\":true,\"valueName\":\"search_term_string\"}}],\"inLanguage\":\"sl-SI\"},{\"@type\":\"Organization\",\"@id\":\"https:\\\/\\\/novice.si\\\/page\\\/#organization\",\"name\":\"Novice.si\",\"url\":\"https:\\\/\\\/novice.si\\\/page\\\/\",\"logo\":{\"@type\":\"ImageObject\",\"inLanguage\":\"sl-SI\",\"@id\":\"https:\\\/\\\/novice.si\\\/page\\\/#\\\/schema\\\/logo\\\/image\\\/\",\"url\":\"https:\\\/\\\/novice.si\\\/page\\\/wp-content\\\/uploads\\\/2023\\\/03\\\/novice_si.png\",\"contentUrl\":\"https:\\\/\\\/novice.si\\\/page\\\/wp-content\\\/uploads\\\/2023\\\/03\\\/novice_si.png\",\"width\":576,\"height\":200,\"caption\":\"Novice.si\"},\"image\":{\"@id\":\"https:\\\/\\\/novice.si\\\/page\\\/#\\\/schema\\\/logo\\\/image\\\/\"}},{\"@type\":\"Person\",\"@id\":\"https:\\\/\\\/novice.si\\\/page\\\/#\\\/schema\\\/person\\\/57f25c9642a9541c7349c65d32032c3e\",\"name\":\"Uredni\u0161tvo Celjana\",\"image\":{\"@type\":\"ImageObject\",\"inLanguage\":\"sl-SI\",\"@id\":\"https:\\\/\\\/secure.gravatar.com\\\/avatar\\\/78e52bc4279b65f6df6345e0ef0f7b792d361361f230cf4ffecfe0afe6d5629c?s=96&d=mm&r=g\",\"url\":\"https:\\\/\\\/secure.gravatar.com\\\/avatar\\\/78e52bc4279b65f6df6345e0ef0f7b792d361361f230cf4ffecfe0afe6d5629c?s=96&d=mm&r=g\",\"contentUrl\":\"https:\\\/\\\/secure.gravatar.com\\\/avatar\\\/78e52bc4279b65f6df6345e0ef0f7b792d361361f230cf4ffecfe0afe6d5629c?s=96&d=mm&r=g\",\"caption\":\"Uredni\u0161tvo Celjana\"},\"url\":\"https:\\\/\\\/novice.si\\\/page\\\/author\\\/primoz\\\/\"}]}<\/script>\n<!-- \/ Yoast SEO plugin. -->","yoast_head_json":{"title":"CELJE Vrata odpira Pelikanova hi\u0161a - Novice.si","robots":{"index":"index","follow":"follow","max-snippet":"max-snippet:-1","max-image-preview":"max-image-preview:large","max-video-preview":"max-video-preview:-1"},"canonical":"https:\/\/novice.si\/page\/celje-vrata-odpira-pelikanova-hisa\/","og_locale":"sl_SI","og_type":"article","og_title":"CELJE Vrata odpira Pelikanova hi\u0161a - Novice.si","og_description":"Danes vrata uradno odpira Pelikanova hi\u0161a. V njej bo v avtenti\u010dnem okolju na ogled fotografska dedi\u0161\u010dina 20. stoletja Gre za zaklju\u010dek enega najobse\u017enej\u0161ih projektov v 60 letih delovanja Muzeja novej\u0161e zgodovine Celje (MNZC). Obnovo so napovedovali \u017ee pred petimi leti, a je zaradi znanih razlogov niso mogli izvesti, pravi direktor muzeja dr. Ton\u010dek Kregar. \u00bbZ [&hellip;]","og_url":"https:\/\/novice.si\/page\/celje-vrata-odpira-pelikanova-hisa\/","og_site_name":"Novice.si","article_published_time":"2024-04-25T05:35:31+00:00","og_image":[{"width":2560,"height":1920,"url":"https:\/\/novice.si\/page\/wp-content\/uploads\/2024\/04\/pelikanova-hisa-2024-scaled.jpg","type":"image\/jpeg"}],"author":"Uredni\u0161tvo Celjana","twitter_card":"summary_large_image","twitter_misc":{"Written by":"Uredni\u0161tvo Celjana","Est. reading time":"2 minuti"},"schema":{"@context":"https:\/\/schema.org","@graph":[{"@type":"Article","@id":"https:\/\/novice.si\/page\/celje-vrata-odpira-pelikanova-hisa\/#article","isPartOf":{"@id":"https:\/\/novice.si\/page\/celje-vrata-odpira-pelikanova-hisa\/"},"author":{"name":"Uredni\u0161tvo Celjana","@id":"https:\/\/novice.si\/page\/#\/schema\/person\/57f25c9642a9541c7349c65d32032c3e"},"headline":"CELJE Vrata odpira Pelikanova hi\u0161a","datePublished":"2024-04-25T05:35:31+00:00","mainEntityOfPage":{"@id":"https:\/\/novice.si\/page\/celje-vrata-odpira-pelikanova-hisa\/"},"wordCount":179,"publisher":{"@id":"https:\/\/novice.si\/page\/#organization"},"image":{"@id":"https:\/\/novice.si\/page\/celje-vrata-odpira-pelikanova-hisa\/#primaryimage"},"thumbnailUrl":"https:\/\/novice.si\/page\/wp-content\/uploads\/2024\/04\/pelikanova-hisa-2024-scaled.jpg","keywords":["Asta Vee\u010dko","Johann Martin Lenz","MNZC","otvoritev","Pelikanova hi\u0161a","Tone Kregar"],"articleSection":["Celjsko"],"inLanguage":"sl-SI"},{"@type":"WebPage","@id":"https:\/\/novice.si\/page\/celje-vrata-odpira-pelikanova-hisa\/","url":"https:\/\/novice.si\/page\/celje-vrata-odpira-pelikanova-hisa\/","name":"CELJE Vrata odpira Pelikanova hi\u0161a - Novice.si","isPartOf":{"@id":"https:\/\/novice.si\/page\/#website"},"primaryImageOfPage":{"@id":"https:\/\/novice.si\/page\/celje-vrata-odpira-pelikanova-hisa\/#primaryimage"},"image":{"@id":"https:\/\/novice.si\/page\/celje-vrata-odpira-pelikanova-hisa\/#primaryimage"},"thumbnailUrl":"https:\/\/novice.si\/page\/wp-content\/uploads\/2024\/04\/pelikanova-hisa-2024-scaled.jpg","datePublished":"2024-04-25T05:35:31+00:00","breadcrumb":{"@id":"https:\/\/novice.si\/page\/celje-vrata-odpira-pelikanova-hisa\/#breadcrumb"},"inLanguage":"sl-SI","potentialAction":[{"@type":"ReadAction","target":["https:\/\/novice.si\/page\/celje-vrata-odpira-pelikanova-hisa\/"]}]},{"@type":"ImageObject","inLanguage":"sl-SI","@id":"https:\/\/novice.si\/page\/celje-vrata-odpira-pelikanova-hisa\/#primaryimage","url":"https:\/\/novice.si\/page\/wp-content\/uploads\/2024\/04\/pelikanova-hisa-2024-scaled.jpg","contentUrl":"https:\/\/novice.si\/page\/wp-content\/uploads\/2024\/04\/pelikanova-hisa-2024-scaled.jpg","width":2560,"height":1920},{"@type":"BreadcrumbList","@id":"https:\/\/novice.si\/page\/celje-vrata-odpira-pelikanova-hisa\/#breadcrumb","itemListElement":[{"@type":"ListItem","position":1,"name":"Home","item":"https:\/\/novice.si\/page\/"},{"@type":"ListItem","position":2,"name":"CELJE Vrata odpira Pelikanova hi\u0161a"}]},{"@type":"WebSite","@id":"https:\/\/novice.si\/page\/#website","url":"https:\/\/novice.si\/page\/","name":"Novice.si","description":"","publisher":{"@id":"https:\/\/novice.si\/page\/#organization"},"potentialAction":[{"@type":"SearchAction","target":{"@type":"EntryPoint","urlTemplate":"https:\/\/novice.si\/page\/?s={search_term_string}"},"query-input":{"@type":"PropertyValueSpecification","valueRequired":true,"valueName":"search_term_string"}}],"inLanguage":"sl-SI"},{"@type":"Organization","@id":"https:\/\/novice.si\/page\/#organization","name":"Novice.si","url":"https:\/\/novice.si\/page\/","logo":{"@type":"ImageObject","inLanguage":"sl-SI","@id":"https:\/\/novice.si\/page\/#\/schema\/logo\/image\/","url":"https:\/\/novice.si\/page\/wp-content\/uploads\/2023\/03\/novice_si.png","contentUrl":"https:\/\/novice.si\/page\/wp-content\/uploads\/2023\/03\/novice_si.png","width":576,"height":200,"caption":"Novice.si"},"image":{"@id":"https:\/\/novice.si\/page\/#\/schema\/logo\/image\/"}},{"@type":"Person","@id":"https:\/\/novice.si\/page\/#\/schema\/person\/57f25c9642a9541c7349c65d32032c3e","name":"Uredni\u0161tvo Celjana","image":{"@type":"ImageObject","inLanguage":"sl-SI","@id":"https:\/\/secure.gravatar.com\/avatar\/78e52bc4279b65f6df6345e0ef0f7b792d361361f230cf4ffecfe0afe6d5629c?s=96&d=mm&r=g","url":"https:\/\/secure.gravatar.com\/avatar\/78e52bc4279b65f6df6345e0ef0f7b792d361361f230cf4ffecfe0afe6d5629c?s=96&d=mm&r=g","contentUrl":"https:\/\/secure.gravatar.com\/avatar\/78e52bc4279b65f6df6345e0ef0f7b792d361361f230cf4ffecfe0afe6d5629c?s=96&d=mm&r=g","caption":"Uredni\u0161tvo Celjana"},"url":"https:\/\/novice.si\/page\/author\/primoz\/"}]}},"_links":{"self":[{"href":"https:\/\/novice.si\/page\/wp-json\/wp\/v2\/posts\/174140","targetHints":{"allow":["GET"]}}],"collection":[{"href":"https:\/\/novice.si\/page\/wp-json\/wp\/v2\/posts"}],"about":[{"href":"https:\/\/novice.si\/page\/wp-json\/wp\/v2\/types\/post"}],"author":[{"embeddable":true,"href":"https:\/\/novice.si\/page\/wp-json\/wp\/v2\/users\/33"}],"replies":[{"embeddable":true,"href":"https:\/\/novice.si\/page\/wp-json\/wp\/v2\/comments?post=174140"}],"version-history":[{"count":1,"href":"https:\/\/novice.si\/page\/wp-json\/wp\/v2\/posts\/174140\/revisions"}],"predecessor-version":[{"id":174143,"href":"https:\/\/novice.si\/page\/wp-json\/wp\/v2\/posts\/174140\/revisions\/174143"}],"wp:featuredmedia":[{"embeddable":true,"href":"https:\/\/novice.si\/page\/wp-json\/wp\/v2\/media\/174142"}],"wp:attachment":[{"href":"https:\/\/novice.si\/page\/wp-json\/wp\/v2\/media?parent=174140"}],"wp:term":[{"taxonomy":"category","embeddable":true,"href":"https:\/\/novice.si\/page\/wp-json\/wp\/v2\/categories?post=174140"},{"taxonomy":"post_tag","embeddable":true,"href":"https:\/\/novice.si\/page\/wp-json\/wp\/v2\/tags?post=174140"}],"curies":[{"name":"wp","href":"https:\/\/api.w.org\/{rel}","templated":true}]}}