{"id":174126,"date":"2024-04-25T10:18:35","date_gmt":"2024-04-25T08:18:35","guid":{"rendered":"https:\/\/novice.si\/page\/?p=174126"},"modified":"2024-04-24T21:20:41","modified_gmt":"2024-04-24T19:20:41","slug":"s-srcem-peli-tudi-po-celjskih-ulicah","status":"publish","type":"post","link":"https:\/\/novice.si\/page\/s-srcem-peli-tudi-po-celjskih-ulicah\/","title":{"rendered":"S srcem peli tudi po celjskih ulicah"},"content":{"rendered":"<p><em><img loading=\"lazy\" decoding=\"async\" class=\" wp-image-174127 alignright\" src=\"https:\/\/novice.si\/page\/wp-content\/uploads\/2024\/04\/Cz-vseslovensko-petje-600x400.jpg\" alt=\"\" width=\"480\" height=\"320\" srcset=\"https:\/\/novice.si\/page\/wp-content\/uploads\/2024\/04\/Cz-vseslovensko-petje-600x400.jpg 600w, https:\/\/novice.si\/page\/wp-content\/uploads\/2024\/04\/Cz-vseslovensko-petje-1024x682.jpg 1024w, https:\/\/novice.si\/page\/wp-content\/uploads\/2024\/04\/Cz-vseslovensko-petje-768x512.jpg 768w, https:\/\/novice.si\/page\/wp-content\/uploads\/2024\/04\/Cz-vseslovensko-petje-1536x1024.jpg 1536w, https:\/\/novice.si\/page\/wp-content\/uploads\/2024\/04\/Cz-vseslovensko-petje-696x464.jpg 696w, https:\/\/novice.si\/page\/wp-content\/uploads\/2024\/04\/Cz-vseslovensko-petje-1068x712.jpg 1068w, https:\/\/novice.si\/page\/wp-content\/uploads\/2024\/04\/Cz-vseslovensko-petje-630x420.jpg 630w, https:\/\/novice.si\/page\/wp-content\/uploads\/2024\/04\/Cz-vseslovensko-petje-24x16.jpg 24w, https:\/\/novice.si\/page\/wp-content\/uploads\/2024\/04\/Cz-vseslovensko-petje-36x24.jpg 36w, https:\/\/novice.si\/page\/wp-content\/uploads\/2024\/04\/Cz-vseslovensko-petje-48x32.jpg 48w, https:\/\/novice.si\/page\/wp-content\/uploads\/2024\/04\/Cz-vseslovensko-petje.jpg 1616w\" sizes=\"auto, (max-width: 480px) 100vw, 480px\" \/>Z \u017ee tradicionalnim spomladanskim pevskim sprehodom po ulicah in trgih kne\u017ejega mesta se je\u00a0 nedeljo v Celju za\u010del nacionalni projekt Vseslovensko petje s srci, z njim pa \u0161e naprej odmeva Mladinski pevski festival Celje 2024.<\/em><\/p>\n<p>Ve\u010d kot 150 pevcev in folkloristov je na pomladanskem pevskem sprehodu popestrilo praznovanje mestnega praznika in se s pesmijo in folklornim nastopom pridru\u017eilo odmevom Mladinskega pevskega festivala, ki je med 3. in 6. aprilom skupaj s 27. dr\u017eavnim tekmovanjem mladinskih pevskih zborov potekal v Celju. Mestna ob\u010dina Celje se je projektu Vseslovensko petje s srci pridru\u017eila lanskega aprila.<\/p>\n<p>Na nedeljskem pevskem sprehodu je sodelovalo osem sestavov &#8211; Folklorna skupina DU Slavko \u0160lander, Slovensko dru\u0161tvo Hospic, Pevski zbor Dru\u0161tva upokojencev Celje, Me\u0161ani pevski zbor gostincev Celje, Dru\u0161tvo MePZ Don Bosco Celje, Me\u0161ani komorni zbor Celje, Pevsko dru\u0161tvo upokojencev Celje in Almini Karlin\u010dki. V torek pa je slovenska pesem zazvenela \u0161e v 19 celjskih javnih zavodih in podjetjih, \u0161olah in vrtcih.<\/p>\n","protected":false},"excerpt":{"rendered":"<p>Z \u017ee tradicionalnim spomladanskim pevskim sprehodom po ulicah in trgih kne\u017ejega mesta se je\u00a0 nedeljo v Celju za\u010del nacionalni projekt Vseslovensko petje s srci, z njim pa \u0161e naprej odmeva Mladinski pevski festival Celje 2024. Ve\u010d kot 150 pevcev in folkloristov je na pomladanskem pevskem sprehodu popestrilo praznovanje mestnega praznika in se s pesmijo in [&hellip;]<\/p>\n","protected":false},"author":55,"featured_media":174127,"comment_status":"closed","ping_status":"closed","sticky":false,"template":"","format":"standard","meta":{"footnotes":""},"categories":[14,142,17],"tags":[],"class_list":{"0":"post-174126","1":"post","2":"type-post","3":"status-publish","4":"format-standard","5":"has-post-thumbnail","7":"category-aktualno","8":"category-celjan","9":"category-celjsko"},"yoast_head":"<!-- This site is optimized with the Yoast SEO plugin v27.4 - https:\/\/yoast.com\/product\/yoast-seo-wordpress\/ -->\n<title>S srcem peli tudi po celjskih ulicah - Novice.si<\/title>\n<meta name=\"robots\" content=\"index, follow, max-snippet:-1, max-image-preview:large, max-video-preview:-1\" \/>\n<link rel=\"canonical\" href=\"https:\/\/novice.si\/page\/s-srcem-peli-tudi-po-celjskih-ulicah\/\" \/>\n<meta property=\"og:locale\" content=\"sl_SI\" \/>\n<meta property=\"og:type\" content=\"article\" \/>\n<meta property=\"og:title\" content=\"S srcem peli tudi po celjskih ulicah - Novice.si\" \/>\n<meta property=\"og:description\" content=\"Z \u017ee tradicionalnim spomladanskim pevskim sprehodom po ulicah in trgih kne\u017ejega mesta se je\u00a0 nedeljo v Celju za\u010del nacionalni projekt Vseslovensko petje s srci, z njim pa \u0161e naprej odmeva Mladinski pevski festival Celje 2024. Ve\u010d kot 150 pevcev in folkloristov je na pomladanskem pevskem sprehodu popestrilo praznovanje mestnega praznika in se s pesmijo in [&hellip;]\" \/>\n<meta property=\"og:url\" content=\"https:\/\/novice.si\/page\/s-srcem-peli-tudi-po-celjskih-ulicah\/\" \/>\n<meta property=\"og:site_name\" content=\"Novice.si\" \/>\n<meta property=\"article:published_time\" content=\"2024-04-25T08:18:35+00:00\" \/>\n<meta property=\"og:image\" content=\"https:\/\/novice.si\/page\/wp-content\/uploads\/2024\/04\/Cz-vseslovensko-petje.jpg\" \/>\n\t<meta property=\"og:image:width\" content=\"1616\" \/>\n\t<meta property=\"og:image:height\" content=\"1077\" \/>\n\t<meta property=\"og:image:type\" content=\"image\/jpeg\" \/>\n<meta name=\"author\" content=\"Uredni\u0161tvo Celjana\" \/>\n<meta name=\"twitter:card\" content=\"summary_large_image\" \/>\n<meta name=\"twitter:label1\" content=\"Written by\" \/>\n\t<meta name=\"twitter:data1\" content=\"Uredni\u0161tvo Celjana\" \/>\n\t<meta name=\"twitter:label2\" content=\"Est. reading time\" \/>\n\t<meta name=\"twitter:data2\" content=\"2 minuti\" \/>\n<script type=\"application\/ld+json\" class=\"yoast-schema-graph\">{\"@context\":\"https:\\\/\\\/schema.org\",\"@graph\":[{\"@type\":\"Article\",\"@id\":\"https:\\\/\\\/novice.si\\\/page\\\/s-srcem-peli-tudi-po-celjskih-ulicah\\\/#article\",\"isPartOf\":{\"@id\":\"https:\\\/\\\/novice.si\\\/page\\\/s-srcem-peli-tudi-po-celjskih-ulicah\\\/\"},\"author\":{\"name\":\"Uredni\u0161tvo Celjana\",\"@id\":\"https:\\\/\\\/novice.si\\\/page\\\/#\\\/schema\\\/person\\\/a49f233ef2777ec7b2e8d0662325bb48\"},\"headline\":\"S srcem peli tudi po celjskih ulicah\",\"datePublished\":\"2024-04-25T08:18:35+00:00\",\"mainEntityOfPage\":{\"@id\":\"https:\\\/\\\/novice.si\\\/page\\\/s-srcem-peli-tudi-po-celjskih-ulicah\\\/\"},\"wordCount\":168,\"publisher\":{\"@id\":\"https:\\\/\\\/novice.si\\\/page\\\/#organization\"},\"image\":{\"@id\":\"https:\\\/\\\/novice.si\\\/page\\\/s-srcem-peli-tudi-po-celjskih-ulicah\\\/#primaryimage\"},\"thumbnailUrl\":\"https:\\\/\\\/novice.si\\\/page\\\/wp-content\\\/uploads\\\/2024\\\/04\\\/Cz-vseslovensko-petje.jpg\",\"articleSection\":[\"Aktualno\",\"Celjan\",\"Celjsko\"],\"inLanguage\":\"sl-SI\"},{\"@type\":\"WebPage\",\"@id\":\"https:\\\/\\\/novice.si\\\/page\\\/s-srcem-peli-tudi-po-celjskih-ulicah\\\/\",\"url\":\"https:\\\/\\\/novice.si\\\/page\\\/s-srcem-peli-tudi-po-celjskih-ulicah\\\/\",\"name\":\"S srcem peli tudi po celjskih ulicah - Novice.si\",\"isPartOf\":{\"@id\":\"https:\\\/\\\/novice.si\\\/page\\\/#website\"},\"primaryImageOfPage\":{\"@id\":\"https:\\\/\\\/novice.si\\\/page\\\/s-srcem-peli-tudi-po-celjskih-ulicah\\\/#primaryimage\"},\"image\":{\"@id\":\"https:\\\/\\\/novice.si\\\/page\\\/s-srcem-peli-tudi-po-celjskih-ulicah\\\/#primaryimage\"},\"thumbnailUrl\":\"https:\\\/\\\/novice.si\\\/page\\\/wp-content\\\/uploads\\\/2024\\\/04\\\/Cz-vseslovensko-petje.jpg\",\"datePublished\":\"2024-04-25T08:18:35+00:00\",\"breadcrumb\":{\"@id\":\"https:\\\/\\\/novice.si\\\/page\\\/s-srcem-peli-tudi-po-celjskih-ulicah\\\/#breadcrumb\"},\"inLanguage\":\"sl-SI\",\"potentialAction\":[{\"@type\":\"ReadAction\",\"target\":[\"https:\\\/\\\/novice.si\\\/page\\\/s-srcem-peli-tudi-po-celjskih-ulicah\\\/\"]}]},{\"@type\":\"ImageObject\",\"inLanguage\":\"sl-SI\",\"@id\":\"https:\\\/\\\/novice.si\\\/page\\\/s-srcem-peli-tudi-po-celjskih-ulicah\\\/#primaryimage\",\"url\":\"https:\\\/\\\/novice.si\\\/page\\\/wp-content\\\/uploads\\\/2024\\\/04\\\/Cz-vseslovensko-petje.jpg\",\"contentUrl\":\"https:\\\/\\\/novice.si\\\/page\\\/wp-content\\\/uploads\\\/2024\\\/04\\\/Cz-vseslovensko-petje.jpg\",\"width\":1616,\"height\":1077},{\"@type\":\"BreadcrumbList\",\"@id\":\"https:\\\/\\\/novice.si\\\/page\\\/s-srcem-peli-tudi-po-celjskih-ulicah\\\/#breadcrumb\",\"itemListElement\":[{\"@type\":\"ListItem\",\"position\":1,\"name\":\"Home\",\"item\":\"https:\\\/\\\/novice.si\\\/page\\\/\"},{\"@type\":\"ListItem\",\"position\":2,\"name\":\"S srcem peli tudi po celjskih ulicah\"}]},{\"@type\":\"WebSite\",\"@id\":\"https:\\\/\\\/novice.si\\\/page\\\/#website\",\"url\":\"https:\\\/\\\/novice.si\\\/page\\\/\",\"name\":\"Novice.si\",\"description\":\"\",\"publisher\":{\"@id\":\"https:\\\/\\\/novice.si\\\/page\\\/#organization\"},\"potentialAction\":[{\"@type\":\"SearchAction\",\"target\":{\"@type\":\"EntryPoint\",\"urlTemplate\":\"https:\\\/\\\/novice.si\\\/page\\\/?s={search_term_string}\"},\"query-input\":{\"@type\":\"PropertyValueSpecification\",\"valueRequired\":true,\"valueName\":\"search_term_string\"}}],\"inLanguage\":\"sl-SI\"},{\"@type\":\"Organization\",\"@id\":\"https:\\\/\\\/novice.si\\\/page\\\/#organization\",\"name\":\"Novice.si\",\"url\":\"https:\\\/\\\/novice.si\\\/page\\\/\",\"logo\":{\"@type\":\"ImageObject\",\"inLanguage\":\"sl-SI\",\"@id\":\"https:\\\/\\\/novice.si\\\/page\\\/#\\\/schema\\\/logo\\\/image\\\/\",\"url\":\"https:\\\/\\\/novice.si\\\/page\\\/wp-content\\\/uploads\\\/2023\\\/03\\\/novice_si.png\",\"contentUrl\":\"https:\\\/\\\/novice.si\\\/page\\\/wp-content\\\/uploads\\\/2023\\\/03\\\/novice_si.png\",\"width\":576,\"height\":200,\"caption\":\"Novice.si\"},\"image\":{\"@id\":\"https:\\\/\\\/novice.si\\\/page\\\/#\\\/schema\\\/logo\\\/image\\\/\"}},{\"@type\":\"Person\",\"@id\":\"https:\\\/\\\/novice.si\\\/page\\\/#\\\/schema\\\/person\\\/a49f233ef2777ec7b2e8d0662325bb48\",\"name\":\"Uredni\u0161tvo Celjana\",\"image\":{\"@type\":\"ImageObject\",\"inLanguage\":\"sl-SI\",\"@id\":\"https:\\\/\\\/secure.gravatar.com\\\/avatar\\\/7f7863e616af8f92806c638dd1db3f1a238d83d1cc2ec3100afc06fbb7eb303f?s=96&d=mm&r=g\",\"url\":\"https:\\\/\\\/secure.gravatar.com\\\/avatar\\\/7f7863e616af8f92806c638dd1db3f1a238d83d1cc2ec3100afc06fbb7eb303f?s=96&d=mm&r=g\",\"contentUrl\":\"https:\\\/\\\/secure.gravatar.com\\\/avatar\\\/7f7863e616af8f92806c638dd1db3f1a238d83d1cc2ec3100afc06fbb7eb303f?s=96&d=mm&r=g\",\"caption\":\"Uredni\u0161tvo Celjana\"},\"url\":\"https:\\\/\\\/novice.si\\\/page\\\/author\\\/maja\\\/\"}]}<\/script>\n<!-- \/ Yoast SEO plugin. -->","yoast_head_json":{"title":"S srcem peli tudi po celjskih ulicah - Novice.si","robots":{"index":"index","follow":"follow","max-snippet":"max-snippet:-1","max-image-preview":"max-image-preview:large","max-video-preview":"max-video-preview:-1"},"canonical":"https:\/\/novice.si\/page\/s-srcem-peli-tudi-po-celjskih-ulicah\/","og_locale":"sl_SI","og_type":"article","og_title":"S srcem peli tudi po celjskih ulicah - Novice.si","og_description":"Z \u017ee tradicionalnim spomladanskim pevskim sprehodom po ulicah in trgih kne\u017ejega mesta se je\u00a0 nedeljo v Celju za\u010del nacionalni projekt Vseslovensko petje s srci, z njim pa \u0161e naprej odmeva Mladinski pevski festival Celje 2024. Ve\u010d kot 150 pevcev in folkloristov je na pomladanskem pevskem sprehodu popestrilo praznovanje mestnega praznika in se s pesmijo in [&hellip;]","og_url":"https:\/\/novice.si\/page\/s-srcem-peli-tudi-po-celjskih-ulicah\/","og_site_name":"Novice.si","article_published_time":"2024-04-25T08:18:35+00:00","og_image":[{"width":1616,"height":1077,"url":"https:\/\/novice.si\/page\/wp-content\/uploads\/2024\/04\/Cz-vseslovensko-petje.jpg","type":"image\/jpeg"}],"author":"Uredni\u0161tvo Celjana","twitter_card":"summary_large_image","twitter_misc":{"Written by":"Uredni\u0161tvo Celjana","Est. reading time":"2 minuti"},"schema":{"@context":"https:\/\/schema.org","@graph":[{"@type":"Article","@id":"https:\/\/novice.si\/page\/s-srcem-peli-tudi-po-celjskih-ulicah\/#article","isPartOf":{"@id":"https:\/\/novice.si\/page\/s-srcem-peli-tudi-po-celjskih-ulicah\/"},"author":{"name":"Uredni\u0161tvo Celjana","@id":"https:\/\/novice.si\/page\/#\/schema\/person\/a49f233ef2777ec7b2e8d0662325bb48"},"headline":"S srcem peli tudi po celjskih ulicah","datePublished":"2024-04-25T08:18:35+00:00","mainEntityOfPage":{"@id":"https:\/\/novice.si\/page\/s-srcem-peli-tudi-po-celjskih-ulicah\/"},"wordCount":168,"publisher":{"@id":"https:\/\/novice.si\/page\/#organization"},"image":{"@id":"https:\/\/novice.si\/page\/s-srcem-peli-tudi-po-celjskih-ulicah\/#primaryimage"},"thumbnailUrl":"https:\/\/novice.si\/page\/wp-content\/uploads\/2024\/04\/Cz-vseslovensko-petje.jpg","articleSection":["Aktualno","Celjan","Celjsko"],"inLanguage":"sl-SI"},{"@type":"WebPage","@id":"https:\/\/novice.si\/page\/s-srcem-peli-tudi-po-celjskih-ulicah\/","url":"https:\/\/novice.si\/page\/s-srcem-peli-tudi-po-celjskih-ulicah\/","name":"S srcem peli tudi po celjskih ulicah - Novice.si","isPartOf":{"@id":"https:\/\/novice.si\/page\/#website"},"primaryImageOfPage":{"@id":"https:\/\/novice.si\/page\/s-srcem-peli-tudi-po-celjskih-ulicah\/#primaryimage"},"image":{"@id":"https:\/\/novice.si\/page\/s-srcem-peli-tudi-po-celjskih-ulicah\/#primaryimage"},"thumbnailUrl":"https:\/\/novice.si\/page\/wp-content\/uploads\/2024\/04\/Cz-vseslovensko-petje.jpg","datePublished":"2024-04-25T08:18:35+00:00","breadcrumb":{"@id":"https:\/\/novice.si\/page\/s-srcem-peli-tudi-po-celjskih-ulicah\/#breadcrumb"},"inLanguage":"sl-SI","potentialAction":[{"@type":"ReadAction","target":["https:\/\/novice.si\/page\/s-srcem-peli-tudi-po-celjskih-ulicah\/"]}]},{"@type":"ImageObject","inLanguage":"sl-SI","@id":"https:\/\/novice.si\/page\/s-srcem-peli-tudi-po-celjskih-ulicah\/#primaryimage","url":"https:\/\/novice.si\/page\/wp-content\/uploads\/2024\/04\/Cz-vseslovensko-petje.jpg","contentUrl":"https:\/\/novice.si\/page\/wp-content\/uploads\/2024\/04\/Cz-vseslovensko-petje.jpg","width":1616,"height":1077},{"@type":"BreadcrumbList","@id":"https:\/\/novice.si\/page\/s-srcem-peli-tudi-po-celjskih-ulicah\/#breadcrumb","itemListElement":[{"@type":"ListItem","position":1,"name":"Home","item":"https:\/\/novice.si\/page\/"},{"@type":"ListItem","position":2,"name":"S srcem peli tudi po celjskih ulicah"}]},{"@type":"WebSite","@id":"https:\/\/novice.si\/page\/#website","url":"https:\/\/novice.si\/page\/","name":"Novice.si","description":"","publisher":{"@id":"https:\/\/novice.si\/page\/#organization"},"potentialAction":[{"@type":"SearchAction","target":{"@type":"EntryPoint","urlTemplate":"https:\/\/novice.si\/page\/?s={search_term_string}"},"query-input":{"@type":"PropertyValueSpecification","valueRequired":true,"valueName":"search_term_string"}}],"inLanguage":"sl-SI"},{"@type":"Organization","@id":"https:\/\/novice.si\/page\/#organization","name":"Novice.si","url":"https:\/\/novice.si\/page\/","logo":{"@type":"ImageObject","inLanguage":"sl-SI","@id":"https:\/\/novice.si\/page\/#\/schema\/logo\/image\/","url":"https:\/\/novice.si\/page\/wp-content\/uploads\/2023\/03\/novice_si.png","contentUrl":"https:\/\/novice.si\/page\/wp-content\/uploads\/2023\/03\/novice_si.png","width":576,"height":200,"caption":"Novice.si"},"image":{"@id":"https:\/\/novice.si\/page\/#\/schema\/logo\/image\/"}},{"@type":"Person","@id":"https:\/\/novice.si\/page\/#\/schema\/person\/a49f233ef2777ec7b2e8d0662325bb48","name":"Uredni\u0161tvo Celjana","image":{"@type":"ImageObject","inLanguage":"sl-SI","@id":"https:\/\/secure.gravatar.com\/avatar\/7f7863e616af8f92806c638dd1db3f1a238d83d1cc2ec3100afc06fbb7eb303f?s=96&d=mm&r=g","url":"https:\/\/secure.gravatar.com\/avatar\/7f7863e616af8f92806c638dd1db3f1a238d83d1cc2ec3100afc06fbb7eb303f?s=96&d=mm&r=g","contentUrl":"https:\/\/secure.gravatar.com\/avatar\/7f7863e616af8f92806c638dd1db3f1a238d83d1cc2ec3100afc06fbb7eb303f?s=96&d=mm&r=g","caption":"Uredni\u0161tvo Celjana"},"url":"https:\/\/novice.si\/page\/author\/maja\/"}]}},"_links":{"self":[{"href":"https:\/\/novice.si\/page\/wp-json\/wp\/v2\/posts\/174126","targetHints":{"allow":["GET"]}}],"collection":[{"href":"https:\/\/novice.si\/page\/wp-json\/wp\/v2\/posts"}],"about":[{"href":"https:\/\/novice.si\/page\/wp-json\/wp\/v2\/types\/post"}],"author":[{"embeddable":true,"href":"https:\/\/novice.si\/page\/wp-json\/wp\/v2\/users\/55"}],"replies":[{"embeddable":true,"href":"https:\/\/novice.si\/page\/wp-json\/wp\/v2\/comments?post=174126"}],"version-history":[{"count":1,"href":"https:\/\/novice.si\/page\/wp-json\/wp\/v2\/posts\/174126\/revisions"}],"predecessor-version":[{"id":174128,"href":"https:\/\/novice.si\/page\/wp-json\/wp\/v2\/posts\/174126\/revisions\/174128"}],"wp:featuredmedia":[{"embeddable":true,"href":"https:\/\/novice.si\/page\/wp-json\/wp\/v2\/media\/174127"}],"wp:attachment":[{"href":"https:\/\/novice.si\/page\/wp-json\/wp\/v2\/media?parent=174126"}],"wp:term":[{"taxonomy":"category","embeddable":true,"href":"https:\/\/novice.si\/page\/wp-json\/wp\/v2\/categories?post=174126"},{"taxonomy":"post_tag","embeddable":true,"href":"https:\/\/novice.si\/page\/wp-json\/wp\/v2\/tags?post=174126"}],"curies":[{"name":"wp","href":"https:\/\/api.w.org\/{rel}","templated":true}]}}