{"id":174123,"date":"2024-04-25T09:16:15","date_gmt":"2024-04-25T07:16:15","guid":{"rendered":"https:\/\/novice.si\/page\/?p=174123"},"modified":"2024-04-24T21:18:26","modified_gmt":"2024-04-24T19:18:26","slug":"v-celju-po-knjigo-tudi-v-mestni-gozd","status":"publish","type":"post","link":"https:\/\/novice.si\/page\/v-celju-po-knjigo-tudi-v-mestni-gozd\/","title":{"rendered":"V Celju po knjigo tudi v Mestni gozd"},"content":{"rendered":"<p><em><img loading=\"lazy\" decoding=\"async\" class=\" wp-image-174124 alignleft\" src=\"https:\/\/novice.si\/page\/wp-content\/uploads\/2024\/04\/Cz-knjigobeznice-451x600.jpg\" alt=\"\" width=\"340\" height=\"452\" srcset=\"https:\/\/novice.si\/page\/wp-content\/uploads\/2024\/04\/Cz-knjigobeznice-451x600.jpg 451w, https:\/\/novice.si\/page\/wp-content\/uploads\/2024\/04\/Cz-knjigobeznice-769x1024.jpg 769w, https:\/\/novice.si\/page\/wp-content\/uploads\/2024\/04\/Cz-knjigobeznice-768x1023.jpg 768w, https:\/\/novice.si\/page\/wp-content\/uploads\/2024\/04\/Cz-knjigobeznice-696x927.jpg 696w, https:\/\/novice.si\/page\/wp-content\/uploads\/2024\/04\/Cz-knjigobeznice-1068x1422.jpg 1068w, https:\/\/novice.si\/page\/wp-content\/uploads\/2024\/04\/Cz-knjigobeznice-315x420.jpg 315w, https:\/\/novice.si\/page\/wp-content\/uploads\/2024\/04\/Cz-knjigobeznice-18x24.jpg 18w, https:\/\/novice.si\/page\/wp-content\/uploads\/2024\/04\/Cz-knjigobeznice-27x36.jpg 27w, https:\/\/novice.si\/page\/wp-content\/uploads\/2024\/04\/Cz-knjigobeznice-36x48.jpg 36w, https:\/\/novice.si\/page\/wp-content\/uploads\/2024\/04\/Cz-knjigobeznice.jpg 1070w\" sizes=\"auto, (max-width: 340px) 100vw, 340px\" \/>V svetu, ki se hitro spreminja, je branje ostalo neprecenljivo bogastvo, ki nas povezuje s preteklostjo, razkriva svetove izven na\u0161ega vsakdana in nas spodbuja k razmi\u0161ljanju ter raziskovanju.<\/em><\/p>\n<p>Na Mestni ob\u010dini Celje, ki se pona\u0161a tudi z nazivom Branju prijazna ob\u010dina, verjamejo v mo\u010d branja, zato skozi vse leto skupaj z Osrednjo knji\u017enico Celje pripravljajo \u0161tevilne dogodke in projekte, namenjene spodbujanju bralne kulture. Eden tak\u0161nih je tudi projekt Knjigobe\u017enice, jeseni pa bodo manj\u0161o knji\u017enico vzpostavili \u0161e v najve\u010dji drevesni hi\u0161ki v Sloveniji.<\/p>\n<p><strong>Knjigobe\u017enice za Celjane<\/strong><\/p>\n<p>Knjigobe\u017enice so majhne knji\u017ene izmenjevalnice, kjer so knjige dostopne vsem. Celjani jih lahko najdejo v vseh mestnih \u010detrtih in krajevnih skupnostih. Skupno jih je v Celju \u017ee 19, postavili pa so jih v sodelovanju s Srednjo \u0161olo za gradbeni\u0161tvo in varovanje okolja \u0160olskega centra Celje, ki je izdelala hi\u0161ke za knjige, ter Osrednjo knji\u017enico Celje, ki skupaj s krajani krajevnih skupnostih in mestnih \u010detrtih redno skrbijo, da so Knjigobe\u017enice dobro zalo\u017eene.<\/p>\n<p><strong>Knji\u017enici tudi v Drevesni hi\u0161ki<\/strong><\/p>\n<p>Letos na\u010drtujejo postavitev dodatnih Knjigobe\u017enic, predvsem na lokacijah, ki jih ob\u010danke in ob\u010dani obiskujejo z \u017eeljo po aktivnemu pre\u017eivljanju prostega \u010dasa \u2013 na \u0160martinskem jezeru, pri Almini hi\u0161i v Pe\u010dovniku in na letnem bazenu.<\/p>\n<p>\u00bbManj\u0161i knji\u017enici nameravamo v jesenskih mesecih vzpostaviti tudi v Drevesni hi\u0161ki v Mestnem gozdu in na Celjski ko\u010di, Osrednja knji\u017enica Celje pa ju bo zalo\u017eila z literaturo na temo narave, gozda in drugih zelenih tem. S tem se Mestna ob\u010dina Celje pridru\u017euje projektu Gozdne knji\u017enice, ki ga ob leto\u0161njem svetovnem dnevu turizma (27. september) razpisuje Turisti\u010dna zveza Slovenije,\u00ab so pojasnili na Mestni ob\u010dini Celje.<\/p>\n","protected":false},"excerpt":{"rendered":"<p>V svetu, ki se hitro spreminja, je branje ostalo neprecenljivo bogastvo, ki nas povezuje s preteklostjo, razkriva svetove izven na\u0161ega vsakdana in nas spodbuja k razmi\u0161ljanju ter raziskovanju. Na Mestni ob\u010dini Celje, ki se pona\u0161a tudi z nazivom Branju prijazna ob\u010dina, verjamejo v mo\u010d branja, zato skozi vse leto skupaj z Osrednjo knji\u017enico Celje pripravljajo [&hellip;]<\/p>\n","protected":false},"author":55,"featured_media":174124,"comment_status":"closed","ping_status":"closed","sticky":false,"template":"","format":"standard","meta":{"footnotes":""},"categories":[14,142,17],"tags":[],"class_list":{"0":"post-174123","1":"post","2":"type-post","3":"status-publish","4":"format-standard","5":"has-post-thumbnail","7":"category-aktualno","8":"category-celjan","9":"category-celjsko"},"yoast_head":"<!-- This site is optimized with the Yoast SEO plugin v27.4 - https:\/\/yoast.com\/product\/yoast-seo-wordpress\/ -->\n<title>V Celju po knjigo tudi v Mestni gozd - Novice.si<\/title>\n<meta name=\"robots\" content=\"index, follow, max-snippet:-1, max-image-preview:large, max-video-preview:-1\" \/>\n<link rel=\"canonical\" href=\"https:\/\/novice.si\/page\/v-celju-po-knjigo-tudi-v-mestni-gozd\/\" \/>\n<meta property=\"og:locale\" content=\"sl_SI\" \/>\n<meta property=\"og:type\" content=\"article\" \/>\n<meta property=\"og:title\" content=\"V Celju po knjigo tudi v Mestni gozd - Novice.si\" \/>\n<meta property=\"og:description\" content=\"V svetu, ki se hitro spreminja, je branje ostalo neprecenljivo bogastvo, ki nas povezuje s preteklostjo, razkriva svetove izven na\u0161ega vsakdana in nas spodbuja k razmi\u0161ljanju ter raziskovanju. Na Mestni ob\u010dini Celje, ki se pona\u0161a tudi z nazivom Branju prijazna ob\u010dina, verjamejo v mo\u010d branja, zato skozi vse leto skupaj z Osrednjo knji\u017enico Celje pripravljajo [&hellip;]\" \/>\n<meta property=\"og:url\" content=\"https:\/\/novice.si\/page\/v-celju-po-knjigo-tudi-v-mestni-gozd\/\" \/>\n<meta property=\"og:site_name\" content=\"Novice.si\" \/>\n<meta property=\"article:published_time\" content=\"2024-04-25T07:16:15+00:00\" \/>\n<meta property=\"og:image\" content=\"https:\/\/novice.si\/page\/wp-content\/uploads\/2024\/04\/Cz-knjigobeznice.jpg\" \/>\n\t<meta property=\"og:image:width\" content=\"1070\" \/>\n\t<meta property=\"og:image:height\" content=\"1425\" \/>\n\t<meta property=\"og:image:type\" content=\"image\/jpeg\" \/>\n<meta name=\"author\" content=\"Uredni\u0161tvo Celjana\" \/>\n<meta name=\"twitter:card\" content=\"summary_large_image\" \/>\n<meta name=\"twitter:label1\" content=\"Written by\" \/>\n\t<meta name=\"twitter:data1\" content=\"Uredni\u0161tvo Celjana\" \/>\n\t<meta name=\"twitter:label2\" content=\"Est. reading time\" \/>\n\t<meta name=\"twitter:data2\" content=\"2 minuti\" \/>\n<script type=\"application\/ld+json\" class=\"yoast-schema-graph\">{\"@context\":\"https:\\\/\\\/schema.org\",\"@graph\":[{\"@type\":\"Article\",\"@id\":\"https:\\\/\\\/novice.si\\\/page\\\/v-celju-po-knjigo-tudi-v-mestni-gozd\\\/#article\",\"isPartOf\":{\"@id\":\"https:\\\/\\\/novice.si\\\/page\\\/v-celju-po-knjigo-tudi-v-mestni-gozd\\\/\"},\"author\":{\"name\":\"Uredni\u0161tvo Celjana\",\"@id\":\"https:\\\/\\\/novice.si\\\/page\\\/#\\\/schema\\\/person\\\/a49f233ef2777ec7b2e8d0662325bb48\"},\"headline\":\"V Celju po knjigo tudi v Mestni gozd\",\"datePublished\":\"2024-04-25T07:16:15+00:00\",\"mainEntityOfPage\":{\"@id\":\"https:\\\/\\\/novice.si\\\/page\\\/v-celju-po-knjigo-tudi-v-mestni-gozd\\\/\"},\"wordCount\":305,\"publisher\":{\"@id\":\"https:\\\/\\\/novice.si\\\/page\\\/#organization\"},\"image\":{\"@id\":\"https:\\\/\\\/novice.si\\\/page\\\/v-celju-po-knjigo-tudi-v-mestni-gozd\\\/#primaryimage\"},\"thumbnailUrl\":\"https:\\\/\\\/novice.si\\\/page\\\/wp-content\\\/uploads\\\/2024\\\/04\\\/Cz-knjigobeznice.jpg\",\"articleSection\":[\"Aktualno\",\"Celjan\",\"Celjsko\"],\"inLanguage\":\"sl-SI\"},{\"@type\":\"WebPage\",\"@id\":\"https:\\\/\\\/novice.si\\\/page\\\/v-celju-po-knjigo-tudi-v-mestni-gozd\\\/\",\"url\":\"https:\\\/\\\/novice.si\\\/page\\\/v-celju-po-knjigo-tudi-v-mestni-gozd\\\/\",\"name\":\"V Celju po knjigo tudi v Mestni gozd - Novice.si\",\"isPartOf\":{\"@id\":\"https:\\\/\\\/novice.si\\\/page\\\/#website\"},\"primaryImageOfPage\":{\"@id\":\"https:\\\/\\\/novice.si\\\/page\\\/v-celju-po-knjigo-tudi-v-mestni-gozd\\\/#primaryimage\"},\"image\":{\"@id\":\"https:\\\/\\\/novice.si\\\/page\\\/v-celju-po-knjigo-tudi-v-mestni-gozd\\\/#primaryimage\"},\"thumbnailUrl\":\"https:\\\/\\\/novice.si\\\/page\\\/wp-content\\\/uploads\\\/2024\\\/04\\\/Cz-knjigobeznice.jpg\",\"datePublished\":\"2024-04-25T07:16:15+00:00\",\"breadcrumb\":{\"@id\":\"https:\\\/\\\/novice.si\\\/page\\\/v-celju-po-knjigo-tudi-v-mestni-gozd\\\/#breadcrumb\"},\"inLanguage\":\"sl-SI\",\"potentialAction\":[{\"@type\":\"ReadAction\",\"target\":[\"https:\\\/\\\/novice.si\\\/page\\\/v-celju-po-knjigo-tudi-v-mestni-gozd\\\/\"]}]},{\"@type\":\"ImageObject\",\"inLanguage\":\"sl-SI\",\"@id\":\"https:\\\/\\\/novice.si\\\/page\\\/v-celju-po-knjigo-tudi-v-mestni-gozd\\\/#primaryimage\",\"url\":\"https:\\\/\\\/novice.si\\\/page\\\/wp-content\\\/uploads\\\/2024\\\/04\\\/Cz-knjigobeznice.jpg\",\"contentUrl\":\"https:\\\/\\\/novice.si\\\/page\\\/wp-content\\\/uploads\\\/2024\\\/04\\\/Cz-knjigobeznice.jpg\",\"width\":1070,\"height\":1425},{\"@type\":\"BreadcrumbList\",\"@id\":\"https:\\\/\\\/novice.si\\\/page\\\/v-celju-po-knjigo-tudi-v-mestni-gozd\\\/#breadcrumb\",\"itemListElement\":[{\"@type\":\"ListItem\",\"position\":1,\"name\":\"Home\",\"item\":\"https:\\\/\\\/novice.si\\\/page\\\/\"},{\"@type\":\"ListItem\",\"position\":2,\"name\":\"V Celju po knjigo tudi v Mestni gozd\"}]},{\"@type\":\"WebSite\",\"@id\":\"https:\\\/\\\/novice.si\\\/page\\\/#website\",\"url\":\"https:\\\/\\\/novice.si\\\/page\\\/\",\"name\":\"Novice.si\",\"description\":\"\",\"publisher\":{\"@id\":\"https:\\\/\\\/novice.si\\\/page\\\/#organization\"},\"potentialAction\":[{\"@type\":\"SearchAction\",\"target\":{\"@type\":\"EntryPoint\",\"urlTemplate\":\"https:\\\/\\\/novice.si\\\/page\\\/?s={search_term_string}\"},\"query-input\":{\"@type\":\"PropertyValueSpecification\",\"valueRequired\":true,\"valueName\":\"search_term_string\"}}],\"inLanguage\":\"sl-SI\"},{\"@type\":\"Organization\",\"@id\":\"https:\\\/\\\/novice.si\\\/page\\\/#organization\",\"name\":\"Novice.si\",\"url\":\"https:\\\/\\\/novice.si\\\/page\\\/\",\"logo\":{\"@type\":\"ImageObject\",\"inLanguage\":\"sl-SI\",\"@id\":\"https:\\\/\\\/novice.si\\\/page\\\/#\\\/schema\\\/logo\\\/image\\\/\",\"url\":\"https:\\\/\\\/novice.si\\\/page\\\/wp-content\\\/uploads\\\/2023\\\/03\\\/novice_si.png\",\"contentUrl\":\"https:\\\/\\\/novice.si\\\/page\\\/wp-content\\\/uploads\\\/2023\\\/03\\\/novice_si.png\",\"width\":576,\"height\":200,\"caption\":\"Novice.si\"},\"image\":{\"@id\":\"https:\\\/\\\/novice.si\\\/page\\\/#\\\/schema\\\/logo\\\/image\\\/\"}},{\"@type\":\"Person\",\"@id\":\"https:\\\/\\\/novice.si\\\/page\\\/#\\\/schema\\\/person\\\/a49f233ef2777ec7b2e8d0662325bb48\",\"name\":\"Uredni\u0161tvo Celjana\",\"image\":{\"@type\":\"ImageObject\",\"inLanguage\":\"sl-SI\",\"@id\":\"https:\\\/\\\/secure.gravatar.com\\\/avatar\\\/7f7863e616af8f92806c638dd1db3f1a238d83d1cc2ec3100afc06fbb7eb303f?s=96&d=mm&r=g\",\"url\":\"https:\\\/\\\/secure.gravatar.com\\\/avatar\\\/7f7863e616af8f92806c638dd1db3f1a238d83d1cc2ec3100afc06fbb7eb303f?s=96&d=mm&r=g\",\"contentUrl\":\"https:\\\/\\\/secure.gravatar.com\\\/avatar\\\/7f7863e616af8f92806c638dd1db3f1a238d83d1cc2ec3100afc06fbb7eb303f?s=96&d=mm&r=g\",\"caption\":\"Uredni\u0161tvo Celjana\"},\"url\":\"https:\\\/\\\/novice.si\\\/page\\\/author\\\/maja\\\/\"}]}<\/script>\n<!-- \/ Yoast SEO plugin. -->","yoast_head_json":{"title":"V Celju po knjigo tudi v Mestni gozd - Novice.si","robots":{"index":"index","follow":"follow","max-snippet":"max-snippet:-1","max-image-preview":"max-image-preview:large","max-video-preview":"max-video-preview:-1"},"canonical":"https:\/\/novice.si\/page\/v-celju-po-knjigo-tudi-v-mestni-gozd\/","og_locale":"sl_SI","og_type":"article","og_title":"V Celju po knjigo tudi v Mestni gozd - Novice.si","og_description":"V svetu, ki se hitro spreminja, je branje ostalo neprecenljivo bogastvo, ki nas povezuje s preteklostjo, razkriva svetove izven na\u0161ega vsakdana in nas spodbuja k razmi\u0161ljanju ter raziskovanju. Na Mestni ob\u010dini Celje, ki se pona\u0161a tudi z nazivom Branju prijazna ob\u010dina, verjamejo v mo\u010d branja, zato skozi vse leto skupaj z Osrednjo knji\u017enico Celje pripravljajo [&hellip;]","og_url":"https:\/\/novice.si\/page\/v-celju-po-knjigo-tudi-v-mestni-gozd\/","og_site_name":"Novice.si","article_published_time":"2024-04-25T07:16:15+00:00","og_image":[{"width":1070,"height":1425,"url":"https:\/\/novice.si\/page\/wp-content\/uploads\/2024\/04\/Cz-knjigobeznice.jpg","type":"image\/jpeg"}],"author":"Uredni\u0161tvo Celjana","twitter_card":"summary_large_image","twitter_misc":{"Written by":"Uredni\u0161tvo Celjana","Est. reading time":"2 minuti"},"schema":{"@context":"https:\/\/schema.org","@graph":[{"@type":"Article","@id":"https:\/\/novice.si\/page\/v-celju-po-knjigo-tudi-v-mestni-gozd\/#article","isPartOf":{"@id":"https:\/\/novice.si\/page\/v-celju-po-knjigo-tudi-v-mestni-gozd\/"},"author":{"name":"Uredni\u0161tvo Celjana","@id":"https:\/\/novice.si\/page\/#\/schema\/person\/a49f233ef2777ec7b2e8d0662325bb48"},"headline":"V Celju po knjigo tudi v Mestni gozd","datePublished":"2024-04-25T07:16:15+00:00","mainEntityOfPage":{"@id":"https:\/\/novice.si\/page\/v-celju-po-knjigo-tudi-v-mestni-gozd\/"},"wordCount":305,"publisher":{"@id":"https:\/\/novice.si\/page\/#organization"},"image":{"@id":"https:\/\/novice.si\/page\/v-celju-po-knjigo-tudi-v-mestni-gozd\/#primaryimage"},"thumbnailUrl":"https:\/\/novice.si\/page\/wp-content\/uploads\/2024\/04\/Cz-knjigobeznice.jpg","articleSection":["Aktualno","Celjan","Celjsko"],"inLanguage":"sl-SI"},{"@type":"WebPage","@id":"https:\/\/novice.si\/page\/v-celju-po-knjigo-tudi-v-mestni-gozd\/","url":"https:\/\/novice.si\/page\/v-celju-po-knjigo-tudi-v-mestni-gozd\/","name":"V Celju po knjigo tudi v Mestni gozd - Novice.si","isPartOf":{"@id":"https:\/\/novice.si\/page\/#website"},"primaryImageOfPage":{"@id":"https:\/\/novice.si\/page\/v-celju-po-knjigo-tudi-v-mestni-gozd\/#primaryimage"},"image":{"@id":"https:\/\/novice.si\/page\/v-celju-po-knjigo-tudi-v-mestni-gozd\/#primaryimage"},"thumbnailUrl":"https:\/\/novice.si\/page\/wp-content\/uploads\/2024\/04\/Cz-knjigobeznice.jpg","datePublished":"2024-04-25T07:16:15+00:00","breadcrumb":{"@id":"https:\/\/novice.si\/page\/v-celju-po-knjigo-tudi-v-mestni-gozd\/#breadcrumb"},"inLanguage":"sl-SI","potentialAction":[{"@type":"ReadAction","target":["https:\/\/novice.si\/page\/v-celju-po-knjigo-tudi-v-mestni-gozd\/"]}]},{"@type":"ImageObject","inLanguage":"sl-SI","@id":"https:\/\/novice.si\/page\/v-celju-po-knjigo-tudi-v-mestni-gozd\/#primaryimage","url":"https:\/\/novice.si\/page\/wp-content\/uploads\/2024\/04\/Cz-knjigobeznice.jpg","contentUrl":"https:\/\/novice.si\/page\/wp-content\/uploads\/2024\/04\/Cz-knjigobeznice.jpg","width":1070,"height":1425},{"@type":"BreadcrumbList","@id":"https:\/\/novice.si\/page\/v-celju-po-knjigo-tudi-v-mestni-gozd\/#breadcrumb","itemListElement":[{"@type":"ListItem","position":1,"name":"Home","item":"https:\/\/novice.si\/page\/"},{"@type":"ListItem","position":2,"name":"V Celju po knjigo tudi v Mestni gozd"}]},{"@type":"WebSite","@id":"https:\/\/novice.si\/page\/#website","url":"https:\/\/novice.si\/page\/","name":"Novice.si","description":"","publisher":{"@id":"https:\/\/novice.si\/page\/#organization"},"potentialAction":[{"@type":"SearchAction","target":{"@type":"EntryPoint","urlTemplate":"https:\/\/novice.si\/page\/?s={search_term_string}"},"query-input":{"@type":"PropertyValueSpecification","valueRequired":true,"valueName":"search_term_string"}}],"inLanguage":"sl-SI"},{"@type":"Organization","@id":"https:\/\/novice.si\/page\/#organization","name":"Novice.si","url":"https:\/\/novice.si\/page\/","logo":{"@type":"ImageObject","inLanguage":"sl-SI","@id":"https:\/\/novice.si\/page\/#\/schema\/logo\/image\/","url":"https:\/\/novice.si\/page\/wp-content\/uploads\/2023\/03\/novice_si.png","contentUrl":"https:\/\/novice.si\/page\/wp-content\/uploads\/2023\/03\/novice_si.png","width":576,"height":200,"caption":"Novice.si"},"image":{"@id":"https:\/\/novice.si\/page\/#\/schema\/logo\/image\/"}},{"@type":"Person","@id":"https:\/\/novice.si\/page\/#\/schema\/person\/a49f233ef2777ec7b2e8d0662325bb48","name":"Uredni\u0161tvo Celjana","image":{"@type":"ImageObject","inLanguage":"sl-SI","@id":"https:\/\/secure.gravatar.com\/avatar\/7f7863e616af8f92806c638dd1db3f1a238d83d1cc2ec3100afc06fbb7eb303f?s=96&d=mm&r=g","url":"https:\/\/secure.gravatar.com\/avatar\/7f7863e616af8f92806c638dd1db3f1a238d83d1cc2ec3100afc06fbb7eb303f?s=96&d=mm&r=g","contentUrl":"https:\/\/secure.gravatar.com\/avatar\/7f7863e616af8f92806c638dd1db3f1a238d83d1cc2ec3100afc06fbb7eb303f?s=96&d=mm&r=g","caption":"Uredni\u0161tvo Celjana"},"url":"https:\/\/novice.si\/page\/author\/maja\/"}]}},"_links":{"self":[{"href":"https:\/\/novice.si\/page\/wp-json\/wp\/v2\/posts\/174123","targetHints":{"allow":["GET"]}}],"collection":[{"href":"https:\/\/novice.si\/page\/wp-json\/wp\/v2\/posts"}],"about":[{"href":"https:\/\/novice.si\/page\/wp-json\/wp\/v2\/types\/post"}],"author":[{"embeddable":true,"href":"https:\/\/novice.si\/page\/wp-json\/wp\/v2\/users\/55"}],"replies":[{"embeddable":true,"href":"https:\/\/novice.si\/page\/wp-json\/wp\/v2\/comments?post=174123"}],"version-history":[{"count":1,"href":"https:\/\/novice.si\/page\/wp-json\/wp\/v2\/posts\/174123\/revisions"}],"predecessor-version":[{"id":174125,"href":"https:\/\/novice.si\/page\/wp-json\/wp\/v2\/posts\/174123\/revisions\/174125"}],"wp:featuredmedia":[{"embeddable":true,"href":"https:\/\/novice.si\/page\/wp-json\/wp\/v2\/media\/174124"}],"wp:attachment":[{"href":"https:\/\/novice.si\/page\/wp-json\/wp\/v2\/media?parent=174123"}],"wp:term":[{"taxonomy":"category","embeddable":true,"href":"https:\/\/novice.si\/page\/wp-json\/wp\/v2\/categories?post=174123"},{"taxonomy":"post_tag","embeddable":true,"href":"https:\/\/novice.si\/page\/wp-json\/wp\/v2\/tags?post=174123"}],"curies":[{"name":"wp","href":"https:\/\/api.w.org\/{rel}","templated":true}]}}