{"id":174006,"date":"2024-04-23T17:05:19","date_gmt":"2024-04-23T15:05:19","guid":{"rendered":"https:\/\/novice.si\/page\/?p=174006"},"modified":"2024-04-23T17:05:19","modified_gmt":"2024-04-23T15:05:19","slug":"celje-kotnikova-se-ni-izrekla-o-krivdi","status":"publish","type":"post","link":"https:\/\/novice.si\/page\/celje-kotnikova-se-ni-izrekla-o-krivdi\/","title":{"rendered":"CELJE Kotnikova se ni izrekla o krivdi"},"content":{"rendered":"<p><img loading=\"lazy\" decoding=\"async\" class=\"wp-image-174007 alignleft\" src=\"https:\/\/novice.si\/page\/wp-content\/uploads\/2024\/04\/TEA-Kotnik-PN-1-541x600.jpg\" alt=\"\" width=\"257\" height=\"285\" srcset=\"https:\/\/novice.si\/page\/wp-content\/uploads\/2024\/04\/TEA-Kotnik-PN-1-541x600.jpg 541w, https:\/\/novice.si\/page\/wp-content\/uploads\/2024\/04\/TEA-Kotnik-PN-1-379x420.jpg 379w, https:\/\/novice.si\/page\/wp-content\/uploads\/2024\/04\/TEA-Kotnik-PN-1-22x24.jpg 22w, https:\/\/novice.si\/page\/wp-content\/uploads\/2024\/04\/TEA-Kotnik-PN-1-32x36.jpg 32w, https:\/\/novice.si\/page\/wp-content\/uploads\/2024\/04\/TEA-Kotnik-PN-1-43x48.jpg 43w, https:\/\/novice.si\/page\/wp-content\/uploads\/2024\/04\/TEA-Kotnik-PN-1.jpg 638w\" sizes=\"auto, (max-width: 257px) 100vw, 257px\" \/>Kazenska sodnica <strong>Maja Man\u010dek \u0160porin<\/strong> je danes opravila \u0161e drugi del predobravnavnega naroka, ki se nana\u0161a na smrt \u0161e ne dveletnega de\u010dka v Svetem Lovrencu pri Preboldu.<\/p>\n<p>Zaprt v vro\u010dem avtomobilu je lanskega junija umrl zaradi pregretja. Izdihnil je pripet na zadnjem sede\u017eu \u010drnega BMW.<\/p>\n<p>Njegova mati <strong>Tea Kotnik<\/strong> se na v\u010deraj\u0161njem preobravnavnem naroku ni \u017eelela opredeliti glede krivde, kar je sodi\u0161\u010de \u0161telo, kot da krivde ne priznava. Predhodno se je sicer pogajala s to\u017eilstvom o priznanju krivde, vendar ji kaznovali okvir ni bil pogodu.<\/p>\n<p>Prej\u0161nji mesec se je njen partner <strong>Tilen Novak<\/strong> \u017ee izrekel za nedol\u017enega.<\/p>\n<p>Glavna obravnava se bo predvidoma za\u010dela 20. maja, sode\u010d po napovedih obrambe pa naj bi v ospredje postavili vpra\u0161anje pri\u0161tevnosti obeh obto\u017eenih.<\/p>\n<p>Zagovornik Kotnikove Andrej Kac je podal enajst dokaznih predlogov, zahteva tudi izklju\u010ditev javnosti, medtem ko to\u017eilstvo pristaja zgolj na selektivno izklju\u010ditev v tistem delu, kjer bo govora o mladoletnih o\u0161kodovancih.<\/p>\n<p>P\u0160<\/p>\n","protected":false},"excerpt":{"rendered":"<p>Kazenska sodnica Maja Man\u010dek \u0160porin je danes opravila \u0161e drugi del predobravnavnega naroka, ki se nana\u0161a na smrt \u0161e ne dveletnega de\u010dka v Svetem Lovrencu pri Preboldu. Zaprt v vro\u010dem avtomobilu je lanskega junija umrl zaradi pregretja. Izdihnil je pripet na zadnjem sede\u017eu \u010drnega BMW. Njegova mati Tea Kotnik se na v\u010deraj\u0161njem preobravnavnem naroku ni [&hellip;]<\/p>\n","protected":false},"author":33,"featured_media":174008,"comment_status":"closed","ping_status":"closed","sticky":false,"template":"","format":"standard","meta":{"footnotes":""},"categories":[14,17,29],"tags":[11776,9677,11842,18152,20037,20036],"class_list":{"0":"post-174006","1":"post","2":"type-post","3":"status-publish","4":"format-standard","5":"has-post-thumbnail","7":"category-aktualno","8":"category-celjsko","9":"category-kronika","10":"tag-celjsko-sodisce","11":"tag-maja-mancek-sporin","12":"tag-predobravnani-narok","13":"tag-smrt-decka-v-razgretem-vozilu","14":"tag-tea-kotnik","15":"tag-tilen-novak"},"yoast_head":"<!-- This site is optimized with the Yoast SEO plugin v27.4 - https:\/\/yoast.com\/product\/yoast-seo-wordpress\/ -->\n<title>CELJE Kotnikova se ni izrekla o krivdi - Novice.si<\/title>\n<meta name=\"robots\" content=\"index, follow, max-snippet:-1, max-image-preview:large, max-video-preview:-1\" \/>\n<link rel=\"canonical\" href=\"https:\/\/novice.si\/page\/celje-kotnikova-se-ni-izrekla-o-krivdi\/\" \/>\n<meta property=\"og:locale\" content=\"sl_SI\" \/>\n<meta property=\"og:type\" content=\"article\" \/>\n<meta property=\"og:title\" content=\"CELJE Kotnikova se ni izrekla o krivdi - Novice.si\" \/>\n<meta property=\"og:description\" content=\"Kazenska sodnica Maja Man\u010dek \u0160porin je danes opravila \u0161e drugi del predobravnavnega naroka, ki se nana\u0161a na smrt \u0161e ne dveletnega de\u010dka v Svetem Lovrencu pri Preboldu. Zaprt v vro\u010dem avtomobilu je lanskega junija umrl zaradi pregretja. Izdihnil je pripet na zadnjem sede\u017eu \u010drnega BMW. Njegova mati Tea Kotnik se na v\u010deraj\u0161njem preobravnavnem naroku ni [&hellip;]\" \/>\n<meta property=\"og:url\" content=\"https:\/\/novice.si\/page\/celje-kotnikova-se-ni-izrekla-o-krivdi\/\" \/>\n<meta property=\"og:site_name\" content=\"Novice.si\" \/>\n<meta property=\"article:published_time\" content=\"2024-04-23T15:05:19+00:00\" \/>\n<meta property=\"og:image\" content=\"https:\/\/novice.si\/page\/wp-content\/uploads\/2024\/04\/TEA-Kotnik-PN-2.jpg\" \/>\n\t<meta property=\"og:image:width\" content=\"1193\" \/>\n\t<meta property=\"og:image:height\" content=\"839\" \/>\n\t<meta property=\"og:image:type\" content=\"image\/jpeg\" \/>\n<meta name=\"author\" content=\"Uredni\u0161tvo Celjana\" \/>\n<meta name=\"twitter:card\" content=\"summary_large_image\" \/>\n<meta name=\"twitter:label1\" content=\"Written by\" \/>\n\t<meta name=\"twitter:data1\" content=\"Uredni\u0161tvo Celjana\" \/>\n\t<meta name=\"twitter:label2\" content=\"Est. reading time\" \/>\n\t<meta name=\"twitter:data2\" content=\"2 minuti\" \/>\n<script type=\"application\/ld+json\" class=\"yoast-schema-graph\">{\"@context\":\"https:\\\/\\\/schema.org\",\"@graph\":[{\"@type\":\"Article\",\"@id\":\"https:\\\/\\\/novice.si\\\/page\\\/celje-kotnikova-se-ni-izrekla-o-krivdi\\\/#article\",\"isPartOf\":{\"@id\":\"https:\\\/\\\/novice.si\\\/page\\\/celje-kotnikova-se-ni-izrekla-o-krivdi\\\/\"},\"author\":{\"name\":\"Uredni\u0161tvo Celjana\",\"@id\":\"https:\\\/\\\/novice.si\\\/page\\\/#\\\/schema\\\/person\\\/57f25c9642a9541c7349c65d32032c3e\"},\"headline\":\"CELJE Kotnikova se ni izrekla o krivdi\",\"datePublished\":\"2024-04-23T15:05:19+00:00\",\"mainEntityOfPage\":{\"@id\":\"https:\\\/\\\/novice.si\\\/page\\\/celje-kotnikova-se-ni-izrekla-o-krivdi\\\/\"},\"wordCount\":175,\"publisher\":{\"@id\":\"https:\\\/\\\/novice.si\\\/page\\\/#organization\"},\"image\":{\"@id\":\"https:\\\/\\\/novice.si\\\/page\\\/celje-kotnikova-se-ni-izrekla-o-krivdi\\\/#primaryimage\"},\"thumbnailUrl\":\"https:\\\/\\\/novice.si\\\/page\\\/wp-content\\\/uploads\\\/2024\\\/04\\\/TEA-Kotnik-PN-2.jpg\",\"keywords\":[\"celjsko sodi\u0161\u010de\",\"Maja Man\u010dek \u0160porin\",\"predobravnani narok\",\"smrt de\u010dka v razgretem vozilu\",\"Tea Kotnik\",\"Tilen Novak\"],\"articleSection\":[\"Aktualno\",\"Celjsko\",\"Kronika\"],\"inLanguage\":\"sl-SI\"},{\"@type\":\"WebPage\",\"@id\":\"https:\\\/\\\/novice.si\\\/page\\\/celje-kotnikova-se-ni-izrekla-o-krivdi\\\/\",\"url\":\"https:\\\/\\\/novice.si\\\/page\\\/celje-kotnikova-se-ni-izrekla-o-krivdi\\\/\",\"name\":\"CELJE Kotnikova se ni izrekla o krivdi - Novice.si\",\"isPartOf\":{\"@id\":\"https:\\\/\\\/novice.si\\\/page\\\/#website\"},\"primaryImageOfPage\":{\"@id\":\"https:\\\/\\\/novice.si\\\/page\\\/celje-kotnikova-se-ni-izrekla-o-krivdi\\\/#primaryimage\"},\"image\":{\"@id\":\"https:\\\/\\\/novice.si\\\/page\\\/celje-kotnikova-se-ni-izrekla-o-krivdi\\\/#primaryimage\"},\"thumbnailUrl\":\"https:\\\/\\\/novice.si\\\/page\\\/wp-content\\\/uploads\\\/2024\\\/04\\\/TEA-Kotnik-PN-2.jpg\",\"datePublished\":\"2024-04-23T15:05:19+00:00\",\"breadcrumb\":{\"@id\":\"https:\\\/\\\/novice.si\\\/page\\\/celje-kotnikova-se-ni-izrekla-o-krivdi\\\/#breadcrumb\"},\"inLanguage\":\"sl-SI\",\"potentialAction\":[{\"@type\":\"ReadAction\",\"target\":[\"https:\\\/\\\/novice.si\\\/page\\\/celje-kotnikova-se-ni-izrekla-o-krivdi\\\/\"]}]},{\"@type\":\"ImageObject\",\"inLanguage\":\"sl-SI\",\"@id\":\"https:\\\/\\\/novice.si\\\/page\\\/celje-kotnikova-se-ni-izrekla-o-krivdi\\\/#primaryimage\",\"url\":\"https:\\\/\\\/novice.si\\\/page\\\/wp-content\\\/uploads\\\/2024\\\/04\\\/TEA-Kotnik-PN-2.jpg\",\"contentUrl\":\"https:\\\/\\\/novice.si\\\/page\\\/wp-content\\\/uploads\\\/2024\\\/04\\\/TEA-Kotnik-PN-2.jpg\",\"width\":1193,\"height\":839},{\"@type\":\"BreadcrumbList\",\"@id\":\"https:\\\/\\\/novice.si\\\/page\\\/celje-kotnikova-se-ni-izrekla-o-krivdi\\\/#breadcrumb\",\"itemListElement\":[{\"@type\":\"ListItem\",\"position\":1,\"name\":\"Home\",\"item\":\"https:\\\/\\\/novice.si\\\/page\\\/\"},{\"@type\":\"ListItem\",\"position\":2,\"name\":\"CELJE Kotnikova se ni izrekla o krivdi\"}]},{\"@type\":\"WebSite\",\"@id\":\"https:\\\/\\\/novice.si\\\/page\\\/#website\",\"url\":\"https:\\\/\\\/novice.si\\\/page\\\/\",\"name\":\"Novice.si\",\"description\":\"\",\"publisher\":{\"@id\":\"https:\\\/\\\/novice.si\\\/page\\\/#organization\"},\"potentialAction\":[{\"@type\":\"SearchAction\",\"target\":{\"@type\":\"EntryPoint\",\"urlTemplate\":\"https:\\\/\\\/novice.si\\\/page\\\/?s={search_term_string}\"},\"query-input\":{\"@type\":\"PropertyValueSpecification\",\"valueRequired\":true,\"valueName\":\"search_term_string\"}}],\"inLanguage\":\"sl-SI\"},{\"@type\":\"Organization\",\"@id\":\"https:\\\/\\\/novice.si\\\/page\\\/#organization\",\"name\":\"Novice.si\",\"url\":\"https:\\\/\\\/novice.si\\\/page\\\/\",\"logo\":{\"@type\":\"ImageObject\",\"inLanguage\":\"sl-SI\",\"@id\":\"https:\\\/\\\/novice.si\\\/page\\\/#\\\/schema\\\/logo\\\/image\\\/\",\"url\":\"https:\\\/\\\/novice.si\\\/page\\\/wp-content\\\/uploads\\\/2023\\\/03\\\/novice_si.png\",\"contentUrl\":\"https:\\\/\\\/novice.si\\\/page\\\/wp-content\\\/uploads\\\/2023\\\/03\\\/novice_si.png\",\"width\":576,\"height\":200,\"caption\":\"Novice.si\"},\"image\":{\"@id\":\"https:\\\/\\\/novice.si\\\/page\\\/#\\\/schema\\\/logo\\\/image\\\/\"}},{\"@type\":\"Person\",\"@id\":\"https:\\\/\\\/novice.si\\\/page\\\/#\\\/schema\\\/person\\\/57f25c9642a9541c7349c65d32032c3e\",\"name\":\"Uredni\u0161tvo Celjana\",\"image\":{\"@type\":\"ImageObject\",\"inLanguage\":\"sl-SI\",\"@id\":\"https:\\\/\\\/secure.gravatar.com\\\/avatar\\\/78e52bc4279b65f6df6345e0ef0f7b792d361361f230cf4ffecfe0afe6d5629c?s=96&d=mm&r=g\",\"url\":\"https:\\\/\\\/secure.gravatar.com\\\/avatar\\\/78e52bc4279b65f6df6345e0ef0f7b792d361361f230cf4ffecfe0afe6d5629c?s=96&d=mm&r=g\",\"contentUrl\":\"https:\\\/\\\/secure.gravatar.com\\\/avatar\\\/78e52bc4279b65f6df6345e0ef0f7b792d361361f230cf4ffecfe0afe6d5629c?s=96&d=mm&r=g\",\"caption\":\"Uredni\u0161tvo Celjana\"},\"url\":\"https:\\\/\\\/novice.si\\\/page\\\/author\\\/primoz\\\/\"}]}<\/script>\n<!-- \/ Yoast SEO plugin. -->","yoast_head_json":{"title":"CELJE Kotnikova se ni izrekla o krivdi - Novice.si","robots":{"index":"index","follow":"follow","max-snippet":"max-snippet:-1","max-image-preview":"max-image-preview:large","max-video-preview":"max-video-preview:-1"},"canonical":"https:\/\/novice.si\/page\/celje-kotnikova-se-ni-izrekla-o-krivdi\/","og_locale":"sl_SI","og_type":"article","og_title":"CELJE Kotnikova se ni izrekla o krivdi - Novice.si","og_description":"Kazenska sodnica Maja Man\u010dek \u0160porin je danes opravila \u0161e drugi del predobravnavnega naroka, ki se nana\u0161a na smrt \u0161e ne dveletnega de\u010dka v Svetem Lovrencu pri Preboldu. Zaprt v vro\u010dem avtomobilu je lanskega junija umrl zaradi pregretja. Izdihnil je pripet na zadnjem sede\u017eu \u010drnega BMW. Njegova mati Tea Kotnik se na v\u010deraj\u0161njem preobravnavnem naroku ni [&hellip;]","og_url":"https:\/\/novice.si\/page\/celje-kotnikova-se-ni-izrekla-o-krivdi\/","og_site_name":"Novice.si","article_published_time":"2024-04-23T15:05:19+00:00","og_image":[{"width":1193,"height":839,"url":"https:\/\/novice.si\/page\/wp-content\/uploads\/2024\/04\/TEA-Kotnik-PN-2.jpg","type":"image\/jpeg"}],"author":"Uredni\u0161tvo Celjana","twitter_card":"summary_large_image","twitter_misc":{"Written by":"Uredni\u0161tvo Celjana","Est. reading time":"2 minuti"},"schema":{"@context":"https:\/\/schema.org","@graph":[{"@type":"Article","@id":"https:\/\/novice.si\/page\/celje-kotnikova-se-ni-izrekla-o-krivdi\/#article","isPartOf":{"@id":"https:\/\/novice.si\/page\/celje-kotnikova-se-ni-izrekla-o-krivdi\/"},"author":{"name":"Uredni\u0161tvo Celjana","@id":"https:\/\/novice.si\/page\/#\/schema\/person\/57f25c9642a9541c7349c65d32032c3e"},"headline":"CELJE Kotnikova se ni izrekla o krivdi","datePublished":"2024-04-23T15:05:19+00:00","mainEntityOfPage":{"@id":"https:\/\/novice.si\/page\/celje-kotnikova-se-ni-izrekla-o-krivdi\/"},"wordCount":175,"publisher":{"@id":"https:\/\/novice.si\/page\/#organization"},"image":{"@id":"https:\/\/novice.si\/page\/celje-kotnikova-se-ni-izrekla-o-krivdi\/#primaryimage"},"thumbnailUrl":"https:\/\/novice.si\/page\/wp-content\/uploads\/2024\/04\/TEA-Kotnik-PN-2.jpg","keywords":["celjsko sodi\u0161\u010de","Maja Man\u010dek \u0160porin","predobravnani narok","smrt de\u010dka v razgretem vozilu","Tea Kotnik","Tilen Novak"],"articleSection":["Aktualno","Celjsko","Kronika"],"inLanguage":"sl-SI"},{"@type":"WebPage","@id":"https:\/\/novice.si\/page\/celje-kotnikova-se-ni-izrekla-o-krivdi\/","url":"https:\/\/novice.si\/page\/celje-kotnikova-se-ni-izrekla-o-krivdi\/","name":"CELJE Kotnikova se ni izrekla o krivdi - Novice.si","isPartOf":{"@id":"https:\/\/novice.si\/page\/#website"},"primaryImageOfPage":{"@id":"https:\/\/novice.si\/page\/celje-kotnikova-se-ni-izrekla-o-krivdi\/#primaryimage"},"image":{"@id":"https:\/\/novice.si\/page\/celje-kotnikova-se-ni-izrekla-o-krivdi\/#primaryimage"},"thumbnailUrl":"https:\/\/novice.si\/page\/wp-content\/uploads\/2024\/04\/TEA-Kotnik-PN-2.jpg","datePublished":"2024-04-23T15:05:19+00:00","breadcrumb":{"@id":"https:\/\/novice.si\/page\/celje-kotnikova-se-ni-izrekla-o-krivdi\/#breadcrumb"},"inLanguage":"sl-SI","potentialAction":[{"@type":"ReadAction","target":["https:\/\/novice.si\/page\/celje-kotnikova-se-ni-izrekla-o-krivdi\/"]}]},{"@type":"ImageObject","inLanguage":"sl-SI","@id":"https:\/\/novice.si\/page\/celje-kotnikova-se-ni-izrekla-o-krivdi\/#primaryimage","url":"https:\/\/novice.si\/page\/wp-content\/uploads\/2024\/04\/TEA-Kotnik-PN-2.jpg","contentUrl":"https:\/\/novice.si\/page\/wp-content\/uploads\/2024\/04\/TEA-Kotnik-PN-2.jpg","width":1193,"height":839},{"@type":"BreadcrumbList","@id":"https:\/\/novice.si\/page\/celje-kotnikova-se-ni-izrekla-o-krivdi\/#breadcrumb","itemListElement":[{"@type":"ListItem","position":1,"name":"Home","item":"https:\/\/novice.si\/page\/"},{"@type":"ListItem","position":2,"name":"CELJE Kotnikova se ni izrekla o krivdi"}]},{"@type":"WebSite","@id":"https:\/\/novice.si\/page\/#website","url":"https:\/\/novice.si\/page\/","name":"Novice.si","description":"","publisher":{"@id":"https:\/\/novice.si\/page\/#organization"},"potentialAction":[{"@type":"SearchAction","target":{"@type":"EntryPoint","urlTemplate":"https:\/\/novice.si\/page\/?s={search_term_string}"},"query-input":{"@type":"PropertyValueSpecification","valueRequired":true,"valueName":"search_term_string"}}],"inLanguage":"sl-SI"},{"@type":"Organization","@id":"https:\/\/novice.si\/page\/#organization","name":"Novice.si","url":"https:\/\/novice.si\/page\/","logo":{"@type":"ImageObject","inLanguage":"sl-SI","@id":"https:\/\/novice.si\/page\/#\/schema\/logo\/image\/","url":"https:\/\/novice.si\/page\/wp-content\/uploads\/2023\/03\/novice_si.png","contentUrl":"https:\/\/novice.si\/page\/wp-content\/uploads\/2023\/03\/novice_si.png","width":576,"height":200,"caption":"Novice.si"},"image":{"@id":"https:\/\/novice.si\/page\/#\/schema\/logo\/image\/"}},{"@type":"Person","@id":"https:\/\/novice.si\/page\/#\/schema\/person\/57f25c9642a9541c7349c65d32032c3e","name":"Uredni\u0161tvo Celjana","image":{"@type":"ImageObject","inLanguage":"sl-SI","@id":"https:\/\/secure.gravatar.com\/avatar\/78e52bc4279b65f6df6345e0ef0f7b792d361361f230cf4ffecfe0afe6d5629c?s=96&d=mm&r=g","url":"https:\/\/secure.gravatar.com\/avatar\/78e52bc4279b65f6df6345e0ef0f7b792d361361f230cf4ffecfe0afe6d5629c?s=96&d=mm&r=g","contentUrl":"https:\/\/secure.gravatar.com\/avatar\/78e52bc4279b65f6df6345e0ef0f7b792d361361f230cf4ffecfe0afe6d5629c?s=96&d=mm&r=g","caption":"Uredni\u0161tvo Celjana"},"url":"https:\/\/novice.si\/page\/author\/primoz\/"}]}},"_links":{"self":[{"href":"https:\/\/novice.si\/page\/wp-json\/wp\/v2\/posts\/174006","targetHints":{"allow":["GET"]}}],"collection":[{"href":"https:\/\/novice.si\/page\/wp-json\/wp\/v2\/posts"}],"about":[{"href":"https:\/\/novice.si\/page\/wp-json\/wp\/v2\/types\/post"}],"author":[{"embeddable":true,"href":"https:\/\/novice.si\/page\/wp-json\/wp\/v2\/users\/33"}],"replies":[{"embeddable":true,"href":"https:\/\/novice.si\/page\/wp-json\/wp\/v2\/comments?post=174006"}],"version-history":[{"count":1,"href":"https:\/\/novice.si\/page\/wp-json\/wp\/v2\/posts\/174006\/revisions"}],"predecessor-version":[{"id":174010,"href":"https:\/\/novice.si\/page\/wp-json\/wp\/v2\/posts\/174006\/revisions\/174010"}],"wp:featuredmedia":[{"embeddable":true,"href":"https:\/\/novice.si\/page\/wp-json\/wp\/v2\/media\/174008"}],"wp:attachment":[{"href":"https:\/\/novice.si\/page\/wp-json\/wp\/v2\/media?parent=174006"}],"wp:term":[{"taxonomy":"category","embeddable":true,"href":"https:\/\/novice.si\/page\/wp-json\/wp\/v2\/categories?post=174006"},{"taxonomy":"post_tag","embeddable":true,"href":"https:\/\/novice.si\/page\/wp-json\/wp\/v2\/tags?post=174006"}],"curies":[{"name":"wp","href":"https:\/\/api.w.org\/{rel}","templated":true}]}}