{"id":173992,"date":"2024-04-23T11:23:37","date_gmt":"2024-04-23T09:23:37","guid":{"rendered":"https:\/\/novice.si\/page\/?p=173992"},"modified":"2024-04-23T11:23:37","modified_gmt":"2024-04-23T09:23:37","slug":"v-slovenskih-gorah-bodo-postavili-bivake-iz-odpadnih-plocevink","status":"publish","type":"post","link":"https:\/\/novice.si\/page\/v-slovenskih-gorah-bodo-postavili-bivake-iz-odpadnih-plocevink\/","title":{"rendered":"V slovenskih gorah bodo postavili\u00a0bivake\u00a0iz odpadnih plo\u010devink"},"content":{"rendered":"<p>Z v\u010deraj\u0161njim podpisom partnerske zveze se je uradno za\u010del projekt\u00a0<strong>Bivaki<\/strong>\u00a0za bele vrhove. V okviru projekta bodo Planinska zveza Slovenije in partnerji (med katerimi je tudi bistri\u0161ki Impol) v slovenskih gorah postavili tri\u00a0<strong>bivake<\/strong>\u00a0iz odpadnih plo\u010devink.<\/p>\n<p>Odpadne plo\u010devinke bodo zbirali prek posebnih rumenih zabojnikov, ki bodo name\u0161\u010deni po 16-ih lokacijah po dr\u017eavi. Ocenjujejo, da bodo v letu dni zbrali dovolj plo\u010devink za postavitev treh bivakov. Zanje potrebujejo okoli 1000 kilogramov aluminija, kar predstavlja okoli 200 tiso\u010d plo\u010devink. Prihodnje leto bo nato sledila predelava zbranih plo\u010devink v aluminijaste plo\u0161\u010de, junija pa se bo za\u010dela postavitev prvega bivaka. Ta bo postavljen za Akom nad Gozdom Martuljkom, je pojasnil predsednik Planinske zveze Slovenije <strong>Jo\u017ee Rovan.<\/strong> (Tam sicer \u017ee stoji Bivak 3 za Akom.) Lokaciji za preostala dva na\u010drtovana bivaka trenutno \u0161e nista znani.<\/p>\n<p>Osnovni namen projekta izhaja iz \u017eelje po obnovi bivakov, ki v slovenskih gorah stojijo \u017ee 80 oziroma 90 let, je pojasnil Rovan. \u00bbS tremi bivaki bomo pokrili trenutne potrebe in zelo vesel bom, \u010de se bo to \u010dez \u010das ponovilo, kajti imamo \u0161e nekaj to\u010dk, kjer bi bilo dobro postaviti bivake,\u00ab je dejal. Verjame, da bo ta naravovarstveni vidik toplo sprejet tudi pri obiskovalcih slovenskih gora.<\/p>\n<p>Pri projektu bodo z zbiranjem in predelavo odpadnih plo\u010devink med drugim sodelovala podjetja Pivovarna La\u0161ko Union, Slopak, Talum, Impol in KOV. Predstavniki partnerskih podjetij so prav na svetovni dan Zemlje podpisali posebno partnersko zavezo, s katero so se zavezali, da bodo z znanjem in mo\u010djo pomagali pri snovanju projekta Bivaki za bele vrhove.<\/p>\n\r\n                <style type=\"text\/css\">\r\n                    \r\n                    #tdi_1  .td-doubleSlider-2 .td-item1 {\r\n                        background: url(https:\/\/novice.si\/page\/wp-content\/uploads\/2024\/04\/1_2-1-80x60.jpg) 0 0 no-repeat;\r\n                    }\r\n                    #tdi_1  .td-doubleSlider-2 .td-item2 {\r\n                        background: url(https:\/\/novice.si\/page\/wp-content\/uploads\/2024\/04\/2_2-1-80x60.jpg) 0 0 no-repeat;\r\n                    }\r\n                    #tdi_1  .td-doubleSlider-2 .td-item3 {\r\n                        background: url(https:\/\/novice.si\/page\/wp-content\/uploads\/2024\/04\/3_2-1-80x60.jpg) 0 0 no-repeat;\r\n                    }\r\n                    #tdi_1  .td-doubleSlider-2 .td-item4 {\r\n                        background: url(https:\/\/novice.si\/page\/wp-content\/uploads\/2024\/04\/4_2-1-80x60.jpg) 0 0 no-repeat;\r\n                    }\r\n                <\/style>\r\n\r\n                <div id=\"tdi_1\" class=\"td-gallery td-slide-on-2-columns\">\r\n                    <div class=\"post_td_gallery\">\r\n                        <div class=\"td-gallery-slide-top\">\r\n                           <div class=\"td-gallery-title\"><\/div>\r\n\r\n                            <div class=\"td-gallery-controls-wrapper\">\r\n                                <div class=\"td-gallery-slide-count\"><span class=\"td-gallery-slide-item-focus\">1<\/span> od 4<\/div>\r\n                                <div class=\"td-gallery-slide-prev-next-but\">\r\n                                    <i class = \"td-icon-left doubleSliderPrevButton\"><\/i>\r\n                                    <i class = \"td-icon-right doubleSliderNextButton\"><\/i>\r\n                                <\/div>\r\n                            <\/div>\r\n                        <\/div>\r\n\r\n                        <div class = \"td-doubleSlider-1 \">\r\n                            <div class = \"td-slider\">\r\n                                \r\n                    <div class = \"td-slide-item td-item1\">\r\n                        <figure class=\"td-slide-galery-figure td-slide-popup-gallery\">\r\n                            <a class=\"slide-gallery-image-link\" href=\"https:\/\/novice.si\/page\/wp-content\/uploads\/2024\/04\/1_2-1.jpg\" title=\"1_2\"  data-caption=\"Zbrane plo\u010devinke bodo zbirali v posebnih rumenih zabojnikih. Nato bodo predelane v uporabni aluminij, ki bo glavni material za izdelavo treh novih bivakov. \"  data-description=\"\" data-gallery>\r\n                                <img decoding=\"async\" src=\"https:\/\/novice.si\/page\/wp-content\/uploads\/2024\/04\/1_2-1-547x420.jpg\" srcset=\"https:\/\/novice.si\/page\/wp-content\/uploads\/2024\/04\/1_2-1-547x420.jpg 547w, https:\/\/novice.si\/page\/wp-content\/uploads\/2024\/04\/1_2-1-600x461.jpg 600w, https:\/\/novice.si\/page\/wp-content\/uploads\/2024\/04\/1_2-1-768x589.jpg 768w, https:\/\/novice.si\/page\/wp-content\/uploads\/2024\/04\/1_2-1-696x534.jpg 696w, https:\/\/novice.si\/page\/wp-content\/uploads\/2024\/04\/1_2-1-80x60.jpg 80w, https:\/\/novice.si\/page\/wp-content\/uploads\/2024\/04\/1_2-1-24x18.jpg 24w, https:\/\/novice.si\/page\/wp-content\/uploads\/2024\/04\/1_2-1-36x28.jpg 36w, https:\/\/novice.si\/page\/wp-content\/uploads\/2024\/04\/1_2-1-48x37.jpg 48w, https:\/\/novice.si\/page\/wp-content\/uploads\/2024\/04\/1_2-1.jpg 912w\" sizes=\"(max-width: 547px) 100vw, 547px\" alt=\"\">\r\n                            <\/a>\r\n                            <figcaption class = \"td-slide-caption td-gallery-slide-content\"><div class = \"td-gallery-slide-copywrite\">Zbrane plo\u010devinke bodo zbirali v posebnih rumenih zabojnikih. Nato bodo predelane v uporabni aluminij, ki bo glavni material za izdelavo treh novih bivakov. <\/div><\/figcaption>\r\n                        <\/figure>\r\n                    <\/div>\r\n                    <div class = \"td-slide-item td-item2\">\r\n                        <figure class=\"td-slide-galery-figure td-slide-popup-gallery\">\r\n                            <a class=\"slide-gallery-image-link\" href=\"https:\/\/novice.si\/page\/wp-content\/uploads\/2024\/04\/2_2-1.jpg\" title=\"2_2\"  data-caption=\"\"  data-description=\"\" data-gallery>\r\n                                <img decoding=\"async\" src=\"https:\/\/novice.si\/page\/wp-content\/uploads\/2024\/04\/2_2-1-527x420.jpg\" srcset=\"https:\/\/novice.si\/page\/wp-content\/uploads\/2024\/04\/2_2-1-527x420.jpg 527w, https:\/\/novice.si\/page\/wp-content\/uploads\/2024\/04\/2_2-1-600x478.jpg 600w, https:\/\/novice.si\/page\/wp-content\/uploads\/2024\/04\/2_2-1-768x612.jpg 768w, https:\/\/novice.si\/page\/wp-content\/uploads\/2024\/04\/2_2-1-696x555.jpg 696w, https:\/\/novice.si\/page\/wp-content\/uploads\/2024\/04\/2_2-1-24x19.jpg 24w, https:\/\/novice.si\/page\/wp-content\/uploads\/2024\/04\/2_2-1-36x29.jpg 36w, https:\/\/novice.si\/page\/wp-content\/uploads\/2024\/04\/2_2-1-48x38.jpg 48w, https:\/\/novice.si\/page\/wp-content\/uploads\/2024\/04\/2_2-1.jpg 878w\" sizes=\"(max-width: 527px) 100vw, 527px\" alt=\"\">\r\n                            <\/a>\r\n                            \r\n                        <\/figure>\r\n                    <\/div>\r\n                    <div class = \"td-slide-item td-item3\">\r\n                        <figure class=\"td-slide-galery-figure td-slide-popup-gallery\">\r\n                            <a class=\"slide-gallery-image-link\" href=\"https:\/\/novice.si\/page\/wp-content\/uploads\/2024\/04\/3_2-1.jpg\" title=\"3_2\"  data-caption=\"\"  data-description=\"\" data-gallery>\r\n                                <img decoding=\"async\" src=\"https:\/\/novice.si\/page\/wp-content\/uploads\/2024\/04\/3_2-1-635x420.jpg\" srcset=\"https:\/\/novice.si\/page\/wp-content\/uploads\/2024\/04\/3_2-1-635x420.jpg 635w, https:\/\/novice.si\/page\/wp-content\/uploads\/2024\/04\/3_2-1-600x397.jpg 600w, https:\/\/novice.si\/page\/wp-content\/uploads\/2024\/04\/3_2-1-768x508.jpg 768w, https:\/\/novice.si\/page\/wp-content\/uploads\/2024\/04\/3_2-1-696x460.jpg 696w, https:\/\/novice.si\/page\/wp-content\/uploads\/2024\/04\/3_2-1-24x16.jpg 24w, https:\/\/novice.si\/page\/wp-content\/uploads\/2024\/04\/3_2-1-36x24.jpg 36w, https:\/\/novice.si\/page\/wp-content\/uploads\/2024\/04\/3_2-1-48x32.jpg 48w, https:\/\/novice.si\/page\/wp-content\/uploads\/2024\/04\/3_2-1.jpg 1000w\" sizes=\"(max-width: 635px) 100vw, 635px\" alt=\"\">\r\n                            <\/a>\r\n                            \r\n                        <\/figure>\r\n                    <\/div>\r\n                    <div class = \"td-slide-item td-item4\">\r\n                        <figure class=\"td-slide-galery-figure td-slide-popup-gallery\">\r\n                            <a class=\"slide-gallery-image-link\" href=\"https:\/\/novice.si\/page\/wp-content\/uploads\/2024\/04\/4_2-1.jpg\" title=\"4_2\"  data-caption=\"\"  data-description=\"\" data-gallery>\r\n                                <img decoding=\"async\" src=\"https:\/\/novice.si\/page\/wp-content\/uploads\/2024\/04\/4_2-1-624x420.jpg\" srcset=\"https:\/\/novice.si\/page\/wp-content\/uploads\/2024\/04\/4_2-1-624x420.jpg 624w, https:\/\/novice.si\/page\/wp-content\/uploads\/2024\/04\/4_2-1-600x404.jpg 600w, https:\/\/novice.si\/page\/wp-content\/uploads\/2024\/04\/4_2-1-768x517.jpg 768w, https:\/\/novice.si\/page\/wp-content\/uploads\/2024\/04\/4_2-1-696x468.jpg 696w, https:\/\/novice.si\/page\/wp-content\/uploads\/2024\/04\/4_2-1-24x16.jpg 24w, https:\/\/novice.si\/page\/wp-content\/uploads\/2024\/04\/4_2-1-36x24.jpg 36w, https:\/\/novice.si\/page\/wp-content\/uploads\/2024\/04\/4_2-1-48x32.jpg 48w, https:\/\/novice.si\/page\/wp-content\/uploads\/2024\/04\/4_2-1.jpg 1000w\" sizes=\"(max-width: 624px) 100vw, 624px\" alt=\"\">\r\n                            <\/a>\r\n                            \r\n                        <\/figure>\r\n                    <\/div>\r\n                            <\/div>\r\n                        <\/div>\r\n\r\n                        <div class = \"td-doubleSlider-2\">\r\n                            <div class = \"td-slider\">\r\n                                \r\n                    <div class = \"td-button td-item1\">\r\n                        <div class = \"td-border\"><\/div>\r\n                    <\/div>\r\n                    <div class = \"td-button td-item2\">\r\n                        <div class = \"td-border\"><\/div>\r\n                    <\/div>\r\n                    <div class = \"td-button td-item3\">\r\n                        <div class = \"td-border\"><\/div>\r\n                    <\/div>\r\n                    <div class = \"td-button td-item4\">\r\n                        <div class = \"td-border\"><\/div>\r\n                    <\/div>\r\n                            <\/div>\r\n                        <\/div>\r\n\r\n                    <\/div>\r\n\r\n                <\/div>\r\n                \n<p>\u00bbNa\u0161e okolje je zelo obremenjeno z odpadki, ki jih ustvarimo vedno ve\u010d; v Sloveniji smo v letu 2011 ustvarili pribli\u017eno 350 kg odpadkov na prebivalca, v 2021 pa kar pribli\u017eno 500 kg odpadkov na prebivalca!\u00ab je spomnil <strong>Franci Turk,<\/strong> vodja komercialnega sektorja v podjetju <strong>Slopak.<\/strong> \u00bb\u017dal prevelik del teh odpadkov kon\u010da v naravi, tudi v gorah. To pomeni veliko obremenitev za okolje, zato podpiramo projekt, ki bo prispeval k ozave\u0161\u010danju zmanj\u0161evanja odpadkov v naravi in slovenskih gorah.\u00ab<\/p>\n<p>Kak\u0161na pa je vloga bistri\u0161ke <strong>dru\u017ebe Impol<\/strong> v projektu?<\/p>\n<p>\u00bbVloga Impola v tem projektu je izdelati plo\u010devino, ki bo (po svojih mehanskih lastnostih in po korozijski obstojnosti) ustrezna za postavitev bivakov. In da bo pri sami izdelavi te plo\u010devine uporabljen \u010dim ve\u010dji dele\u017e teh recikliranih, uporabljenih plo\u010devink, ki jih v prvem delu projekta zbiramo pod okriljem Slopaka,\u00ab je pojasnil <strong>dr. Jakob Kraner,<\/strong> glavni razvojnik na projektu bivak.<\/p>\n<p>Projekt je del \u0161ir\u0161e iniciative okoljskih prizadevanj znamke La\u0161ko in planinske zveze s pojmovanjem Drobni koraki za bele vrhove, kjer si skupaj s projektnimi partnerji prizadevajo za ohranjanje gorskih habitatov in delujejo na podro\u010dju naravovarstva v slovenskih alpskih in predalpskih obmo\u010djih.<\/p>\n","protected":false},"excerpt":{"rendered":"<p>Z v\u010deraj\u0161njim podpisom partnerske zveze se je uradno za\u010del projekt\u00a0Bivaki\u00a0za bele vrhove. V okviru projekta bodo Planinska zveza Slovenije in partnerji (med katerimi je tudi bistri\u0161ki Impol) v slovenskih gorah postavili tri\u00a0bivake\u00a0iz odpadnih plo\u010devink. Odpadne plo\u010devinke bodo zbirali prek posebnih rumenih zabojnikov, ki bodo name\u0161\u010deni po 16-ih lokacijah po dr\u017eavi. Ocenjujejo, da bodo v letu [&hellip;]<\/p>\n","protected":false},"author":8,"featured_media":173996,"comment_status":"closed","ping_status":"closed","sticky":false,"template":"","format":"standard","meta":{"footnotes":""},"categories":[14,32],"tags":[20345,1836,3869,20347,20346],"class_list":{"0":"post-173992","1":"post","2":"type-post","3":"status-publish","4":"format-standard","5":"has-post-thumbnail","7":"category-aktualno","8":"category-bistrisko","9":"tag-bivak","10":"tag-impol","11":"tag-planinska-zveza-slovenije","12":"tag-plocevina","13":"tag-plocevinke"},"yoast_head":"<!-- This site is optimized with the Yoast SEO plugin v27.4 - https:\/\/yoast.com\/product\/yoast-seo-wordpress\/ -->\n<title>V slovenskih gorah bodo postavili\u00a0bivake\u00a0iz odpadnih plo\u010devink - Novice.si<\/title>\n<meta name=\"robots\" content=\"index, follow, max-snippet:-1, max-image-preview:large, max-video-preview:-1\" \/>\n<link rel=\"canonical\" href=\"https:\/\/novice.si\/page\/v-slovenskih-gorah-bodo-postavili-bivake-iz-odpadnih-plocevink\/\" \/>\n<meta property=\"og:locale\" content=\"sl_SI\" \/>\n<meta property=\"og:type\" content=\"article\" \/>\n<meta property=\"og:title\" content=\"V slovenskih gorah bodo postavili\u00a0bivake\u00a0iz odpadnih plo\u010devink - Novice.si\" \/>\n<meta property=\"og:description\" content=\"Z v\u010deraj\u0161njim podpisom partnerske zveze se je uradno za\u010del projekt\u00a0Bivaki\u00a0za bele vrhove. V okviru projekta bodo Planinska zveza Slovenije in partnerji (med katerimi je tudi bistri\u0161ki Impol) v slovenskih gorah postavili tri\u00a0bivake\u00a0iz odpadnih plo\u010devink. Odpadne plo\u010devinke bodo zbirali prek posebnih rumenih zabojnikov, ki bodo name\u0161\u010deni po 16-ih lokacijah po dr\u017eavi. Ocenjujejo, da bodo v letu [&hellip;]\" \/>\n<meta property=\"og:url\" content=\"https:\/\/novice.si\/page\/v-slovenskih-gorah-bodo-postavili-bivake-iz-odpadnih-plocevink\/\" \/>\n<meta property=\"og:site_name\" content=\"Novice.si\" \/>\n<meta property=\"article:published_time\" content=\"2024-04-23T09:23:37+00:00\" \/>\n<meta property=\"og:image\" content=\"https:\/\/novice.si\/page\/wp-content\/uploads\/2024\/04\/4_2-1.jpg\" \/>\n\t<meta property=\"og:image:width\" content=\"1000\" \/>\n\t<meta property=\"og:image:height\" content=\"673\" \/>\n\t<meta property=\"og:image:type\" content=\"image\/jpeg\" \/>\n<meta name=\"author\" content=\"Uredni\u0161tvo Bistri\u0161kih novic\" \/>\n<meta name=\"twitter:card\" content=\"summary_large_image\" \/>\n<meta name=\"twitter:label1\" content=\"Written by\" \/>\n\t<meta name=\"twitter:data1\" content=\"Uredni\u0161tvo Bistri\u0161kih novic\" \/>\n\t<meta name=\"twitter:label2\" content=\"Est. reading time\" \/>\n\t<meta name=\"twitter:data2\" content=\"3 minute\" \/>\n<script type=\"application\/ld+json\" class=\"yoast-schema-graph\">{\"@context\":\"https:\\\/\\\/schema.org\",\"@graph\":[{\"@type\":\"Article\",\"@id\":\"https:\\\/\\\/novice.si\\\/page\\\/v-slovenskih-gorah-bodo-postavili-bivake-iz-odpadnih-plocevink\\\/#article\",\"isPartOf\":{\"@id\":\"https:\\\/\\\/novice.si\\\/page\\\/v-slovenskih-gorah-bodo-postavili-bivake-iz-odpadnih-plocevink\\\/\"},\"author\":{\"name\":\"Uredni\u0161tvo Bistri\u0161kih novic\",\"@id\":\"https:\\\/\\\/novice.si\\\/page\\\/#\\\/schema\\\/person\\\/96b32396deedcde3f7f776c306b4be21\"},\"headline\":\"V slovenskih gorah bodo postavili\u00a0bivake\u00a0iz odpadnih plo\u010devink\",\"datePublished\":\"2024-04-23T09:23:37+00:00\",\"mainEntityOfPage\":{\"@id\":\"https:\\\/\\\/novice.si\\\/page\\\/v-slovenskih-gorah-bodo-postavili-bivake-iz-odpadnih-plocevink\\\/\"},\"wordCount\":484,\"publisher\":{\"@id\":\"https:\\\/\\\/novice.si\\\/page\\\/#organization\"},\"image\":{\"@id\":\"https:\\\/\\\/novice.si\\\/page\\\/v-slovenskih-gorah-bodo-postavili-bivake-iz-odpadnih-plocevink\\\/#primaryimage\"},\"thumbnailUrl\":\"https:\\\/\\\/novice.si\\\/page\\\/wp-content\\\/uploads\\\/2024\\\/04\\\/4_2-1.jpg\",\"keywords\":[\"bivak\",\"Impol\",\"Planinska zveza Slovenije\",\"plo\u010devina\",\"plo\u010devinke\"],\"articleSection\":[\"Aktualno\",\"Bistri\u0161ko\"],\"inLanguage\":\"sl-SI\"},{\"@type\":\"WebPage\",\"@id\":\"https:\\\/\\\/novice.si\\\/page\\\/v-slovenskih-gorah-bodo-postavili-bivake-iz-odpadnih-plocevink\\\/\",\"url\":\"https:\\\/\\\/novice.si\\\/page\\\/v-slovenskih-gorah-bodo-postavili-bivake-iz-odpadnih-plocevink\\\/\",\"name\":\"V slovenskih gorah bodo postavili\u00a0bivake\u00a0iz odpadnih plo\u010devink - Novice.si\",\"isPartOf\":{\"@id\":\"https:\\\/\\\/novice.si\\\/page\\\/#website\"},\"primaryImageOfPage\":{\"@id\":\"https:\\\/\\\/novice.si\\\/page\\\/v-slovenskih-gorah-bodo-postavili-bivake-iz-odpadnih-plocevink\\\/#primaryimage\"},\"image\":{\"@id\":\"https:\\\/\\\/novice.si\\\/page\\\/v-slovenskih-gorah-bodo-postavili-bivake-iz-odpadnih-plocevink\\\/#primaryimage\"},\"thumbnailUrl\":\"https:\\\/\\\/novice.si\\\/page\\\/wp-content\\\/uploads\\\/2024\\\/04\\\/4_2-1.jpg\",\"datePublished\":\"2024-04-23T09:23:37+00:00\",\"breadcrumb\":{\"@id\":\"https:\\\/\\\/novice.si\\\/page\\\/v-slovenskih-gorah-bodo-postavili-bivake-iz-odpadnih-plocevink\\\/#breadcrumb\"},\"inLanguage\":\"sl-SI\",\"potentialAction\":[{\"@type\":\"ReadAction\",\"target\":[\"https:\\\/\\\/novice.si\\\/page\\\/v-slovenskih-gorah-bodo-postavili-bivake-iz-odpadnih-plocevink\\\/\"]}]},{\"@type\":\"ImageObject\",\"inLanguage\":\"sl-SI\",\"@id\":\"https:\\\/\\\/novice.si\\\/page\\\/v-slovenskih-gorah-bodo-postavili-bivake-iz-odpadnih-plocevink\\\/#primaryimage\",\"url\":\"https:\\\/\\\/novice.si\\\/page\\\/wp-content\\\/uploads\\\/2024\\\/04\\\/4_2-1.jpg\",\"contentUrl\":\"https:\\\/\\\/novice.si\\\/page\\\/wp-content\\\/uploads\\\/2024\\\/04\\\/4_2-1.jpg\",\"width\":1000,\"height\":673},{\"@type\":\"BreadcrumbList\",\"@id\":\"https:\\\/\\\/novice.si\\\/page\\\/v-slovenskih-gorah-bodo-postavili-bivake-iz-odpadnih-plocevink\\\/#breadcrumb\",\"itemListElement\":[{\"@type\":\"ListItem\",\"position\":1,\"name\":\"Home\",\"item\":\"https:\\\/\\\/novice.si\\\/page\\\/\"},{\"@type\":\"ListItem\",\"position\":2,\"name\":\"V slovenskih gorah bodo postavili\u00a0bivake\u00a0iz odpadnih plo\u010devink\"}]},{\"@type\":\"WebSite\",\"@id\":\"https:\\\/\\\/novice.si\\\/page\\\/#website\",\"url\":\"https:\\\/\\\/novice.si\\\/page\\\/\",\"name\":\"Novice.si\",\"description\":\"\",\"publisher\":{\"@id\":\"https:\\\/\\\/novice.si\\\/page\\\/#organization\"},\"potentialAction\":[{\"@type\":\"SearchAction\",\"target\":{\"@type\":\"EntryPoint\",\"urlTemplate\":\"https:\\\/\\\/novice.si\\\/page\\\/?s={search_term_string}\"},\"query-input\":{\"@type\":\"PropertyValueSpecification\",\"valueRequired\":true,\"valueName\":\"search_term_string\"}}],\"inLanguage\":\"sl-SI\"},{\"@type\":\"Organization\",\"@id\":\"https:\\\/\\\/novice.si\\\/page\\\/#organization\",\"name\":\"Novice.si\",\"url\":\"https:\\\/\\\/novice.si\\\/page\\\/\",\"logo\":{\"@type\":\"ImageObject\",\"inLanguage\":\"sl-SI\",\"@id\":\"https:\\\/\\\/novice.si\\\/page\\\/#\\\/schema\\\/logo\\\/image\\\/\",\"url\":\"https:\\\/\\\/novice.si\\\/page\\\/wp-content\\\/uploads\\\/2023\\\/03\\\/novice_si.png\",\"contentUrl\":\"https:\\\/\\\/novice.si\\\/page\\\/wp-content\\\/uploads\\\/2023\\\/03\\\/novice_si.png\",\"width\":576,\"height\":200,\"caption\":\"Novice.si\"},\"image\":{\"@id\":\"https:\\\/\\\/novice.si\\\/page\\\/#\\\/schema\\\/logo\\\/image\\\/\"}},{\"@type\":\"Person\",\"@id\":\"https:\\\/\\\/novice.si\\\/page\\\/#\\\/schema\\\/person\\\/96b32396deedcde3f7f776c306b4be21\",\"name\":\"Uredni\u0161tvo Bistri\u0161kih novic\",\"image\":{\"@type\":\"ImageObject\",\"inLanguage\":\"sl-SI\",\"@id\":\"https:\\\/\\\/secure.gravatar.com\\\/avatar\\\/26c56c4b10cdb3a21e86442e5f2845a4eafdd0f3605def77ec6cff4aaef32ea4?s=96&d=mm&r=g\",\"url\":\"https:\\\/\\\/secure.gravatar.com\\\/avatar\\\/26c56c4b10cdb3a21e86442e5f2845a4eafdd0f3605def77ec6cff4aaef32ea4?s=96&d=mm&r=g\",\"contentUrl\":\"https:\\\/\\\/secure.gravatar.com\\\/avatar\\\/26c56c4b10cdb3a21e86442e5f2845a4eafdd0f3605def77ec6cff4aaef32ea4?s=96&d=mm&r=g\",\"caption\":\"Uredni\u0161tvo Bistri\u0161kih novic\"},\"url\":\"https:\\\/\\\/novice.si\\\/page\\\/author\\\/bojana\\\/\"}]}<\/script>\n<!-- \/ Yoast SEO plugin. -->","yoast_head_json":{"title":"V slovenskih gorah bodo postavili\u00a0bivake\u00a0iz odpadnih plo\u010devink - Novice.si","robots":{"index":"index","follow":"follow","max-snippet":"max-snippet:-1","max-image-preview":"max-image-preview:large","max-video-preview":"max-video-preview:-1"},"canonical":"https:\/\/novice.si\/page\/v-slovenskih-gorah-bodo-postavili-bivake-iz-odpadnih-plocevink\/","og_locale":"sl_SI","og_type":"article","og_title":"V slovenskih gorah bodo postavili\u00a0bivake\u00a0iz odpadnih plo\u010devink - Novice.si","og_description":"Z v\u010deraj\u0161njim podpisom partnerske zveze se je uradno za\u010del projekt\u00a0Bivaki\u00a0za bele vrhove. V okviru projekta bodo Planinska zveza Slovenije in partnerji (med katerimi je tudi bistri\u0161ki Impol) v slovenskih gorah postavili tri\u00a0bivake\u00a0iz odpadnih plo\u010devink. Odpadne plo\u010devinke bodo zbirali prek posebnih rumenih zabojnikov, ki bodo name\u0161\u010deni po 16-ih lokacijah po dr\u017eavi. Ocenjujejo, da bodo v letu [&hellip;]","og_url":"https:\/\/novice.si\/page\/v-slovenskih-gorah-bodo-postavili-bivake-iz-odpadnih-plocevink\/","og_site_name":"Novice.si","article_published_time":"2024-04-23T09:23:37+00:00","og_image":[{"width":1000,"height":673,"url":"https:\/\/novice.si\/page\/wp-content\/uploads\/2024\/04\/4_2-1.jpg","type":"image\/jpeg"}],"author":"Uredni\u0161tvo Bistri\u0161kih novic","twitter_card":"summary_large_image","twitter_misc":{"Written by":"Uredni\u0161tvo Bistri\u0161kih novic","Est. reading time":"3 minute"},"schema":{"@context":"https:\/\/schema.org","@graph":[{"@type":"Article","@id":"https:\/\/novice.si\/page\/v-slovenskih-gorah-bodo-postavili-bivake-iz-odpadnih-plocevink\/#article","isPartOf":{"@id":"https:\/\/novice.si\/page\/v-slovenskih-gorah-bodo-postavili-bivake-iz-odpadnih-plocevink\/"},"author":{"name":"Uredni\u0161tvo Bistri\u0161kih novic","@id":"https:\/\/novice.si\/page\/#\/schema\/person\/96b32396deedcde3f7f776c306b4be21"},"headline":"V slovenskih gorah bodo postavili\u00a0bivake\u00a0iz odpadnih plo\u010devink","datePublished":"2024-04-23T09:23:37+00:00","mainEntityOfPage":{"@id":"https:\/\/novice.si\/page\/v-slovenskih-gorah-bodo-postavili-bivake-iz-odpadnih-plocevink\/"},"wordCount":484,"publisher":{"@id":"https:\/\/novice.si\/page\/#organization"},"image":{"@id":"https:\/\/novice.si\/page\/v-slovenskih-gorah-bodo-postavili-bivake-iz-odpadnih-plocevink\/#primaryimage"},"thumbnailUrl":"https:\/\/novice.si\/page\/wp-content\/uploads\/2024\/04\/4_2-1.jpg","keywords":["bivak","Impol","Planinska zveza Slovenije","plo\u010devina","plo\u010devinke"],"articleSection":["Aktualno","Bistri\u0161ko"],"inLanguage":"sl-SI"},{"@type":"WebPage","@id":"https:\/\/novice.si\/page\/v-slovenskih-gorah-bodo-postavili-bivake-iz-odpadnih-plocevink\/","url":"https:\/\/novice.si\/page\/v-slovenskih-gorah-bodo-postavili-bivake-iz-odpadnih-plocevink\/","name":"V slovenskih gorah bodo postavili\u00a0bivake\u00a0iz odpadnih plo\u010devink - Novice.si","isPartOf":{"@id":"https:\/\/novice.si\/page\/#website"},"primaryImageOfPage":{"@id":"https:\/\/novice.si\/page\/v-slovenskih-gorah-bodo-postavili-bivake-iz-odpadnih-plocevink\/#primaryimage"},"image":{"@id":"https:\/\/novice.si\/page\/v-slovenskih-gorah-bodo-postavili-bivake-iz-odpadnih-plocevink\/#primaryimage"},"thumbnailUrl":"https:\/\/novice.si\/page\/wp-content\/uploads\/2024\/04\/4_2-1.jpg","datePublished":"2024-04-23T09:23:37+00:00","breadcrumb":{"@id":"https:\/\/novice.si\/page\/v-slovenskih-gorah-bodo-postavili-bivake-iz-odpadnih-plocevink\/#breadcrumb"},"inLanguage":"sl-SI","potentialAction":[{"@type":"ReadAction","target":["https:\/\/novice.si\/page\/v-slovenskih-gorah-bodo-postavili-bivake-iz-odpadnih-plocevink\/"]}]},{"@type":"ImageObject","inLanguage":"sl-SI","@id":"https:\/\/novice.si\/page\/v-slovenskih-gorah-bodo-postavili-bivake-iz-odpadnih-plocevink\/#primaryimage","url":"https:\/\/novice.si\/page\/wp-content\/uploads\/2024\/04\/4_2-1.jpg","contentUrl":"https:\/\/novice.si\/page\/wp-content\/uploads\/2024\/04\/4_2-1.jpg","width":1000,"height":673},{"@type":"BreadcrumbList","@id":"https:\/\/novice.si\/page\/v-slovenskih-gorah-bodo-postavili-bivake-iz-odpadnih-plocevink\/#breadcrumb","itemListElement":[{"@type":"ListItem","position":1,"name":"Home","item":"https:\/\/novice.si\/page\/"},{"@type":"ListItem","position":2,"name":"V slovenskih gorah bodo postavili\u00a0bivake\u00a0iz odpadnih plo\u010devink"}]},{"@type":"WebSite","@id":"https:\/\/novice.si\/page\/#website","url":"https:\/\/novice.si\/page\/","name":"Novice.si","description":"","publisher":{"@id":"https:\/\/novice.si\/page\/#organization"},"potentialAction":[{"@type":"SearchAction","target":{"@type":"EntryPoint","urlTemplate":"https:\/\/novice.si\/page\/?s={search_term_string}"},"query-input":{"@type":"PropertyValueSpecification","valueRequired":true,"valueName":"search_term_string"}}],"inLanguage":"sl-SI"},{"@type":"Organization","@id":"https:\/\/novice.si\/page\/#organization","name":"Novice.si","url":"https:\/\/novice.si\/page\/","logo":{"@type":"ImageObject","inLanguage":"sl-SI","@id":"https:\/\/novice.si\/page\/#\/schema\/logo\/image\/","url":"https:\/\/novice.si\/page\/wp-content\/uploads\/2023\/03\/novice_si.png","contentUrl":"https:\/\/novice.si\/page\/wp-content\/uploads\/2023\/03\/novice_si.png","width":576,"height":200,"caption":"Novice.si"},"image":{"@id":"https:\/\/novice.si\/page\/#\/schema\/logo\/image\/"}},{"@type":"Person","@id":"https:\/\/novice.si\/page\/#\/schema\/person\/96b32396deedcde3f7f776c306b4be21","name":"Uredni\u0161tvo Bistri\u0161kih novic","image":{"@type":"ImageObject","inLanguage":"sl-SI","@id":"https:\/\/secure.gravatar.com\/avatar\/26c56c4b10cdb3a21e86442e5f2845a4eafdd0f3605def77ec6cff4aaef32ea4?s=96&d=mm&r=g","url":"https:\/\/secure.gravatar.com\/avatar\/26c56c4b10cdb3a21e86442e5f2845a4eafdd0f3605def77ec6cff4aaef32ea4?s=96&d=mm&r=g","contentUrl":"https:\/\/secure.gravatar.com\/avatar\/26c56c4b10cdb3a21e86442e5f2845a4eafdd0f3605def77ec6cff4aaef32ea4?s=96&d=mm&r=g","caption":"Uredni\u0161tvo Bistri\u0161kih novic"},"url":"https:\/\/novice.si\/page\/author\/bojana\/"}]}},"_links":{"self":[{"href":"https:\/\/novice.si\/page\/wp-json\/wp\/v2\/posts\/173992","targetHints":{"allow":["GET"]}}],"collection":[{"href":"https:\/\/novice.si\/page\/wp-json\/wp\/v2\/posts"}],"about":[{"href":"https:\/\/novice.si\/page\/wp-json\/wp\/v2\/types\/post"}],"author":[{"embeddable":true,"href":"https:\/\/novice.si\/page\/wp-json\/wp\/v2\/users\/8"}],"replies":[{"embeddable":true,"href":"https:\/\/novice.si\/page\/wp-json\/wp\/v2\/comments?post=173992"}],"version-history":[{"count":1,"href":"https:\/\/novice.si\/page\/wp-json\/wp\/v2\/posts\/173992\/revisions"}],"predecessor-version":[{"id":173997,"href":"https:\/\/novice.si\/page\/wp-json\/wp\/v2\/posts\/173992\/revisions\/173997"}],"wp:featuredmedia":[{"embeddable":true,"href":"https:\/\/novice.si\/page\/wp-json\/wp\/v2\/media\/173996"}],"wp:attachment":[{"href":"https:\/\/novice.si\/page\/wp-json\/wp\/v2\/media?parent=173992"}],"wp:term":[{"taxonomy":"category","embeddable":true,"href":"https:\/\/novice.si\/page\/wp-json\/wp\/v2\/categories?post=173992"},{"taxonomy":"post_tag","embeddable":true,"href":"https:\/\/novice.si\/page\/wp-json\/wp\/v2\/tags?post=173992"}],"curies":[{"name":"wp","href":"https:\/\/api.w.org\/{rel}","templated":true}]}}