{"id":173952,"date":"2024-04-23T08:08:48","date_gmt":"2024-04-23T06:08:48","guid":{"rendered":"https:\/\/novice.si\/page\/?p=173952"},"modified":"2024-04-22T12:26:37","modified_gmt":"2024-04-22T10:26:37","slug":"dopoldne-vseslovensko-petje-s-srci","status":"publish","type":"post","link":"https:\/\/novice.si\/page\/dopoldne-vseslovensko-petje-s-srci\/","title":{"rendered":"Dopoldne VSESLOVENSKO PETJE S SRCI"},"content":{"rendered":"<p>Naj vas ne preseneti, \u010de bo dopoldne med 10. in 11. uro kdo v va\u0161i bli\u017eini zapel. Kar pridru\u017eite se. Danes je namre\u010d Jurjevo. Dan, ko je pred sedmimi leti na pobudo Matee Bre\u010dko iz Slovenske Bistrice o\u017eivela pobuda Vseslovensko petje s srci. Da bi tudi Slovenci imeli svoj praznik, s katerim bi obele\u017eili svoj obstoj, tradicijo, kulturo, jezik.<\/p>\n<p>Po tradiciji Zeleni Jurij nosi zeleno vejico po hi\u0161ah za obilje in zdravje. Moto pobude \u00bbVseslovenskega petja s srci\u00ab pa je, da si obilje in zdravje sami prikli\u010demo v svoj dom s pesmijo. Pojemo lahko povsod; doma, na sprehodu, v slu\u017ebi, \u0161oli, vrtcu, kjer koli.<\/p>\n<p>Pozabite torej za nekaj minut na te\u017eave. Strnite misel na dobro, sre\u010do, mir, ljubezen, svobodo. \u00bbDokler se bo na na\u0161ih tleh pela slovenska pesem, tako dolgo bo obstajal na\u0161 rod,\u00ab dodaja Matea Bre\u010dko. \u00bbSkupno prepevanje prispeva k pove\u010danju energije, nas pove\u017ee v enotno zvo\u010dno celoto. To so vedeli \u017ee na\u0161i predniki, ki so ob delu vsakodnevno prepevali. Sodobni svet nas je od te prvobitnosti odtujil in osamil.\u00ab<\/p>\n<p><img loading=\"lazy\" decoding=\"async\" class=\"alignnone size-medium wp-image-173953\" src=\"https:\/\/novice.si\/page\/wp-content\/uploads\/2024\/04\/petje-4-sola-1_2-600x337.jpg\" alt=\"\" width=\"600\" height=\"337\" srcset=\"https:\/\/novice.si\/page\/wp-content\/uploads\/2024\/04\/petje-4-sola-1_2-600x337.jpg 600w, https:\/\/novice.si\/page\/wp-content\/uploads\/2024\/04\/petje-4-sola-1_2-768x432.jpg 768w, https:\/\/novice.si\/page\/wp-content\/uploads\/2024\/04\/petje-4-sola-1_2-696x391.jpg 696w, https:\/\/novice.si\/page\/wp-content\/uploads\/2024\/04\/petje-4-sola-1_2-747x420.jpg 747w, https:\/\/novice.si\/page\/wp-content\/uploads\/2024\/04\/petje-4-sola-1_2-24x13.jpg 24w, https:\/\/novice.si\/page\/wp-content\/uploads\/2024\/04\/petje-4-sola-1_2-36x20.jpg 36w, https:\/\/novice.si\/page\/wp-content\/uploads\/2024\/04\/petje-4-sola-1_2-48x27.jpg 48w, https:\/\/novice.si\/page\/wp-content\/uploads\/2024\/04\/petje-4-sola-1_2.jpg 1000w\" sizes=\"auto, (max-width: 600px) 100vw, 600px\" \/><\/p>\n","protected":false},"excerpt":{"rendered":"<p>Naj vas ne preseneti, \u010de bo dopoldne med 10. in 11. uro kdo v va\u0161i bli\u017eini zapel. Kar pridru\u017eite se. Danes je namre\u010d Jurjevo. Dan, ko je pred sedmimi leti na pobudo Matee Bre\u010dko iz Slovenske Bistrice o\u017eivela pobuda Vseslovensko petje s srci. Da bi tudi Slovenci imeli svoj praznik, s katerim bi obele\u017eili svoj [&hellip;]<\/p>\n","protected":false},"author":8,"featured_media":173953,"comment_status":"closed","ping_status":"closed","sticky":false,"template":"","format":"standard","meta":{"footnotes":""},"categories":[14,32],"tags":[20338,12250,20339,12251,12249],"class_list":{"0":"post-173952","1":"post","2":"type-post","3":"status-publish","4":"format-standard","5":"has-post-thumbnail","7":"category-aktualno","8":"category-bistrisko","9":"tag-jurjevo","10":"tag-matea-brecko","11":"tag-prepevanje","12":"tag-slovenci","13":"tag-vseslovensko-petje-s-srci"},"yoast_head":"<!-- This site is optimized with the Yoast SEO plugin v27.4 - https:\/\/yoast.com\/product\/yoast-seo-wordpress\/ -->\n<title>Dopoldne VSESLOVENSKO PETJE S SRCI - Novice.si<\/title>\n<meta name=\"robots\" content=\"index, follow, max-snippet:-1, max-image-preview:large, max-video-preview:-1\" \/>\n<link rel=\"canonical\" href=\"https:\/\/novice.si\/page\/dopoldne-vseslovensko-petje-s-srci\/\" \/>\n<meta property=\"og:locale\" content=\"sl_SI\" \/>\n<meta property=\"og:type\" content=\"article\" \/>\n<meta property=\"og:title\" content=\"Dopoldne VSESLOVENSKO PETJE S SRCI - Novice.si\" \/>\n<meta property=\"og:description\" content=\"Naj vas ne preseneti, \u010de bo dopoldne med 10. in 11. uro kdo v va\u0161i bli\u017eini zapel. Kar pridru\u017eite se. Danes je namre\u010d Jurjevo. Dan, ko je pred sedmimi leti na pobudo Matee Bre\u010dko iz Slovenske Bistrice o\u017eivela pobuda Vseslovensko petje s srci. Da bi tudi Slovenci imeli svoj praznik, s katerim bi obele\u017eili svoj [&hellip;]\" \/>\n<meta property=\"og:url\" content=\"https:\/\/novice.si\/page\/dopoldne-vseslovensko-petje-s-srci\/\" \/>\n<meta property=\"og:site_name\" content=\"Novice.si\" \/>\n<meta property=\"article:published_time\" content=\"2024-04-23T06:08:48+00:00\" \/>\n<meta property=\"og:image\" content=\"https:\/\/novice.si\/page\/wp-content\/uploads\/2024\/04\/petje-4-sola-1_2.jpg\" \/>\n\t<meta property=\"og:image:width\" content=\"1000\" \/>\n\t<meta property=\"og:image:height\" content=\"562\" \/>\n\t<meta property=\"og:image:type\" content=\"image\/jpeg\" \/>\n<meta name=\"author\" content=\"Uredni\u0161tvo Bistri\u0161kih novic\" \/>\n<meta name=\"twitter:card\" content=\"summary_large_image\" \/>\n<meta name=\"twitter:label1\" content=\"Written by\" \/>\n\t<meta name=\"twitter:data1\" content=\"Uredni\u0161tvo Bistri\u0161kih novic\" \/>\n\t<meta name=\"twitter:label2\" content=\"Est. reading time\" \/>\n\t<meta name=\"twitter:data2\" content=\"2 minuti\" \/>\n<script type=\"application\/ld+json\" class=\"yoast-schema-graph\">{\"@context\":\"https:\\\/\\\/schema.org\",\"@graph\":[{\"@type\":\"Article\",\"@id\":\"https:\\\/\\\/novice.si\\\/page\\\/dopoldne-vseslovensko-petje-s-srci\\\/#article\",\"isPartOf\":{\"@id\":\"https:\\\/\\\/novice.si\\\/page\\\/dopoldne-vseslovensko-petje-s-srci\\\/\"},\"author\":{\"name\":\"Uredni\u0161tvo Bistri\u0161kih novic\",\"@id\":\"https:\\\/\\\/novice.si\\\/page\\\/#\\\/schema\\\/person\\\/96b32396deedcde3f7f776c306b4be21\"},\"headline\":\"Dopoldne VSESLOVENSKO PETJE S SRCI\",\"datePublished\":\"2024-04-23T06:08:48+00:00\",\"mainEntityOfPage\":{\"@id\":\"https:\\\/\\\/novice.si\\\/page\\\/dopoldne-vseslovensko-petje-s-srci\\\/\"},\"wordCount\":191,\"publisher\":{\"@id\":\"https:\\\/\\\/novice.si\\\/page\\\/#organization\"},\"image\":{\"@id\":\"https:\\\/\\\/novice.si\\\/page\\\/dopoldne-vseslovensko-petje-s-srci\\\/#primaryimage\"},\"thumbnailUrl\":\"https:\\\/\\\/novice.si\\\/page\\\/wp-content\\\/uploads\\\/2024\\\/04\\\/petje-4-sola-1_2.jpg\",\"keywords\":[\"jurjevo\",\"Matea Bre\u010dko\",\"prepevanje\",\"Slovenci\",\"Vseslovensko petje s srci\"],\"articleSection\":[\"Aktualno\",\"Bistri\u0161ko\"],\"inLanguage\":\"sl-SI\"},{\"@type\":\"WebPage\",\"@id\":\"https:\\\/\\\/novice.si\\\/page\\\/dopoldne-vseslovensko-petje-s-srci\\\/\",\"url\":\"https:\\\/\\\/novice.si\\\/page\\\/dopoldne-vseslovensko-petje-s-srci\\\/\",\"name\":\"Dopoldne VSESLOVENSKO PETJE S SRCI - Novice.si\",\"isPartOf\":{\"@id\":\"https:\\\/\\\/novice.si\\\/page\\\/#website\"},\"primaryImageOfPage\":{\"@id\":\"https:\\\/\\\/novice.si\\\/page\\\/dopoldne-vseslovensko-petje-s-srci\\\/#primaryimage\"},\"image\":{\"@id\":\"https:\\\/\\\/novice.si\\\/page\\\/dopoldne-vseslovensko-petje-s-srci\\\/#primaryimage\"},\"thumbnailUrl\":\"https:\\\/\\\/novice.si\\\/page\\\/wp-content\\\/uploads\\\/2024\\\/04\\\/petje-4-sola-1_2.jpg\",\"datePublished\":\"2024-04-23T06:08:48+00:00\",\"breadcrumb\":{\"@id\":\"https:\\\/\\\/novice.si\\\/page\\\/dopoldne-vseslovensko-petje-s-srci\\\/#breadcrumb\"},\"inLanguage\":\"sl-SI\",\"potentialAction\":[{\"@type\":\"ReadAction\",\"target\":[\"https:\\\/\\\/novice.si\\\/page\\\/dopoldne-vseslovensko-petje-s-srci\\\/\"]}]},{\"@type\":\"ImageObject\",\"inLanguage\":\"sl-SI\",\"@id\":\"https:\\\/\\\/novice.si\\\/page\\\/dopoldne-vseslovensko-petje-s-srci\\\/#primaryimage\",\"url\":\"https:\\\/\\\/novice.si\\\/page\\\/wp-content\\\/uploads\\\/2024\\\/04\\\/petje-4-sola-1_2.jpg\",\"contentUrl\":\"https:\\\/\\\/novice.si\\\/page\\\/wp-content\\\/uploads\\\/2024\\\/04\\\/petje-4-sola-1_2.jpg\",\"width\":1000,\"height\":562},{\"@type\":\"BreadcrumbList\",\"@id\":\"https:\\\/\\\/novice.si\\\/page\\\/dopoldne-vseslovensko-petje-s-srci\\\/#breadcrumb\",\"itemListElement\":[{\"@type\":\"ListItem\",\"position\":1,\"name\":\"Home\",\"item\":\"https:\\\/\\\/novice.si\\\/page\\\/\"},{\"@type\":\"ListItem\",\"position\":2,\"name\":\"Dopoldne VSESLOVENSKO PETJE S SRCI\"}]},{\"@type\":\"WebSite\",\"@id\":\"https:\\\/\\\/novice.si\\\/page\\\/#website\",\"url\":\"https:\\\/\\\/novice.si\\\/page\\\/\",\"name\":\"Novice.si\",\"description\":\"\",\"publisher\":{\"@id\":\"https:\\\/\\\/novice.si\\\/page\\\/#organization\"},\"potentialAction\":[{\"@type\":\"SearchAction\",\"target\":{\"@type\":\"EntryPoint\",\"urlTemplate\":\"https:\\\/\\\/novice.si\\\/page\\\/?s={search_term_string}\"},\"query-input\":{\"@type\":\"PropertyValueSpecification\",\"valueRequired\":true,\"valueName\":\"search_term_string\"}}],\"inLanguage\":\"sl-SI\"},{\"@type\":\"Organization\",\"@id\":\"https:\\\/\\\/novice.si\\\/page\\\/#organization\",\"name\":\"Novice.si\",\"url\":\"https:\\\/\\\/novice.si\\\/page\\\/\",\"logo\":{\"@type\":\"ImageObject\",\"inLanguage\":\"sl-SI\",\"@id\":\"https:\\\/\\\/novice.si\\\/page\\\/#\\\/schema\\\/logo\\\/image\\\/\",\"url\":\"https:\\\/\\\/novice.si\\\/page\\\/wp-content\\\/uploads\\\/2023\\\/03\\\/novice_si.png\",\"contentUrl\":\"https:\\\/\\\/novice.si\\\/page\\\/wp-content\\\/uploads\\\/2023\\\/03\\\/novice_si.png\",\"width\":576,\"height\":200,\"caption\":\"Novice.si\"},\"image\":{\"@id\":\"https:\\\/\\\/novice.si\\\/page\\\/#\\\/schema\\\/logo\\\/image\\\/\"}},{\"@type\":\"Person\",\"@id\":\"https:\\\/\\\/novice.si\\\/page\\\/#\\\/schema\\\/person\\\/96b32396deedcde3f7f776c306b4be21\",\"name\":\"Uredni\u0161tvo Bistri\u0161kih novic\",\"image\":{\"@type\":\"ImageObject\",\"inLanguage\":\"sl-SI\",\"@id\":\"https:\\\/\\\/secure.gravatar.com\\\/avatar\\\/26c56c4b10cdb3a21e86442e5f2845a4eafdd0f3605def77ec6cff4aaef32ea4?s=96&d=mm&r=g\",\"url\":\"https:\\\/\\\/secure.gravatar.com\\\/avatar\\\/26c56c4b10cdb3a21e86442e5f2845a4eafdd0f3605def77ec6cff4aaef32ea4?s=96&d=mm&r=g\",\"contentUrl\":\"https:\\\/\\\/secure.gravatar.com\\\/avatar\\\/26c56c4b10cdb3a21e86442e5f2845a4eafdd0f3605def77ec6cff4aaef32ea4?s=96&d=mm&r=g\",\"caption\":\"Uredni\u0161tvo Bistri\u0161kih novic\"},\"url\":\"https:\\\/\\\/novice.si\\\/page\\\/author\\\/bojana\\\/\"}]}<\/script>\n<!-- \/ Yoast SEO plugin. -->","yoast_head_json":{"title":"Dopoldne VSESLOVENSKO PETJE S SRCI - Novice.si","robots":{"index":"index","follow":"follow","max-snippet":"max-snippet:-1","max-image-preview":"max-image-preview:large","max-video-preview":"max-video-preview:-1"},"canonical":"https:\/\/novice.si\/page\/dopoldne-vseslovensko-petje-s-srci\/","og_locale":"sl_SI","og_type":"article","og_title":"Dopoldne VSESLOVENSKO PETJE S SRCI - Novice.si","og_description":"Naj vas ne preseneti, \u010de bo dopoldne med 10. in 11. uro kdo v va\u0161i bli\u017eini zapel. Kar pridru\u017eite se. Danes je namre\u010d Jurjevo. Dan, ko je pred sedmimi leti na pobudo Matee Bre\u010dko iz Slovenske Bistrice o\u017eivela pobuda Vseslovensko petje s srci. Da bi tudi Slovenci imeli svoj praznik, s katerim bi obele\u017eili svoj [&hellip;]","og_url":"https:\/\/novice.si\/page\/dopoldne-vseslovensko-petje-s-srci\/","og_site_name":"Novice.si","article_published_time":"2024-04-23T06:08:48+00:00","og_image":[{"width":1000,"height":562,"url":"https:\/\/novice.si\/page\/wp-content\/uploads\/2024\/04\/petje-4-sola-1_2.jpg","type":"image\/jpeg"}],"author":"Uredni\u0161tvo Bistri\u0161kih novic","twitter_card":"summary_large_image","twitter_misc":{"Written by":"Uredni\u0161tvo Bistri\u0161kih novic","Est. reading time":"2 minuti"},"schema":{"@context":"https:\/\/schema.org","@graph":[{"@type":"Article","@id":"https:\/\/novice.si\/page\/dopoldne-vseslovensko-petje-s-srci\/#article","isPartOf":{"@id":"https:\/\/novice.si\/page\/dopoldne-vseslovensko-petje-s-srci\/"},"author":{"name":"Uredni\u0161tvo Bistri\u0161kih novic","@id":"https:\/\/novice.si\/page\/#\/schema\/person\/96b32396deedcde3f7f776c306b4be21"},"headline":"Dopoldne VSESLOVENSKO PETJE S SRCI","datePublished":"2024-04-23T06:08:48+00:00","mainEntityOfPage":{"@id":"https:\/\/novice.si\/page\/dopoldne-vseslovensko-petje-s-srci\/"},"wordCount":191,"publisher":{"@id":"https:\/\/novice.si\/page\/#organization"},"image":{"@id":"https:\/\/novice.si\/page\/dopoldne-vseslovensko-petje-s-srci\/#primaryimage"},"thumbnailUrl":"https:\/\/novice.si\/page\/wp-content\/uploads\/2024\/04\/petje-4-sola-1_2.jpg","keywords":["jurjevo","Matea Bre\u010dko","prepevanje","Slovenci","Vseslovensko petje s srci"],"articleSection":["Aktualno","Bistri\u0161ko"],"inLanguage":"sl-SI"},{"@type":"WebPage","@id":"https:\/\/novice.si\/page\/dopoldne-vseslovensko-petje-s-srci\/","url":"https:\/\/novice.si\/page\/dopoldne-vseslovensko-petje-s-srci\/","name":"Dopoldne VSESLOVENSKO PETJE S SRCI - Novice.si","isPartOf":{"@id":"https:\/\/novice.si\/page\/#website"},"primaryImageOfPage":{"@id":"https:\/\/novice.si\/page\/dopoldne-vseslovensko-petje-s-srci\/#primaryimage"},"image":{"@id":"https:\/\/novice.si\/page\/dopoldne-vseslovensko-petje-s-srci\/#primaryimage"},"thumbnailUrl":"https:\/\/novice.si\/page\/wp-content\/uploads\/2024\/04\/petje-4-sola-1_2.jpg","datePublished":"2024-04-23T06:08:48+00:00","breadcrumb":{"@id":"https:\/\/novice.si\/page\/dopoldne-vseslovensko-petje-s-srci\/#breadcrumb"},"inLanguage":"sl-SI","potentialAction":[{"@type":"ReadAction","target":["https:\/\/novice.si\/page\/dopoldne-vseslovensko-petje-s-srci\/"]}]},{"@type":"ImageObject","inLanguage":"sl-SI","@id":"https:\/\/novice.si\/page\/dopoldne-vseslovensko-petje-s-srci\/#primaryimage","url":"https:\/\/novice.si\/page\/wp-content\/uploads\/2024\/04\/petje-4-sola-1_2.jpg","contentUrl":"https:\/\/novice.si\/page\/wp-content\/uploads\/2024\/04\/petje-4-sola-1_2.jpg","width":1000,"height":562},{"@type":"BreadcrumbList","@id":"https:\/\/novice.si\/page\/dopoldne-vseslovensko-petje-s-srci\/#breadcrumb","itemListElement":[{"@type":"ListItem","position":1,"name":"Home","item":"https:\/\/novice.si\/page\/"},{"@type":"ListItem","position":2,"name":"Dopoldne VSESLOVENSKO PETJE S SRCI"}]},{"@type":"WebSite","@id":"https:\/\/novice.si\/page\/#website","url":"https:\/\/novice.si\/page\/","name":"Novice.si","description":"","publisher":{"@id":"https:\/\/novice.si\/page\/#organization"},"potentialAction":[{"@type":"SearchAction","target":{"@type":"EntryPoint","urlTemplate":"https:\/\/novice.si\/page\/?s={search_term_string}"},"query-input":{"@type":"PropertyValueSpecification","valueRequired":true,"valueName":"search_term_string"}}],"inLanguage":"sl-SI"},{"@type":"Organization","@id":"https:\/\/novice.si\/page\/#organization","name":"Novice.si","url":"https:\/\/novice.si\/page\/","logo":{"@type":"ImageObject","inLanguage":"sl-SI","@id":"https:\/\/novice.si\/page\/#\/schema\/logo\/image\/","url":"https:\/\/novice.si\/page\/wp-content\/uploads\/2023\/03\/novice_si.png","contentUrl":"https:\/\/novice.si\/page\/wp-content\/uploads\/2023\/03\/novice_si.png","width":576,"height":200,"caption":"Novice.si"},"image":{"@id":"https:\/\/novice.si\/page\/#\/schema\/logo\/image\/"}},{"@type":"Person","@id":"https:\/\/novice.si\/page\/#\/schema\/person\/96b32396deedcde3f7f776c306b4be21","name":"Uredni\u0161tvo Bistri\u0161kih novic","image":{"@type":"ImageObject","inLanguage":"sl-SI","@id":"https:\/\/secure.gravatar.com\/avatar\/26c56c4b10cdb3a21e86442e5f2845a4eafdd0f3605def77ec6cff4aaef32ea4?s=96&d=mm&r=g","url":"https:\/\/secure.gravatar.com\/avatar\/26c56c4b10cdb3a21e86442e5f2845a4eafdd0f3605def77ec6cff4aaef32ea4?s=96&d=mm&r=g","contentUrl":"https:\/\/secure.gravatar.com\/avatar\/26c56c4b10cdb3a21e86442e5f2845a4eafdd0f3605def77ec6cff4aaef32ea4?s=96&d=mm&r=g","caption":"Uredni\u0161tvo Bistri\u0161kih novic"},"url":"https:\/\/novice.si\/page\/author\/bojana\/"}]}},"_links":{"self":[{"href":"https:\/\/novice.si\/page\/wp-json\/wp\/v2\/posts\/173952","targetHints":{"allow":["GET"]}}],"collection":[{"href":"https:\/\/novice.si\/page\/wp-json\/wp\/v2\/posts"}],"about":[{"href":"https:\/\/novice.si\/page\/wp-json\/wp\/v2\/types\/post"}],"author":[{"embeddable":true,"href":"https:\/\/novice.si\/page\/wp-json\/wp\/v2\/users\/8"}],"replies":[{"embeddable":true,"href":"https:\/\/novice.si\/page\/wp-json\/wp\/v2\/comments?post=173952"}],"version-history":[{"count":1,"href":"https:\/\/novice.si\/page\/wp-json\/wp\/v2\/posts\/173952\/revisions"}],"predecessor-version":[{"id":173954,"href":"https:\/\/novice.si\/page\/wp-json\/wp\/v2\/posts\/173952\/revisions\/173954"}],"wp:featuredmedia":[{"embeddable":true,"href":"https:\/\/novice.si\/page\/wp-json\/wp\/v2\/media\/173953"}],"wp:attachment":[{"href":"https:\/\/novice.si\/page\/wp-json\/wp\/v2\/media?parent=173952"}],"wp:term":[{"taxonomy":"category","embeddable":true,"href":"https:\/\/novice.si\/page\/wp-json\/wp\/v2\/categories?post=173952"},{"taxonomy":"post_tag","embeddable":true,"href":"https:\/\/novice.si\/page\/wp-json\/wp\/v2\/tags?post=173952"}],"curies":[{"name":"wp","href":"https:\/\/api.w.org\/{rel}","templated":true}]}}