{"id":173313,"date":"2024-04-04T11:41:36","date_gmt":"2024-04-04T09:41:36","guid":{"rendered":"https:\/\/novice.si\/page\/?p=173313"},"modified":"2024-04-03T21:43:56","modified_gmt":"2024-04-03T19:43:56","slug":"v-celju-zakljucili-37-roseve-dneve","status":"publish","type":"post","link":"https:\/\/novice.si\/page\/v-celju-zakljucili-37-roseve-dneve\/","title":{"rendered":"V Celju zaklju\u010dili 37. Ro\u0161eve dneve"},"content":{"rendered":"\r\n                <style type=\"text\/css\">\r\n                    \r\n                    #tdi_1  .td-doubleSlider-2 .td-item1 {\r\n                        background: url(https:\/\/novice.si\/page\/wp-content\/uploads\/2024\/04\/IMG_7917-80x60.jpg) 0 0 no-repeat;\r\n                    }\r\n                    #tdi_1  .td-doubleSlider-2 .td-item2 {\r\n                        background: url(https:\/\/novice.si\/page\/wp-content\/uploads\/2024\/04\/IMG_7938-80x60.jpg) 0 0 no-repeat;\r\n                    }\r\n                    #tdi_1  .td-doubleSlider-2 .td-item3 {\r\n                        background: url(https:\/\/novice.si\/page\/wp-content\/uploads\/2024\/04\/IMG_7937-80x60.jpg) 0 0 no-repeat;\r\n                    }\r\n                    #tdi_1  .td-doubleSlider-2 .td-item4 {\r\n                        background: url(https:\/\/novice.si\/page\/wp-content\/uploads\/2024\/04\/IMG_7925-80x60.jpg) 0 0 no-repeat;\r\n                    }\r\n                    #tdi_1  .td-doubleSlider-2 .td-item5 {\r\n                        background: url(https:\/\/novice.si\/page\/wp-content\/uploads\/2024\/04\/IMG_7914-80x60.jpg) 0 0 no-repeat;\r\n                    }\r\n                <\/style>\r\n\r\n                <div id=\"tdi_1\" class=\"td-gallery td-slide-on-2-columns\">\r\n                    <div class=\"post_td_gallery\">\r\n                        <div class=\"td-gallery-slide-top\">\r\n                           <div class=\"td-gallery-title\">37. Ro\u0161evi dnevi - Foto Dejan Petrovi\u010d<\/div>\r\n\r\n                            <div class=\"td-gallery-controls-wrapper\">\r\n                                <div class=\"td-gallery-slide-count\"><span class=\"td-gallery-slide-item-focus\">1<\/span> od 5<\/div>\r\n                                <div class=\"td-gallery-slide-prev-next-but\">\r\n                                    <i class = \"td-icon-left doubleSliderPrevButton\"><\/i>\r\n                                    <i class = \"td-icon-right doubleSliderNextButton\"><\/i>\r\n                                <\/div>\r\n                            <\/div>\r\n                        <\/div>\r\n\r\n                        <div class = \"td-doubleSlider-1 \">\r\n                            <div class = \"td-slider\">\r\n                                \r\n                    <div class = \"td-slide-item td-item1\">\r\n                        <figure class=\"td-slide-galery-figure td-slide-popup-gallery\">\r\n                            <a class=\"slide-gallery-image-link\" href=\"https:\/\/novice.si\/page\/wp-content\/uploads\/2024\/04\/IMG_7917.jpg\" title=\"IMG_7917\"  data-caption=\"\"  data-description=\"\" data-gallery>\r\n                                <img decoding=\"async\" src=\"https:\/\/novice.si\/page\/wp-content\/uploads\/2024\/04\/IMG_7917-630x420.jpg\" srcset=\"https:\/\/novice.si\/page\/wp-content\/uploads\/2024\/04\/IMG_7917-630x420.jpg 630w, https:\/\/novice.si\/page\/wp-content\/uploads\/2024\/04\/IMG_7917-600x400.jpg 600w, https:\/\/novice.si\/page\/wp-content\/uploads\/2024\/04\/IMG_7917-1024x683.jpg 1024w, https:\/\/novice.si\/page\/wp-content\/uploads\/2024\/04\/IMG_7917-768x512.jpg 768w, https:\/\/novice.si\/page\/wp-content\/uploads\/2024\/04\/IMG_7917-696x464.jpg 696w, https:\/\/novice.si\/page\/wp-content\/uploads\/2024\/04\/IMG_7917-1068x712.jpg 1068w, https:\/\/novice.si\/page\/wp-content\/uploads\/2024\/04\/IMG_7917-24x16.jpg 24w, https:\/\/novice.si\/page\/wp-content\/uploads\/2024\/04\/IMG_7917-36x24.jpg 36w, https:\/\/novice.si\/page\/wp-content\/uploads\/2024\/04\/IMG_7917-48x32.jpg 48w, https:\/\/novice.si\/page\/wp-content\/uploads\/2024\/04\/IMG_7917.jpg 1383w\" sizes=\"(max-width: 630px) 100vw, 630px\" alt=\"\">\r\n                            <\/a>\r\n                            \r\n                        <\/figure>\r\n                    <\/div>\r\n                    <div class = \"td-slide-item td-item2\">\r\n                        <figure class=\"td-slide-galery-figure td-slide-popup-gallery\">\r\n                            <a class=\"slide-gallery-image-link\" href=\"https:\/\/novice.si\/page\/wp-content\/uploads\/2024\/04\/IMG_7938.jpg\" title=\"IMG_7938\"  data-caption=\"\"  data-description=\"\" data-gallery>\r\n                                <img decoding=\"async\" src=\"https:\/\/novice.si\/page\/wp-content\/uploads\/2024\/04\/IMG_7938-630x420.jpg\" srcset=\"https:\/\/novice.si\/page\/wp-content\/uploads\/2024\/04\/IMG_7938-630x420.jpg 630w, https:\/\/novice.si\/page\/wp-content\/uploads\/2024\/04\/IMG_7938-600x400.jpg 600w, https:\/\/novice.si\/page\/wp-content\/uploads\/2024\/04\/IMG_7938-1024x683.jpg 1024w, https:\/\/novice.si\/page\/wp-content\/uploads\/2024\/04\/IMG_7938-768x512.jpg 768w, https:\/\/novice.si\/page\/wp-content\/uploads\/2024\/04\/IMG_7938-696x464.jpg 696w, https:\/\/novice.si\/page\/wp-content\/uploads\/2024\/04\/IMG_7938-1068x712.jpg 1068w, https:\/\/novice.si\/page\/wp-content\/uploads\/2024\/04\/IMG_7938-24x16.jpg 24w, https:\/\/novice.si\/page\/wp-content\/uploads\/2024\/04\/IMG_7938-36x24.jpg 36w, https:\/\/novice.si\/page\/wp-content\/uploads\/2024\/04\/IMG_7938-48x32.jpg 48w, https:\/\/novice.si\/page\/wp-content\/uploads\/2024\/04\/IMG_7938.jpg 1383w\" sizes=\"(max-width: 630px) 100vw, 630px\" alt=\"\">\r\n                            <\/a>\r\n                            \r\n                        <\/figure>\r\n                    <\/div>\r\n                    <div class = \"td-slide-item td-item3\">\r\n                        <figure class=\"td-slide-galery-figure td-slide-popup-gallery\">\r\n                            <a class=\"slide-gallery-image-link\" href=\"https:\/\/novice.si\/page\/wp-content\/uploads\/2024\/04\/IMG_7937.jpg\" title=\"IMG_7937\"  data-caption=\"\"  data-description=\"\" data-gallery>\r\n                                <img decoding=\"async\" src=\"https:\/\/novice.si\/page\/wp-content\/uploads\/2024\/04\/IMG_7937-630x420.jpg\" srcset=\"https:\/\/novice.si\/page\/wp-content\/uploads\/2024\/04\/IMG_7937-630x420.jpg 630w, https:\/\/novice.si\/page\/wp-content\/uploads\/2024\/04\/IMG_7937-600x400.jpg 600w, https:\/\/novice.si\/page\/wp-content\/uploads\/2024\/04\/IMG_7937-1024x683.jpg 1024w, https:\/\/novice.si\/page\/wp-content\/uploads\/2024\/04\/IMG_7937-768x512.jpg 768w, https:\/\/novice.si\/page\/wp-content\/uploads\/2024\/04\/IMG_7937-696x464.jpg 696w, https:\/\/novice.si\/page\/wp-content\/uploads\/2024\/04\/IMG_7937-1068x712.jpg 1068w, https:\/\/novice.si\/page\/wp-content\/uploads\/2024\/04\/IMG_7937-24x16.jpg 24w, https:\/\/novice.si\/page\/wp-content\/uploads\/2024\/04\/IMG_7937-36x24.jpg 36w, https:\/\/novice.si\/page\/wp-content\/uploads\/2024\/04\/IMG_7937-48x32.jpg 48w, https:\/\/novice.si\/page\/wp-content\/uploads\/2024\/04\/IMG_7937.jpg 1383w\" sizes=\"(max-width: 630px) 100vw, 630px\" alt=\"\">\r\n                            <\/a>\r\n                            \r\n                        <\/figure>\r\n                    <\/div>\r\n                    <div class = \"td-slide-item td-item4\">\r\n                        <figure class=\"td-slide-galery-figure td-slide-popup-gallery\">\r\n                            <a class=\"slide-gallery-image-link\" href=\"https:\/\/novice.si\/page\/wp-content\/uploads\/2024\/04\/IMG_7925.jpg\" title=\"IMG_7925\"  data-caption=\"\"  data-description=\"\" data-gallery>\r\n                                <img decoding=\"async\" src=\"https:\/\/novice.si\/page\/wp-content\/uploads\/2024\/04\/IMG_7925-630x420.jpg\" srcset=\"https:\/\/novice.si\/page\/wp-content\/uploads\/2024\/04\/IMG_7925-630x420.jpg 630w, https:\/\/novice.si\/page\/wp-content\/uploads\/2024\/04\/IMG_7925-600x400.jpg 600w, https:\/\/novice.si\/page\/wp-content\/uploads\/2024\/04\/IMG_7925-1024x683.jpg 1024w, https:\/\/novice.si\/page\/wp-content\/uploads\/2024\/04\/IMG_7925-768x512.jpg 768w, https:\/\/novice.si\/page\/wp-content\/uploads\/2024\/04\/IMG_7925-696x464.jpg 696w, https:\/\/novice.si\/page\/wp-content\/uploads\/2024\/04\/IMG_7925-1068x712.jpg 1068w, https:\/\/novice.si\/page\/wp-content\/uploads\/2024\/04\/IMG_7925-24x16.jpg 24w, https:\/\/novice.si\/page\/wp-content\/uploads\/2024\/04\/IMG_7925-36x24.jpg 36w, https:\/\/novice.si\/page\/wp-content\/uploads\/2024\/04\/IMG_7925-48x32.jpg 48w, https:\/\/novice.si\/page\/wp-content\/uploads\/2024\/04\/IMG_7925.jpg 1383w\" sizes=\"(max-width: 630px) 100vw, 630px\" alt=\"\">\r\n                            <\/a>\r\n                            \r\n                        <\/figure>\r\n                    <\/div>\r\n                    <div class = \"td-slide-item td-item5\">\r\n                        <figure class=\"td-slide-galery-figure td-slide-popup-gallery\">\r\n                            <a class=\"slide-gallery-image-link\" href=\"https:\/\/novice.si\/page\/wp-content\/uploads\/2024\/04\/IMG_7914.jpg\" title=\"IMG_7914\"  data-caption=\"\"  data-description=\"\" data-gallery>\r\n                                <img decoding=\"async\" src=\"https:\/\/novice.si\/page\/wp-content\/uploads\/2024\/04\/IMG_7914-630x420.jpg\" srcset=\"https:\/\/novice.si\/page\/wp-content\/uploads\/2024\/04\/IMG_7914-630x420.jpg 630w, https:\/\/novice.si\/page\/wp-content\/uploads\/2024\/04\/IMG_7914-600x400.jpg 600w, https:\/\/novice.si\/page\/wp-content\/uploads\/2024\/04\/IMG_7914-1024x683.jpg 1024w, https:\/\/novice.si\/page\/wp-content\/uploads\/2024\/04\/IMG_7914-768x512.jpg 768w, https:\/\/novice.si\/page\/wp-content\/uploads\/2024\/04\/IMG_7914-696x464.jpg 696w, https:\/\/novice.si\/page\/wp-content\/uploads\/2024\/04\/IMG_7914-1068x712.jpg 1068w, https:\/\/novice.si\/page\/wp-content\/uploads\/2024\/04\/IMG_7914-24x16.jpg 24w, https:\/\/novice.si\/page\/wp-content\/uploads\/2024\/04\/IMG_7914-36x24.jpg 36w, https:\/\/novice.si\/page\/wp-content\/uploads\/2024\/04\/IMG_7914-48x32.jpg 48w, https:\/\/novice.si\/page\/wp-content\/uploads\/2024\/04\/IMG_7914.jpg 1383w\" sizes=\"(max-width: 630px) 100vw, 630px\" alt=\"\">\r\n                            <\/a>\r\n                            \r\n                        <\/figure>\r\n                    <\/div>\r\n                            <\/div>\r\n                        <\/div>\r\n\r\n                        <div class = \"td-doubleSlider-2\">\r\n                            <div class = \"td-slider\">\r\n                                \r\n                    <div class = \"td-button td-item1\">\r\n                        <div class = \"td-border\"><\/div>\r\n                    <\/div>\r\n                    <div class = \"td-button td-item2\">\r\n                        <div class = \"td-border\"><\/div>\r\n                    <\/div>\r\n                    <div class = \"td-button td-item3\">\r\n                        <div class = \"td-border\"><\/div>\r\n                    <\/div>\r\n                    <div class = \"td-button td-item4\">\r\n                        <div class = \"td-border\"><\/div>\r\n                    <\/div>\r\n                    <div class = \"td-button td-item5\">\r\n                        <div class = \"td-border\"><\/div>\r\n                    <\/div>\r\n                            <\/div>\r\n                        <\/div>\r\n\r\n                    <\/div>\r\n\r\n                <\/div>\r\n                \n<p><em>Prej\u0161nji teden so se v dvorani Glasbene \u0161ole Celje s posebno prireditvijo zaklju\u010dili 37. Ro\u0161evi dnevi. Na njej je pet finalistk literarnega nate\u010daja prejelo zlata priznanja in knji\u017ene nagrade.<\/em><\/p>\n<p>Poslanstvo projekta ostaja sre\u010danje mladih literarnih ustvarjalcev iz vse Slovenije in zamejstva ter ohranjanje spomina na \u010dastnega \u010dlana Celja, Frana Ro\u0161a, pesnika, pisatelja in dramatika.<\/p>\n<p><strong>Prispelo je manj del kot prej\u0161nja leta<\/strong><\/p>\n<p>Letos so na literarni nate\u010daj prispela dela 39 mladih avtorjev, izmed katerih se je strokovna komisija odlo\u010dila za 20 najbolj\u0161ih in med njimi izbrala pet finalistov. Tudi letos so prevladovale pesmi, nastalo jih je kar 28, komisija pa je lahko prebrala tudi 14 proznih besedil in eno dramsko. \u00bb\u0160tevilo prijav se je ob\u010dutno zmanj\u0161alo, kar nas opozarja, da se moramo za mlade bralce in literate \u0161e posebej potruditi. Za vsakega posameznika posebej,\u00ab je povedala <strong>Barbara Rigler<\/strong>, producentka za literarno dejavnost JSKD in odgovorna urednica revije Mentor.<\/p>\n<p>Strokovno komisijo sta sestavljali Mateja Gomboc, pisateljica, prevajalka, avtorica u\u010dbenikov za slovenski jezik in profesorica, ter Katarina Gomboc \u010ceh, pesnica, pisateljica, jezikoslovka in profesorica. Finalistke so postale <strong>Julija Gori\u0161ek<\/strong> iz O\u0160 Rovte, <strong>Ne\u017ea Seli\u010d<\/strong> iz O\u0160 \u0160tore, <strong>Mija \u0160terk<\/strong> iz O\u0160 Frana Ro\u0161a Celje, <strong>Nu\u0161a \u0160uster<\/strong> iz O\u0160 Hudinja in <strong>\u017diva Toplak<\/strong> iz O\u0160 \u0160martno. \u00bbTudi letos so besedila dvajsetih najbolj\u0161ih avtorjev, med njimi petih finalistov, objavljena v posebnem zborniku, ki tokrat nosi naslov Naprej in navzgor,\u00ab je povedala <strong>Mojca Pliber\u0161ek<\/strong>, u\u010diteljica na O\u0160 Frana Ro\u0161a, pomo\u010dnica pri organizaciji Ro\u0161evih dni, ki nam je zaupala ve\u010d tudi o samem dogajanju. Podelitev nagrad namre\u010d ni bil edini zanimiv dogodek tisti dan. Kaj vse se je dogajalo pred podelitvijo in kdo je dogodek dejansko organiziral preberite v Celjanu, mi pa z vami delimo nekaj foto utrinkov.<\/p>\n","protected":false},"excerpt":{"rendered":"<p>Prej\u0161nji teden so se v dvorani Glasbene \u0161ole Celje s posebno prireditvijo zaklju\u010dili 37. Ro\u0161evi dnevi. Na njej je pet finalistk literarnega nate\u010daja prejelo zlata priznanja in knji\u017ene nagrade. Poslanstvo projekta ostaja sre\u010danje mladih literarnih ustvarjalcev iz vse Slovenije in zamejstva ter ohranjanje spomina na \u010dastnega \u010dlana Celja, Frana Ro\u0161a, pesnika, pisatelja in dramatika. Prispelo [&hellip;]<\/p>\n","protected":false},"author":55,"featured_media":173316,"comment_status":"closed","ping_status":"closed","sticky":false,"template":"","format":"standard","meta":{"footnotes":""},"categories":[14,142,17],"tags":[],"class_list":{"0":"post-173313","1":"post","2":"type-post","3":"status-publish","4":"format-standard","5":"has-post-thumbnail","7":"category-aktualno","8":"category-celjan","9":"category-celjsko"},"yoast_head":"<!-- This site is optimized with the Yoast SEO plugin v27.4 - https:\/\/yoast.com\/product\/yoast-seo-wordpress\/ -->\n<title>V Celju zaklju\u010dili 37. Ro\u0161eve dneve - Novice.si<\/title>\n<meta name=\"robots\" content=\"index, follow, max-snippet:-1, max-image-preview:large, max-video-preview:-1\" \/>\n<link rel=\"canonical\" href=\"https:\/\/novice.si\/page\/v-celju-zakljucili-37-roseve-dneve\/\" \/>\n<meta property=\"og:locale\" content=\"sl_SI\" \/>\n<meta property=\"og:type\" content=\"article\" \/>\n<meta property=\"og:title\" content=\"V Celju zaklju\u010dili 37. Ro\u0161eve dneve - Novice.si\" \/>\n<meta property=\"og:description\" content=\"Prej\u0161nji teden so se v dvorani Glasbene \u0161ole Celje s posebno prireditvijo zaklju\u010dili 37. Ro\u0161evi dnevi. Na njej je pet finalistk literarnega nate\u010daja prejelo zlata priznanja in knji\u017ene nagrade. Poslanstvo projekta ostaja sre\u010danje mladih literarnih ustvarjalcev iz vse Slovenije in zamejstva ter ohranjanje spomina na \u010dastnega \u010dlana Celja, Frana Ro\u0161a, pesnika, pisatelja in dramatika. Prispelo [&hellip;]\" \/>\n<meta property=\"og:url\" content=\"https:\/\/novice.si\/page\/v-celju-zakljucili-37-roseve-dneve\/\" \/>\n<meta property=\"og:site_name\" content=\"Novice.si\" \/>\n<meta property=\"article:published_time\" content=\"2024-04-04T09:41:36+00:00\" \/>\n<meta property=\"og:image\" content=\"https:\/\/novice.si\/page\/wp-content\/uploads\/2024\/04\/IMG_7925.jpg\" \/>\n\t<meta property=\"og:image:width\" content=\"1383\" \/>\n\t<meta property=\"og:image:height\" content=\"922\" \/>\n\t<meta property=\"og:image:type\" content=\"image\/jpeg\" \/>\n<meta name=\"author\" content=\"Uredni\u0161tvo Celjana\" \/>\n<meta name=\"twitter:card\" content=\"summary_large_image\" \/>\n<meta name=\"twitter:label1\" content=\"Written by\" \/>\n\t<meta name=\"twitter:data1\" content=\"Uredni\u0161tvo Celjana\" \/>\n\t<meta name=\"twitter:label2\" content=\"Est. reading time\" \/>\n\t<meta name=\"twitter:data2\" content=\"2 minuti\" \/>\n<script type=\"application\/ld+json\" class=\"yoast-schema-graph\">{\"@context\":\"https:\\\/\\\/schema.org\",\"@graph\":[{\"@type\":\"Article\",\"@id\":\"https:\\\/\\\/novice.si\\\/page\\\/v-celju-zakljucili-37-roseve-dneve\\\/#article\",\"isPartOf\":{\"@id\":\"https:\\\/\\\/novice.si\\\/page\\\/v-celju-zakljucili-37-roseve-dneve\\\/\"},\"author\":{\"name\":\"Uredni\u0161tvo Celjana\",\"@id\":\"https:\\\/\\\/novice.si\\\/page\\\/#\\\/schema\\\/person\\\/a49f233ef2777ec7b2e8d0662325bb48\"},\"headline\":\"V Celju zaklju\u010dili 37. Ro\u0161eve dneve\",\"datePublished\":\"2024-04-04T09:41:36+00:00\",\"mainEntityOfPage\":{\"@id\":\"https:\\\/\\\/novice.si\\\/page\\\/v-celju-zakljucili-37-roseve-dneve\\\/\"},\"wordCount\":325,\"publisher\":{\"@id\":\"https:\\\/\\\/novice.si\\\/page\\\/#organization\"},\"image\":{\"@id\":\"https:\\\/\\\/novice.si\\\/page\\\/v-celju-zakljucili-37-roseve-dneve\\\/#primaryimage\"},\"thumbnailUrl\":\"https:\\\/\\\/novice.si\\\/page\\\/wp-content\\\/uploads\\\/2024\\\/04\\\/IMG_7925.jpg\",\"articleSection\":[\"Aktualno\",\"Celjan\",\"Celjsko\"],\"inLanguage\":\"sl-SI\"},{\"@type\":\"WebPage\",\"@id\":\"https:\\\/\\\/novice.si\\\/page\\\/v-celju-zakljucili-37-roseve-dneve\\\/\",\"url\":\"https:\\\/\\\/novice.si\\\/page\\\/v-celju-zakljucili-37-roseve-dneve\\\/\",\"name\":\"V Celju zaklju\u010dili 37. Ro\u0161eve dneve - Novice.si\",\"isPartOf\":{\"@id\":\"https:\\\/\\\/novice.si\\\/page\\\/#website\"},\"primaryImageOfPage\":{\"@id\":\"https:\\\/\\\/novice.si\\\/page\\\/v-celju-zakljucili-37-roseve-dneve\\\/#primaryimage\"},\"image\":{\"@id\":\"https:\\\/\\\/novice.si\\\/page\\\/v-celju-zakljucili-37-roseve-dneve\\\/#primaryimage\"},\"thumbnailUrl\":\"https:\\\/\\\/novice.si\\\/page\\\/wp-content\\\/uploads\\\/2024\\\/04\\\/IMG_7925.jpg\",\"datePublished\":\"2024-04-04T09:41:36+00:00\",\"breadcrumb\":{\"@id\":\"https:\\\/\\\/novice.si\\\/page\\\/v-celju-zakljucili-37-roseve-dneve\\\/#breadcrumb\"},\"inLanguage\":\"sl-SI\",\"potentialAction\":[{\"@type\":\"ReadAction\",\"target\":[\"https:\\\/\\\/novice.si\\\/page\\\/v-celju-zakljucili-37-roseve-dneve\\\/\"]}]},{\"@type\":\"ImageObject\",\"inLanguage\":\"sl-SI\",\"@id\":\"https:\\\/\\\/novice.si\\\/page\\\/v-celju-zakljucili-37-roseve-dneve\\\/#primaryimage\",\"url\":\"https:\\\/\\\/novice.si\\\/page\\\/wp-content\\\/uploads\\\/2024\\\/04\\\/IMG_7925.jpg\",\"contentUrl\":\"https:\\\/\\\/novice.si\\\/page\\\/wp-content\\\/uploads\\\/2024\\\/04\\\/IMG_7925.jpg\",\"width\":1383,\"height\":922},{\"@type\":\"BreadcrumbList\",\"@id\":\"https:\\\/\\\/novice.si\\\/page\\\/v-celju-zakljucili-37-roseve-dneve\\\/#breadcrumb\",\"itemListElement\":[{\"@type\":\"ListItem\",\"position\":1,\"name\":\"Home\",\"item\":\"https:\\\/\\\/novice.si\\\/page\\\/\"},{\"@type\":\"ListItem\",\"position\":2,\"name\":\"V Celju zaklju\u010dili 37. Ro\u0161eve dneve\"}]},{\"@type\":\"WebSite\",\"@id\":\"https:\\\/\\\/novice.si\\\/page\\\/#website\",\"url\":\"https:\\\/\\\/novice.si\\\/page\\\/\",\"name\":\"Novice.si\",\"description\":\"\",\"publisher\":{\"@id\":\"https:\\\/\\\/novice.si\\\/page\\\/#organization\"},\"potentialAction\":[{\"@type\":\"SearchAction\",\"target\":{\"@type\":\"EntryPoint\",\"urlTemplate\":\"https:\\\/\\\/novice.si\\\/page\\\/?s={search_term_string}\"},\"query-input\":{\"@type\":\"PropertyValueSpecification\",\"valueRequired\":true,\"valueName\":\"search_term_string\"}}],\"inLanguage\":\"sl-SI\"},{\"@type\":\"Organization\",\"@id\":\"https:\\\/\\\/novice.si\\\/page\\\/#organization\",\"name\":\"Novice.si\",\"url\":\"https:\\\/\\\/novice.si\\\/page\\\/\",\"logo\":{\"@type\":\"ImageObject\",\"inLanguage\":\"sl-SI\",\"@id\":\"https:\\\/\\\/novice.si\\\/page\\\/#\\\/schema\\\/logo\\\/image\\\/\",\"url\":\"https:\\\/\\\/novice.si\\\/page\\\/wp-content\\\/uploads\\\/2023\\\/03\\\/novice_si.png\",\"contentUrl\":\"https:\\\/\\\/novice.si\\\/page\\\/wp-content\\\/uploads\\\/2023\\\/03\\\/novice_si.png\",\"width\":576,\"height\":200,\"caption\":\"Novice.si\"},\"image\":{\"@id\":\"https:\\\/\\\/novice.si\\\/page\\\/#\\\/schema\\\/logo\\\/image\\\/\"}},{\"@type\":\"Person\",\"@id\":\"https:\\\/\\\/novice.si\\\/page\\\/#\\\/schema\\\/person\\\/a49f233ef2777ec7b2e8d0662325bb48\",\"name\":\"Uredni\u0161tvo Celjana\",\"image\":{\"@type\":\"ImageObject\",\"inLanguage\":\"sl-SI\",\"@id\":\"https:\\\/\\\/secure.gravatar.com\\\/avatar\\\/7f7863e616af8f92806c638dd1db3f1a238d83d1cc2ec3100afc06fbb7eb303f?s=96&d=mm&r=g\",\"url\":\"https:\\\/\\\/secure.gravatar.com\\\/avatar\\\/7f7863e616af8f92806c638dd1db3f1a238d83d1cc2ec3100afc06fbb7eb303f?s=96&d=mm&r=g\",\"contentUrl\":\"https:\\\/\\\/secure.gravatar.com\\\/avatar\\\/7f7863e616af8f92806c638dd1db3f1a238d83d1cc2ec3100afc06fbb7eb303f?s=96&d=mm&r=g\",\"caption\":\"Uredni\u0161tvo Celjana\"},\"url\":\"https:\\\/\\\/novice.si\\\/page\\\/author\\\/maja\\\/\"}]}<\/script>\n<!-- \/ Yoast SEO plugin. -->","yoast_head_json":{"title":"V Celju zaklju\u010dili 37. Ro\u0161eve dneve - Novice.si","robots":{"index":"index","follow":"follow","max-snippet":"max-snippet:-1","max-image-preview":"max-image-preview:large","max-video-preview":"max-video-preview:-1"},"canonical":"https:\/\/novice.si\/page\/v-celju-zakljucili-37-roseve-dneve\/","og_locale":"sl_SI","og_type":"article","og_title":"V Celju zaklju\u010dili 37. Ro\u0161eve dneve - Novice.si","og_description":"Prej\u0161nji teden so se v dvorani Glasbene \u0161ole Celje s posebno prireditvijo zaklju\u010dili 37. Ro\u0161evi dnevi. Na njej je pet finalistk literarnega nate\u010daja prejelo zlata priznanja in knji\u017ene nagrade. Poslanstvo projekta ostaja sre\u010danje mladih literarnih ustvarjalcev iz vse Slovenije in zamejstva ter ohranjanje spomina na \u010dastnega \u010dlana Celja, Frana Ro\u0161a, pesnika, pisatelja in dramatika. Prispelo [&hellip;]","og_url":"https:\/\/novice.si\/page\/v-celju-zakljucili-37-roseve-dneve\/","og_site_name":"Novice.si","article_published_time":"2024-04-04T09:41:36+00:00","og_image":[{"width":1383,"height":922,"url":"https:\/\/novice.si\/page\/wp-content\/uploads\/2024\/04\/IMG_7925.jpg","type":"image\/jpeg"}],"author":"Uredni\u0161tvo Celjana","twitter_card":"summary_large_image","twitter_misc":{"Written by":"Uredni\u0161tvo Celjana","Est. reading time":"2 minuti"},"schema":{"@context":"https:\/\/schema.org","@graph":[{"@type":"Article","@id":"https:\/\/novice.si\/page\/v-celju-zakljucili-37-roseve-dneve\/#article","isPartOf":{"@id":"https:\/\/novice.si\/page\/v-celju-zakljucili-37-roseve-dneve\/"},"author":{"name":"Uredni\u0161tvo Celjana","@id":"https:\/\/novice.si\/page\/#\/schema\/person\/a49f233ef2777ec7b2e8d0662325bb48"},"headline":"V Celju zaklju\u010dili 37. Ro\u0161eve dneve","datePublished":"2024-04-04T09:41:36+00:00","mainEntityOfPage":{"@id":"https:\/\/novice.si\/page\/v-celju-zakljucili-37-roseve-dneve\/"},"wordCount":325,"publisher":{"@id":"https:\/\/novice.si\/page\/#organization"},"image":{"@id":"https:\/\/novice.si\/page\/v-celju-zakljucili-37-roseve-dneve\/#primaryimage"},"thumbnailUrl":"https:\/\/novice.si\/page\/wp-content\/uploads\/2024\/04\/IMG_7925.jpg","articleSection":["Aktualno","Celjan","Celjsko"],"inLanguage":"sl-SI"},{"@type":"WebPage","@id":"https:\/\/novice.si\/page\/v-celju-zakljucili-37-roseve-dneve\/","url":"https:\/\/novice.si\/page\/v-celju-zakljucili-37-roseve-dneve\/","name":"V Celju zaklju\u010dili 37. Ro\u0161eve dneve - Novice.si","isPartOf":{"@id":"https:\/\/novice.si\/page\/#website"},"primaryImageOfPage":{"@id":"https:\/\/novice.si\/page\/v-celju-zakljucili-37-roseve-dneve\/#primaryimage"},"image":{"@id":"https:\/\/novice.si\/page\/v-celju-zakljucili-37-roseve-dneve\/#primaryimage"},"thumbnailUrl":"https:\/\/novice.si\/page\/wp-content\/uploads\/2024\/04\/IMG_7925.jpg","datePublished":"2024-04-04T09:41:36+00:00","breadcrumb":{"@id":"https:\/\/novice.si\/page\/v-celju-zakljucili-37-roseve-dneve\/#breadcrumb"},"inLanguage":"sl-SI","potentialAction":[{"@type":"ReadAction","target":["https:\/\/novice.si\/page\/v-celju-zakljucili-37-roseve-dneve\/"]}]},{"@type":"ImageObject","inLanguage":"sl-SI","@id":"https:\/\/novice.si\/page\/v-celju-zakljucili-37-roseve-dneve\/#primaryimage","url":"https:\/\/novice.si\/page\/wp-content\/uploads\/2024\/04\/IMG_7925.jpg","contentUrl":"https:\/\/novice.si\/page\/wp-content\/uploads\/2024\/04\/IMG_7925.jpg","width":1383,"height":922},{"@type":"BreadcrumbList","@id":"https:\/\/novice.si\/page\/v-celju-zakljucili-37-roseve-dneve\/#breadcrumb","itemListElement":[{"@type":"ListItem","position":1,"name":"Home","item":"https:\/\/novice.si\/page\/"},{"@type":"ListItem","position":2,"name":"V Celju zaklju\u010dili 37. Ro\u0161eve dneve"}]},{"@type":"WebSite","@id":"https:\/\/novice.si\/page\/#website","url":"https:\/\/novice.si\/page\/","name":"Novice.si","description":"","publisher":{"@id":"https:\/\/novice.si\/page\/#organization"},"potentialAction":[{"@type":"SearchAction","target":{"@type":"EntryPoint","urlTemplate":"https:\/\/novice.si\/page\/?s={search_term_string}"},"query-input":{"@type":"PropertyValueSpecification","valueRequired":true,"valueName":"search_term_string"}}],"inLanguage":"sl-SI"},{"@type":"Organization","@id":"https:\/\/novice.si\/page\/#organization","name":"Novice.si","url":"https:\/\/novice.si\/page\/","logo":{"@type":"ImageObject","inLanguage":"sl-SI","@id":"https:\/\/novice.si\/page\/#\/schema\/logo\/image\/","url":"https:\/\/novice.si\/page\/wp-content\/uploads\/2023\/03\/novice_si.png","contentUrl":"https:\/\/novice.si\/page\/wp-content\/uploads\/2023\/03\/novice_si.png","width":576,"height":200,"caption":"Novice.si"},"image":{"@id":"https:\/\/novice.si\/page\/#\/schema\/logo\/image\/"}},{"@type":"Person","@id":"https:\/\/novice.si\/page\/#\/schema\/person\/a49f233ef2777ec7b2e8d0662325bb48","name":"Uredni\u0161tvo Celjana","image":{"@type":"ImageObject","inLanguage":"sl-SI","@id":"https:\/\/secure.gravatar.com\/avatar\/7f7863e616af8f92806c638dd1db3f1a238d83d1cc2ec3100afc06fbb7eb303f?s=96&d=mm&r=g","url":"https:\/\/secure.gravatar.com\/avatar\/7f7863e616af8f92806c638dd1db3f1a238d83d1cc2ec3100afc06fbb7eb303f?s=96&d=mm&r=g","contentUrl":"https:\/\/secure.gravatar.com\/avatar\/7f7863e616af8f92806c638dd1db3f1a238d83d1cc2ec3100afc06fbb7eb303f?s=96&d=mm&r=g","caption":"Uredni\u0161tvo Celjana"},"url":"https:\/\/novice.si\/page\/author\/maja\/"}]}},"_links":{"self":[{"href":"https:\/\/novice.si\/page\/wp-json\/wp\/v2\/posts\/173313","targetHints":{"allow":["GET"]}}],"collection":[{"href":"https:\/\/novice.si\/page\/wp-json\/wp\/v2\/posts"}],"about":[{"href":"https:\/\/novice.si\/page\/wp-json\/wp\/v2\/types\/post"}],"author":[{"embeddable":true,"href":"https:\/\/novice.si\/page\/wp-json\/wp\/v2\/users\/55"}],"replies":[{"embeddable":true,"href":"https:\/\/novice.si\/page\/wp-json\/wp\/v2\/comments?post=173313"}],"version-history":[{"count":1,"href":"https:\/\/novice.si\/page\/wp-json\/wp\/v2\/posts\/173313\/revisions"}],"predecessor-version":[{"id":173319,"href":"https:\/\/novice.si\/page\/wp-json\/wp\/v2\/posts\/173313\/revisions\/173319"}],"wp:featuredmedia":[{"embeddable":true,"href":"https:\/\/novice.si\/page\/wp-json\/wp\/v2\/media\/173316"}],"wp:attachment":[{"href":"https:\/\/novice.si\/page\/wp-json\/wp\/v2\/media?parent=173313"}],"wp:term":[{"taxonomy":"category","embeddable":true,"href":"https:\/\/novice.si\/page\/wp-json\/wp\/v2\/categories?post=173313"},{"taxonomy":"post_tag","embeddable":true,"href":"https:\/\/novice.si\/page\/wp-json\/wp\/v2\/tags?post=173313"}],"curies":[{"name":"wp","href":"https:\/\/api.w.org\/{rel}","templated":true}]}}