{"id":173300,"date":"2024-04-03T18:41:00","date_gmt":"2024-04-03T16:41:00","guid":{"rendered":"https:\/\/novice.si\/page\/?p=173300"},"modified":"2024-04-03T18:41:35","modified_gmt":"2024-04-03T16:41:35","slug":"celje-sodniki-s-prekinitvijo-opozorili-na-svoje-delo-in-polozaj","status":"publish","type":"post","link":"https:\/\/novice.si\/page\/celje-sodniki-s-prekinitvijo-opozorili-na-svoje-delo-in-polozaj\/","title":{"rendered":"CELJE Sodniki s prekinitvijo opozorili na svoje delo in polo\u017eaj"},"content":{"rendered":"<p>Tudi sodniki celjskega okro\u017eja so dopoldne za eno uro ustavili delo in na protestnem shodu <img loading=\"lazy\" decoding=\"async\" class=\" wp-image-173301 alignleft\" src=\"https:\/\/novice.si\/page\/wp-content\/uploads\/2024\/04\/sodniki-protestni-zbor-6-600x450.jpg\" alt=\"\" width=\"355\" height=\"266\" srcset=\"https:\/\/novice.si\/page\/wp-content\/uploads\/2024\/04\/sodniki-protestni-zbor-6-600x450.jpg 600w, https:\/\/novice.si\/page\/wp-content\/uploads\/2024\/04\/sodniki-protestni-zbor-6-1024x768.jpg 1024w, https:\/\/novice.si\/page\/wp-content\/uploads\/2024\/04\/sodniki-protestni-zbor-6-768x576.jpg 768w, https:\/\/novice.si\/page\/wp-content\/uploads\/2024\/04\/sodniki-protestni-zbor-6-1536x1152.jpg 1536w, https:\/\/novice.si\/page\/wp-content\/uploads\/2024\/04\/sodniki-protestni-zbor-6-2048x1536.jpg 2048w, https:\/\/novice.si\/page\/wp-content\/uploads\/2024\/04\/sodniki-protestni-zbor-6-696x522.jpg 696w, https:\/\/novice.si\/page\/wp-content\/uploads\/2024\/04\/sodniki-protestni-zbor-6-1068x801.jpg 1068w, https:\/\/novice.si\/page\/wp-content\/uploads\/2024\/04\/sodniki-protestni-zbor-6-1920x1440.jpg 1920w, https:\/\/novice.si\/page\/wp-content\/uploads\/2024\/04\/sodniki-protestni-zbor-6-560x420.jpg 560w, https:\/\/novice.si\/page\/wp-content\/uploads\/2024\/04\/sodniki-protestni-zbor-6-80x60.jpg 80w, https:\/\/novice.si\/page\/wp-content\/uploads\/2024\/04\/sodniki-protestni-zbor-6-265x198.jpg 265w, https:\/\/novice.si\/page\/wp-content\/uploads\/2024\/04\/sodniki-protestni-zbor-6-24x18.jpg 24w, https:\/\/novice.si\/page\/wp-content\/uploads\/2024\/04\/sodniki-protestni-zbor-6-36x27.jpg 36w, https:\/\/novice.si\/page\/wp-content\/uploads\/2024\/04\/sodniki-protestni-zbor-6-48x36.jpg 48w\" sizes=\"auto, (max-width: 355px) 100vw, 355px\" \/>opozorili na polo\u017eaj, v katerem so se zna\u0161li po 90 dneh, ko bi dr\u017eava morala udejaniti odlo\u010dbo ustavnega sodi\u0161\u010da o uskladitvi njihovih prejemkov.<\/p>\n<p>Sodniki so predstavili te\u017eave, s katerimi se vsakodnevno sre\u010dujejo pri svojem delu, kakor tudi sam obseg dela, ki se jim nalaga.<\/p>\n<p>Povzela ga je predsednica celjskega okro\u017enega sodi\u0161\u010da <strong>Petra Giacomelli<\/strong>, ki je izpostavila, da \u017eelijo sodniki ozavestiti javnost o sodni\u0161kem delu, zato so na protest pri\u0161li sodniki iz vseh okrajnih sodi\u0161\u010d, kakor tudi iz delovno socialnega sodi\u0161\u010da in upravnega oddelka.<\/p>\n<p>Trenutno imajo celjski sodniki v delu ve\u010d kot 1300 kazenskih zadev, ve\u010d kot 500 zadev preiskave, preko 1400 pravdnih zadev, skoraj 700 pravdnih sporov, okoli 500 dru\u017einskih zadev, ve\u010d kot 600 insolventnih zadev in blizu 1200 zapu\u0161\u010dinskih zadev Sodniki nimajo priznanih nadur, niti dodatkov, posebej jim pla\u010dajo samo de\u017eurstva.<\/p>\n<p><em>Ve\u010d preberite v Celjanu.<\/em><\/p>\n<p>P\u0160<\/p>\n<p>&nbsp;<\/p>\n<p>&nbsp;<\/p>\n<p>&nbsp;<\/p>\n","protected":false},"excerpt":{"rendered":"<p>Tudi sodniki celjskega okro\u017eja so dopoldne za eno uro ustavili delo in na protestnem shodu opozorili na polo\u017eaj, v katerem so se zna\u0161li po 90 dneh, ko bi dr\u017eava morala udejaniti odlo\u010dbo ustavnega sodi\u0161\u010da o uskladitvi njihovih prejemkov. Sodniki so predstavili te\u017eave, s katerimi se vsakodnevno sre\u010dujejo pri svojem delu, kakor tudi sam obseg dela, [&hellip;]<\/p>\n","protected":false},"author":33,"featured_media":173302,"comment_status":"closed","ping_status":"closed","sticky":false,"template":"","format":"standard","meta":{"footnotes":""},"categories":[14,17,29],"tags":[20196,19499,20212,11194],"class_list":{"0":"post-173300","1":"post","2":"type-post","3":"status-publish","4":"format-standard","5":"has-post-thumbnail","7":"category-aktualno","8":"category-celjsko","9":"category-kronika","10":"tag-prekinitev-dela","11":"tag-protest-sodnikov","12":"tag-sodnisko-delo","13":"tag-ustavno-sodisce"},"yoast_head":"<!-- This site is optimized with the Yoast SEO plugin v27.4 - https:\/\/yoast.com\/product\/yoast-seo-wordpress\/ -->\n<title>CELJE Sodniki s prekinitvijo opozorili na svoje delo in polo\u017eaj - Novice.si<\/title>\n<meta name=\"robots\" content=\"index, follow, max-snippet:-1, max-image-preview:large, max-video-preview:-1\" \/>\n<link rel=\"canonical\" href=\"https:\/\/novice.si\/page\/celje-sodniki-s-prekinitvijo-opozorili-na-svoje-delo-in-polozaj\/\" \/>\n<meta property=\"og:locale\" content=\"sl_SI\" \/>\n<meta property=\"og:type\" content=\"article\" \/>\n<meta property=\"og:title\" content=\"CELJE Sodniki s prekinitvijo opozorili na svoje delo in polo\u017eaj - Novice.si\" \/>\n<meta property=\"og:description\" content=\"Tudi sodniki celjskega okro\u017eja so dopoldne za eno uro ustavili delo in na protestnem shodu opozorili na polo\u017eaj, v katerem so se zna\u0161li po 90 dneh, ko bi dr\u017eava morala udejaniti odlo\u010dbo ustavnega sodi\u0161\u010da o uskladitvi njihovih prejemkov. Sodniki so predstavili te\u017eave, s katerimi se vsakodnevno sre\u010dujejo pri svojem delu, kakor tudi sam obseg dela, [&hellip;]\" \/>\n<meta property=\"og:url\" content=\"https:\/\/novice.si\/page\/celje-sodniki-s-prekinitvijo-opozorili-na-svoje-delo-in-polozaj\/\" \/>\n<meta property=\"og:site_name\" content=\"Novice.si\" \/>\n<meta property=\"article:published_time\" content=\"2024-04-03T16:41:00+00:00\" \/>\n<meta property=\"article:modified_time\" content=\"2024-04-03T16:41:35+00:00\" \/>\n<meta property=\"og:image\" content=\"https:\/\/novice.si\/page\/wp-content\/uploads\/2024\/04\/sodniki-protestni-zbor-7-scaled.jpg\" \/>\n\t<meta property=\"og:image:width\" content=\"1920\" \/>\n\t<meta property=\"og:image:height\" content=\"2560\" \/>\n\t<meta property=\"og:image:type\" content=\"image\/jpeg\" \/>\n<meta name=\"author\" content=\"Uredni\u0161tvo Celjana\" \/>\n<meta name=\"twitter:card\" content=\"summary_large_image\" \/>\n<meta name=\"twitter:label1\" content=\"Written by\" \/>\n\t<meta name=\"twitter:data1\" content=\"Uredni\u0161tvo Celjana\" \/>\n\t<meta name=\"twitter:label2\" content=\"Est. reading time\" \/>\n\t<meta name=\"twitter:data2\" content=\"2 minuti\" \/>\n<script type=\"application\/ld+json\" class=\"yoast-schema-graph\">{\"@context\":\"https:\\\/\\\/schema.org\",\"@graph\":[{\"@type\":\"Article\",\"@id\":\"https:\\\/\\\/novice.si\\\/page\\\/celje-sodniki-s-prekinitvijo-opozorili-na-svoje-delo-in-polozaj\\\/#article\",\"isPartOf\":{\"@id\":\"https:\\\/\\\/novice.si\\\/page\\\/celje-sodniki-s-prekinitvijo-opozorili-na-svoje-delo-in-polozaj\\\/\"},\"author\":{\"name\":\"Uredni\u0161tvo Celjana\",\"@id\":\"https:\\\/\\\/novice.si\\\/page\\\/#\\\/schema\\\/person\\\/57f25c9642a9541c7349c65d32032c3e\"},\"headline\":\"CELJE Sodniki s prekinitvijo opozorili na svoje delo in polo\u017eaj\",\"datePublished\":\"2024-04-03T16:41:00+00:00\",\"dateModified\":\"2024-04-03T16:41:35+00:00\",\"mainEntityOfPage\":{\"@id\":\"https:\\\/\\\/novice.si\\\/page\\\/celje-sodniki-s-prekinitvijo-opozorili-na-svoje-delo-in-polozaj\\\/\"},\"wordCount\":175,\"publisher\":{\"@id\":\"https:\\\/\\\/novice.si\\\/page\\\/#organization\"},\"image\":{\"@id\":\"https:\\\/\\\/novice.si\\\/page\\\/celje-sodniki-s-prekinitvijo-opozorili-na-svoje-delo-in-polozaj\\\/#primaryimage\"},\"thumbnailUrl\":\"https:\\\/\\\/novice.si\\\/page\\\/wp-content\\\/uploads\\\/2024\\\/04\\\/sodniki-protestni-zbor-7-scaled.jpg\",\"keywords\":[\"prekinitev dela\",\"protest sodnikov\",\"sodni\u0161ko delo\",\"ustavno sodi\u0161\u010de\"],\"articleSection\":[\"Aktualno\",\"Celjsko\",\"Kronika\"],\"inLanguage\":\"sl-SI\"},{\"@type\":\"WebPage\",\"@id\":\"https:\\\/\\\/novice.si\\\/page\\\/celje-sodniki-s-prekinitvijo-opozorili-na-svoje-delo-in-polozaj\\\/\",\"url\":\"https:\\\/\\\/novice.si\\\/page\\\/celje-sodniki-s-prekinitvijo-opozorili-na-svoje-delo-in-polozaj\\\/\",\"name\":\"CELJE Sodniki s prekinitvijo opozorili na svoje delo in polo\u017eaj - Novice.si\",\"isPartOf\":{\"@id\":\"https:\\\/\\\/novice.si\\\/page\\\/#website\"},\"primaryImageOfPage\":{\"@id\":\"https:\\\/\\\/novice.si\\\/page\\\/celje-sodniki-s-prekinitvijo-opozorili-na-svoje-delo-in-polozaj\\\/#primaryimage\"},\"image\":{\"@id\":\"https:\\\/\\\/novice.si\\\/page\\\/celje-sodniki-s-prekinitvijo-opozorili-na-svoje-delo-in-polozaj\\\/#primaryimage\"},\"thumbnailUrl\":\"https:\\\/\\\/novice.si\\\/page\\\/wp-content\\\/uploads\\\/2024\\\/04\\\/sodniki-protestni-zbor-7-scaled.jpg\",\"datePublished\":\"2024-04-03T16:41:00+00:00\",\"dateModified\":\"2024-04-03T16:41:35+00:00\",\"breadcrumb\":{\"@id\":\"https:\\\/\\\/novice.si\\\/page\\\/celje-sodniki-s-prekinitvijo-opozorili-na-svoje-delo-in-polozaj\\\/#breadcrumb\"},\"inLanguage\":\"sl-SI\",\"potentialAction\":[{\"@type\":\"ReadAction\",\"target\":[\"https:\\\/\\\/novice.si\\\/page\\\/celje-sodniki-s-prekinitvijo-opozorili-na-svoje-delo-in-polozaj\\\/\"]}]},{\"@type\":\"ImageObject\",\"inLanguage\":\"sl-SI\",\"@id\":\"https:\\\/\\\/novice.si\\\/page\\\/celje-sodniki-s-prekinitvijo-opozorili-na-svoje-delo-in-polozaj\\\/#primaryimage\",\"url\":\"https:\\\/\\\/novice.si\\\/page\\\/wp-content\\\/uploads\\\/2024\\\/04\\\/sodniki-protestni-zbor-7-scaled.jpg\",\"contentUrl\":\"https:\\\/\\\/novice.si\\\/page\\\/wp-content\\\/uploads\\\/2024\\\/04\\\/sodniki-protestni-zbor-7-scaled.jpg\",\"width\":1920,\"height\":2560},{\"@type\":\"BreadcrumbList\",\"@id\":\"https:\\\/\\\/novice.si\\\/page\\\/celje-sodniki-s-prekinitvijo-opozorili-na-svoje-delo-in-polozaj\\\/#breadcrumb\",\"itemListElement\":[{\"@type\":\"ListItem\",\"position\":1,\"name\":\"Home\",\"item\":\"https:\\\/\\\/novice.si\\\/page\\\/\"},{\"@type\":\"ListItem\",\"position\":2,\"name\":\"CELJE Sodniki s prekinitvijo opozorili na svoje delo in polo\u017eaj\"}]},{\"@type\":\"WebSite\",\"@id\":\"https:\\\/\\\/novice.si\\\/page\\\/#website\",\"url\":\"https:\\\/\\\/novice.si\\\/page\\\/\",\"name\":\"Novice.si\",\"description\":\"\",\"publisher\":{\"@id\":\"https:\\\/\\\/novice.si\\\/page\\\/#organization\"},\"potentialAction\":[{\"@type\":\"SearchAction\",\"target\":{\"@type\":\"EntryPoint\",\"urlTemplate\":\"https:\\\/\\\/novice.si\\\/page\\\/?s={search_term_string}\"},\"query-input\":{\"@type\":\"PropertyValueSpecification\",\"valueRequired\":true,\"valueName\":\"search_term_string\"}}],\"inLanguage\":\"sl-SI\"},{\"@type\":\"Organization\",\"@id\":\"https:\\\/\\\/novice.si\\\/page\\\/#organization\",\"name\":\"Novice.si\",\"url\":\"https:\\\/\\\/novice.si\\\/page\\\/\",\"logo\":{\"@type\":\"ImageObject\",\"inLanguage\":\"sl-SI\",\"@id\":\"https:\\\/\\\/novice.si\\\/page\\\/#\\\/schema\\\/logo\\\/image\\\/\",\"url\":\"https:\\\/\\\/novice.si\\\/page\\\/wp-content\\\/uploads\\\/2023\\\/03\\\/novice_si.png\",\"contentUrl\":\"https:\\\/\\\/novice.si\\\/page\\\/wp-content\\\/uploads\\\/2023\\\/03\\\/novice_si.png\",\"width\":576,\"height\":200,\"caption\":\"Novice.si\"},\"image\":{\"@id\":\"https:\\\/\\\/novice.si\\\/page\\\/#\\\/schema\\\/logo\\\/image\\\/\"}},{\"@type\":\"Person\",\"@id\":\"https:\\\/\\\/novice.si\\\/page\\\/#\\\/schema\\\/person\\\/57f25c9642a9541c7349c65d32032c3e\",\"name\":\"Uredni\u0161tvo Celjana\",\"image\":{\"@type\":\"ImageObject\",\"inLanguage\":\"sl-SI\",\"@id\":\"https:\\\/\\\/secure.gravatar.com\\\/avatar\\\/78e52bc4279b65f6df6345e0ef0f7b792d361361f230cf4ffecfe0afe6d5629c?s=96&d=mm&r=g\",\"url\":\"https:\\\/\\\/secure.gravatar.com\\\/avatar\\\/78e52bc4279b65f6df6345e0ef0f7b792d361361f230cf4ffecfe0afe6d5629c?s=96&d=mm&r=g\",\"contentUrl\":\"https:\\\/\\\/secure.gravatar.com\\\/avatar\\\/78e52bc4279b65f6df6345e0ef0f7b792d361361f230cf4ffecfe0afe6d5629c?s=96&d=mm&r=g\",\"caption\":\"Uredni\u0161tvo Celjana\"},\"url\":\"https:\\\/\\\/novice.si\\\/page\\\/author\\\/primoz\\\/\"}]}<\/script>\n<!-- \/ Yoast SEO plugin. -->","yoast_head_json":{"title":"CELJE Sodniki s prekinitvijo opozorili na svoje delo in polo\u017eaj - Novice.si","robots":{"index":"index","follow":"follow","max-snippet":"max-snippet:-1","max-image-preview":"max-image-preview:large","max-video-preview":"max-video-preview:-1"},"canonical":"https:\/\/novice.si\/page\/celje-sodniki-s-prekinitvijo-opozorili-na-svoje-delo-in-polozaj\/","og_locale":"sl_SI","og_type":"article","og_title":"CELJE Sodniki s prekinitvijo opozorili na svoje delo in polo\u017eaj - Novice.si","og_description":"Tudi sodniki celjskega okro\u017eja so dopoldne za eno uro ustavili delo in na protestnem shodu opozorili na polo\u017eaj, v katerem so se zna\u0161li po 90 dneh, ko bi dr\u017eava morala udejaniti odlo\u010dbo ustavnega sodi\u0161\u010da o uskladitvi njihovih prejemkov. Sodniki so predstavili te\u017eave, s katerimi se vsakodnevno sre\u010dujejo pri svojem delu, kakor tudi sam obseg dela, [&hellip;]","og_url":"https:\/\/novice.si\/page\/celje-sodniki-s-prekinitvijo-opozorili-na-svoje-delo-in-polozaj\/","og_site_name":"Novice.si","article_published_time":"2024-04-03T16:41:00+00:00","article_modified_time":"2024-04-03T16:41:35+00:00","og_image":[{"width":1920,"height":2560,"url":"https:\/\/novice.si\/page\/wp-content\/uploads\/2024\/04\/sodniki-protestni-zbor-7-scaled.jpg","type":"image\/jpeg"}],"author":"Uredni\u0161tvo Celjana","twitter_card":"summary_large_image","twitter_misc":{"Written by":"Uredni\u0161tvo Celjana","Est. reading time":"2 minuti"},"schema":{"@context":"https:\/\/schema.org","@graph":[{"@type":"Article","@id":"https:\/\/novice.si\/page\/celje-sodniki-s-prekinitvijo-opozorili-na-svoje-delo-in-polozaj\/#article","isPartOf":{"@id":"https:\/\/novice.si\/page\/celje-sodniki-s-prekinitvijo-opozorili-na-svoje-delo-in-polozaj\/"},"author":{"name":"Uredni\u0161tvo Celjana","@id":"https:\/\/novice.si\/page\/#\/schema\/person\/57f25c9642a9541c7349c65d32032c3e"},"headline":"CELJE Sodniki s prekinitvijo opozorili na svoje delo in polo\u017eaj","datePublished":"2024-04-03T16:41:00+00:00","dateModified":"2024-04-03T16:41:35+00:00","mainEntityOfPage":{"@id":"https:\/\/novice.si\/page\/celje-sodniki-s-prekinitvijo-opozorili-na-svoje-delo-in-polozaj\/"},"wordCount":175,"publisher":{"@id":"https:\/\/novice.si\/page\/#organization"},"image":{"@id":"https:\/\/novice.si\/page\/celje-sodniki-s-prekinitvijo-opozorili-na-svoje-delo-in-polozaj\/#primaryimage"},"thumbnailUrl":"https:\/\/novice.si\/page\/wp-content\/uploads\/2024\/04\/sodniki-protestni-zbor-7-scaled.jpg","keywords":["prekinitev dela","protest sodnikov","sodni\u0161ko delo","ustavno sodi\u0161\u010de"],"articleSection":["Aktualno","Celjsko","Kronika"],"inLanguage":"sl-SI"},{"@type":"WebPage","@id":"https:\/\/novice.si\/page\/celje-sodniki-s-prekinitvijo-opozorili-na-svoje-delo-in-polozaj\/","url":"https:\/\/novice.si\/page\/celje-sodniki-s-prekinitvijo-opozorili-na-svoje-delo-in-polozaj\/","name":"CELJE Sodniki s prekinitvijo opozorili na svoje delo in polo\u017eaj - Novice.si","isPartOf":{"@id":"https:\/\/novice.si\/page\/#website"},"primaryImageOfPage":{"@id":"https:\/\/novice.si\/page\/celje-sodniki-s-prekinitvijo-opozorili-na-svoje-delo-in-polozaj\/#primaryimage"},"image":{"@id":"https:\/\/novice.si\/page\/celje-sodniki-s-prekinitvijo-opozorili-na-svoje-delo-in-polozaj\/#primaryimage"},"thumbnailUrl":"https:\/\/novice.si\/page\/wp-content\/uploads\/2024\/04\/sodniki-protestni-zbor-7-scaled.jpg","datePublished":"2024-04-03T16:41:00+00:00","dateModified":"2024-04-03T16:41:35+00:00","breadcrumb":{"@id":"https:\/\/novice.si\/page\/celje-sodniki-s-prekinitvijo-opozorili-na-svoje-delo-in-polozaj\/#breadcrumb"},"inLanguage":"sl-SI","potentialAction":[{"@type":"ReadAction","target":["https:\/\/novice.si\/page\/celje-sodniki-s-prekinitvijo-opozorili-na-svoje-delo-in-polozaj\/"]}]},{"@type":"ImageObject","inLanguage":"sl-SI","@id":"https:\/\/novice.si\/page\/celje-sodniki-s-prekinitvijo-opozorili-na-svoje-delo-in-polozaj\/#primaryimage","url":"https:\/\/novice.si\/page\/wp-content\/uploads\/2024\/04\/sodniki-protestni-zbor-7-scaled.jpg","contentUrl":"https:\/\/novice.si\/page\/wp-content\/uploads\/2024\/04\/sodniki-protestni-zbor-7-scaled.jpg","width":1920,"height":2560},{"@type":"BreadcrumbList","@id":"https:\/\/novice.si\/page\/celje-sodniki-s-prekinitvijo-opozorili-na-svoje-delo-in-polozaj\/#breadcrumb","itemListElement":[{"@type":"ListItem","position":1,"name":"Home","item":"https:\/\/novice.si\/page\/"},{"@type":"ListItem","position":2,"name":"CELJE Sodniki s prekinitvijo opozorili na svoje delo in polo\u017eaj"}]},{"@type":"WebSite","@id":"https:\/\/novice.si\/page\/#website","url":"https:\/\/novice.si\/page\/","name":"Novice.si","description":"","publisher":{"@id":"https:\/\/novice.si\/page\/#organization"},"potentialAction":[{"@type":"SearchAction","target":{"@type":"EntryPoint","urlTemplate":"https:\/\/novice.si\/page\/?s={search_term_string}"},"query-input":{"@type":"PropertyValueSpecification","valueRequired":true,"valueName":"search_term_string"}}],"inLanguage":"sl-SI"},{"@type":"Organization","@id":"https:\/\/novice.si\/page\/#organization","name":"Novice.si","url":"https:\/\/novice.si\/page\/","logo":{"@type":"ImageObject","inLanguage":"sl-SI","@id":"https:\/\/novice.si\/page\/#\/schema\/logo\/image\/","url":"https:\/\/novice.si\/page\/wp-content\/uploads\/2023\/03\/novice_si.png","contentUrl":"https:\/\/novice.si\/page\/wp-content\/uploads\/2023\/03\/novice_si.png","width":576,"height":200,"caption":"Novice.si"},"image":{"@id":"https:\/\/novice.si\/page\/#\/schema\/logo\/image\/"}},{"@type":"Person","@id":"https:\/\/novice.si\/page\/#\/schema\/person\/57f25c9642a9541c7349c65d32032c3e","name":"Uredni\u0161tvo Celjana","image":{"@type":"ImageObject","inLanguage":"sl-SI","@id":"https:\/\/secure.gravatar.com\/avatar\/78e52bc4279b65f6df6345e0ef0f7b792d361361f230cf4ffecfe0afe6d5629c?s=96&d=mm&r=g","url":"https:\/\/secure.gravatar.com\/avatar\/78e52bc4279b65f6df6345e0ef0f7b792d361361f230cf4ffecfe0afe6d5629c?s=96&d=mm&r=g","contentUrl":"https:\/\/secure.gravatar.com\/avatar\/78e52bc4279b65f6df6345e0ef0f7b792d361361f230cf4ffecfe0afe6d5629c?s=96&d=mm&r=g","caption":"Uredni\u0161tvo Celjana"},"url":"https:\/\/novice.si\/page\/author\/primoz\/"}]}},"_links":{"self":[{"href":"https:\/\/novice.si\/page\/wp-json\/wp\/v2\/posts\/173300","targetHints":{"allow":["GET"]}}],"collection":[{"href":"https:\/\/novice.si\/page\/wp-json\/wp\/v2\/posts"}],"about":[{"href":"https:\/\/novice.si\/page\/wp-json\/wp\/v2\/types\/post"}],"author":[{"embeddable":true,"href":"https:\/\/novice.si\/page\/wp-json\/wp\/v2\/users\/33"}],"replies":[{"embeddable":true,"href":"https:\/\/novice.si\/page\/wp-json\/wp\/v2\/comments?post=173300"}],"version-history":[{"count":2,"href":"https:\/\/novice.si\/page\/wp-json\/wp\/v2\/posts\/173300\/revisions"}],"predecessor-version":[{"id":173304,"href":"https:\/\/novice.si\/page\/wp-json\/wp\/v2\/posts\/173300\/revisions\/173304"}],"wp:featuredmedia":[{"embeddable":true,"href":"https:\/\/novice.si\/page\/wp-json\/wp\/v2\/media\/173302"}],"wp:attachment":[{"href":"https:\/\/novice.si\/page\/wp-json\/wp\/v2\/media?parent=173300"}],"wp:term":[{"taxonomy":"category","embeddable":true,"href":"https:\/\/novice.si\/page\/wp-json\/wp\/v2\/categories?post=173300"},{"taxonomy":"post_tag","embeddable":true,"href":"https:\/\/novice.si\/page\/wp-json\/wp\/v2\/tags?post=173300"}],"curies":[{"name":"wp","href":"https:\/\/api.w.org\/{rel}","templated":true}]}}