{"id":171665,"date":"2024-02-08T13:29:16","date_gmt":"2024-02-08T12:29:16","guid":{"rendered":"https:\/\/novice.si\/page\/?p=171665"},"modified":"2024-02-08T13:29:16","modified_gmt":"2024-02-08T12:29:16","slug":"sentjur-obcinski-kulturni-nagrajenci","status":"publish","type":"post","link":"https:\/\/novice.si\/page\/sentjur-obcinski-kulturni-nagrajenci\/","title":{"rendered":"\u0160ENTJUR Ob\u010dinski kulturni nagrajenci"},"content":{"rendered":"<p><strong><img loading=\"lazy\" decoding=\"async\" class=\" wp-image-171667 alignleft\" src=\"https:\/\/novice.si\/page\/wp-content\/uploads\/2024\/02\/Nagrade-kultura-sentjur-IKC-600x338.jpg\" alt=\"\" width=\"431\" height=\"243\" srcset=\"https:\/\/novice.si\/page\/wp-content\/uploads\/2024\/02\/Nagrade-kultura-sentjur-IKC-600x338.jpg 600w, https:\/\/novice.si\/page\/wp-content\/uploads\/2024\/02\/Nagrade-kultura-sentjur-IKC-1024x576.jpg 1024w, https:\/\/novice.si\/page\/wp-content\/uploads\/2024\/02\/Nagrade-kultura-sentjur-IKC-768x432.jpg 768w, https:\/\/novice.si\/page\/wp-content\/uploads\/2024\/02\/Nagrade-kultura-sentjur-IKC-696x392.jpg 696w, https:\/\/novice.si\/page\/wp-content\/uploads\/2024\/02\/Nagrade-kultura-sentjur-IKC-1068x601.jpg 1068w, https:\/\/novice.si\/page\/wp-content\/uploads\/2024\/02\/Nagrade-kultura-sentjur-IKC-747x420.jpg 747w, https:\/\/novice.si\/page\/wp-content\/uploads\/2024\/02\/Nagrade-kultura-sentjur-IKC-24x14.jpg 24w, https:\/\/novice.si\/page\/wp-content\/uploads\/2024\/02\/Nagrade-kultura-sentjur-IKC-36x20.jpg 36w, https:\/\/novice.si\/page\/wp-content\/uploads\/2024\/02\/Nagrade-kultura-sentjur-IKC-48x27.jpg 48w, https:\/\/novice.si\/page\/wp-content\/uploads\/2024\/02\/Nagrade-kultura-sentjur-IKC.jpg 1200w\" sizes=\"auto, (max-width: 431px) 100vw, 431px\" \/>Sinja Gra\u010dnar<\/strong>, Otro\u0161ka pevska zbora iz Dobja in Dramelj, drameljski mladinski pevski zbor, Pihalni orkester \u0160entjur in Gledali\u0161ka skupine Osnovne \u0161ole Franja Malgaja so prejemniki priznanj za kulturne dose\u017eke v ob\u010dini \u0160entjur.<\/p>\n<p>Prejeli so jih na osrednji ob\u010dinski slovesnosti ob kulturnem prazniku v Ipav\u010devem kulturnem centru, kjer je zbrane nagovorila slavnostna govornica evropska poslanka <strong>Ljudmila Novak<\/strong>.<\/p>\n<p>P\u0160<\/p>\n","protected":false},"excerpt":{"rendered":"<p>Sinja Gra\u010dnar, Otro\u0161ka pevska zbora iz Dobja in Dramelj, drameljski mladinski pevski zbor, Pihalni orkester \u0160entjur in Gledali\u0161ka skupine Osnovne \u0161ole Franja Malgaja so prejemniki priznanj za kulturne dose\u017eke v ob\u010dini \u0160entjur. Prejeli so jih na osrednji ob\u010dinski slovesnosti ob kulturnem prazniku v Ipav\u010devem kulturnem centru, kjer je zbrane nagovorila slavnostna govornica evropska poslanka Ljudmila [&hellip;]<\/p>\n","protected":false},"author":33,"featured_media":171666,"comment_status":"closed","ping_status":"closed","sticky":false,"template":"","format":"standard","meta":{"footnotes":""},"categories":[57],"tags":[4406,19780,19782,19781,56],"class_list":{"0":"post-171665","1":"post","2":"type-post","3":"status-publish","4":"format-standard","5":"has-post-thumbnail","7":"category-sentjursko","8":"tag-ikc","9":"tag-kiultura","10":"tag-ljudmila-novak","11":"tag-obcinski-nagrajenci-v-kulturi","12":"tag-sentjur"},"yoast_head":"<!-- This site is optimized with the Yoast SEO plugin v27.4 - https:\/\/yoast.com\/product\/yoast-seo-wordpress\/ -->\n<title>\u0160ENTJUR Ob\u010dinski kulturni nagrajenci - Novice.si<\/title>\n<meta name=\"robots\" content=\"index, follow, max-snippet:-1, max-image-preview:large, max-video-preview:-1\" \/>\n<link rel=\"canonical\" href=\"https:\/\/novice.si\/page\/sentjur-obcinski-kulturni-nagrajenci\/\" \/>\n<meta property=\"og:locale\" content=\"sl_SI\" \/>\n<meta property=\"og:type\" content=\"article\" \/>\n<meta property=\"og:title\" content=\"\u0160ENTJUR Ob\u010dinski kulturni nagrajenci - Novice.si\" \/>\n<meta property=\"og:description\" content=\"Sinja Gra\u010dnar, Otro\u0161ka pevska zbora iz Dobja in Dramelj, drameljski mladinski pevski zbor, Pihalni orkester \u0160entjur in Gledali\u0161ka skupine Osnovne \u0161ole Franja Malgaja so prejemniki priznanj za kulturne dose\u017eke v ob\u010dini \u0160entjur. Prejeli so jih na osrednji ob\u010dinski slovesnosti ob kulturnem prazniku v Ipav\u010devem kulturnem centru, kjer je zbrane nagovorila slavnostna govornica evropska poslanka Ljudmila [&hellip;]\" \/>\n<meta property=\"og:url\" content=\"https:\/\/novice.si\/page\/sentjur-obcinski-kulturni-nagrajenci\/\" \/>\n<meta property=\"og:site_name\" content=\"Novice.si\" \/>\n<meta property=\"article:published_time\" content=\"2024-02-08T12:29:16+00:00\" \/>\n<meta property=\"og:image\" content=\"https:\/\/novice.si\/page\/wp-content\/uploads\/2024\/02\/OPZ-Dobje.jpg\" \/>\n\t<meta property=\"og:image:width\" content=\"1200\" \/>\n\t<meta property=\"og:image:height\" content=\"900\" \/>\n\t<meta property=\"og:image:type\" content=\"image\/jpeg\" \/>\n<meta name=\"author\" content=\"Uredni\u0161tvo Celjana\" \/>\n<meta name=\"twitter:card\" content=\"summary_large_image\" \/>\n<meta name=\"twitter:label1\" content=\"Written by\" \/>\n\t<meta name=\"twitter:data1\" content=\"Uredni\u0161tvo Celjana\" \/>\n\t<meta name=\"twitter:label2\" content=\"Est. reading time\" \/>\n\t<meta name=\"twitter:data2\" content=\"1 minuta\" \/>\n<script type=\"application\/ld+json\" class=\"yoast-schema-graph\">{\"@context\":\"https:\\\/\\\/schema.org\",\"@graph\":[{\"@type\":\"Article\",\"@id\":\"https:\\\/\\\/novice.si\\\/page\\\/sentjur-obcinski-kulturni-nagrajenci\\\/#article\",\"isPartOf\":{\"@id\":\"https:\\\/\\\/novice.si\\\/page\\\/sentjur-obcinski-kulturni-nagrajenci\\\/\"},\"author\":{\"name\":\"Uredni\u0161tvo Celjana\",\"@id\":\"https:\\\/\\\/novice.si\\\/page\\\/#\\\/schema\\\/person\\\/57f25c9642a9541c7349c65d32032c3e\"},\"headline\":\"\u0160ENTJUR Ob\u010dinski kulturni nagrajenci\",\"datePublished\":\"2024-02-08T12:29:16+00:00\",\"mainEntityOfPage\":{\"@id\":\"https:\\\/\\\/novice.si\\\/page\\\/sentjur-obcinski-kulturni-nagrajenci\\\/\"},\"wordCount\":69,\"publisher\":{\"@id\":\"https:\\\/\\\/novice.si\\\/page\\\/#organization\"},\"image\":{\"@id\":\"https:\\\/\\\/novice.si\\\/page\\\/sentjur-obcinski-kulturni-nagrajenci\\\/#primaryimage\"},\"thumbnailUrl\":\"https:\\\/\\\/novice.si\\\/page\\\/wp-content\\\/uploads\\\/2024\\\/02\\\/OPZ-Dobje.jpg\",\"keywords\":[\"IKC\",\"KIultura\",\"Ljudmila Novak\",\"ob\u010dinski nagrajenci v kulturi\",\"\u0160entjur\"],\"articleSection\":[\"\u0160entjursko\"],\"inLanguage\":\"sl-SI\"},{\"@type\":\"WebPage\",\"@id\":\"https:\\\/\\\/novice.si\\\/page\\\/sentjur-obcinski-kulturni-nagrajenci\\\/\",\"url\":\"https:\\\/\\\/novice.si\\\/page\\\/sentjur-obcinski-kulturni-nagrajenci\\\/\",\"name\":\"\u0160ENTJUR Ob\u010dinski kulturni nagrajenci - Novice.si\",\"isPartOf\":{\"@id\":\"https:\\\/\\\/novice.si\\\/page\\\/#website\"},\"primaryImageOfPage\":{\"@id\":\"https:\\\/\\\/novice.si\\\/page\\\/sentjur-obcinski-kulturni-nagrajenci\\\/#primaryimage\"},\"image\":{\"@id\":\"https:\\\/\\\/novice.si\\\/page\\\/sentjur-obcinski-kulturni-nagrajenci\\\/#primaryimage\"},\"thumbnailUrl\":\"https:\\\/\\\/novice.si\\\/page\\\/wp-content\\\/uploads\\\/2024\\\/02\\\/OPZ-Dobje.jpg\",\"datePublished\":\"2024-02-08T12:29:16+00:00\",\"breadcrumb\":{\"@id\":\"https:\\\/\\\/novice.si\\\/page\\\/sentjur-obcinski-kulturni-nagrajenci\\\/#breadcrumb\"},\"inLanguage\":\"sl-SI\",\"potentialAction\":[{\"@type\":\"ReadAction\",\"target\":[\"https:\\\/\\\/novice.si\\\/page\\\/sentjur-obcinski-kulturni-nagrajenci\\\/\"]}]},{\"@type\":\"ImageObject\",\"inLanguage\":\"sl-SI\",\"@id\":\"https:\\\/\\\/novice.si\\\/page\\\/sentjur-obcinski-kulturni-nagrajenci\\\/#primaryimage\",\"url\":\"https:\\\/\\\/novice.si\\\/page\\\/wp-content\\\/uploads\\\/2024\\\/02\\\/OPZ-Dobje.jpg\",\"contentUrl\":\"https:\\\/\\\/novice.si\\\/page\\\/wp-content\\\/uploads\\\/2024\\\/02\\\/OPZ-Dobje.jpg\",\"width\":1200,\"height\":900},{\"@type\":\"BreadcrumbList\",\"@id\":\"https:\\\/\\\/novice.si\\\/page\\\/sentjur-obcinski-kulturni-nagrajenci\\\/#breadcrumb\",\"itemListElement\":[{\"@type\":\"ListItem\",\"position\":1,\"name\":\"Home\",\"item\":\"https:\\\/\\\/novice.si\\\/page\\\/\"},{\"@type\":\"ListItem\",\"position\":2,\"name\":\"\u0160ENTJUR Ob\u010dinski kulturni nagrajenci\"}]},{\"@type\":\"WebSite\",\"@id\":\"https:\\\/\\\/novice.si\\\/page\\\/#website\",\"url\":\"https:\\\/\\\/novice.si\\\/page\\\/\",\"name\":\"Novice.si\",\"description\":\"\",\"publisher\":{\"@id\":\"https:\\\/\\\/novice.si\\\/page\\\/#organization\"},\"potentialAction\":[{\"@type\":\"SearchAction\",\"target\":{\"@type\":\"EntryPoint\",\"urlTemplate\":\"https:\\\/\\\/novice.si\\\/page\\\/?s={search_term_string}\"},\"query-input\":{\"@type\":\"PropertyValueSpecification\",\"valueRequired\":true,\"valueName\":\"search_term_string\"}}],\"inLanguage\":\"sl-SI\"},{\"@type\":\"Organization\",\"@id\":\"https:\\\/\\\/novice.si\\\/page\\\/#organization\",\"name\":\"Novice.si\",\"url\":\"https:\\\/\\\/novice.si\\\/page\\\/\",\"logo\":{\"@type\":\"ImageObject\",\"inLanguage\":\"sl-SI\",\"@id\":\"https:\\\/\\\/novice.si\\\/page\\\/#\\\/schema\\\/logo\\\/image\\\/\",\"url\":\"https:\\\/\\\/novice.si\\\/page\\\/wp-content\\\/uploads\\\/2023\\\/03\\\/novice_si.png\",\"contentUrl\":\"https:\\\/\\\/novice.si\\\/page\\\/wp-content\\\/uploads\\\/2023\\\/03\\\/novice_si.png\",\"width\":576,\"height\":200,\"caption\":\"Novice.si\"},\"image\":{\"@id\":\"https:\\\/\\\/novice.si\\\/page\\\/#\\\/schema\\\/logo\\\/image\\\/\"}},{\"@type\":\"Person\",\"@id\":\"https:\\\/\\\/novice.si\\\/page\\\/#\\\/schema\\\/person\\\/57f25c9642a9541c7349c65d32032c3e\",\"name\":\"Uredni\u0161tvo Celjana\",\"image\":{\"@type\":\"ImageObject\",\"inLanguage\":\"sl-SI\",\"@id\":\"https:\\\/\\\/secure.gravatar.com\\\/avatar\\\/78e52bc4279b65f6df6345e0ef0f7b792d361361f230cf4ffecfe0afe6d5629c?s=96&d=mm&r=g\",\"url\":\"https:\\\/\\\/secure.gravatar.com\\\/avatar\\\/78e52bc4279b65f6df6345e0ef0f7b792d361361f230cf4ffecfe0afe6d5629c?s=96&d=mm&r=g\",\"contentUrl\":\"https:\\\/\\\/secure.gravatar.com\\\/avatar\\\/78e52bc4279b65f6df6345e0ef0f7b792d361361f230cf4ffecfe0afe6d5629c?s=96&d=mm&r=g\",\"caption\":\"Uredni\u0161tvo Celjana\"},\"url\":\"https:\\\/\\\/novice.si\\\/page\\\/author\\\/primoz\\\/\"}]}<\/script>\n<!-- \/ Yoast SEO plugin. -->","yoast_head_json":{"title":"\u0160ENTJUR Ob\u010dinski kulturni nagrajenci - Novice.si","robots":{"index":"index","follow":"follow","max-snippet":"max-snippet:-1","max-image-preview":"max-image-preview:large","max-video-preview":"max-video-preview:-1"},"canonical":"https:\/\/novice.si\/page\/sentjur-obcinski-kulturni-nagrajenci\/","og_locale":"sl_SI","og_type":"article","og_title":"\u0160ENTJUR Ob\u010dinski kulturni nagrajenci - Novice.si","og_description":"Sinja Gra\u010dnar, Otro\u0161ka pevska zbora iz Dobja in Dramelj, drameljski mladinski pevski zbor, Pihalni orkester \u0160entjur in Gledali\u0161ka skupine Osnovne \u0161ole Franja Malgaja so prejemniki priznanj za kulturne dose\u017eke v ob\u010dini \u0160entjur. Prejeli so jih na osrednji ob\u010dinski slovesnosti ob kulturnem prazniku v Ipav\u010devem kulturnem centru, kjer je zbrane nagovorila slavnostna govornica evropska poslanka Ljudmila [&hellip;]","og_url":"https:\/\/novice.si\/page\/sentjur-obcinski-kulturni-nagrajenci\/","og_site_name":"Novice.si","article_published_time":"2024-02-08T12:29:16+00:00","og_image":[{"width":1200,"height":900,"url":"https:\/\/novice.si\/page\/wp-content\/uploads\/2024\/02\/OPZ-Dobje.jpg","type":"image\/jpeg"}],"author":"Uredni\u0161tvo Celjana","twitter_card":"summary_large_image","twitter_misc":{"Written by":"Uredni\u0161tvo Celjana","Est. reading time":"1 minuta"},"schema":{"@context":"https:\/\/schema.org","@graph":[{"@type":"Article","@id":"https:\/\/novice.si\/page\/sentjur-obcinski-kulturni-nagrajenci\/#article","isPartOf":{"@id":"https:\/\/novice.si\/page\/sentjur-obcinski-kulturni-nagrajenci\/"},"author":{"name":"Uredni\u0161tvo Celjana","@id":"https:\/\/novice.si\/page\/#\/schema\/person\/57f25c9642a9541c7349c65d32032c3e"},"headline":"\u0160ENTJUR Ob\u010dinski kulturni nagrajenci","datePublished":"2024-02-08T12:29:16+00:00","mainEntityOfPage":{"@id":"https:\/\/novice.si\/page\/sentjur-obcinski-kulturni-nagrajenci\/"},"wordCount":69,"publisher":{"@id":"https:\/\/novice.si\/page\/#organization"},"image":{"@id":"https:\/\/novice.si\/page\/sentjur-obcinski-kulturni-nagrajenci\/#primaryimage"},"thumbnailUrl":"https:\/\/novice.si\/page\/wp-content\/uploads\/2024\/02\/OPZ-Dobje.jpg","keywords":["IKC","KIultura","Ljudmila Novak","ob\u010dinski nagrajenci v kulturi","\u0160entjur"],"articleSection":["\u0160entjursko"],"inLanguage":"sl-SI"},{"@type":"WebPage","@id":"https:\/\/novice.si\/page\/sentjur-obcinski-kulturni-nagrajenci\/","url":"https:\/\/novice.si\/page\/sentjur-obcinski-kulturni-nagrajenci\/","name":"\u0160ENTJUR Ob\u010dinski kulturni nagrajenci - Novice.si","isPartOf":{"@id":"https:\/\/novice.si\/page\/#website"},"primaryImageOfPage":{"@id":"https:\/\/novice.si\/page\/sentjur-obcinski-kulturni-nagrajenci\/#primaryimage"},"image":{"@id":"https:\/\/novice.si\/page\/sentjur-obcinski-kulturni-nagrajenci\/#primaryimage"},"thumbnailUrl":"https:\/\/novice.si\/page\/wp-content\/uploads\/2024\/02\/OPZ-Dobje.jpg","datePublished":"2024-02-08T12:29:16+00:00","breadcrumb":{"@id":"https:\/\/novice.si\/page\/sentjur-obcinski-kulturni-nagrajenci\/#breadcrumb"},"inLanguage":"sl-SI","potentialAction":[{"@type":"ReadAction","target":["https:\/\/novice.si\/page\/sentjur-obcinski-kulturni-nagrajenci\/"]}]},{"@type":"ImageObject","inLanguage":"sl-SI","@id":"https:\/\/novice.si\/page\/sentjur-obcinski-kulturni-nagrajenci\/#primaryimage","url":"https:\/\/novice.si\/page\/wp-content\/uploads\/2024\/02\/OPZ-Dobje.jpg","contentUrl":"https:\/\/novice.si\/page\/wp-content\/uploads\/2024\/02\/OPZ-Dobje.jpg","width":1200,"height":900},{"@type":"BreadcrumbList","@id":"https:\/\/novice.si\/page\/sentjur-obcinski-kulturni-nagrajenci\/#breadcrumb","itemListElement":[{"@type":"ListItem","position":1,"name":"Home","item":"https:\/\/novice.si\/page\/"},{"@type":"ListItem","position":2,"name":"\u0160ENTJUR Ob\u010dinski kulturni nagrajenci"}]},{"@type":"WebSite","@id":"https:\/\/novice.si\/page\/#website","url":"https:\/\/novice.si\/page\/","name":"Novice.si","description":"","publisher":{"@id":"https:\/\/novice.si\/page\/#organization"},"potentialAction":[{"@type":"SearchAction","target":{"@type":"EntryPoint","urlTemplate":"https:\/\/novice.si\/page\/?s={search_term_string}"},"query-input":{"@type":"PropertyValueSpecification","valueRequired":true,"valueName":"search_term_string"}}],"inLanguage":"sl-SI"},{"@type":"Organization","@id":"https:\/\/novice.si\/page\/#organization","name":"Novice.si","url":"https:\/\/novice.si\/page\/","logo":{"@type":"ImageObject","inLanguage":"sl-SI","@id":"https:\/\/novice.si\/page\/#\/schema\/logo\/image\/","url":"https:\/\/novice.si\/page\/wp-content\/uploads\/2023\/03\/novice_si.png","contentUrl":"https:\/\/novice.si\/page\/wp-content\/uploads\/2023\/03\/novice_si.png","width":576,"height":200,"caption":"Novice.si"},"image":{"@id":"https:\/\/novice.si\/page\/#\/schema\/logo\/image\/"}},{"@type":"Person","@id":"https:\/\/novice.si\/page\/#\/schema\/person\/57f25c9642a9541c7349c65d32032c3e","name":"Uredni\u0161tvo Celjana","image":{"@type":"ImageObject","inLanguage":"sl-SI","@id":"https:\/\/secure.gravatar.com\/avatar\/78e52bc4279b65f6df6345e0ef0f7b792d361361f230cf4ffecfe0afe6d5629c?s=96&d=mm&r=g","url":"https:\/\/secure.gravatar.com\/avatar\/78e52bc4279b65f6df6345e0ef0f7b792d361361f230cf4ffecfe0afe6d5629c?s=96&d=mm&r=g","contentUrl":"https:\/\/secure.gravatar.com\/avatar\/78e52bc4279b65f6df6345e0ef0f7b792d361361f230cf4ffecfe0afe6d5629c?s=96&d=mm&r=g","caption":"Uredni\u0161tvo Celjana"},"url":"https:\/\/novice.si\/page\/author\/primoz\/"}]}},"_links":{"self":[{"href":"https:\/\/novice.si\/page\/wp-json\/wp\/v2\/posts\/171665","targetHints":{"allow":["GET"]}}],"collection":[{"href":"https:\/\/novice.si\/page\/wp-json\/wp\/v2\/posts"}],"about":[{"href":"https:\/\/novice.si\/page\/wp-json\/wp\/v2\/types\/post"}],"author":[{"embeddable":true,"href":"https:\/\/novice.si\/page\/wp-json\/wp\/v2\/users\/33"}],"replies":[{"embeddable":true,"href":"https:\/\/novice.si\/page\/wp-json\/wp\/v2\/comments?post=171665"}],"version-history":[{"count":1,"href":"https:\/\/novice.si\/page\/wp-json\/wp\/v2\/posts\/171665\/revisions"}],"predecessor-version":[{"id":171668,"href":"https:\/\/novice.si\/page\/wp-json\/wp\/v2\/posts\/171665\/revisions\/171668"}],"wp:featuredmedia":[{"embeddable":true,"href":"https:\/\/novice.si\/page\/wp-json\/wp\/v2\/media\/171666"}],"wp:attachment":[{"href":"https:\/\/novice.si\/page\/wp-json\/wp\/v2\/media?parent=171665"}],"wp:term":[{"taxonomy":"category","embeddable":true,"href":"https:\/\/novice.si\/page\/wp-json\/wp\/v2\/categories?post=171665"},{"taxonomy":"post_tag","embeddable":true,"href":"https:\/\/novice.si\/page\/wp-json\/wp\/v2\/tags?post=171665"}],"curies":[{"name":"wp","href":"https:\/\/api.w.org\/{rel}","templated":true}]}}