{"id":171431,"date":"2024-02-03T10:05:46","date_gmt":"2024-02-03T09:05:46","guid":{"rendered":"https:\/\/novice.si\/page\/?p=171431"},"modified":"2024-02-01T21:10:53","modified_gmt":"2024-02-01T20:10:53","slug":"duh-mediterana-in-sirina-morja","status":"publish","type":"post","link":"https:\/\/novice.si\/page\/duh-mediterana-in-sirina-morja\/","title":{"rendered":"Duh Mediterana in \u0161irina morja"},"content":{"rendered":"<p><em>V Plesni forum Celje je Klapa HRM (Hrvatske ratne mornarice) Sv. Juraj prinesla duh Mediterana in \u0161irino morja.<\/em><\/p>\n<p>Sedem odli\u010dnih vokalistov pod vodstvom Marka Brali\u0107a je\u00a0 popolnoma o\u010daralo in prevzelo\u00a0 ob\u010dinstvo, ki je od navdu\u0161enja z njimi ves \u010das prepevalo. Z vami delimo nekaj foto utrinkov iz dogodka.<\/p>\n\r\n                <style type=\"text\/css\">\r\n                    \r\n                    #tdi_1  .td-doubleSlider-2 .td-item1 {\r\n                        background: url(https:\/\/novice.si\/page\/wp-content\/uploads\/2024\/02\/Klapa-hrm-klapa-1203-foto-plesni-forum-celje-80x60.jpg) 0 0 no-repeat;\r\n                    }\r\n                    #tdi_1  .td-doubleSlider-2 .td-item2 {\r\n                        background: url(https:\/\/novice.si\/page\/wp-content\/uploads\/2024\/02\/Klapa-hrm-VIP-1203-foto-plesni-forum-celje-80x60.jpg) 0 0 no-repeat;\r\n                    }\r\n                    #tdi_1  .td-doubleSlider-2 .td-item3 {\r\n                        background: url(https:\/\/novice.si\/page\/wp-content\/uploads\/2024\/02\/Klapa-hrm-vzdusje-1203-foto-plesni-forum-celje-80x60.jpg) 0 0 no-repeat;\r\n                    }\r\n                <\/style>\r\n\r\n                <div id=\"tdi_1\" class=\"td-gallery td-slide-on-2-columns\">\r\n                    <div class=\"post_td_gallery\">\r\n                        <div class=\"td-gallery-slide-top\">\r\n                           <div class=\"td-gallery-title\">Duh Mediterana in \u0161irina morja<\/div>\r\n\r\n                            <div class=\"td-gallery-controls-wrapper\">\r\n                                <div class=\"td-gallery-slide-count\"><span class=\"td-gallery-slide-item-focus\">1<\/span> od 3<\/div>\r\n                                <div class=\"td-gallery-slide-prev-next-but\">\r\n                                    <i class = \"td-icon-left doubleSliderPrevButton\"><\/i>\r\n                                    <i class = \"td-icon-right doubleSliderNextButton\"><\/i>\r\n                                <\/div>\r\n                            <\/div>\r\n                        <\/div>\r\n\r\n                        <div class = \"td-doubleSlider-1 \">\r\n                            <div class = \"td-slider\">\r\n                                \r\n                    <div class = \"td-slide-item td-item1\">\r\n                        <figure class=\"td-slide-galery-figure td-slide-popup-gallery\">\r\n                            <a class=\"slide-gallery-image-link\" href=\"https:\/\/novice.si\/page\/wp-content\/uploads\/2024\/02\/Klapa-hrm-klapa-1203-foto-plesni-forum-celje.jpg\" title=\"Klapa hrm klapa 1203 foto plesni forum celje\"  data-caption=\"Klapa Sveti Juraj HRM. Foto Plesni forum Celje\"  data-description=\"\" data-gallery>\r\n                                <img decoding=\"async\" src=\"https:\/\/novice.si\/page\/wp-content\/uploads\/2024\/02\/Klapa-hrm-klapa-1203-foto-plesni-forum-celje-560x420.jpg\" srcset=\"https:\/\/novice.si\/page\/wp-content\/uploads\/2024\/02\/Klapa-hrm-klapa-1203-foto-plesni-forum-celje-560x420.jpg 560w, https:\/\/novice.si\/page\/wp-content\/uploads\/2024\/02\/Klapa-hrm-klapa-1203-foto-plesni-forum-celje-600x450.jpg 600w, https:\/\/novice.si\/page\/wp-content\/uploads\/2024\/02\/Klapa-hrm-klapa-1203-foto-plesni-forum-celje-1024x768.jpg 1024w, https:\/\/novice.si\/page\/wp-content\/uploads\/2024\/02\/Klapa-hrm-klapa-1203-foto-plesni-forum-celje-768x576.jpg 768w, https:\/\/novice.si\/page\/wp-content\/uploads\/2024\/02\/Klapa-hrm-klapa-1203-foto-plesni-forum-celje-1536x1152.jpg 1536w, https:\/\/novice.si\/page\/wp-content\/uploads\/2024\/02\/Klapa-hrm-klapa-1203-foto-plesni-forum-celje-80x60.jpg 80w, https:\/\/novice.si\/page\/wp-content\/uploads\/2024\/02\/Klapa-hrm-klapa-1203-foto-plesni-forum-celje-265x198.jpg 265w, https:\/\/novice.si\/page\/wp-content\/uploads\/2024\/02\/Klapa-hrm-klapa-1203-foto-plesni-forum-celje-696x522.jpg 696w, https:\/\/novice.si\/page\/wp-content\/uploads\/2024\/02\/Klapa-hrm-klapa-1203-foto-plesni-forum-celje-1068x801.jpg 1068w, https:\/\/novice.si\/page\/wp-content\/uploads\/2024\/02\/Klapa-hrm-klapa-1203-foto-plesni-forum-celje-24x18.jpg 24w, https:\/\/novice.si\/page\/wp-content\/uploads\/2024\/02\/Klapa-hrm-klapa-1203-foto-plesni-forum-celje-36x27.jpg 36w, https:\/\/novice.si\/page\/wp-content\/uploads\/2024\/02\/Klapa-hrm-klapa-1203-foto-plesni-forum-celje-48x36.jpg 48w, https:\/\/novice.si\/page\/wp-content\/uploads\/2024\/02\/Klapa-hrm-klapa-1203-foto-plesni-forum-celje.jpg 1632w\" sizes=\"(max-width: 560px) 100vw, 560px\" alt=\"\">\r\n                            <\/a>\r\n                            <figcaption class = \"td-slide-caption td-gallery-slide-content\"><div class = \"td-gallery-slide-copywrite\">Klapa Sveti Juraj HRM. Foto Plesni forum Celje<\/div><\/figcaption>\r\n                        <\/figure>\r\n                    <\/div>\r\n                    <div class = \"td-slide-item td-item2\">\r\n                        <figure class=\"td-slide-galery-figure td-slide-popup-gallery\">\r\n                            <a class=\"slide-gallery-image-link\" href=\"https:\/\/novice.si\/page\/wp-content\/uploads\/2024\/02\/Klapa-hrm-VIP-1203-foto-plesni-forum-celje.jpg\" title=\"Klapa hrm VIP 1203 foto plesni forum celje\"  data-caption=\"Med ob\u010dinstvom je bilo kar nekaj znanih celjskih obrazov, ki so u\u017eivali v koncertu, med njimi tudi odvetnik Igor Milinkovi\u010d, Bo\u0161tjan Dermol, dr. Mitja Kova\u010d \u2026 Foto Plesni forum Celje \"  data-description=\"\" data-gallery>\r\n                                <img decoding=\"async\" src=\"https:\/\/novice.si\/page\/wp-content\/uploads\/2024\/02\/Klapa-hrm-VIP-1203-foto-plesni-forum-celje-560x420.jpg\" srcset=\"https:\/\/novice.si\/page\/wp-content\/uploads\/2024\/02\/Klapa-hrm-VIP-1203-foto-plesni-forum-celje-560x420.jpg 560w, https:\/\/novice.si\/page\/wp-content\/uploads\/2024\/02\/Klapa-hrm-VIP-1203-foto-plesni-forum-celje-600x450.jpg 600w, https:\/\/novice.si\/page\/wp-content\/uploads\/2024\/02\/Klapa-hrm-VIP-1203-foto-plesni-forum-celje-1024x768.jpg 1024w, https:\/\/novice.si\/page\/wp-content\/uploads\/2024\/02\/Klapa-hrm-VIP-1203-foto-plesni-forum-celje-768x576.jpg 768w, https:\/\/novice.si\/page\/wp-content\/uploads\/2024\/02\/Klapa-hrm-VIP-1203-foto-plesni-forum-celje-1536x1152.jpg 1536w, https:\/\/novice.si\/page\/wp-content\/uploads\/2024\/02\/Klapa-hrm-VIP-1203-foto-plesni-forum-celje-80x60.jpg 80w, https:\/\/novice.si\/page\/wp-content\/uploads\/2024\/02\/Klapa-hrm-VIP-1203-foto-plesni-forum-celje-265x198.jpg 265w, https:\/\/novice.si\/page\/wp-content\/uploads\/2024\/02\/Klapa-hrm-VIP-1203-foto-plesni-forum-celje-696x522.jpg 696w, https:\/\/novice.si\/page\/wp-content\/uploads\/2024\/02\/Klapa-hrm-VIP-1203-foto-plesni-forum-celje-1068x801.jpg 1068w, https:\/\/novice.si\/page\/wp-content\/uploads\/2024\/02\/Klapa-hrm-VIP-1203-foto-plesni-forum-celje-24x18.jpg 24w, https:\/\/novice.si\/page\/wp-content\/uploads\/2024\/02\/Klapa-hrm-VIP-1203-foto-plesni-forum-celje-36x27.jpg 36w, https:\/\/novice.si\/page\/wp-content\/uploads\/2024\/02\/Klapa-hrm-VIP-1203-foto-plesni-forum-celje-48x36.jpg 48w, https:\/\/novice.si\/page\/wp-content\/uploads\/2024\/02\/Klapa-hrm-VIP-1203-foto-plesni-forum-celje.jpg 1632w\" sizes=\"(max-width: 560px) 100vw, 560px\" alt=\"\">\r\n                            <\/a>\r\n                            <figcaption class = \"td-slide-caption td-gallery-slide-content\"><div class = \"td-gallery-slide-copywrite\">Med ob\u010dinstvom je bilo kar nekaj znanih celjskih obrazov, ki so u\u017eivali v koncertu, med njimi tudi odvetnik Igor Milinkovi\u010d, Bo\u0161tjan Dermol, dr. Mitja Kova\u010d \u2026 Foto Plesni forum Celje <\/div><\/figcaption>\r\n                        <\/figure>\r\n                    <\/div>\r\n                    <div class = \"td-slide-item td-item3\">\r\n                        <figure class=\"td-slide-galery-figure td-slide-popup-gallery\">\r\n                            <a class=\"slide-gallery-image-link\" href=\"https:\/\/novice.si\/page\/wp-content\/uploads\/2024\/02\/Klapa-hrm-vzdusje-1203-foto-plesni-forum-celje.jpg\" title=\"Klapa hrm vzdusje 1203 foto plesni forum celje\"  data-caption=\"Tudi po koncertu se je odli\u010dno vzdu\u0161je nadaljevalo v dru\u017eenju obiskovalcev s \u010dlani klape, ki so bili tako navdu\u0161eni nad odzivom celjskega ob\u010dinstva, da so kot poseben dodatek zapeli &#039;a capella&#039; \u0161e nekaj priljubljenih dalmatinskih pesmi. Foto Plesni forum Celje\"  data-description=\"\" data-gallery>\r\n                                <img decoding=\"async\" src=\"https:\/\/novice.si\/page\/wp-content\/uploads\/2024\/02\/Klapa-hrm-vzdusje-1203-foto-plesni-forum-celje-560x420.jpg\" srcset=\"https:\/\/novice.si\/page\/wp-content\/uploads\/2024\/02\/Klapa-hrm-vzdusje-1203-foto-plesni-forum-celje-560x420.jpg 560w, https:\/\/novice.si\/page\/wp-content\/uploads\/2024\/02\/Klapa-hrm-vzdusje-1203-foto-plesni-forum-celje-600x450.jpg 600w, https:\/\/novice.si\/page\/wp-content\/uploads\/2024\/02\/Klapa-hrm-vzdusje-1203-foto-plesni-forum-celje-1024x768.jpg 1024w, https:\/\/novice.si\/page\/wp-content\/uploads\/2024\/02\/Klapa-hrm-vzdusje-1203-foto-plesni-forum-celje-768x576.jpg 768w, https:\/\/novice.si\/page\/wp-content\/uploads\/2024\/02\/Klapa-hrm-vzdusje-1203-foto-plesni-forum-celje-1536x1152.jpg 1536w, https:\/\/novice.si\/page\/wp-content\/uploads\/2024\/02\/Klapa-hrm-vzdusje-1203-foto-plesni-forum-celje-80x60.jpg 80w, https:\/\/novice.si\/page\/wp-content\/uploads\/2024\/02\/Klapa-hrm-vzdusje-1203-foto-plesni-forum-celje-265x198.jpg 265w, https:\/\/novice.si\/page\/wp-content\/uploads\/2024\/02\/Klapa-hrm-vzdusje-1203-foto-plesni-forum-celje-696x522.jpg 696w, https:\/\/novice.si\/page\/wp-content\/uploads\/2024\/02\/Klapa-hrm-vzdusje-1203-foto-plesni-forum-celje-1068x801.jpg 1068w, https:\/\/novice.si\/page\/wp-content\/uploads\/2024\/02\/Klapa-hrm-vzdusje-1203-foto-plesni-forum-celje-24x18.jpg 24w, https:\/\/novice.si\/page\/wp-content\/uploads\/2024\/02\/Klapa-hrm-vzdusje-1203-foto-plesni-forum-celje-36x27.jpg 36w, https:\/\/novice.si\/page\/wp-content\/uploads\/2024\/02\/Klapa-hrm-vzdusje-1203-foto-plesni-forum-celje-48x36.jpg 48w, https:\/\/novice.si\/page\/wp-content\/uploads\/2024\/02\/Klapa-hrm-vzdusje-1203-foto-plesni-forum-celje.jpg 1600w\" sizes=\"(max-width: 560px) 100vw, 560px\" alt=\"\">\r\n                            <\/a>\r\n                            <figcaption class = \"td-slide-caption td-gallery-slide-content\"><div class = \"td-gallery-slide-copywrite\">Tudi po koncertu se je odli\u010dno vzdu\u0161je nadaljevalo v dru\u017eenju obiskovalcev s \u010dlani klape, ki so bili tako navdu\u0161eni nad odzivom celjskega ob\u010dinstva, da so kot poseben dodatek zapeli 'a capella' \u0161e nekaj priljubljenih dalmatinskih pesmi. Foto Plesni forum Celje<\/div><\/figcaption>\r\n                        <\/figure>\r\n                    <\/div>\r\n                            <\/div>\r\n                        <\/div>\r\n\r\n                        <div class = \"td-doubleSlider-2\">\r\n                            <div class = \"td-slider\">\r\n                                \r\n                    <div class = \"td-button td-item1\">\r\n                        <div class = \"td-border\"><\/div>\r\n                    <\/div>\r\n                    <div class = \"td-button td-item2\">\r\n                        <div class = \"td-border\"><\/div>\r\n                    <\/div>\r\n                    <div class = \"td-button td-item3\">\r\n                        <div class = \"td-border\"><\/div>\r\n                    <\/div>\r\n                            <\/div>\r\n                        <\/div>\r\n\r\n                    <\/div>\r\n\r\n                <\/div>\r\n                \n","protected":false},"excerpt":{"rendered":"<p>V Plesni forum Celje je Klapa HRM (Hrvatske ratne mornarice) Sv. Juraj prinesla duh Mediterana in \u0161irino morja. Sedem odli\u010dnih vokalistov pod vodstvom Marka Brali\u0107a je\u00a0 popolnoma o\u010daralo in prevzelo\u00a0 ob\u010dinstvo, ki je od navdu\u0161enja z njimi ves \u010das prepevalo. Z vami delimo nekaj foto utrinkov iz dogodka.<\/p>\n","protected":false},"author":55,"featured_media":171432,"comment_status":"closed","ping_status":"closed","sticky":false,"template":"","format":"standard","meta":{"footnotes":""},"categories":[14,142,17],"tags":[],"class_list":{"0":"post-171431","1":"post","2":"type-post","3":"status-publish","4":"format-standard","5":"has-post-thumbnail","7":"category-aktualno","8":"category-celjan","9":"category-celjsko"},"yoast_head":"<!-- This site is optimized with the Yoast SEO plugin v27.4 - https:\/\/yoast.com\/product\/yoast-seo-wordpress\/ -->\n<title>Duh Mediterana in \u0161irina morja - Novice.si<\/title>\n<meta name=\"robots\" content=\"index, follow, max-snippet:-1, max-image-preview:large, max-video-preview:-1\" \/>\n<link rel=\"canonical\" href=\"https:\/\/novice.si\/page\/duh-mediterana-in-sirina-morja\/\" \/>\n<meta property=\"og:locale\" content=\"sl_SI\" \/>\n<meta property=\"og:type\" content=\"article\" \/>\n<meta property=\"og:title\" content=\"Duh Mediterana in \u0161irina morja - Novice.si\" \/>\n<meta property=\"og:description\" content=\"V Plesni forum Celje je Klapa HRM (Hrvatske ratne mornarice) Sv. Juraj prinesla duh Mediterana in \u0161irino morja. Sedem odli\u010dnih vokalistov pod vodstvom Marka Brali\u0107a je\u00a0 popolnoma o\u010daralo in prevzelo\u00a0 ob\u010dinstvo, ki je od navdu\u0161enja z njimi ves \u010das prepevalo. Z vami delimo nekaj foto utrinkov iz dogodka.\" \/>\n<meta property=\"og:url\" content=\"https:\/\/novice.si\/page\/duh-mediterana-in-sirina-morja\/\" \/>\n<meta property=\"og:site_name\" content=\"Novice.si\" \/>\n<meta property=\"article:published_time\" content=\"2024-02-03T09:05:46+00:00\" \/>\n<meta property=\"og:image\" content=\"https:\/\/novice.si\/page\/wp-content\/uploads\/2024\/02\/Klapa-hrm-klapa-1203-foto-plesni-forum-celje.jpg\" \/>\n\t<meta property=\"og:image:width\" content=\"1632\" \/>\n\t<meta property=\"og:image:height\" content=\"1224\" \/>\n\t<meta property=\"og:image:type\" content=\"image\/jpeg\" \/>\n<meta name=\"author\" content=\"Uredni\u0161tvo Celjana\" \/>\n<meta name=\"twitter:card\" content=\"summary_large_image\" \/>\n<meta name=\"twitter:label1\" content=\"Written by\" \/>\n\t<meta name=\"twitter:data1\" content=\"Uredni\u0161tvo Celjana\" \/>\n\t<meta name=\"twitter:label2\" content=\"Est. reading time\" \/>\n\t<meta name=\"twitter:data2\" content=\"1 minuta\" \/>\n<script type=\"application\/ld+json\" class=\"yoast-schema-graph\">{\"@context\":\"https:\\\/\\\/schema.org\",\"@graph\":[{\"@type\":\"Article\",\"@id\":\"https:\\\/\\\/novice.si\\\/page\\\/duh-mediterana-in-sirina-morja\\\/#article\",\"isPartOf\":{\"@id\":\"https:\\\/\\\/novice.si\\\/page\\\/duh-mediterana-in-sirina-morja\\\/\"},\"author\":{\"name\":\"Uredni\u0161tvo Celjana\",\"@id\":\"https:\\\/\\\/novice.si\\\/page\\\/#\\\/schema\\\/person\\\/a49f233ef2777ec7b2e8d0662325bb48\"},\"headline\":\"Duh Mediterana in \u0161irina morja\",\"datePublished\":\"2024-02-03T09:05:46+00:00\",\"mainEntityOfPage\":{\"@id\":\"https:\\\/\\\/novice.si\\\/page\\\/duh-mediterana-in-sirina-morja\\\/\"},\"wordCount\":74,\"publisher\":{\"@id\":\"https:\\\/\\\/novice.si\\\/page\\\/#organization\"},\"image\":{\"@id\":\"https:\\\/\\\/novice.si\\\/page\\\/duh-mediterana-in-sirina-morja\\\/#primaryimage\"},\"thumbnailUrl\":\"https:\\\/\\\/novice.si\\\/page\\\/wp-content\\\/uploads\\\/2024\\\/02\\\/Klapa-hrm-klapa-1203-foto-plesni-forum-celje.jpg\",\"articleSection\":[\"Aktualno\",\"Celjan\",\"Celjsko\"],\"inLanguage\":\"sl-SI\"},{\"@type\":\"WebPage\",\"@id\":\"https:\\\/\\\/novice.si\\\/page\\\/duh-mediterana-in-sirina-morja\\\/\",\"url\":\"https:\\\/\\\/novice.si\\\/page\\\/duh-mediterana-in-sirina-morja\\\/\",\"name\":\"Duh Mediterana in \u0161irina morja - Novice.si\",\"isPartOf\":{\"@id\":\"https:\\\/\\\/novice.si\\\/page\\\/#website\"},\"primaryImageOfPage\":{\"@id\":\"https:\\\/\\\/novice.si\\\/page\\\/duh-mediterana-in-sirina-morja\\\/#primaryimage\"},\"image\":{\"@id\":\"https:\\\/\\\/novice.si\\\/page\\\/duh-mediterana-in-sirina-morja\\\/#primaryimage\"},\"thumbnailUrl\":\"https:\\\/\\\/novice.si\\\/page\\\/wp-content\\\/uploads\\\/2024\\\/02\\\/Klapa-hrm-klapa-1203-foto-plesni-forum-celje.jpg\",\"datePublished\":\"2024-02-03T09:05:46+00:00\",\"breadcrumb\":{\"@id\":\"https:\\\/\\\/novice.si\\\/page\\\/duh-mediterana-in-sirina-morja\\\/#breadcrumb\"},\"inLanguage\":\"sl-SI\",\"potentialAction\":[{\"@type\":\"ReadAction\",\"target\":[\"https:\\\/\\\/novice.si\\\/page\\\/duh-mediterana-in-sirina-morja\\\/\"]}]},{\"@type\":\"ImageObject\",\"inLanguage\":\"sl-SI\",\"@id\":\"https:\\\/\\\/novice.si\\\/page\\\/duh-mediterana-in-sirina-morja\\\/#primaryimage\",\"url\":\"https:\\\/\\\/novice.si\\\/page\\\/wp-content\\\/uploads\\\/2024\\\/02\\\/Klapa-hrm-klapa-1203-foto-plesni-forum-celje.jpg\",\"contentUrl\":\"https:\\\/\\\/novice.si\\\/page\\\/wp-content\\\/uploads\\\/2024\\\/02\\\/Klapa-hrm-klapa-1203-foto-plesni-forum-celje.jpg\",\"width\":1632,\"height\":1224,\"caption\":\"Klapa Sveti Juraj HRM. Foto Plesni forum Celje\"},{\"@type\":\"BreadcrumbList\",\"@id\":\"https:\\\/\\\/novice.si\\\/page\\\/duh-mediterana-in-sirina-morja\\\/#breadcrumb\",\"itemListElement\":[{\"@type\":\"ListItem\",\"position\":1,\"name\":\"Home\",\"item\":\"https:\\\/\\\/novice.si\\\/page\\\/\"},{\"@type\":\"ListItem\",\"position\":2,\"name\":\"Duh Mediterana in \u0161irina morja\"}]},{\"@type\":\"WebSite\",\"@id\":\"https:\\\/\\\/novice.si\\\/page\\\/#website\",\"url\":\"https:\\\/\\\/novice.si\\\/page\\\/\",\"name\":\"Novice.si\",\"description\":\"\",\"publisher\":{\"@id\":\"https:\\\/\\\/novice.si\\\/page\\\/#organization\"},\"potentialAction\":[{\"@type\":\"SearchAction\",\"target\":{\"@type\":\"EntryPoint\",\"urlTemplate\":\"https:\\\/\\\/novice.si\\\/page\\\/?s={search_term_string}\"},\"query-input\":{\"@type\":\"PropertyValueSpecification\",\"valueRequired\":true,\"valueName\":\"search_term_string\"}}],\"inLanguage\":\"sl-SI\"},{\"@type\":\"Organization\",\"@id\":\"https:\\\/\\\/novice.si\\\/page\\\/#organization\",\"name\":\"Novice.si\",\"url\":\"https:\\\/\\\/novice.si\\\/page\\\/\",\"logo\":{\"@type\":\"ImageObject\",\"inLanguage\":\"sl-SI\",\"@id\":\"https:\\\/\\\/novice.si\\\/page\\\/#\\\/schema\\\/logo\\\/image\\\/\",\"url\":\"https:\\\/\\\/novice.si\\\/page\\\/wp-content\\\/uploads\\\/2023\\\/03\\\/novice_si.png\",\"contentUrl\":\"https:\\\/\\\/novice.si\\\/page\\\/wp-content\\\/uploads\\\/2023\\\/03\\\/novice_si.png\",\"width\":576,\"height\":200,\"caption\":\"Novice.si\"},\"image\":{\"@id\":\"https:\\\/\\\/novice.si\\\/page\\\/#\\\/schema\\\/logo\\\/image\\\/\"}},{\"@type\":\"Person\",\"@id\":\"https:\\\/\\\/novice.si\\\/page\\\/#\\\/schema\\\/person\\\/a49f233ef2777ec7b2e8d0662325bb48\",\"name\":\"Uredni\u0161tvo Celjana\",\"image\":{\"@type\":\"ImageObject\",\"inLanguage\":\"sl-SI\",\"@id\":\"https:\\\/\\\/secure.gravatar.com\\\/avatar\\\/7f7863e616af8f92806c638dd1db3f1a238d83d1cc2ec3100afc06fbb7eb303f?s=96&d=mm&r=g\",\"url\":\"https:\\\/\\\/secure.gravatar.com\\\/avatar\\\/7f7863e616af8f92806c638dd1db3f1a238d83d1cc2ec3100afc06fbb7eb303f?s=96&d=mm&r=g\",\"contentUrl\":\"https:\\\/\\\/secure.gravatar.com\\\/avatar\\\/7f7863e616af8f92806c638dd1db3f1a238d83d1cc2ec3100afc06fbb7eb303f?s=96&d=mm&r=g\",\"caption\":\"Uredni\u0161tvo Celjana\"},\"url\":\"https:\\\/\\\/novice.si\\\/page\\\/author\\\/maja\\\/\"}]}<\/script>\n<!-- \/ Yoast SEO plugin. -->","yoast_head_json":{"title":"Duh Mediterana in \u0161irina morja - Novice.si","robots":{"index":"index","follow":"follow","max-snippet":"max-snippet:-1","max-image-preview":"max-image-preview:large","max-video-preview":"max-video-preview:-1"},"canonical":"https:\/\/novice.si\/page\/duh-mediterana-in-sirina-morja\/","og_locale":"sl_SI","og_type":"article","og_title":"Duh Mediterana in \u0161irina morja - Novice.si","og_description":"V Plesni forum Celje je Klapa HRM (Hrvatske ratne mornarice) Sv. Juraj prinesla duh Mediterana in \u0161irino morja. Sedem odli\u010dnih vokalistov pod vodstvom Marka Brali\u0107a je\u00a0 popolnoma o\u010daralo in prevzelo\u00a0 ob\u010dinstvo, ki je od navdu\u0161enja z njimi ves \u010das prepevalo. Z vami delimo nekaj foto utrinkov iz dogodka.","og_url":"https:\/\/novice.si\/page\/duh-mediterana-in-sirina-morja\/","og_site_name":"Novice.si","article_published_time":"2024-02-03T09:05:46+00:00","og_image":[{"width":1632,"height":1224,"url":"https:\/\/novice.si\/page\/wp-content\/uploads\/2024\/02\/Klapa-hrm-klapa-1203-foto-plesni-forum-celje.jpg","type":"image\/jpeg"}],"author":"Uredni\u0161tvo Celjana","twitter_card":"summary_large_image","twitter_misc":{"Written by":"Uredni\u0161tvo Celjana","Est. reading time":"1 minuta"},"schema":{"@context":"https:\/\/schema.org","@graph":[{"@type":"Article","@id":"https:\/\/novice.si\/page\/duh-mediterana-in-sirina-morja\/#article","isPartOf":{"@id":"https:\/\/novice.si\/page\/duh-mediterana-in-sirina-morja\/"},"author":{"name":"Uredni\u0161tvo Celjana","@id":"https:\/\/novice.si\/page\/#\/schema\/person\/a49f233ef2777ec7b2e8d0662325bb48"},"headline":"Duh Mediterana in \u0161irina morja","datePublished":"2024-02-03T09:05:46+00:00","mainEntityOfPage":{"@id":"https:\/\/novice.si\/page\/duh-mediterana-in-sirina-morja\/"},"wordCount":74,"publisher":{"@id":"https:\/\/novice.si\/page\/#organization"},"image":{"@id":"https:\/\/novice.si\/page\/duh-mediterana-in-sirina-morja\/#primaryimage"},"thumbnailUrl":"https:\/\/novice.si\/page\/wp-content\/uploads\/2024\/02\/Klapa-hrm-klapa-1203-foto-plesni-forum-celje.jpg","articleSection":["Aktualno","Celjan","Celjsko"],"inLanguage":"sl-SI"},{"@type":"WebPage","@id":"https:\/\/novice.si\/page\/duh-mediterana-in-sirina-morja\/","url":"https:\/\/novice.si\/page\/duh-mediterana-in-sirina-morja\/","name":"Duh Mediterana in \u0161irina morja - Novice.si","isPartOf":{"@id":"https:\/\/novice.si\/page\/#website"},"primaryImageOfPage":{"@id":"https:\/\/novice.si\/page\/duh-mediterana-in-sirina-morja\/#primaryimage"},"image":{"@id":"https:\/\/novice.si\/page\/duh-mediterana-in-sirina-morja\/#primaryimage"},"thumbnailUrl":"https:\/\/novice.si\/page\/wp-content\/uploads\/2024\/02\/Klapa-hrm-klapa-1203-foto-plesni-forum-celje.jpg","datePublished":"2024-02-03T09:05:46+00:00","breadcrumb":{"@id":"https:\/\/novice.si\/page\/duh-mediterana-in-sirina-morja\/#breadcrumb"},"inLanguage":"sl-SI","potentialAction":[{"@type":"ReadAction","target":["https:\/\/novice.si\/page\/duh-mediterana-in-sirina-morja\/"]}]},{"@type":"ImageObject","inLanguage":"sl-SI","@id":"https:\/\/novice.si\/page\/duh-mediterana-in-sirina-morja\/#primaryimage","url":"https:\/\/novice.si\/page\/wp-content\/uploads\/2024\/02\/Klapa-hrm-klapa-1203-foto-plesni-forum-celje.jpg","contentUrl":"https:\/\/novice.si\/page\/wp-content\/uploads\/2024\/02\/Klapa-hrm-klapa-1203-foto-plesni-forum-celje.jpg","width":1632,"height":1224,"caption":"Klapa Sveti Juraj HRM. Foto Plesni forum Celje"},{"@type":"BreadcrumbList","@id":"https:\/\/novice.si\/page\/duh-mediterana-in-sirina-morja\/#breadcrumb","itemListElement":[{"@type":"ListItem","position":1,"name":"Home","item":"https:\/\/novice.si\/page\/"},{"@type":"ListItem","position":2,"name":"Duh Mediterana in \u0161irina morja"}]},{"@type":"WebSite","@id":"https:\/\/novice.si\/page\/#website","url":"https:\/\/novice.si\/page\/","name":"Novice.si","description":"","publisher":{"@id":"https:\/\/novice.si\/page\/#organization"},"potentialAction":[{"@type":"SearchAction","target":{"@type":"EntryPoint","urlTemplate":"https:\/\/novice.si\/page\/?s={search_term_string}"},"query-input":{"@type":"PropertyValueSpecification","valueRequired":true,"valueName":"search_term_string"}}],"inLanguage":"sl-SI"},{"@type":"Organization","@id":"https:\/\/novice.si\/page\/#organization","name":"Novice.si","url":"https:\/\/novice.si\/page\/","logo":{"@type":"ImageObject","inLanguage":"sl-SI","@id":"https:\/\/novice.si\/page\/#\/schema\/logo\/image\/","url":"https:\/\/novice.si\/page\/wp-content\/uploads\/2023\/03\/novice_si.png","contentUrl":"https:\/\/novice.si\/page\/wp-content\/uploads\/2023\/03\/novice_si.png","width":576,"height":200,"caption":"Novice.si"},"image":{"@id":"https:\/\/novice.si\/page\/#\/schema\/logo\/image\/"}},{"@type":"Person","@id":"https:\/\/novice.si\/page\/#\/schema\/person\/a49f233ef2777ec7b2e8d0662325bb48","name":"Uredni\u0161tvo Celjana","image":{"@type":"ImageObject","inLanguage":"sl-SI","@id":"https:\/\/secure.gravatar.com\/avatar\/7f7863e616af8f92806c638dd1db3f1a238d83d1cc2ec3100afc06fbb7eb303f?s=96&d=mm&r=g","url":"https:\/\/secure.gravatar.com\/avatar\/7f7863e616af8f92806c638dd1db3f1a238d83d1cc2ec3100afc06fbb7eb303f?s=96&d=mm&r=g","contentUrl":"https:\/\/secure.gravatar.com\/avatar\/7f7863e616af8f92806c638dd1db3f1a238d83d1cc2ec3100afc06fbb7eb303f?s=96&d=mm&r=g","caption":"Uredni\u0161tvo Celjana"},"url":"https:\/\/novice.si\/page\/author\/maja\/"}]}},"_links":{"self":[{"href":"https:\/\/novice.si\/page\/wp-json\/wp\/v2\/posts\/171431","targetHints":{"allow":["GET"]}}],"collection":[{"href":"https:\/\/novice.si\/page\/wp-json\/wp\/v2\/posts"}],"about":[{"href":"https:\/\/novice.si\/page\/wp-json\/wp\/v2\/types\/post"}],"author":[{"embeddable":true,"href":"https:\/\/novice.si\/page\/wp-json\/wp\/v2\/users\/55"}],"replies":[{"embeddable":true,"href":"https:\/\/novice.si\/page\/wp-json\/wp\/v2\/comments?post=171431"}],"version-history":[{"count":3,"href":"https:\/\/novice.si\/page\/wp-json\/wp\/v2\/posts\/171431\/revisions"}],"predecessor-version":[{"id":171437,"href":"https:\/\/novice.si\/page\/wp-json\/wp\/v2\/posts\/171431\/revisions\/171437"}],"wp:featuredmedia":[{"embeddable":true,"href":"https:\/\/novice.si\/page\/wp-json\/wp\/v2\/media\/171432"}],"wp:attachment":[{"href":"https:\/\/novice.si\/page\/wp-json\/wp\/v2\/media?parent=171431"}],"wp:term":[{"taxonomy":"category","embeddable":true,"href":"https:\/\/novice.si\/page\/wp-json\/wp\/v2\/categories?post=171431"},{"taxonomy":"post_tag","embeddable":true,"href":"https:\/\/novice.si\/page\/wp-json\/wp\/v2\/tags?post=171431"}],"curies":[{"name":"wp","href":"https:\/\/api.w.org\/{rel}","templated":true}]}}