{"id":171425,"date":"2024-02-02T10:01:54","date_gmt":"2024-02-02T09:01:54","guid":{"rendered":"https:\/\/novice.si\/page\/?p=171425"},"modified":"2024-02-01T21:03:45","modified_gmt":"2024-02-01T20:03:45","slug":"obcina-celje-podpisala-zeleno-zavezo-slovenskega-turizma","status":"publish","type":"post","link":"https:\/\/novice.si\/page\/obcina-celje-podpisala-zeleno-zavezo-slovenskega-turizma\/","title":{"rendered":"Ob\u010dina Celje podpisala zeleno zavezo slovenskega turizma"},"content":{"rendered":"<p><em><img loading=\"lazy\" decoding=\"async\" class=\"size-medium wp-image-171426 aligncenter\" src=\"https:\/\/novice.si\/page\/wp-content\/uploads\/2024\/02\/Cz-green-600x444.jpg\" alt=\"\" width=\"600\" height=\"444\" srcset=\"https:\/\/novice.si\/page\/wp-content\/uploads\/2024\/02\/Cz-green-600x444.jpg 600w, https:\/\/novice.si\/page\/wp-content\/uploads\/2024\/02\/Cz-green-1024x758.jpg 1024w, https:\/\/novice.si\/page\/wp-content\/uploads\/2024\/02\/Cz-green-768x568.jpg 768w, https:\/\/novice.si\/page\/wp-content\/uploads\/2024\/02\/Cz-green-1536x1136.jpg 1536w, https:\/\/novice.si\/page\/wp-content\/uploads\/2024\/02\/Cz-green-2048x1515.jpg 2048w, https:\/\/novice.si\/page\/wp-content\/uploads\/2024\/02\/Cz-green-80x60.jpg 80w, https:\/\/novice.si\/page\/wp-content\/uploads\/2024\/02\/Cz-green-485x360.jpg 485w, https:\/\/novice.si\/page\/wp-content\/uploads\/2024\/02\/Cz-green-696x515.jpg 696w, https:\/\/novice.si\/page\/wp-content\/uploads\/2024\/02\/Cz-green-1068x790.jpg 1068w, https:\/\/novice.si\/page\/wp-content\/uploads\/2024\/02\/Cz-green-568x420.jpg 568w, https:\/\/novice.si\/page\/wp-content\/uploads\/2024\/02\/Cz-green-1920x1420.jpg 1920w, https:\/\/novice.si\/page\/wp-content\/uploads\/2024\/02\/Cz-green-24x18.jpg 24w, https:\/\/novice.si\/page\/wp-content\/uploads\/2024\/02\/Cz-green-36x27.jpg 36w, https:\/\/novice.si\/page\/wp-content\/uploads\/2024\/02\/Cz-green-48x36.jpg 48w\" sizes=\"auto, (max-width: 600px) 100vw, 600px\" \/>Zavod Celeia Celje je v sodelovanju s celjsko ob\u010dino pripravil sre\u010danje Na poti trajnosti, na katerem so predstavili korake, ki jih bodo na podro\u010dju trajnostnega razvoja naredili letos. Ob tej prilo\u017enosti je celjski \u017eupan <strong>Matija Kova\u010d<\/strong> podpisal zeleno zavezo slovenskega turizma, hotel Evropa Celje pa je prejel okoljski znak zeleni klju\u010d.<\/em><\/p>\n<p>Mestna ob\u010dina Celje se je v Zeleno shemo slovenskega turizma vklju\u010dila leta 2015 s podpisom Zelene politike slovenskega turizma, obenem se je v\u010dlanila v Zeleno shemo slovenskega turizma. Zelena shema slovenskega turizma je nacionalni program in certifikacijska shema s krovno znamko Slovenia Green. \u00bbShema vsebuje 84 ukrepov oziroma standardov, ki jih je treba uresni\u010devati na \u0161estih podro\u010djih: destinacijski management, narava in pokrajina, okolje in podnebje, kultura in tradicija, dru\u017ebena klima ter poslovanje turisti\u010dnih ponudnikov. Na\u0161teti standardi se uporabljajo za analizo stanja trajnostnega poslovanja v destinaciji ter za pripravo na\u010drta izbolj\u0161av,\u00ab je pojasnila <strong>Alja Zalo\u017enik<\/strong>, predsednica zelene ekipe Mestne ob\u010dine Celje, ter dodala, da je glede na dose\u017eene standarde Celje na 27. mestu med 61. destinacijami in od leta 2022 nosilec srebrnega znaka Slovenia Green.<\/p>\n<p><strong>Vodilni standard odli\u010dnosti<\/strong><\/p>\n<p>Celje je sicer najslab\u0161o oceno doseglo na podro\u010dju okolja in podnebja, predvsem na ra\u010dun umanjkanja izmer in izravnav emisij ogljikovega dioksida iz turizma ter analiz in ukrepov na podro\u010dju podnebnih sprememb.<\/p>\n<p>Omenjeni okoljski znak hotelu Evropa je podelila <strong>Milena Luki\u0107<\/strong> iz Dru\u0161tva za okoljsko vzgojo Evrope v Sloveniji. Kot je povedala, gre za vodilni standard odli\u010dnosti na podro\u010dju okoljske odgovornosti in trajnostnega delovanja v turisti\u010dni industriji.<\/p>\n<p>Znak se podeljuje za \u0161est razli\u010dnih kategorij in je zagotovilo gostom, da z izbiro certificiranega turisti\u010dnega obrata neposredno pripomorejo k varovanju okolja.<\/p>\n","protected":false},"excerpt":{"rendered":"<p>Zavod Celeia Celje je v sodelovanju s celjsko ob\u010dino pripravil sre\u010danje Na poti trajnosti, na katerem so predstavili korake, ki jih bodo na podro\u010dju trajnostnega razvoja naredili letos. Ob tej prilo\u017enosti je celjski \u017eupan Matija Kova\u010d podpisal zeleno zavezo slovenskega turizma, hotel Evropa Celje pa je prejel okoljski znak zeleni klju\u010d. Mestna ob\u010dina Celje se [&hellip;]<\/p>\n","protected":false},"author":55,"featured_media":171426,"comment_status":"closed","ping_status":"closed","sticky":false,"template":"","format":"standard","meta":{"footnotes":""},"categories":[14,142,17],"tags":[],"class_list":{"0":"post-171425","1":"post","2":"type-post","3":"status-publish","4":"format-standard","5":"has-post-thumbnail","7":"category-aktualno","8":"category-celjan","9":"category-celjsko"},"yoast_head":"<!-- This site is optimized with the Yoast SEO plugin v27.4 - https:\/\/yoast.com\/product\/yoast-seo-wordpress\/ -->\n<title>Ob\u010dina Celje podpisala zeleno zavezo slovenskega turizma - Novice.si<\/title>\n<meta name=\"robots\" content=\"index, follow, max-snippet:-1, max-image-preview:large, max-video-preview:-1\" \/>\n<link rel=\"canonical\" href=\"https:\/\/novice.si\/page\/obcina-celje-podpisala-zeleno-zavezo-slovenskega-turizma\/\" \/>\n<meta property=\"og:locale\" content=\"sl_SI\" \/>\n<meta property=\"og:type\" content=\"article\" \/>\n<meta property=\"og:title\" content=\"Ob\u010dina Celje podpisala zeleno zavezo slovenskega turizma - Novice.si\" \/>\n<meta property=\"og:description\" content=\"Zavod Celeia Celje je v sodelovanju s celjsko ob\u010dino pripravil sre\u010danje Na poti trajnosti, na katerem so predstavili korake, ki jih bodo na podro\u010dju trajnostnega razvoja naredili letos. Ob tej prilo\u017enosti je celjski \u017eupan Matija Kova\u010d podpisal zeleno zavezo slovenskega turizma, hotel Evropa Celje pa je prejel okoljski znak zeleni klju\u010d. Mestna ob\u010dina Celje se [&hellip;]\" \/>\n<meta property=\"og:url\" content=\"https:\/\/novice.si\/page\/obcina-celje-podpisala-zeleno-zavezo-slovenskega-turizma\/\" \/>\n<meta property=\"og:site_name\" content=\"Novice.si\" \/>\n<meta property=\"article:published_time\" content=\"2024-02-02T09:01:54+00:00\" \/>\n<meta property=\"og:image\" content=\"https:\/\/novice.si\/page\/wp-content\/uploads\/2024\/02\/Cz-green-scaled.jpg\" \/>\n\t<meta property=\"og:image:width\" content=\"2560\" \/>\n\t<meta property=\"og:image:height\" content=\"1894\" \/>\n\t<meta property=\"og:image:type\" content=\"image\/jpeg\" \/>\n<meta name=\"author\" content=\"Uredni\u0161tvo Celjana\" \/>\n<meta name=\"twitter:card\" content=\"summary_large_image\" \/>\n<meta name=\"twitter:label1\" content=\"Written by\" \/>\n\t<meta name=\"twitter:data1\" content=\"Uredni\u0161tvo Celjana\" \/>\n\t<meta name=\"twitter:label2\" content=\"Est. reading time\" \/>\n\t<meta name=\"twitter:data2\" content=\"2 minuti\" \/>\n<script type=\"application\/ld+json\" class=\"yoast-schema-graph\">{\"@context\":\"https:\\\/\\\/schema.org\",\"@graph\":[{\"@type\":\"Article\",\"@id\":\"https:\\\/\\\/novice.si\\\/page\\\/obcina-celje-podpisala-zeleno-zavezo-slovenskega-turizma\\\/#article\",\"isPartOf\":{\"@id\":\"https:\\\/\\\/novice.si\\\/page\\\/obcina-celje-podpisala-zeleno-zavezo-slovenskega-turizma\\\/\"},\"author\":{\"name\":\"Uredni\u0161tvo Celjana\",\"@id\":\"https:\\\/\\\/novice.si\\\/page\\\/#\\\/schema\\\/person\\\/a49f233ef2777ec7b2e8d0662325bb48\"},\"headline\":\"Ob\u010dina Celje podpisala zeleno zavezo slovenskega turizma\",\"datePublished\":\"2024-02-02T09:01:54+00:00\",\"mainEntityOfPage\":{\"@id\":\"https:\\\/\\\/novice.si\\\/page\\\/obcina-celje-podpisala-zeleno-zavezo-slovenskega-turizma\\\/\"},\"wordCount\":297,\"publisher\":{\"@id\":\"https:\\\/\\\/novice.si\\\/page\\\/#organization\"},\"image\":{\"@id\":\"https:\\\/\\\/novice.si\\\/page\\\/obcina-celje-podpisala-zeleno-zavezo-slovenskega-turizma\\\/#primaryimage\"},\"thumbnailUrl\":\"https:\\\/\\\/novice.si\\\/page\\\/wp-content\\\/uploads\\\/2024\\\/02\\\/Cz-green-scaled.jpg\",\"articleSection\":[\"Aktualno\",\"Celjan\",\"Celjsko\"],\"inLanguage\":\"sl-SI\"},{\"@type\":\"WebPage\",\"@id\":\"https:\\\/\\\/novice.si\\\/page\\\/obcina-celje-podpisala-zeleno-zavezo-slovenskega-turizma\\\/\",\"url\":\"https:\\\/\\\/novice.si\\\/page\\\/obcina-celje-podpisala-zeleno-zavezo-slovenskega-turizma\\\/\",\"name\":\"Ob\u010dina Celje podpisala zeleno zavezo slovenskega turizma - Novice.si\",\"isPartOf\":{\"@id\":\"https:\\\/\\\/novice.si\\\/page\\\/#website\"},\"primaryImageOfPage\":{\"@id\":\"https:\\\/\\\/novice.si\\\/page\\\/obcina-celje-podpisala-zeleno-zavezo-slovenskega-turizma\\\/#primaryimage\"},\"image\":{\"@id\":\"https:\\\/\\\/novice.si\\\/page\\\/obcina-celje-podpisala-zeleno-zavezo-slovenskega-turizma\\\/#primaryimage\"},\"thumbnailUrl\":\"https:\\\/\\\/novice.si\\\/page\\\/wp-content\\\/uploads\\\/2024\\\/02\\\/Cz-green-scaled.jpg\",\"datePublished\":\"2024-02-02T09:01:54+00:00\",\"breadcrumb\":{\"@id\":\"https:\\\/\\\/novice.si\\\/page\\\/obcina-celje-podpisala-zeleno-zavezo-slovenskega-turizma\\\/#breadcrumb\"},\"inLanguage\":\"sl-SI\",\"potentialAction\":[{\"@type\":\"ReadAction\",\"target\":[\"https:\\\/\\\/novice.si\\\/page\\\/obcina-celje-podpisala-zeleno-zavezo-slovenskega-turizma\\\/\"]}]},{\"@type\":\"ImageObject\",\"inLanguage\":\"sl-SI\",\"@id\":\"https:\\\/\\\/novice.si\\\/page\\\/obcina-celje-podpisala-zeleno-zavezo-slovenskega-turizma\\\/#primaryimage\",\"url\":\"https:\\\/\\\/novice.si\\\/page\\\/wp-content\\\/uploads\\\/2024\\\/02\\\/Cz-green-scaled.jpg\",\"contentUrl\":\"https:\\\/\\\/novice.si\\\/page\\\/wp-content\\\/uploads\\\/2024\\\/02\\\/Cz-green-scaled.jpg\",\"width\":2560,\"height\":1894},{\"@type\":\"BreadcrumbList\",\"@id\":\"https:\\\/\\\/novice.si\\\/page\\\/obcina-celje-podpisala-zeleno-zavezo-slovenskega-turizma\\\/#breadcrumb\",\"itemListElement\":[{\"@type\":\"ListItem\",\"position\":1,\"name\":\"Home\",\"item\":\"https:\\\/\\\/novice.si\\\/page\\\/\"},{\"@type\":\"ListItem\",\"position\":2,\"name\":\"Ob\u010dina Celje podpisala zeleno zavezo slovenskega turizma\"}]},{\"@type\":\"WebSite\",\"@id\":\"https:\\\/\\\/novice.si\\\/page\\\/#website\",\"url\":\"https:\\\/\\\/novice.si\\\/page\\\/\",\"name\":\"Novice.si\",\"description\":\"\",\"publisher\":{\"@id\":\"https:\\\/\\\/novice.si\\\/page\\\/#organization\"},\"potentialAction\":[{\"@type\":\"SearchAction\",\"target\":{\"@type\":\"EntryPoint\",\"urlTemplate\":\"https:\\\/\\\/novice.si\\\/page\\\/?s={search_term_string}\"},\"query-input\":{\"@type\":\"PropertyValueSpecification\",\"valueRequired\":true,\"valueName\":\"search_term_string\"}}],\"inLanguage\":\"sl-SI\"},{\"@type\":\"Organization\",\"@id\":\"https:\\\/\\\/novice.si\\\/page\\\/#organization\",\"name\":\"Novice.si\",\"url\":\"https:\\\/\\\/novice.si\\\/page\\\/\",\"logo\":{\"@type\":\"ImageObject\",\"inLanguage\":\"sl-SI\",\"@id\":\"https:\\\/\\\/novice.si\\\/page\\\/#\\\/schema\\\/logo\\\/image\\\/\",\"url\":\"https:\\\/\\\/novice.si\\\/page\\\/wp-content\\\/uploads\\\/2023\\\/03\\\/novice_si.png\",\"contentUrl\":\"https:\\\/\\\/novice.si\\\/page\\\/wp-content\\\/uploads\\\/2023\\\/03\\\/novice_si.png\",\"width\":576,\"height\":200,\"caption\":\"Novice.si\"},\"image\":{\"@id\":\"https:\\\/\\\/novice.si\\\/page\\\/#\\\/schema\\\/logo\\\/image\\\/\"}},{\"@type\":\"Person\",\"@id\":\"https:\\\/\\\/novice.si\\\/page\\\/#\\\/schema\\\/person\\\/a49f233ef2777ec7b2e8d0662325bb48\",\"name\":\"Uredni\u0161tvo Celjana\",\"image\":{\"@type\":\"ImageObject\",\"inLanguage\":\"sl-SI\",\"@id\":\"https:\\\/\\\/secure.gravatar.com\\\/avatar\\\/7f7863e616af8f92806c638dd1db3f1a238d83d1cc2ec3100afc06fbb7eb303f?s=96&d=mm&r=g\",\"url\":\"https:\\\/\\\/secure.gravatar.com\\\/avatar\\\/7f7863e616af8f92806c638dd1db3f1a238d83d1cc2ec3100afc06fbb7eb303f?s=96&d=mm&r=g\",\"contentUrl\":\"https:\\\/\\\/secure.gravatar.com\\\/avatar\\\/7f7863e616af8f92806c638dd1db3f1a238d83d1cc2ec3100afc06fbb7eb303f?s=96&d=mm&r=g\",\"caption\":\"Uredni\u0161tvo Celjana\"},\"url\":\"https:\\\/\\\/novice.si\\\/page\\\/author\\\/maja\\\/\"}]}<\/script>\n<!-- \/ Yoast SEO plugin. -->","yoast_head_json":{"title":"Ob\u010dina Celje podpisala zeleno zavezo slovenskega turizma - Novice.si","robots":{"index":"index","follow":"follow","max-snippet":"max-snippet:-1","max-image-preview":"max-image-preview:large","max-video-preview":"max-video-preview:-1"},"canonical":"https:\/\/novice.si\/page\/obcina-celje-podpisala-zeleno-zavezo-slovenskega-turizma\/","og_locale":"sl_SI","og_type":"article","og_title":"Ob\u010dina Celje podpisala zeleno zavezo slovenskega turizma - Novice.si","og_description":"Zavod Celeia Celje je v sodelovanju s celjsko ob\u010dino pripravil sre\u010danje Na poti trajnosti, na katerem so predstavili korake, ki jih bodo na podro\u010dju trajnostnega razvoja naredili letos. Ob tej prilo\u017enosti je celjski \u017eupan Matija Kova\u010d podpisal zeleno zavezo slovenskega turizma, hotel Evropa Celje pa je prejel okoljski znak zeleni klju\u010d. Mestna ob\u010dina Celje se [&hellip;]","og_url":"https:\/\/novice.si\/page\/obcina-celje-podpisala-zeleno-zavezo-slovenskega-turizma\/","og_site_name":"Novice.si","article_published_time":"2024-02-02T09:01:54+00:00","og_image":[{"width":2560,"height":1894,"url":"https:\/\/novice.si\/page\/wp-content\/uploads\/2024\/02\/Cz-green-scaled.jpg","type":"image\/jpeg"}],"author":"Uredni\u0161tvo Celjana","twitter_card":"summary_large_image","twitter_misc":{"Written by":"Uredni\u0161tvo Celjana","Est. reading time":"2 minuti"},"schema":{"@context":"https:\/\/schema.org","@graph":[{"@type":"Article","@id":"https:\/\/novice.si\/page\/obcina-celje-podpisala-zeleno-zavezo-slovenskega-turizma\/#article","isPartOf":{"@id":"https:\/\/novice.si\/page\/obcina-celje-podpisala-zeleno-zavezo-slovenskega-turizma\/"},"author":{"name":"Uredni\u0161tvo Celjana","@id":"https:\/\/novice.si\/page\/#\/schema\/person\/a49f233ef2777ec7b2e8d0662325bb48"},"headline":"Ob\u010dina Celje podpisala zeleno zavezo slovenskega turizma","datePublished":"2024-02-02T09:01:54+00:00","mainEntityOfPage":{"@id":"https:\/\/novice.si\/page\/obcina-celje-podpisala-zeleno-zavezo-slovenskega-turizma\/"},"wordCount":297,"publisher":{"@id":"https:\/\/novice.si\/page\/#organization"},"image":{"@id":"https:\/\/novice.si\/page\/obcina-celje-podpisala-zeleno-zavezo-slovenskega-turizma\/#primaryimage"},"thumbnailUrl":"https:\/\/novice.si\/page\/wp-content\/uploads\/2024\/02\/Cz-green-scaled.jpg","articleSection":["Aktualno","Celjan","Celjsko"],"inLanguage":"sl-SI"},{"@type":"WebPage","@id":"https:\/\/novice.si\/page\/obcina-celje-podpisala-zeleno-zavezo-slovenskega-turizma\/","url":"https:\/\/novice.si\/page\/obcina-celje-podpisala-zeleno-zavezo-slovenskega-turizma\/","name":"Ob\u010dina Celje podpisala zeleno zavezo slovenskega turizma - Novice.si","isPartOf":{"@id":"https:\/\/novice.si\/page\/#website"},"primaryImageOfPage":{"@id":"https:\/\/novice.si\/page\/obcina-celje-podpisala-zeleno-zavezo-slovenskega-turizma\/#primaryimage"},"image":{"@id":"https:\/\/novice.si\/page\/obcina-celje-podpisala-zeleno-zavezo-slovenskega-turizma\/#primaryimage"},"thumbnailUrl":"https:\/\/novice.si\/page\/wp-content\/uploads\/2024\/02\/Cz-green-scaled.jpg","datePublished":"2024-02-02T09:01:54+00:00","breadcrumb":{"@id":"https:\/\/novice.si\/page\/obcina-celje-podpisala-zeleno-zavezo-slovenskega-turizma\/#breadcrumb"},"inLanguage":"sl-SI","potentialAction":[{"@type":"ReadAction","target":["https:\/\/novice.si\/page\/obcina-celje-podpisala-zeleno-zavezo-slovenskega-turizma\/"]}]},{"@type":"ImageObject","inLanguage":"sl-SI","@id":"https:\/\/novice.si\/page\/obcina-celje-podpisala-zeleno-zavezo-slovenskega-turizma\/#primaryimage","url":"https:\/\/novice.si\/page\/wp-content\/uploads\/2024\/02\/Cz-green-scaled.jpg","contentUrl":"https:\/\/novice.si\/page\/wp-content\/uploads\/2024\/02\/Cz-green-scaled.jpg","width":2560,"height":1894},{"@type":"BreadcrumbList","@id":"https:\/\/novice.si\/page\/obcina-celje-podpisala-zeleno-zavezo-slovenskega-turizma\/#breadcrumb","itemListElement":[{"@type":"ListItem","position":1,"name":"Home","item":"https:\/\/novice.si\/page\/"},{"@type":"ListItem","position":2,"name":"Ob\u010dina Celje podpisala zeleno zavezo slovenskega turizma"}]},{"@type":"WebSite","@id":"https:\/\/novice.si\/page\/#website","url":"https:\/\/novice.si\/page\/","name":"Novice.si","description":"","publisher":{"@id":"https:\/\/novice.si\/page\/#organization"},"potentialAction":[{"@type":"SearchAction","target":{"@type":"EntryPoint","urlTemplate":"https:\/\/novice.si\/page\/?s={search_term_string}"},"query-input":{"@type":"PropertyValueSpecification","valueRequired":true,"valueName":"search_term_string"}}],"inLanguage":"sl-SI"},{"@type":"Organization","@id":"https:\/\/novice.si\/page\/#organization","name":"Novice.si","url":"https:\/\/novice.si\/page\/","logo":{"@type":"ImageObject","inLanguage":"sl-SI","@id":"https:\/\/novice.si\/page\/#\/schema\/logo\/image\/","url":"https:\/\/novice.si\/page\/wp-content\/uploads\/2023\/03\/novice_si.png","contentUrl":"https:\/\/novice.si\/page\/wp-content\/uploads\/2023\/03\/novice_si.png","width":576,"height":200,"caption":"Novice.si"},"image":{"@id":"https:\/\/novice.si\/page\/#\/schema\/logo\/image\/"}},{"@type":"Person","@id":"https:\/\/novice.si\/page\/#\/schema\/person\/a49f233ef2777ec7b2e8d0662325bb48","name":"Uredni\u0161tvo Celjana","image":{"@type":"ImageObject","inLanguage":"sl-SI","@id":"https:\/\/secure.gravatar.com\/avatar\/7f7863e616af8f92806c638dd1db3f1a238d83d1cc2ec3100afc06fbb7eb303f?s=96&d=mm&r=g","url":"https:\/\/secure.gravatar.com\/avatar\/7f7863e616af8f92806c638dd1db3f1a238d83d1cc2ec3100afc06fbb7eb303f?s=96&d=mm&r=g","contentUrl":"https:\/\/secure.gravatar.com\/avatar\/7f7863e616af8f92806c638dd1db3f1a238d83d1cc2ec3100afc06fbb7eb303f?s=96&d=mm&r=g","caption":"Uredni\u0161tvo Celjana"},"url":"https:\/\/novice.si\/page\/author\/maja\/"}]}},"_links":{"self":[{"href":"https:\/\/novice.si\/page\/wp-json\/wp\/v2\/posts\/171425","targetHints":{"allow":["GET"]}}],"collection":[{"href":"https:\/\/novice.si\/page\/wp-json\/wp\/v2\/posts"}],"about":[{"href":"https:\/\/novice.si\/page\/wp-json\/wp\/v2\/types\/post"}],"author":[{"embeddable":true,"href":"https:\/\/novice.si\/page\/wp-json\/wp\/v2\/users\/55"}],"replies":[{"embeddable":true,"href":"https:\/\/novice.si\/page\/wp-json\/wp\/v2\/comments?post=171425"}],"version-history":[{"count":1,"href":"https:\/\/novice.si\/page\/wp-json\/wp\/v2\/posts\/171425\/revisions"}],"predecessor-version":[{"id":171427,"href":"https:\/\/novice.si\/page\/wp-json\/wp\/v2\/posts\/171425\/revisions\/171427"}],"wp:featuredmedia":[{"embeddable":true,"href":"https:\/\/novice.si\/page\/wp-json\/wp\/v2\/media\/171426"}],"wp:attachment":[{"href":"https:\/\/novice.si\/page\/wp-json\/wp\/v2\/media?parent=171425"}],"wp:term":[{"taxonomy":"category","embeddable":true,"href":"https:\/\/novice.si\/page\/wp-json\/wp\/v2\/categories?post=171425"},{"taxonomy":"post_tag","embeddable":true,"href":"https:\/\/novice.si\/page\/wp-json\/wp\/v2\/tags?post=171425"}],"curies":[{"name":"wp","href":"https:\/\/api.w.org\/{rel}","templated":true}]}}