{"id":171422,"date":"2024-02-02T08:58:52","date_gmt":"2024-02-02T07:58:52","guid":{"rendered":"https:\/\/novice.si\/page\/?p=171422"},"modified":"2024-02-01T21:01:11","modified_gmt":"2024-02-01T20:01:11","slug":"sneg-in-led-povzrocila-epidemijo-poskodb-tudi-v-celju-in-okolici","status":"publish","type":"post","link":"https:\/\/novice.si\/page\/sneg-in-led-povzrocila-epidemijo-poskodb-tudi-v-celju-in-okolici\/","title":{"rendered":"Sneg in led povzro\u010dila \u2018epidemijo\u2019 po\u0161kodb tudi v Celju in okolici"},"content":{"rendered":"<p style=\"text-align: right\"><em><strong><img loading=\"lazy\" decoding=\"async\" class=\"wp-image-171423 alignleft\" src=\"https:\/\/novice.si\/page\/wp-content\/uploads\/2024\/02\/izpostavljeno-zimske-razmere-urgenca-600x400.jpg\" alt=\"\" width=\"431\" height=\"287\" srcset=\"https:\/\/novice.si\/page\/wp-content\/uploads\/2024\/02\/izpostavljeno-zimske-razmere-urgenca-600x400.jpg 600w, https:\/\/novice.si\/page\/wp-content\/uploads\/2024\/02\/izpostavljeno-zimske-razmere-urgenca-1024x682.jpg 1024w, https:\/\/novice.si\/page\/wp-content\/uploads\/2024\/02\/izpostavljeno-zimske-razmere-urgenca-768x512.jpg 768w, https:\/\/novice.si\/page\/wp-content\/uploads\/2024\/02\/izpostavljeno-zimske-razmere-urgenca-696x464.jpg 696w, https:\/\/novice.si\/page\/wp-content\/uploads\/2024\/02\/izpostavljeno-zimske-razmere-urgenca-1068x712.jpg 1068w, https:\/\/novice.si\/page\/wp-content\/uploads\/2024\/02\/izpostavljeno-zimske-razmere-urgenca-630x420.jpg 630w, https:\/\/novice.si\/page\/wp-content\/uploads\/2024\/02\/izpostavljeno-zimske-razmere-urgenca-24x16.jpg 24w, https:\/\/novice.si\/page\/wp-content\/uploads\/2024\/02\/izpostavljeno-zimske-razmere-urgenca-36x24.jpg 36w, https:\/\/novice.si\/page\/wp-content\/uploads\/2024\/02\/izpostavljeno-zimske-razmere-urgenca-48x32.jpg 48w, https:\/\/novice.si\/page\/wp-content\/uploads\/2024\/02\/izpostavljeno-zimske-razmere-urgenca.jpg 1280w\" sizes=\"auto, (max-width: 431px) 100vw, 431px\" \/>Zimske razmere.<\/strong> Mo\u010dno so pove\u010dale obisk celjske urgence.<\/em><\/p>\n<p><em><strong>Po\u0161kodbe.<\/strong> Najpogostej\u0161i razlogi za obisk v \u010dasu sne\u017enih razmer.<\/em><\/p>\n<p>Po tem, ko so med bo\u017ei\u010dno-novoletnimi prazniki zabele\u017eili mo\u010dno pove\u010danje obiska Urgentnega centra Celje (UCC), se je obisk znatno pove\u010dal tudi sredi januarja, ko je celjske ulice pobelil sneg.<\/p>\n<p><strong>Zaradi zimskih razmer kar za polovico ve\u010dji obisk celjske urgence<\/strong><\/p>\n<p>\u00bbKirur\u0161ki del urgentnega centra je v soboto in nedeljo, 20. in 21. januarja, skupaj obravnaval ve\u010d kot 200 pacientov, od tega 120 pacientov zaradi po\u0161kodb, ki so nastale zaradi padca na snegu in ledu. Veliko po\u0161kodovanih pacientov je potrebovalo operativno zdravljenje nastalih po\u0161kodb,\u00ab je pojasnila <strong>Danijela Gori\u0161ek<\/strong> iz Slu\u017ebe za odnose z javnostmi in protokol v SB Celje. \u010ce torej primerjamo tri konce tedna od 6. do 21. januarja, je bilo na zasne\u017eeni konec tedna, torej 20. in 21. januarja, v UCC obravnavanih skoraj 20 % ve\u010d pacientov kot teden dni prej in pribli\u017eno polovica ve\u010d kot pred \u0161tirinajstimi dnevi, je \u0161e dodala. Najve\u010dkrat so pacienti poiskali pomo\u010d zaradi zlomov zapestja ter zlomov in zvinov gle\u017enjev.<\/p>\n<p>Tako velik naval na urgentni center je na \u017ealost, kljub temu da so v SB Celje poskrbeli za okrepitev ekip, podalj\u0161al tudi \u010das \u010dakanja na zdravstveno obravnavo. Ve\u010d o tem, pa tudi o tem, kako tovrstne po\u0161kodbe prepre\u010diti, pa lahko preberete v aktualni \u0161tevilki \u010dasopisa Celjan.<\/p>\n","protected":false},"excerpt":{"rendered":"<p>Zimske razmere. Mo\u010dno so pove\u010dale obisk celjske urgence. Po\u0161kodbe. Najpogostej\u0161i razlogi za obisk v \u010dasu sne\u017enih razmer. Po tem, ko so med bo\u017ei\u010dno-novoletnimi prazniki zabele\u017eili mo\u010dno pove\u010danje obiska Urgentnega centra Celje (UCC), se je obisk znatno pove\u010dal tudi sredi januarja, ko je celjske ulice pobelil sneg. Zaradi zimskih razmer kar za polovico ve\u010dji obisk celjske [&hellip;]<\/p>\n","protected":false},"author":55,"featured_media":171423,"comment_status":"closed","ping_status":"closed","sticky":false,"template":"","format":"standard","meta":{"footnotes":""},"categories":[14,142,17],"tags":[],"class_list":{"0":"post-171422","1":"post","2":"type-post","3":"status-publish","4":"format-standard","5":"has-post-thumbnail","7":"category-aktualno","8":"category-celjan","9":"category-celjsko"},"yoast_head":"<!-- This site is optimized with the Yoast SEO plugin v27.4 - https:\/\/yoast.com\/product\/yoast-seo-wordpress\/ -->\n<title>Sneg in led povzro\u010dila \u2018epidemijo\u2019 po\u0161kodb tudi v Celju in okolici - Novice.si<\/title>\n<meta name=\"robots\" content=\"index, follow, max-snippet:-1, max-image-preview:large, max-video-preview:-1\" \/>\n<link rel=\"canonical\" href=\"https:\/\/novice.si\/page\/sneg-in-led-povzrocila-epidemijo-poskodb-tudi-v-celju-in-okolici\/\" \/>\n<meta property=\"og:locale\" content=\"sl_SI\" \/>\n<meta property=\"og:type\" content=\"article\" \/>\n<meta property=\"og:title\" content=\"Sneg in led povzro\u010dila \u2018epidemijo\u2019 po\u0161kodb tudi v Celju in okolici - Novice.si\" \/>\n<meta property=\"og:description\" content=\"Zimske razmere. Mo\u010dno so pove\u010dale obisk celjske urgence. Po\u0161kodbe. Najpogostej\u0161i razlogi za obisk v \u010dasu sne\u017enih razmer. Po tem, ko so med bo\u017ei\u010dno-novoletnimi prazniki zabele\u017eili mo\u010dno pove\u010danje obiska Urgentnega centra Celje (UCC), se je obisk znatno pove\u010dal tudi sredi januarja, ko je celjske ulice pobelil sneg. Zaradi zimskih razmer kar za polovico ve\u010dji obisk celjske [&hellip;]\" \/>\n<meta property=\"og:url\" content=\"https:\/\/novice.si\/page\/sneg-in-led-povzrocila-epidemijo-poskodb-tudi-v-celju-in-okolici\/\" \/>\n<meta property=\"og:site_name\" content=\"Novice.si\" \/>\n<meta property=\"article:published_time\" content=\"2024-02-02T07:58:52+00:00\" \/>\n<meta property=\"og:image\" content=\"https:\/\/novice.si\/page\/wp-content\/uploads\/2024\/02\/izpostavljeno-zimske-razmere-urgenca.jpg\" \/>\n\t<meta property=\"og:image:width\" content=\"1280\" \/>\n\t<meta property=\"og:image:height\" content=\"853\" \/>\n\t<meta property=\"og:image:type\" content=\"image\/jpeg\" \/>\n<meta name=\"author\" content=\"Uredni\u0161tvo Celjana\" \/>\n<meta name=\"twitter:card\" content=\"summary_large_image\" \/>\n<meta name=\"twitter:label1\" content=\"Written by\" \/>\n\t<meta name=\"twitter:data1\" content=\"Uredni\u0161tvo Celjana\" \/>\n\t<meta name=\"twitter:label2\" content=\"Est. reading time\" \/>\n\t<meta name=\"twitter:data2\" content=\"2 minuti\" \/>\n<script type=\"application\/ld+json\" class=\"yoast-schema-graph\">{\"@context\":\"https:\\\/\\\/schema.org\",\"@graph\":[{\"@type\":\"Article\",\"@id\":\"https:\\\/\\\/novice.si\\\/page\\\/sneg-in-led-povzrocila-epidemijo-poskodb-tudi-v-celju-in-okolici\\\/#article\",\"isPartOf\":{\"@id\":\"https:\\\/\\\/novice.si\\\/page\\\/sneg-in-led-povzrocila-epidemijo-poskodb-tudi-v-celju-in-okolici\\\/\"},\"author\":{\"name\":\"Uredni\u0161tvo Celjana\",\"@id\":\"https:\\\/\\\/novice.si\\\/page\\\/#\\\/schema\\\/person\\\/a49f233ef2777ec7b2e8d0662325bb48\"},\"headline\":\"Sneg in led povzro\u010dila \u2018epidemijo\u2019 po\u0161kodb tudi v Celju in okolici\",\"datePublished\":\"2024-02-02T07:58:52+00:00\",\"mainEntityOfPage\":{\"@id\":\"https:\\\/\\\/novice.si\\\/page\\\/sneg-in-led-povzrocila-epidemijo-poskodb-tudi-v-celju-in-okolici\\\/\"},\"wordCount\":246,\"publisher\":{\"@id\":\"https:\\\/\\\/novice.si\\\/page\\\/#organization\"},\"image\":{\"@id\":\"https:\\\/\\\/novice.si\\\/page\\\/sneg-in-led-povzrocila-epidemijo-poskodb-tudi-v-celju-in-okolici\\\/#primaryimage\"},\"thumbnailUrl\":\"https:\\\/\\\/novice.si\\\/page\\\/wp-content\\\/uploads\\\/2024\\\/02\\\/izpostavljeno-zimske-razmere-urgenca.jpg\",\"articleSection\":[\"Aktualno\",\"Celjan\",\"Celjsko\"],\"inLanguage\":\"sl-SI\"},{\"@type\":\"WebPage\",\"@id\":\"https:\\\/\\\/novice.si\\\/page\\\/sneg-in-led-povzrocila-epidemijo-poskodb-tudi-v-celju-in-okolici\\\/\",\"url\":\"https:\\\/\\\/novice.si\\\/page\\\/sneg-in-led-povzrocila-epidemijo-poskodb-tudi-v-celju-in-okolici\\\/\",\"name\":\"Sneg in led povzro\u010dila \u2018epidemijo\u2019 po\u0161kodb tudi v Celju in okolici - Novice.si\",\"isPartOf\":{\"@id\":\"https:\\\/\\\/novice.si\\\/page\\\/#website\"},\"primaryImageOfPage\":{\"@id\":\"https:\\\/\\\/novice.si\\\/page\\\/sneg-in-led-povzrocila-epidemijo-poskodb-tudi-v-celju-in-okolici\\\/#primaryimage\"},\"image\":{\"@id\":\"https:\\\/\\\/novice.si\\\/page\\\/sneg-in-led-povzrocila-epidemijo-poskodb-tudi-v-celju-in-okolici\\\/#primaryimage\"},\"thumbnailUrl\":\"https:\\\/\\\/novice.si\\\/page\\\/wp-content\\\/uploads\\\/2024\\\/02\\\/izpostavljeno-zimske-razmere-urgenca.jpg\",\"datePublished\":\"2024-02-02T07:58:52+00:00\",\"breadcrumb\":{\"@id\":\"https:\\\/\\\/novice.si\\\/page\\\/sneg-in-led-povzrocila-epidemijo-poskodb-tudi-v-celju-in-okolici\\\/#breadcrumb\"},\"inLanguage\":\"sl-SI\",\"potentialAction\":[{\"@type\":\"ReadAction\",\"target\":[\"https:\\\/\\\/novice.si\\\/page\\\/sneg-in-led-povzrocila-epidemijo-poskodb-tudi-v-celju-in-okolici\\\/\"]}]},{\"@type\":\"ImageObject\",\"inLanguage\":\"sl-SI\",\"@id\":\"https:\\\/\\\/novice.si\\\/page\\\/sneg-in-led-povzrocila-epidemijo-poskodb-tudi-v-celju-in-okolici\\\/#primaryimage\",\"url\":\"https:\\\/\\\/novice.si\\\/page\\\/wp-content\\\/uploads\\\/2024\\\/02\\\/izpostavljeno-zimske-razmere-urgenca.jpg\",\"contentUrl\":\"https:\\\/\\\/novice.si\\\/page\\\/wp-content\\\/uploads\\\/2024\\\/02\\\/izpostavljeno-zimske-razmere-urgenca.jpg\",\"width\":1280,\"height\":853},{\"@type\":\"BreadcrumbList\",\"@id\":\"https:\\\/\\\/novice.si\\\/page\\\/sneg-in-led-povzrocila-epidemijo-poskodb-tudi-v-celju-in-okolici\\\/#breadcrumb\",\"itemListElement\":[{\"@type\":\"ListItem\",\"position\":1,\"name\":\"Home\",\"item\":\"https:\\\/\\\/novice.si\\\/page\\\/\"},{\"@type\":\"ListItem\",\"position\":2,\"name\":\"Sneg in led povzro\u010dila \u2018epidemijo\u2019 po\u0161kodb tudi v Celju in okolici\"}]},{\"@type\":\"WebSite\",\"@id\":\"https:\\\/\\\/novice.si\\\/page\\\/#website\",\"url\":\"https:\\\/\\\/novice.si\\\/page\\\/\",\"name\":\"Novice.si\",\"description\":\"\",\"publisher\":{\"@id\":\"https:\\\/\\\/novice.si\\\/page\\\/#organization\"},\"potentialAction\":[{\"@type\":\"SearchAction\",\"target\":{\"@type\":\"EntryPoint\",\"urlTemplate\":\"https:\\\/\\\/novice.si\\\/page\\\/?s={search_term_string}\"},\"query-input\":{\"@type\":\"PropertyValueSpecification\",\"valueRequired\":true,\"valueName\":\"search_term_string\"}}],\"inLanguage\":\"sl-SI\"},{\"@type\":\"Organization\",\"@id\":\"https:\\\/\\\/novice.si\\\/page\\\/#organization\",\"name\":\"Novice.si\",\"url\":\"https:\\\/\\\/novice.si\\\/page\\\/\",\"logo\":{\"@type\":\"ImageObject\",\"inLanguage\":\"sl-SI\",\"@id\":\"https:\\\/\\\/novice.si\\\/page\\\/#\\\/schema\\\/logo\\\/image\\\/\",\"url\":\"https:\\\/\\\/novice.si\\\/page\\\/wp-content\\\/uploads\\\/2023\\\/03\\\/novice_si.png\",\"contentUrl\":\"https:\\\/\\\/novice.si\\\/page\\\/wp-content\\\/uploads\\\/2023\\\/03\\\/novice_si.png\",\"width\":576,\"height\":200,\"caption\":\"Novice.si\"},\"image\":{\"@id\":\"https:\\\/\\\/novice.si\\\/page\\\/#\\\/schema\\\/logo\\\/image\\\/\"}},{\"@type\":\"Person\",\"@id\":\"https:\\\/\\\/novice.si\\\/page\\\/#\\\/schema\\\/person\\\/a49f233ef2777ec7b2e8d0662325bb48\",\"name\":\"Uredni\u0161tvo Celjana\",\"image\":{\"@type\":\"ImageObject\",\"inLanguage\":\"sl-SI\",\"@id\":\"https:\\\/\\\/secure.gravatar.com\\\/avatar\\\/7f7863e616af8f92806c638dd1db3f1a238d83d1cc2ec3100afc06fbb7eb303f?s=96&d=mm&r=g\",\"url\":\"https:\\\/\\\/secure.gravatar.com\\\/avatar\\\/7f7863e616af8f92806c638dd1db3f1a238d83d1cc2ec3100afc06fbb7eb303f?s=96&d=mm&r=g\",\"contentUrl\":\"https:\\\/\\\/secure.gravatar.com\\\/avatar\\\/7f7863e616af8f92806c638dd1db3f1a238d83d1cc2ec3100afc06fbb7eb303f?s=96&d=mm&r=g\",\"caption\":\"Uredni\u0161tvo Celjana\"},\"url\":\"https:\\\/\\\/novice.si\\\/page\\\/author\\\/maja\\\/\"}]}<\/script>\n<!-- \/ Yoast SEO plugin. -->","yoast_head_json":{"title":"Sneg in led povzro\u010dila \u2018epidemijo\u2019 po\u0161kodb tudi v Celju in okolici - Novice.si","robots":{"index":"index","follow":"follow","max-snippet":"max-snippet:-1","max-image-preview":"max-image-preview:large","max-video-preview":"max-video-preview:-1"},"canonical":"https:\/\/novice.si\/page\/sneg-in-led-povzrocila-epidemijo-poskodb-tudi-v-celju-in-okolici\/","og_locale":"sl_SI","og_type":"article","og_title":"Sneg in led povzro\u010dila \u2018epidemijo\u2019 po\u0161kodb tudi v Celju in okolici - Novice.si","og_description":"Zimske razmere. Mo\u010dno so pove\u010dale obisk celjske urgence. Po\u0161kodbe. Najpogostej\u0161i razlogi za obisk v \u010dasu sne\u017enih razmer. Po tem, ko so med bo\u017ei\u010dno-novoletnimi prazniki zabele\u017eili mo\u010dno pove\u010danje obiska Urgentnega centra Celje (UCC), se je obisk znatno pove\u010dal tudi sredi januarja, ko je celjske ulice pobelil sneg. Zaradi zimskih razmer kar za polovico ve\u010dji obisk celjske [&hellip;]","og_url":"https:\/\/novice.si\/page\/sneg-in-led-povzrocila-epidemijo-poskodb-tudi-v-celju-in-okolici\/","og_site_name":"Novice.si","article_published_time":"2024-02-02T07:58:52+00:00","og_image":[{"width":1280,"height":853,"url":"https:\/\/novice.si\/page\/wp-content\/uploads\/2024\/02\/izpostavljeno-zimske-razmere-urgenca.jpg","type":"image\/jpeg"}],"author":"Uredni\u0161tvo Celjana","twitter_card":"summary_large_image","twitter_misc":{"Written by":"Uredni\u0161tvo Celjana","Est. reading time":"2 minuti"},"schema":{"@context":"https:\/\/schema.org","@graph":[{"@type":"Article","@id":"https:\/\/novice.si\/page\/sneg-in-led-povzrocila-epidemijo-poskodb-tudi-v-celju-in-okolici\/#article","isPartOf":{"@id":"https:\/\/novice.si\/page\/sneg-in-led-povzrocila-epidemijo-poskodb-tudi-v-celju-in-okolici\/"},"author":{"name":"Uredni\u0161tvo Celjana","@id":"https:\/\/novice.si\/page\/#\/schema\/person\/a49f233ef2777ec7b2e8d0662325bb48"},"headline":"Sneg in led povzro\u010dila \u2018epidemijo\u2019 po\u0161kodb tudi v Celju in okolici","datePublished":"2024-02-02T07:58:52+00:00","mainEntityOfPage":{"@id":"https:\/\/novice.si\/page\/sneg-in-led-povzrocila-epidemijo-poskodb-tudi-v-celju-in-okolici\/"},"wordCount":246,"publisher":{"@id":"https:\/\/novice.si\/page\/#organization"},"image":{"@id":"https:\/\/novice.si\/page\/sneg-in-led-povzrocila-epidemijo-poskodb-tudi-v-celju-in-okolici\/#primaryimage"},"thumbnailUrl":"https:\/\/novice.si\/page\/wp-content\/uploads\/2024\/02\/izpostavljeno-zimske-razmere-urgenca.jpg","articleSection":["Aktualno","Celjan","Celjsko"],"inLanguage":"sl-SI"},{"@type":"WebPage","@id":"https:\/\/novice.si\/page\/sneg-in-led-povzrocila-epidemijo-poskodb-tudi-v-celju-in-okolici\/","url":"https:\/\/novice.si\/page\/sneg-in-led-povzrocila-epidemijo-poskodb-tudi-v-celju-in-okolici\/","name":"Sneg in led povzro\u010dila \u2018epidemijo\u2019 po\u0161kodb tudi v Celju in okolici - Novice.si","isPartOf":{"@id":"https:\/\/novice.si\/page\/#website"},"primaryImageOfPage":{"@id":"https:\/\/novice.si\/page\/sneg-in-led-povzrocila-epidemijo-poskodb-tudi-v-celju-in-okolici\/#primaryimage"},"image":{"@id":"https:\/\/novice.si\/page\/sneg-in-led-povzrocila-epidemijo-poskodb-tudi-v-celju-in-okolici\/#primaryimage"},"thumbnailUrl":"https:\/\/novice.si\/page\/wp-content\/uploads\/2024\/02\/izpostavljeno-zimske-razmere-urgenca.jpg","datePublished":"2024-02-02T07:58:52+00:00","breadcrumb":{"@id":"https:\/\/novice.si\/page\/sneg-in-led-povzrocila-epidemijo-poskodb-tudi-v-celju-in-okolici\/#breadcrumb"},"inLanguage":"sl-SI","potentialAction":[{"@type":"ReadAction","target":["https:\/\/novice.si\/page\/sneg-in-led-povzrocila-epidemijo-poskodb-tudi-v-celju-in-okolici\/"]}]},{"@type":"ImageObject","inLanguage":"sl-SI","@id":"https:\/\/novice.si\/page\/sneg-in-led-povzrocila-epidemijo-poskodb-tudi-v-celju-in-okolici\/#primaryimage","url":"https:\/\/novice.si\/page\/wp-content\/uploads\/2024\/02\/izpostavljeno-zimske-razmere-urgenca.jpg","contentUrl":"https:\/\/novice.si\/page\/wp-content\/uploads\/2024\/02\/izpostavljeno-zimske-razmere-urgenca.jpg","width":1280,"height":853},{"@type":"BreadcrumbList","@id":"https:\/\/novice.si\/page\/sneg-in-led-povzrocila-epidemijo-poskodb-tudi-v-celju-in-okolici\/#breadcrumb","itemListElement":[{"@type":"ListItem","position":1,"name":"Home","item":"https:\/\/novice.si\/page\/"},{"@type":"ListItem","position":2,"name":"Sneg in led povzro\u010dila \u2018epidemijo\u2019 po\u0161kodb tudi v Celju in okolici"}]},{"@type":"WebSite","@id":"https:\/\/novice.si\/page\/#website","url":"https:\/\/novice.si\/page\/","name":"Novice.si","description":"","publisher":{"@id":"https:\/\/novice.si\/page\/#organization"},"potentialAction":[{"@type":"SearchAction","target":{"@type":"EntryPoint","urlTemplate":"https:\/\/novice.si\/page\/?s={search_term_string}"},"query-input":{"@type":"PropertyValueSpecification","valueRequired":true,"valueName":"search_term_string"}}],"inLanguage":"sl-SI"},{"@type":"Organization","@id":"https:\/\/novice.si\/page\/#organization","name":"Novice.si","url":"https:\/\/novice.si\/page\/","logo":{"@type":"ImageObject","inLanguage":"sl-SI","@id":"https:\/\/novice.si\/page\/#\/schema\/logo\/image\/","url":"https:\/\/novice.si\/page\/wp-content\/uploads\/2023\/03\/novice_si.png","contentUrl":"https:\/\/novice.si\/page\/wp-content\/uploads\/2023\/03\/novice_si.png","width":576,"height":200,"caption":"Novice.si"},"image":{"@id":"https:\/\/novice.si\/page\/#\/schema\/logo\/image\/"}},{"@type":"Person","@id":"https:\/\/novice.si\/page\/#\/schema\/person\/a49f233ef2777ec7b2e8d0662325bb48","name":"Uredni\u0161tvo Celjana","image":{"@type":"ImageObject","inLanguage":"sl-SI","@id":"https:\/\/secure.gravatar.com\/avatar\/7f7863e616af8f92806c638dd1db3f1a238d83d1cc2ec3100afc06fbb7eb303f?s=96&d=mm&r=g","url":"https:\/\/secure.gravatar.com\/avatar\/7f7863e616af8f92806c638dd1db3f1a238d83d1cc2ec3100afc06fbb7eb303f?s=96&d=mm&r=g","contentUrl":"https:\/\/secure.gravatar.com\/avatar\/7f7863e616af8f92806c638dd1db3f1a238d83d1cc2ec3100afc06fbb7eb303f?s=96&d=mm&r=g","caption":"Uredni\u0161tvo Celjana"},"url":"https:\/\/novice.si\/page\/author\/maja\/"}]}},"_links":{"self":[{"href":"https:\/\/novice.si\/page\/wp-json\/wp\/v2\/posts\/171422","targetHints":{"allow":["GET"]}}],"collection":[{"href":"https:\/\/novice.si\/page\/wp-json\/wp\/v2\/posts"}],"about":[{"href":"https:\/\/novice.si\/page\/wp-json\/wp\/v2\/types\/post"}],"author":[{"embeddable":true,"href":"https:\/\/novice.si\/page\/wp-json\/wp\/v2\/users\/55"}],"replies":[{"embeddable":true,"href":"https:\/\/novice.si\/page\/wp-json\/wp\/v2\/comments?post=171422"}],"version-history":[{"count":1,"href":"https:\/\/novice.si\/page\/wp-json\/wp\/v2\/posts\/171422\/revisions"}],"predecessor-version":[{"id":171424,"href":"https:\/\/novice.si\/page\/wp-json\/wp\/v2\/posts\/171422\/revisions\/171424"}],"wp:featuredmedia":[{"embeddable":true,"href":"https:\/\/novice.si\/page\/wp-json\/wp\/v2\/media\/171423"}],"wp:attachment":[{"href":"https:\/\/novice.si\/page\/wp-json\/wp\/v2\/media?parent=171422"}],"wp:term":[{"taxonomy":"category","embeddable":true,"href":"https:\/\/novice.si\/page\/wp-json\/wp\/v2\/categories?post=171422"},{"taxonomy":"post_tag","embeddable":true,"href":"https:\/\/novice.si\/page\/wp-json\/wp\/v2\/tags?post=171422"}],"curies":[{"name":"wp","href":"https:\/\/api.w.org\/{rel}","templated":true}]}}