{"id":171412,"date":"2024-02-01T20:58:05","date_gmt":"2024-02-01T19:58:05","guid":{"rendered":"https:\/\/novice.si\/page\/?p=171412"},"modified":"2024-02-01T21:01:48","modified_gmt":"2024-02-01T20:01:48","slug":"prihajajo-32-dnevi-komedije","status":"publish","type":"post","link":"https:\/\/novice.si\/page\/prihajajo-32-dnevi-komedije\/","title":{"rendered":"Prihajajo 32. Dnevi komedije"},"content":{"rendered":"\r\n                <style type=\"text\/css\">\r\n                    \r\n                    #tdi_1  .td-doubleSlider-2 .td-item1 {\r\n                        background: url(https:\/\/novice.si\/page\/wp-content\/uploads\/2024\/02\/Tadej-Tos-Abrahmm.-Foto-Zeljko-Zelenicic-80x60.jpg) 0 0 no-repeat;\r\n                    }\r\n                    #tdi_1  .td-doubleSlider-2 .td-item2 {\r\n                        background: url(https:\/\/novice.si\/page\/wp-content\/uploads\/2024\/02\/Bilbi.-Foto-Domen-Mlakar.-Tender-Beast-Produktion-80x60.jpg) 0 0 no-repeat;\r\n                    }\r\n                    #tdi_1  .td-doubleSlider-2 .td-item3 {\r\n                        background: url(https:\/\/novice.si\/page\/wp-content\/uploads\/2024\/02\/Bravo-za-klovna.-Foto-Sinisa-Kopunovic-ADRIASOUND-80x60.jpg) 0 0 no-repeat;\r\n                    }\r\n                    #tdi_1  .td-doubleSlider-2 .td-item4 {\r\n                        background: url(https:\/\/novice.si\/page\/wp-content\/uploads\/2024\/02\/Mali-otroci-veliki-problemi.-Jure-Dobelsek-80x60.jpg) 0 0 no-repeat;\r\n                    }\r\n                    #tdi_1  .td-doubleSlider-2 .td-item5 {\r\n                        background: url(https:\/\/novice.si\/page\/wp-content\/uploads\/2024\/02\/Novinarska-konferenca-80x60.jpeg) 0 0 no-repeat;\r\n                    }\r\n                    #tdi_1  .td-doubleSlider-2 .td-item6 {\r\n                        background: url(https:\/\/novice.si\/page\/wp-content\/uploads\/2024\/02\/Paradiz.-Foto-Uros-Hocevar-80x60.jpg) 0 0 no-repeat;\r\n                    }\r\n                    #tdi_1  .td-doubleSlider-2 .td-item7 {\r\n                        background: url(https:\/\/novice.si\/page\/wp-content\/uploads\/2024\/02\/Salto-animato.-Foto-Neven-Petrovic-80x60.jpg) 0 0 no-repeat;\r\n                    }\r\n                <\/style>\r\n\r\n                <div id=\"tdi_1\" class=\"td-gallery td-slide-on-2-columns\">\r\n                    <div class=\"post_td_gallery\">\r\n                        <div class=\"td-gallery-slide-top\">\r\n                           <div class=\"td-gallery-title\">32. Dnevi komedije<\/div>\r\n\r\n                            <div class=\"td-gallery-controls-wrapper\">\r\n                                <div class=\"td-gallery-slide-count\"><span class=\"td-gallery-slide-item-focus\">1<\/span> od 7<\/div>\r\n                                <div class=\"td-gallery-slide-prev-next-but\">\r\n                                    <i class = \"td-icon-left doubleSliderPrevButton\"><\/i>\r\n                                    <i class = \"td-icon-right doubleSliderNextButton\"><\/i>\r\n                                <\/div>\r\n                            <\/div>\r\n                        <\/div>\r\n\r\n                        <div class = \"td-doubleSlider-1 \">\r\n                            <div class = \"td-slider\">\r\n                                \r\n                    <div class = \"td-slide-item td-item1\">\r\n                        <figure class=\"td-slide-galery-figure td-slide-popup-gallery\">\r\n                            <a class=\"slide-gallery-image-link\" href=\"https:\/\/novice.si\/page\/wp-content\/uploads\/2024\/02\/Tadej-Tos-Abrahmm.-Foto-Zeljko-Zelenicic.jpg\" title=\"Tadej To\u0161 Abrahmm. Foto \u017deljko Zeleni\u010di\u0107\"  data-caption=\"Tadej To\u0161 predstava Abrahmmm. Foto: \u017deljko Zeleni\u010di\u010d\"  data-description=\"\" data-gallery>\r\n                                <img decoding=\"async\" src=\"https:\/\/novice.si\/page\/wp-content\/uploads\/2024\/02\/Tadej-Tos-Abrahmm.-Foto-Zeljko-Zelenicic-420x420.jpg\" srcset=\"https:\/\/novice.si\/page\/wp-content\/uploads\/2024\/02\/Tadej-Tos-Abrahmm.-Foto-Zeljko-Zelenicic-420x420.jpg 420w, https:\/\/novice.si\/page\/wp-content\/uploads\/2024\/02\/Tadej-Tos-Abrahmm.-Foto-Zeljko-Zelenicic-600x600.jpg 600w, https:\/\/novice.si\/page\/wp-content\/uploads\/2024\/02\/Tadej-Tos-Abrahmm.-Foto-Zeljko-Zelenicic-150x150.jpg 150w, https:\/\/novice.si\/page\/wp-content\/uploads\/2024\/02\/Tadej-Tos-Abrahmm.-Foto-Zeljko-Zelenicic-768x768.jpg 768w, https:\/\/novice.si\/page\/wp-content\/uploads\/2024\/02\/Tadej-Tos-Abrahmm.-Foto-Zeljko-Zelenicic-696x696.jpg 696w, https:\/\/novice.si\/page\/wp-content\/uploads\/2024\/02\/Tadej-Tos-Abrahmm.-Foto-Zeljko-Zelenicic-24x24.jpg 24w, https:\/\/novice.si\/page\/wp-content\/uploads\/2024\/02\/Tadej-Tos-Abrahmm.-Foto-Zeljko-Zelenicic-36x36.jpg 36w, https:\/\/novice.si\/page\/wp-content\/uploads\/2024\/02\/Tadej-Tos-Abrahmm.-Foto-Zeljko-Zelenicic-48x48.jpg 48w, https:\/\/novice.si\/page\/wp-content\/uploads\/2024\/02\/Tadej-Tos-Abrahmm.-Foto-Zeljko-Zelenicic.jpg 960w\" sizes=\"(max-width: 420px) 100vw, 420px\" alt=\"\">\r\n                            <\/a>\r\n                            <figcaption class = \"td-slide-caption td-gallery-slide-content\"><div class = \"td-gallery-slide-copywrite\">Tadej To\u0161 predstava Abrahmmm. Foto: \u017deljko Zeleni\u010di\u010d<\/div><\/figcaption>\r\n                        <\/figure>\r\n                    <\/div>\r\n                    <div class = \"td-slide-item td-item2\">\r\n                        <figure class=\"td-slide-galery-figure td-slide-popup-gallery\">\r\n                            <a class=\"slide-gallery-image-link\" href=\"https:\/\/novice.si\/page\/wp-content\/uploads\/2024\/02\/Bilbi.-Foto-Domen-Mlakar.-Tender-Beast-Produktion.jpg\" title=\"Bilbi. Foto Domen Mlakar. Tender Beast Produktion)\"  data-caption=\"Bilbi. Foto Domen Mlakar - Tender Beast Produktion\"  data-description=\"\" data-gallery>\r\n                                <img decoding=\"async\" src=\"https:\/\/novice.si\/page\/wp-content\/uploads\/2024\/02\/Bilbi.-Foto-Domen-Mlakar.-Tender-Beast-Produktion-280x420.jpg\" srcset=\"https:\/\/novice.si\/page\/wp-content\/uploads\/2024\/02\/Bilbi.-Foto-Domen-Mlakar.-Tender-Beast-Produktion-280x420.jpg 280w, https:\/\/novice.si\/page\/wp-content\/uploads\/2024\/02\/Bilbi.-Foto-Domen-Mlakar.-Tender-Beast-Produktion-400x600.jpg 400w, https:\/\/novice.si\/page\/wp-content\/uploads\/2024\/02\/Bilbi.-Foto-Domen-Mlakar.-Tender-Beast-Produktion-682x1024.jpg 682w, https:\/\/novice.si\/page\/wp-content\/uploads\/2024\/02\/Bilbi.-Foto-Domen-Mlakar.-Tender-Beast-Produktion-768x1152.jpg 768w, https:\/\/novice.si\/page\/wp-content\/uploads\/2024\/02\/Bilbi.-Foto-Domen-Mlakar.-Tender-Beast-Produktion-696x1044.jpg 696w, https:\/\/novice.si\/page\/wp-content\/uploads\/2024\/02\/Bilbi.-Foto-Domen-Mlakar.-Tender-Beast-Produktion-16x24.jpg 16w, https:\/\/novice.si\/page\/wp-content\/uploads\/2024\/02\/Bilbi.-Foto-Domen-Mlakar.-Tender-Beast-Produktion-24x36.jpg 24w, https:\/\/novice.si\/page\/wp-content\/uploads\/2024\/02\/Bilbi.-Foto-Domen-Mlakar.-Tender-Beast-Produktion-32x48.jpg 32w, https:\/\/novice.si\/page\/wp-content\/uploads\/2024\/02\/Bilbi.-Foto-Domen-Mlakar.-Tender-Beast-Produktion.jpg 853w\" sizes=\"(max-width: 280px) 100vw, 280px\" alt=\"\">\r\n                            <\/a>\r\n                            <figcaption class = \"td-slide-caption td-gallery-slide-content\"><div class = \"td-gallery-slide-copywrite\">Bilbi. Foto Domen Mlakar - Tender Beast Produktion<\/div><\/figcaption>\r\n                        <\/figure>\r\n                    <\/div>\r\n                    <div class = \"td-slide-item td-item3\">\r\n                        <figure class=\"td-slide-galery-figure td-slide-popup-gallery\">\r\n                            <a class=\"slide-gallery-image-link\" href=\"https:\/\/novice.si\/page\/wp-content\/uploads\/2024\/02\/Bravo-za-klovna.-Foto-Sinisa-Kopunovic-ADRIASOUND.jpg\" title=\"Bravo za klovna. Foto Sini\u0161a Kopunovi\u0107, ADRIASOUND\"  data-caption=\"Projekt Bravo za klovna. Foto Sini\u0161a Kuponovi\u0107 - Adriasound\"  data-description=\"\" data-gallery>\r\n                                <img decoding=\"async\" src=\"https:\/\/novice.si\/page\/wp-content\/uploads\/2024\/02\/Bravo-za-klovna.-Foto-Sinisa-Kopunovic-ADRIASOUND-630x420.jpg\" srcset=\"https:\/\/novice.si\/page\/wp-content\/uploads\/2024\/02\/Bravo-za-klovna.-Foto-Sinisa-Kopunovic-ADRIASOUND-630x420.jpg 630w, https:\/\/novice.si\/page\/wp-content\/uploads\/2024\/02\/Bravo-za-klovna.-Foto-Sinisa-Kopunovic-ADRIASOUND-600x400.jpg 600w, https:\/\/novice.si\/page\/wp-content\/uploads\/2024\/02\/Bravo-za-klovna.-Foto-Sinisa-Kopunovic-ADRIASOUND-1024x683.jpg 1024w, https:\/\/novice.si\/page\/wp-content\/uploads\/2024\/02\/Bravo-za-klovna.-Foto-Sinisa-Kopunovic-ADRIASOUND-768x512.jpg 768w, https:\/\/novice.si\/page\/wp-content\/uploads\/2024\/02\/Bravo-za-klovna.-Foto-Sinisa-Kopunovic-ADRIASOUND-1536x1024.jpg 1536w, https:\/\/novice.si\/page\/wp-content\/uploads\/2024\/02\/Bravo-za-klovna.-Foto-Sinisa-Kopunovic-ADRIASOUND-2048x1366.jpg 2048w, https:\/\/novice.si\/page\/wp-content\/uploads\/2024\/02\/Bravo-za-klovna.-Foto-Sinisa-Kopunovic-ADRIASOUND-696x464.jpg 696w, https:\/\/novice.si\/page\/wp-content\/uploads\/2024\/02\/Bravo-za-klovna.-Foto-Sinisa-Kopunovic-ADRIASOUND-1068x712.jpg 1068w, https:\/\/novice.si\/page\/wp-content\/uploads\/2024\/02\/Bravo-za-klovna.-Foto-Sinisa-Kopunovic-ADRIASOUND-1920x1280.jpg 1920w, https:\/\/novice.si\/page\/wp-content\/uploads\/2024\/02\/Bravo-za-klovna.-Foto-Sinisa-Kopunovic-ADRIASOUND-24x16.jpg 24w, https:\/\/novice.si\/page\/wp-content\/uploads\/2024\/02\/Bravo-za-klovna.-Foto-Sinisa-Kopunovic-ADRIASOUND-36x24.jpg 36w, https:\/\/novice.si\/page\/wp-content\/uploads\/2024\/02\/Bravo-za-klovna.-Foto-Sinisa-Kopunovic-ADRIASOUND-48x32.jpg 48w\" sizes=\"(max-width: 630px) 100vw, 630px\" alt=\"\">\r\n                            <\/a>\r\n                            <figcaption class = \"td-slide-caption td-gallery-slide-content\"><div class = \"td-gallery-slide-copywrite\">Projekt Bravo za klovna. Foto Sini\u0161a Kuponovi\u0107 - Adriasound<\/div><\/figcaption>\r\n                        <\/figure>\r\n                    <\/div>\r\n                    <div class = \"td-slide-item td-item4\">\r\n                        <figure class=\"td-slide-galery-figure td-slide-popup-gallery\">\r\n                            <a class=\"slide-gallery-image-link\" href=\"https:\/\/novice.si\/page\/wp-content\/uploads\/2024\/02\/Mali-otroci-veliki-problemi.-Jure-Dobelsek.jpg\" title=\"Mali otroci, veliki problemi. Jure Dobel\u0161ek\"  data-caption=\"Predstava Mali otroci, veliki problemi. Foto Jure Dobel\u0161ek\"  data-description=\"\" data-gallery>\r\n                                <img decoding=\"async\" src=\"https:\/\/novice.si\/page\/wp-content\/uploads\/2024\/02\/Mali-otroci-veliki-problemi.-Jure-Dobelsek-630x420.jpg\" srcset=\"https:\/\/novice.si\/page\/wp-content\/uploads\/2024\/02\/Mali-otroci-veliki-problemi.-Jure-Dobelsek-630x420.jpg 630w, https:\/\/novice.si\/page\/wp-content\/uploads\/2024\/02\/Mali-otroci-veliki-problemi.-Jure-Dobelsek-600x400.jpg 600w, https:\/\/novice.si\/page\/wp-content\/uploads\/2024\/02\/Mali-otroci-veliki-problemi.-Jure-Dobelsek-1024x683.jpg 1024w, https:\/\/novice.si\/page\/wp-content\/uploads\/2024\/02\/Mali-otroci-veliki-problemi.-Jure-Dobelsek-768x512.jpg 768w, https:\/\/novice.si\/page\/wp-content\/uploads\/2024\/02\/Mali-otroci-veliki-problemi.-Jure-Dobelsek-1536x1024.jpg 1536w, https:\/\/novice.si\/page\/wp-content\/uploads\/2024\/02\/Mali-otroci-veliki-problemi.-Jure-Dobelsek-2048x1365.jpg 2048w, https:\/\/novice.si\/page\/wp-content\/uploads\/2024\/02\/Mali-otroci-veliki-problemi.-Jure-Dobelsek-696x464.jpg 696w, https:\/\/novice.si\/page\/wp-content\/uploads\/2024\/02\/Mali-otroci-veliki-problemi.-Jure-Dobelsek-1068x712.jpg 1068w, https:\/\/novice.si\/page\/wp-content\/uploads\/2024\/02\/Mali-otroci-veliki-problemi.-Jure-Dobelsek-1920x1280.jpg 1920w, https:\/\/novice.si\/page\/wp-content\/uploads\/2024\/02\/Mali-otroci-veliki-problemi.-Jure-Dobelsek-24x16.jpg 24w, https:\/\/novice.si\/page\/wp-content\/uploads\/2024\/02\/Mali-otroci-veliki-problemi.-Jure-Dobelsek-36x24.jpg 36w, https:\/\/novice.si\/page\/wp-content\/uploads\/2024\/02\/Mali-otroci-veliki-problemi.-Jure-Dobelsek-48x32.jpg 48w\" sizes=\"(max-width: 630px) 100vw, 630px\" alt=\"\">\r\n                            <\/a>\r\n                            <figcaption class = \"td-slide-caption td-gallery-slide-content\"><div class = \"td-gallery-slide-copywrite\">Predstava Mali otroci, veliki problemi. Foto Jure Dobel\u0161ek<\/div><\/figcaption>\r\n                        <\/figure>\r\n                    <\/div>\r\n                    <div class = \"td-slide-item td-item5\">\r\n                        <figure class=\"td-slide-galery-figure td-slide-popup-gallery\">\r\n                            <a class=\"slide-gallery-image-link\" href=\"https:\/\/novice.si\/page\/wp-content\/uploads\/2024\/02\/Novinarska-konferenca.jpeg\" title=\"Novinarska konferenca\"  data-caption=\"Novinarska koncferenca ob Dnevih komedije.\"  data-description=\"\" data-gallery>\r\n                                <img decoding=\"async\" src=\"https:\/\/novice.si\/page\/wp-content\/uploads\/2024\/02\/Novinarska-konferenca-559x420.jpeg\" srcset=\"https:\/\/novice.si\/page\/wp-content\/uploads\/2024\/02\/Novinarska-konferenca-559x420.jpeg 559w, https:\/\/novice.si\/page\/wp-content\/uploads\/2024\/02\/Novinarska-konferenca-600x451.jpeg 600w, https:\/\/novice.si\/page\/wp-content\/uploads\/2024\/02\/Novinarska-konferenca-768x577.jpeg 768w, https:\/\/novice.si\/page\/wp-content\/uploads\/2024\/02\/Novinarska-konferenca-80x60.jpeg 80w, https:\/\/novice.si\/page\/wp-content\/uploads\/2024\/02\/Novinarska-konferenca-265x198.jpeg 265w, https:\/\/novice.si\/page\/wp-content\/uploads\/2024\/02\/Novinarska-konferenca-696x523.jpeg 696w, https:\/\/novice.si\/page\/wp-content\/uploads\/2024\/02\/Novinarska-konferenca-24x18.jpeg 24w, https:\/\/novice.si\/page\/wp-content\/uploads\/2024\/02\/Novinarska-konferenca-36x27.jpeg 36w, https:\/\/novice.si\/page\/wp-content\/uploads\/2024\/02\/Novinarska-konferenca-48x36.jpeg 48w, https:\/\/novice.si\/page\/wp-content\/uploads\/2024\/02\/Novinarska-konferenca.jpeg 968w\" sizes=\"(max-width: 559px) 100vw, 559px\" alt=\"\">\r\n                            <\/a>\r\n                            <figcaption class = \"td-slide-caption td-gallery-slide-content\"><div class = \"td-gallery-slide-copywrite\">Novinarska koncferenca ob Dnevih komedije.<\/div><\/figcaption>\r\n                        <\/figure>\r\n                    <\/div>\r\n                    <div class = \"td-slide-item td-item6\">\r\n                        <figure class=\"td-slide-galery-figure td-slide-popup-gallery\">\r\n                            <a class=\"slide-gallery-image-link\" href=\"https:\/\/novice.si\/page\/wp-content\/uploads\/2024\/02\/Paradiz.-Foto-Uros-Hocevar.jpg\" title=\"SLG Celje - Paradi\u017e\"  data-caption=\"Predstava Paradi\u017e. Foto Uro\u0161 Ho\u010devar\"  data-description=\"\" data-gallery>\r\n                                <img decoding=\"async\" src=\"https:\/\/novice.si\/page\/wp-content\/uploads\/2024\/02\/Paradiz.-Foto-Uros-Hocevar-630x420.jpg\" srcset=\"https:\/\/novice.si\/page\/wp-content\/uploads\/2024\/02\/Paradiz.-Foto-Uros-Hocevar-630x420.jpg 630w, https:\/\/novice.si\/page\/wp-content\/uploads\/2024\/02\/Paradiz.-Foto-Uros-Hocevar-600x400.jpg 600w, https:\/\/novice.si\/page\/wp-content\/uploads\/2024\/02\/Paradiz.-Foto-Uros-Hocevar-1024x683.jpg 1024w, https:\/\/novice.si\/page\/wp-content\/uploads\/2024\/02\/Paradiz.-Foto-Uros-Hocevar-768x512.jpg 768w, https:\/\/novice.si\/page\/wp-content\/uploads\/2024\/02\/Paradiz.-Foto-Uros-Hocevar-1536x1024.jpg 1536w, https:\/\/novice.si\/page\/wp-content\/uploads\/2024\/02\/Paradiz.-Foto-Uros-Hocevar-2048x1366.jpg 2048w, https:\/\/novice.si\/page\/wp-content\/uploads\/2024\/02\/Paradiz.-Foto-Uros-Hocevar-696x464.jpg 696w, https:\/\/novice.si\/page\/wp-content\/uploads\/2024\/02\/Paradiz.-Foto-Uros-Hocevar-1068x712.jpg 1068w, https:\/\/novice.si\/page\/wp-content\/uploads\/2024\/02\/Paradiz.-Foto-Uros-Hocevar-1920x1281.jpg 1920w, https:\/\/novice.si\/page\/wp-content\/uploads\/2024\/02\/Paradiz.-Foto-Uros-Hocevar-24x16.jpg 24w, https:\/\/novice.si\/page\/wp-content\/uploads\/2024\/02\/Paradiz.-Foto-Uros-Hocevar-36x24.jpg 36w, https:\/\/novice.si\/page\/wp-content\/uploads\/2024\/02\/Paradiz.-Foto-Uros-Hocevar-48x32.jpg 48w\" sizes=\"(max-width: 630px) 100vw, 630px\" alt=\"\">\r\n                            <\/a>\r\n                            <figcaption class = \"td-slide-caption td-gallery-slide-content\"><div class = \"td-gallery-slide-copywrite\">Predstava Paradi\u017e. Foto Uro\u0161 Ho\u010devar<\/div><\/figcaption>\r\n                        <\/figure>\r\n                    <\/div>\r\n                    <div class = \"td-slide-item td-item7\">\r\n                        <figure class=\"td-slide-galery-figure td-slide-popup-gallery\">\r\n                            <a class=\"slide-gallery-image-link\" href=\"https:\/\/novice.si\/page\/wp-content\/uploads\/2024\/02\/Salto-animato.-Foto-Neven-Petrovic.jpg\" title=\"Salto animato. Foto Neven Petrovi\u0107\"  data-caption=\"Salto animato. Foto Neven Petrovi\u010d\"  data-description=\"\" data-gallery>\r\n                                <img decoding=\"async\" src=\"https:\/\/novice.si\/page\/wp-content\/uploads\/2024\/02\/Salto-animato.-Foto-Neven-Petrovic-630x420.jpg\" srcset=\"https:\/\/novice.si\/page\/wp-content\/uploads\/2024\/02\/Salto-animato.-Foto-Neven-Petrovic-630x420.jpg 630w, https:\/\/novice.si\/page\/wp-content\/uploads\/2024\/02\/Salto-animato.-Foto-Neven-Petrovic-600x400.jpg 600w, https:\/\/novice.si\/page\/wp-content\/uploads\/2024\/02\/Salto-animato.-Foto-Neven-Petrovic-1024x683.jpg 1024w, https:\/\/novice.si\/page\/wp-content\/uploads\/2024\/02\/Salto-animato.-Foto-Neven-Petrovic-768x512.jpg 768w, https:\/\/novice.si\/page\/wp-content\/uploads\/2024\/02\/Salto-animato.-Foto-Neven-Petrovic-696x464.jpg 696w, https:\/\/novice.si\/page\/wp-content\/uploads\/2024\/02\/Salto-animato.-Foto-Neven-Petrovic-1068x712.jpg 1068w, https:\/\/novice.si\/page\/wp-content\/uploads\/2024\/02\/Salto-animato.-Foto-Neven-Petrovic-24x16.jpg 24w, https:\/\/novice.si\/page\/wp-content\/uploads\/2024\/02\/Salto-animato.-Foto-Neven-Petrovic-36x24.jpg 36w, https:\/\/novice.si\/page\/wp-content\/uploads\/2024\/02\/Salto-animato.-Foto-Neven-Petrovic-48x32.jpg 48w, https:\/\/novice.si\/page\/wp-content\/uploads\/2024\/02\/Salto-animato.-Foto-Neven-Petrovic.jpg 1200w\" sizes=\"(max-width: 630px) 100vw, 630px\" alt=\"\">\r\n                            <\/a>\r\n                            <figcaption class = \"td-slide-caption td-gallery-slide-content\"><div class = \"td-gallery-slide-copywrite\">Salto animato. Foto Neven Petrovi\u010d<\/div><\/figcaption>\r\n                        <\/figure>\r\n                    <\/div>\r\n                            <\/div>\r\n                        <\/div>\r\n\r\n                        <div class = \"td-doubleSlider-2\">\r\n                            <div class = \"td-slider\">\r\n                                \r\n                    <div class = \"td-button td-item1\">\r\n                        <div class = \"td-border\"><\/div>\r\n                    <\/div>\r\n                    <div class = \"td-button td-item2\">\r\n                        <div class = \"td-border\"><\/div>\r\n                    <\/div>\r\n                    <div class = \"td-button td-item3\">\r\n                        <div class = \"td-border\"><\/div>\r\n                    <\/div>\r\n                    <div class = \"td-button td-item4\">\r\n                        <div class = \"td-border\"><\/div>\r\n                    <\/div>\r\n                    <div class = \"td-button td-item5\">\r\n                        <div class = \"td-border\"><\/div>\r\n                    <\/div>\r\n                    <div class = \"td-button td-item6\">\r\n                        <div class = \"td-border\"><\/div>\r\n                    <\/div>\r\n                    <div class = \"td-button td-item7\">\r\n                        <div class = \"td-border\"><\/div>\r\n                    <\/div>\r\n                            <\/div>\r\n                        <\/div>\r\n\r\n                    <\/div>\r\n\r\n                <\/div>\r\n                \n<p><em>Februarja se v Slovensko ljudsko gledali\u0161\u010de (SLG) Celje vra\u010dajo Dnevi komedije. Festival bo potekal med 10. in 25. februarjem, poleg tekmovalnih predstav pa tokrat prina\u0161a novosti.<\/em><\/p>\n<p>Ob osmih tekmovalnih predstavah bo letos namre\u010d festivalu prvi\u010d dodan \u0161e izjemno bogat spremljevalni program s predstavami iz Slovenije in tujine, okroglimi mizami, delavnicami in koncertom. Vpis abonmajev je potekal med 26. januarjem in 1. februarjem. Posamezne vstopnice pa bodo na voljo od 2. februarja dalje. Zaklju\u010dek festivala in podelitev nagrad bosta potekala v nedeljo, 25. 2., s predstavo Tadeja To\u0161a Abrahmm.<\/p>\n<p><strong>Tekmovalo bo osem predstav<\/strong><\/p>\n<p>Kot so povedali na novinarski konferenci, ki so jo v SLG Celje pripravili minuli teden, je selektorica <strong>Kaja Novosel<\/strong> v tekmovalni program Dnevov komedije uvrstila osem predstav. Sedem jih prihaja iz petih slovenskih javnih gledali\u0161\u010d, ena pa je produkcija zasebnega producenta. \u00bbPosebnost ali vsaj pomenljivost leto\u0161njega tekmovalnega nabora je, da z izjemo enega avtorskega projekta in ene dramatizacije slovenske novele ve\u010dina predstav ni nastala na podlagi slovenskih (dramskih) besedil,\u00ab so \u0161e povedali na omenjenem dogodku.<\/p>\n<p>\u017dirija 32. Dnevov komedije, v kateri so gledali\u0161ka in radijska re\u017eiserka <strong>\u017diva Bizovi\u010dar<\/strong>, dramaturginja, re\u017eiserka, igralka in publicistka <strong>Ajda Rooss<\/strong> ter dramski igralec in gledali\u0161ki lektor, v\u010dasih tudi \u0161epetalec, <strong>Simon \u0160erbinek<\/strong>, bo podelila nagrade za \u017elahtno predstavo, \u017elahtnega re\u017eiserja, \u017elahtno komedijantko in \u017elahtnega komedijanta. Svoje bodo dodali tudi gledalci, ki bodo izbirali komedijanta oz. komedijantko ve\u010dera ter glasovali za najbolj\u0161o komedijo festivala.<\/p>\n<p><strong>Atraktiven spremljevalni program<\/strong><\/p>\n<p>Tokrat Dnevi komedije ne bodo vabili le na tekmovalne predstave, obeta se namre\u010d tudi bogat spremljevalni program. Dogodki bodo raznoliki in namenjeni tako ljubiteljski kot strokovni javnosti, ne bodo pa potekali le v celjskem gledali\u0161\u010du, temve\u010d tudi v celjski knji\u017enici in v Celjskem mladinskem centru. V sklopu spremljevalnega programa se bo tako zvrstilo kar nekaj predstav, med drugim tudi stand up predstave in avtorski projekt Narodnega gledali\u0161\u010da Subotica, Bravo za klovna, koncert Bilbi s spremljevalno skupino, po vsaki tekmovalni predstavi pa bodo potekali pogovori z ustvarjalci. Vodili jih bodo igralke in igralci celjskega ansambla.<\/p>\n<p><strong>Podeljeno bo tudi \u017elahtno komedijsko pero<\/strong><\/p>\n<p>Na 32. Dnevih komedije bodo letos ponovno podelili \u017elahtno komedijsko pero. Drugi\u010d v zgodovini komediografske nagrade ga bo prejela avtorica. Strokovna \u017eirija, ki jo sestavljajo <strong>Tatjana Doma<\/strong> (predsednica), <strong>\u017diva \u010cebulj<\/strong> in <strong>Barbara Medve\u0161\u010dek<\/strong> je izmed 15 dramskih besedil soglasno odlo\u010dila, da nagrado prejme <strong>Nina Majer Ivaneti\u010d<\/strong> za komedijo Komu gori.<\/p>\n<p>\u00bbNina Majer Ivaneti\u010d v komediji Komu gori mojstrsko izri\u0161e konfliktne situacije kot niz komi\u010dnih zapletov, ki v svoj vrtinec posrkajo prav vse prisotne. Njeni teko\u010de izpisani dialogi so ostri, neposredni in zato tako zelo komi\u010dni. V vsakem od likov lahko prepoznamo tisti del\u010dek sebe, ki vzbuja smeh, in se s tem, ko se smejimo drugemu, nevede smejimo tudi sami sebi,\u00ab lahko med drugim preberemo v pojasnilu izbire.<\/p>\n","protected":false},"excerpt":{"rendered":"<p>Februarja se v Slovensko ljudsko gledali\u0161\u010de (SLG) Celje vra\u010dajo Dnevi komedije. Festival bo potekal med 10. in 25. februarjem, poleg tekmovalnih predstav pa tokrat prina\u0161a novosti. Ob osmih tekmovalnih predstavah bo letos namre\u010d festivalu prvi\u010d dodan \u0161e izjemno bogat spremljevalni program s predstavami iz Slovenije in tujine, okroglimi mizami, delavnicami in koncertom. Vpis abonmajev je [&hellip;]<\/p>\n","protected":false},"author":55,"featured_media":171417,"comment_status":"closed","ping_status":"closed","sticky":false,"template":"","format":"standard","meta":{"footnotes":""},"categories":[14,142,17],"tags":[],"class_list":{"0":"post-171412","1":"post","2":"type-post","3":"status-publish","4":"format-standard","5":"has-post-thumbnail","7":"category-aktualno","8":"category-celjan","9":"category-celjsko"},"yoast_head":"<!-- This site is optimized with the Yoast SEO plugin v27.4 - https:\/\/yoast.com\/product\/yoast-seo-wordpress\/ -->\n<title>Prihajajo 32. Dnevi komedije - Novice.si<\/title>\n<meta name=\"robots\" content=\"index, follow, max-snippet:-1, max-image-preview:large, max-video-preview:-1\" \/>\n<link rel=\"canonical\" href=\"https:\/\/novice.si\/page\/prihajajo-32-dnevi-komedije\/\" \/>\n<meta property=\"og:locale\" content=\"sl_SI\" \/>\n<meta property=\"og:type\" content=\"article\" \/>\n<meta property=\"og:title\" content=\"Prihajajo 32. Dnevi komedije - Novice.si\" \/>\n<meta property=\"og:description\" content=\"Februarja se v Slovensko ljudsko gledali\u0161\u010de (SLG) Celje vra\u010dajo Dnevi komedije. Festival bo potekal med 10. in 25. februarjem, poleg tekmovalnih predstav pa tokrat prina\u0161a novosti. Ob osmih tekmovalnih predstavah bo letos namre\u010d festivalu prvi\u010d dodan \u0161e izjemno bogat spremljevalni program s predstavami iz Slovenije in tujine, okroglimi mizami, delavnicami in koncertom. Vpis abonmajev je [&hellip;]\" \/>\n<meta property=\"og:url\" content=\"https:\/\/novice.si\/page\/prihajajo-32-dnevi-komedije\/\" \/>\n<meta property=\"og:site_name\" content=\"Novice.si\" \/>\n<meta property=\"article:published_time\" content=\"2024-02-01T19:58:05+00:00\" \/>\n<meta property=\"article:modified_time\" content=\"2024-02-01T20:01:48+00:00\" \/>\n<meta property=\"og:image\" content=\"https:\/\/novice.si\/page\/wp-content\/uploads\/2024\/02\/Novinarska-konferenca.jpeg\" \/>\n\t<meta property=\"og:image:width\" content=\"968\" \/>\n\t<meta property=\"og:image:height\" content=\"727\" \/>\n\t<meta property=\"og:image:type\" content=\"image\/jpeg\" \/>\n<meta name=\"author\" content=\"Uredni\u0161tvo Celjana\" \/>\n<meta name=\"twitter:card\" content=\"summary_large_image\" \/>\n<meta name=\"twitter:label1\" content=\"Written by\" \/>\n\t<meta name=\"twitter:data1\" content=\"Uredni\u0161tvo Celjana\" \/>\n\t<meta name=\"twitter:label2\" content=\"Est. reading time\" \/>\n\t<meta name=\"twitter:data2\" content=\"3 minute\" \/>\n<script type=\"application\/ld+json\" class=\"yoast-schema-graph\">{\"@context\":\"https:\\\/\\\/schema.org\",\"@graph\":[{\"@type\":\"Article\",\"@id\":\"https:\\\/\\\/novice.si\\\/page\\\/prihajajo-32-dnevi-komedije\\\/#article\",\"isPartOf\":{\"@id\":\"https:\\\/\\\/novice.si\\\/page\\\/prihajajo-32-dnevi-komedije\\\/\"},\"author\":{\"name\":\"Uredni\u0161tvo Celjana\",\"@id\":\"https:\\\/\\\/novice.si\\\/page\\\/#\\\/schema\\\/person\\\/a49f233ef2777ec7b2e8d0662325bb48\"},\"headline\":\"Prihajajo 32. Dnevi komedije\",\"datePublished\":\"2024-02-01T19:58:05+00:00\",\"dateModified\":\"2024-02-01T20:01:48+00:00\",\"mainEntityOfPage\":{\"@id\":\"https:\\\/\\\/novice.si\\\/page\\\/prihajajo-32-dnevi-komedije\\\/\"},\"wordCount\":481,\"publisher\":{\"@id\":\"https:\\\/\\\/novice.si\\\/page\\\/#organization\"},\"image\":{\"@id\":\"https:\\\/\\\/novice.si\\\/page\\\/prihajajo-32-dnevi-komedije\\\/#primaryimage\"},\"thumbnailUrl\":\"https:\\\/\\\/novice.si\\\/page\\\/wp-content\\\/uploads\\\/2024\\\/02\\\/Novinarska-konferenca.jpeg\",\"articleSection\":[\"Aktualno\",\"Celjan\",\"Celjsko\"],\"inLanguage\":\"sl-SI\"},{\"@type\":\"WebPage\",\"@id\":\"https:\\\/\\\/novice.si\\\/page\\\/prihajajo-32-dnevi-komedije\\\/\",\"url\":\"https:\\\/\\\/novice.si\\\/page\\\/prihajajo-32-dnevi-komedije\\\/\",\"name\":\"Prihajajo 32. Dnevi komedije - Novice.si\",\"isPartOf\":{\"@id\":\"https:\\\/\\\/novice.si\\\/page\\\/#website\"},\"primaryImageOfPage\":{\"@id\":\"https:\\\/\\\/novice.si\\\/page\\\/prihajajo-32-dnevi-komedije\\\/#primaryimage\"},\"image\":{\"@id\":\"https:\\\/\\\/novice.si\\\/page\\\/prihajajo-32-dnevi-komedije\\\/#primaryimage\"},\"thumbnailUrl\":\"https:\\\/\\\/novice.si\\\/page\\\/wp-content\\\/uploads\\\/2024\\\/02\\\/Novinarska-konferenca.jpeg\",\"datePublished\":\"2024-02-01T19:58:05+00:00\",\"dateModified\":\"2024-02-01T20:01:48+00:00\",\"breadcrumb\":{\"@id\":\"https:\\\/\\\/novice.si\\\/page\\\/prihajajo-32-dnevi-komedije\\\/#breadcrumb\"},\"inLanguage\":\"sl-SI\",\"potentialAction\":[{\"@type\":\"ReadAction\",\"target\":[\"https:\\\/\\\/novice.si\\\/page\\\/prihajajo-32-dnevi-komedije\\\/\"]}]},{\"@type\":\"ImageObject\",\"inLanguage\":\"sl-SI\",\"@id\":\"https:\\\/\\\/novice.si\\\/page\\\/prihajajo-32-dnevi-komedije\\\/#primaryimage\",\"url\":\"https:\\\/\\\/novice.si\\\/page\\\/wp-content\\\/uploads\\\/2024\\\/02\\\/Novinarska-konferenca.jpeg\",\"contentUrl\":\"https:\\\/\\\/novice.si\\\/page\\\/wp-content\\\/uploads\\\/2024\\\/02\\\/Novinarska-konferenca.jpeg\",\"width\":968,\"height\":727,\"caption\":\"Novinarska koncferenca ob Dnevih komedije.\"},{\"@type\":\"BreadcrumbList\",\"@id\":\"https:\\\/\\\/novice.si\\\/page\\\/prihajajo-32-dnevi-komedije\\\/#breadcrumb\",\"itemListElement\":[{\"@type\":\"ListItem\",\"position\":1,\"name\":\"Home\",\"item\":\"https:\\\/\\\/novice.si\\\/page\\\/\"},{\"@type\":\"ListItem\",\"position\":2,\"name\":\"Prihajajo 32. Dnevi komedije\"}]},{\"@type\":\"WebSite\",\"@id\":\"https:\\\/\\\/novice.si\\\/page\\\/#website\",\"url\":\"https:\\\/\\\/novice.si\\\/page\\\/\",\"name\":\"Novice.si\",\"description\":\"\",\"publisher\":{\"@id\":\"https:\\\/\\\/novice.si\\\/page\\\/#organization\"},\"potentialAction\":[{\"@type\":\"SearchAction\",\"target\":{\"@type\":\"EntryPoint\",\"urlTemplate\":\"https:\\\/\\\/novice.si\\\/page\\\/?s={search_term_string}\"},\"query-input\":{\"@type\":\"PropertyValueSpecification\",\"valueRequired\":true,\"valueName\":\"search_term_string\"}}],\"inLanguage\":\"sl-SI\"},{\"@type\":\"Organization\",\"@id\":\"https:\\\/\\\/novice.si\\\/page\\\/#organization\",\"name\":\"Novice.si\",\"url\":\"https:\\\/\\\/novice.si\\\/page\\\/\",\"logo\":{\"@type\":\"ImageObject\",\"inLanguage\":\"sl-SI\",\"@id\":\"https:\\\/\\\/novice.si\\\/page\\\/#\\\/schema\\\/logo\\\/image\\\/\",\"url\":\"https:\\\/\\\/novice.si\\\/page\\\/wp-content\\\/uploads\\\/2023\\\/03\\\/novice_si.png\",\"contentUrl\":\"https:\\\/\\\/novice.si\\\/page\\\/wp-content\\\/uploads\\\/2023\\\/03\\\/novice_si.png\",\"width\":576,\"height\":200,\"caption\":\"Novice.si\"},\"image\":{\"@id\":\"https:\\\/\\\/novice.si\\\/page\\\/#\\\/schema\\\/logo\\\/image\\\/\"}},{\"@type\":\"Person\",\"@id\":\"https:\\\/\\\/novice.si\\\/page\\\/#\\\/schema\\\/person\\\/a49f233ef2777ec7b2e8d0662325bb48\",\"name\":\"Uredni\u0161tvo Celjana\",\"image\":{\"@type\":\"ImageObject\",\"inLanguage\":\"sl-SI\",\"@id\":\"https:\\\/\\\/secure.gravatar.com\\\/avatar\\\/7f7863e616af8f92806c638dd1db3f1a238d83d1cc2ec3100afc06fbb7eb303f?s=96&d=mm&r=g\",\"url\":\"https:\\\/\\\/secure.gravatar.com\\\/avatar\\\/7f7863e616af8f92806c638dd1db3f1a238d83d1cc2ec3100afc06fbb7eb303f?s=96&d=mm&r=g\",\"contentUrl\":\"https:\\\/\\\/secure.gravatar.com\\\/avatar\\\/7f7863e616af8f92806c638dd1db3f1a238d83d1cc2ec3100afc06fbb7eb303f?s=96&d=mm&r=g\",\"caption\":\"Uredni\u0161tvo Celjana\"},\"url\":\"https:\\\/\\\/novice.si\\\/page\\\/author\\\/maja\\\/\"}]}<\/script>\n<!-- \/ Yoast SEO plugin. -->","yoast_head_json":{"title":"Prihajajo 32. Dnevi komedije - Novice.si","robots":{"index":"index","follow":"follow","max-snippet":"max-snippet:-1","max-image-preview":"max-image-preview:large","max-video-preview":"max-video-preview:-1"},"canonical":"https:\/\/novice.si\/page\/prihajajo-32-dnevi-komedije\/","og_locale":"sl_SI","og_type":"article","og_title":"Prihajajo 32. Dnevi komedije - Novice.si","og_description":"Februarja se v Slovensko ljudsko gledali\u0161\u010de (SLG) Celje vra\u010dajo Dnevi komedije. Festival bo potekal med 10. in 25. februarjem, poleg tekmovalnih predstav pa tokrat prina\u0161a novosti. Ob osmih tekmovalnih predstavah bo letos namre\u010d festivalu prvi\u010d dodan \u0161e izjemno bogat spremljevalni program s predstavami iz Slovenije in tujine, okroglimi mizami, delavnicami in koncertom. Vpis abonmajev je [&hellip;]","og_url":"https:\/\/novice.si\/page\/prihajajo-32-dnevi-komedije\/","og_site_name":"Novice.si","article_published_time":"2024-02-01T19:58:05+00:00","article_modified_time":"2024-02-01T20:01:48+00:00","og_image":[{"width":968,"height":727,"url":"https:\/\/novice.si\/page\/wp-content\/uploads\/2024\/02\/Novinarska-konferenca.jpeg","type":"image\/jpeg"}],"author":"Uredni\u0161tvo Celjana","twitter_card":"summary_large_image","twitter_misc":{"Written by":"Uredni\u0161tvo Celjana","Est. reading time":"3 minute"},"schema":{"@context":"https:\/\/schema.org","@graph":[{"@type":"Article","@id":"https:\/\/novice.si\/page\/prihajajo-32-dnevi-komedije\/#article","isPartOf":{"@id":"https:\/\/novice.si\/page\/prihajajo-32-dnevi-komedije\/"},"author":{"name":"Uredni\u0161tvo Celjana","@id":"https:\/\/novice.si\/page\/#\/schema\/person\/a49f233ef2777ec7b2e8d0662325bb48"},"headline":"Prihajajo 32. Dnevi komedije","datePublished":"2024-02-01T19:58:05+00:00","dateModified":"2024-02-01T20:01:48+00:00","mainEntityOfPage":{"@id":"https:\/\/novice.si\/page\/prihajajo-32-dnevi-komedije\/"},"wordCount":481,"publisher":{"@id":"https:\/\/novice.si\/page\/#organization"},"image":{"@id":"https:\/\/novice.si\/page\/prihajajo-32-dnevi-komedije\/#primaryimage"},"thumbnailUrl":"https:\/\/novice.si\/page\/wp-content\/uploads\/2024\/02\/Novinarska-konferenca.jpeg","articleSection":["Aktualno","Celjan","Celjsko"],"inLanguage":"sl-SI"},{"@type":"WebPage","@id":"https:\/\/novice.si\/page\/prihajajo-32-dnevi-komedije\/","url":"https:\/\/novice.si\/page\/prihajajo-32-dnevi-komedije\/","name":"Prihajajo 32. Dnevi komedije - Novice.si","isPartOf":{"@id":"https:\/\/novice.si\/page\/#website"},"primaryImageOfPage":{"@id":"https:\/\/novice.si\/page\/prihajajo-32-dnevi-komedije\/#primaryimage"},"image":{"@id":"https:\/\/novice.si\/page\/prihajajo-32-dnevi-komedije\/#primaryimage"},"thumbnailUrl":"https:\/\/novice.si\/page\/wp-content\/uploads\/2024\/02\/Novinarska-konferenca.jpeg","datePublished":"2024-02-01T19:58:05+00:00","dateModified":"2024-02-01T20:01:48+00:00","breadcrumb":{"@id":"https:\/\/novice.si\/page\/prihajajo-32-dnevi-komedije\/#breadcrumb"},"inLanguage":"sl-SI","potentialAction":[{"@type":"ReadAction","target":["https:\/\/novice.si\/page\/prihajajo-32-dnevi-komedije\/"]}]},{"@type":"ImageObject","inLanguage":"sl-SI","@id":"https:\/\/novice.si\/page\/prihajajo-32-dnevi-komedije\/#primaryimage","url":"https:\/\/novice.si\/page\/wp-content\/uploads\/2024\/02\/Novinarska-konferenca.jpeg","contentUrl":"https:\/\/novice.si\/page\/wp-content\/uploads\/2024\/02\/Novinarska-konferenca.jpeg","width":968,"height":727,"caption":"Novinarska koncferenca ob Dnevih komedije."},{"@type":"BreadcrumbList","@id":"https:\/\/novice.si\/page\/prihajajo-32-dnevi-komedije\/#breadcrumb","itemListElement":[{"@type":"ListItem","position":1,"name":"Home","item":"https:\/\/novice.si\/page\/"},{"@type":"ListItem","position":2,"name":"Prihajajo 32. Dnevi komedije"}]},{"@type":"WebSite","@id":"https:\/\/novice.si\/page\/#website","url":"https:\/\/novice.si\/page\/","name":"Novice.si","description":"","publisher":{"@id":"https:\/\/novice.si\/page\/#organization"},"potentialAction":[{"@type":"SearchAction","target":{"@type":"EntryPoint","urlTemplate":"https:\/\/novice.si\/page\/?s={search_term_string}"},"query-input":{"@type":"PropertyValueSpecification","valueRequired":true,"valueName":"search_term_string"}}],"inLanguage":"sl-SI"},{"@type":"Organization","@id":"https:\/\/novice.si\/page\/#organization","name":"Novice.si","url":"https:\/\/novice.si\/page\/","logo":{"@type":"ImageObject","inLanguage":"sl-SI","@id":"https:\/\/novice.si\/page\/#\/schema\/logo\/image\/","url":"https:\/\/novice.si\/page\/wp-content\/uploads\/2023\/03\/novice_si.png","contentUrl":"https:\/\/novice.si\/page\/wp-content\/uploads\/2023\/03\/novice_si.png","width":576,"height":200,"caption":"Novice.si"},"image":{"@id":"https:\/\/novice.si\/page\/#\/schema\/logo\/image\/"}},{"@type":"Person","@id":"https:\/\/novice.si\/page\/#\/schema\/person\/a49f233ef2777ec7b2e8d0662325bb48","name":"Uredni\u0161tvo Celjana","image":{"@type":"ImageObject","inLanguage":"sl-SI","@id":"https:\/\/secure.gravatar.com\/avatar\/7f7863e616af8f92806c638dd1db3f1a238d83d1cc2ec3100afc06fbb7eb303f?s=96&d=mm&r=g","url":"https:\/\/secure.gravatar.com\/avatar\/7f7863e616af8f92806c638dd1db3f1a238d83d1cc2ec3100afc06fbb7eb303f?s=96&d=mm&r=g","contentUrl":"https:\/\/secure.gravatar.com\/avatar\/7f7863e616af8f92806c638dd1db3f1a238d83d1cc2ec3100afc06fbb7eb303f?s=96&d=mm&r=g","caption":"Uredni\u0161tvo Celjana"},"url":"https:\/\/novice.si\/page\/author\/maja\/"}]}},"_links":{"self":[{"href":"https:\/\/novice.si\/page\/wp-json\/wp\/v2\/posts\/171412","targetHints":{"allow":["GET"]}}],"collection":[{"href":"https:\/\/novice.si\/page\/wp-json\/wp\/v2\/posts"}],"about":[{"href":"https:\/\/novice.si\/page\/wp-json\/wp\/v2\/types\/post"}],"author":[{"embeddable":true,"href":"https:\/\/novice.si\/page\/wp-json\/wp\/v2\/users\/55"}],"replies":[{"embeddable":true,"href":"https:\/\/novice.si\/page\/wp-json\/wp\/v2\/comments?post=171412"}],"version-history":[{"count":2,"href":"https:\/\/novice.si\/page\/wp-json\/wp\/v2\/posts\/171412\/revisions"}],"predecessor-version":[{"id":171421,"href":"https:\/\/novice.si\/page\/wp-json\/wp\/v2\/posts\/171412\/revisions\/171421"}],"wp:featuredmedia":[{"embeddable":true,"href":"https:\/\/novice.si\/page\/wp-json\/wp\/v2\/media\/171417"}],"wp:attachment":[{"href":"https:\/\/novice.si\/page\/wp-json\/wp\/v2\/media?parent=171412"}],"wp:term":[{"taxonomy":"category","embeddable":true,"href":"https:\/\/novice.si\/page\/wp-json\/wp\/v2\/categories?post=171412"},{"taxonomy":"post_tag","embeddable":true,"href":"https:\/\/novice.si\/page\/wp-json\/wp\/v2\/tags?post=171412"}],"curies":[{"name":"wp","href":"https:\/\/api.w.org\/{rel}","templated":true}]}}