{"id":171410,"date":"2024-02-01T19:49:43","date_gmt":"2024-02-01T18:49:43","guid":{"rendered":"https:\/\/novice.si\/page\/?p=171410"},"modified":"2024-02-01T19:51:15","modified_gmt":"2024-02-01T18:51:15","slug":"maribor-konjisko-je-kamenik-vpleten-v-mednarodno-mrezo-preprodajalcev","status":"publish","type":"post","link":"https:\/\/novice.si\/page\/maribor-konjisko-je-kamenik-vpleten-v-mednarodno-mrezo-preprodajalcev\/","title":{"rendered":"MARIBOR KONJI\u0160KO Je Kamenik vpleten v mednarodno mre\u017eo preprodajalcev?"},"content":{"rendered":"<p>Po poro\u010danju TV Slovenija naj bi bil med dvajseterico aretiranih, ki so jim danes odvzeli <img loading=\"lazy\" decoding=\"async\" class=\" wp-image-159726 alignleft\" src=\"https:\/\/novice.si\/page\/wp-content\/uploads\/2023\/02\/Kamenik-feb23-2-300x225.jpg\" alt=\"\" width=\"257\" height=\"193\" srcset=\"https:\/\/novice.si\/page\/wp-content\/uploads\/2023\/02\/Kamenik-feb23-2-300x225.jpg 300w, https:\/\/novice.si\/page\/wp-content\/uploads\/2023\/02\/Kamenik-feb23-2-1024x768.jpg 1024w, https:\/\/novice.si\/page\/wp-content\/uploads\/2023\/02\/Kamenik-feb23-2-768x576.jpg 768w, https:\/\/novice.si\/page\/wp-content\/uploads\/2023\/02\/Kamenik-feb23-2-1536x1152.jpg 1536w, https:\/\/novice.si\/page\/wp-content\/uploads\/2023\/02\/Kamenik-feb23-2-2048x1536.jpg 2048w, https:\/\/novice.si\/page\/wp-content\/uploads\/2023\/02\/Kamenik-feb23-2-80x60.jpg 80w, https:\/\/novice.si\/page\/wp-content\/uploads\/2023\/02\/Kamenik-feb23-2-265x198.jpg 265w, https:\/\/novice.si\/page\/wp-content\/uploads\/2023\/02\/Kamenik-feb23-2-696x522.jpg 696w, https:\/\/novice.si\/page\/wp-content\/uploads\/2023\/02\/Kamenik-feb23-2-1068x801.jpg 1068w, https:\/\/novice.si\/page\/wp-content\/uploads\/2023\/02\/Kamenik-feb23-2-560x420.jpg 560w, https:\/\/novice.si\/page\/wp-content\/uploads\/2023\/02\/Kamenik-feb23-2-24x18.jpg 24w, https:\/\/novice.si\/page\/wp-content\/uploads\/2023\/02\/Kamenik-feb23-2-36x27.jpg 36w, https:\/\/novice.si\/page\/wp-content\/uploads\/2023\/02\/Kamenik-feb23-2-48x36.jpg 48w\" sizes=\"auto, (max-width: 257px) 100vw, 257px\" \/>prostost v sklepnem delu akcije, kjer so razkrinkali mednarodno zdru\u017ebo preprodajalcev mamil, tudi <strong>Kristijan Kamenik<\/strong>.<\/p>\n<p>Kriminalisti\u010dno preiskavo ob pomo\u010di Generalne policijske uprave vodi mariborska policijska uprava, izvajali pa so jo po vsej dr\u017eavi.<\/p>\n<p>V njej je sodelovalo 250 policistov in kriminalistov, potekala pa je na dvajsetih lokacijah.<\/p>\n<p>Kot je znano, je celjsko okro\u017eno sodi\u0161\u010de Kamenika lani oprostilo obto\u017eb o vpletenosti v \u0161tirikratni umor v Teka\u010devem leta 1997, trenutno pa \u010daka na odlo\u010ditev vi\u0161jih celjskih sodnikov, ki bodo obravnavali prito\u017ebo to\u017eilstva.<\/p>\n<p>P\u0160<\/p>\n<p>&nbsp;<\/p>\n<p>&nbsp;<\/p>\n","protected":false},"excerpt":{"rendered":"<p>Po poro\u010danju TV Slovenija naj bi bil med dvajseterico aretiranih, ki so jim danes odvzeli prostost v sklepnem delu akcije, kjer so razkrinkali mednarodno zdru\u017ebo preprodajalcev mamil, tudi Kristijan Kamenik. Kriminalisti\u010dno preiskavo ob pomo\u010di Generalne policijske uprave vodi mariborska policijska uprava, izvajali pa so jo po vsej dr\u017eavi. V njej je sodelovalo 250 policistov in [&hellip;]<\/p>\n","protected":false},"author":33,"featured_media":158600,"comment_status":"closed","ping_status":"closed","sticky":false,"template":"","format":"standard","meta":{"footnotes":""},"categories":[14,16,29],"tags":[4171,4091,3424,19705,19704],"class_list":{"0":"post-171410","1":"post","2":"type-post","3":"status-publish","4":"format-standard","5":"has-post-thumbnail","7":"category-aktualno","8":"category-konjisko","9":"category-kronika","10":"tag-gpu","11":"tag-kriminalisticna-preiskava","12":"tag-kristijan-kamenik","13":"tag-mednarodna-zdruzba-preprodajalcev-mamil","14":"tag-pu-mavirob"},"yoast_head":"<!-- This site is optimized with the Yoast SEO plugin v27.4 - https:\/\/yoast.com\/product\/yoast-seo-wordpress\/ -->\n<title>MARIBOR KONJI\u0160KO Je Kamenik vpleten v mednarodno mre\u017eo preprodajalcev? - Novice.si<\/title>\n<meta name=\"robots\" content=\"index, follow, max-snippet:-1, max-image-preview:large, max-video-preview:-1\" \/>\n<link rel=\"canonical\" href=\"https:\/\/novice.si\/page\/maribor-konjisko-je-kamenik-vpleten-v-mednarodno-mrezo-preprodajalcev\/\" \/>\n<meta property=\"og:locale\" content=\"sl_SI\" \/>\n<meta property=\"og:type\" content=\"article\" \/>\n<meta property=\"og:title\" content=\"MARIBOR KONJI\u0160KO Je Kamenik vpleten v mednarodno mre\u017eo preprodajalcev? - Novice.si\" \/>\n<meta property=\"og:description\" content=\"Po poro\u010danju TV Slovenija naj bi bil med dvajseterico aretiranih, ki so jim danes odvzeli prostost v sklepnem delu akcije, kjer so razkrinkali mednarodno zdru\u017ebo preprodajalcev mamil, tudi Kristijan Kamenik. Kriminalisti\u010dno preiskavo ob pomo\u010di Generalne policijske uprave vodi mariborska policijska uprava, izvajali pa so jo po vsej dr\u017eavi. V njej je sodelovalo 250 policistov in [&hellip;]\" \/>\n<meta property=\"og:url\" content=\"https:\/\/novice.si\/page\/maribor-konjisko-je-kamenik-vpleten-v-mednarodno-mrezo-preprodajalcev\/\" \/>\n<meta property=\"og:site_name\" content=\"Novice.si\" \/>\n<meta property=\"article:published_time\" content=\"2024-02-01T18:49:43+00:00\" \/>\n<meta property=\"article:modified_time\" content=\"2024-02-01T18:51:15+00:00\" \/>\n<meta property=\"og:image\" content=\"https:\/\/novice.si\/page\/wp-content\/uploads\/2023\/01\/policija-1_resize-2.jpeg\" \/>\n\t<meta property=\"og:image:width\" content=\"1024\" \/>\n\t<meta property=\"og:image:height\" content=\"650\" \/>\n\t<meta property=\"og:image:type\" content=\"image\/jpeg\" \/>\n<meta name=\"author\" content=\"Uredni\u0161tvo Celjana\" \/>\n<meta name=\"twitter:card\" content=\"summary_large_image\" \/>\n<meta name=\"twitter:label1\" content=\"Written by\" \/>\n\t<meta name=\"twitter:data1\" content=\"Uredni\u0161tvo Celjana\" \/>\n\t<meta name=\"twitter:label2\" content=\"Est. reading time\" \/>\n\t<meta name=\"twitter:data2\" content=\"1 minuta\" \/>\n<script type=\"application\/ld+json\" class=\"yoast-schema-graph\">{\"@context\":\"https:\\\/\\\/schema.org\",\"@graph\":[{\"@type\":\"Article\",\"@id\":\"https:\\\/\\\/novice.si\\\/page\\\/maribor-konjisko-je-kamenik-vpleten-v-mednarodno-mrezo-preprodajalcev\\\/#article\",\"isPartOf\":{\"@id\":\"https:\\\/\\\/novice.si\\\/page\\\/maribor-konjisko-je-kamenik-vpleten-v-mednarodno-mrezo-preprodajalcev\\\/\"},\"author\":{\"name\":\"Uredni\u0161tvo Celjana\",\"@id\":\"https:\\\/\\\/novice.si\\\/page\\\/#\\\/schema\\\/person\\\/57f25c9642a9541c7349c65d32032c3e\"},\"headline\":\"MARIBOR KONJI\u0160KO Je Kamenik vpleten v mednarodno mre\u017eo preprodajalcev?\",\"datePublished\":\"2024-02-01T18:49:43+00:00\",\"dateModified\":\"2024-02-01T18:51:15+00:00\",\"mainEntityOfPage\":{\"@id\":\"https:\\\/\\\/novice.si\\\/page\\\/maribor-konjisko-je-kamenik-vpleten-v-mednarodno-mrezo-preprodajalcev\\\/\"},\"wordCount\":120,\"publisher\":{\"@id\":\"https:\\\/\\\/novice.si\\\/page\\\/#organization\"},\"image\":{\"@id\":\"https:\\\/\\\/novice.si\\\/page\\\/maribor-konjisko-je-kamenik-vpleten-v-mednarodno-mrezo-preprodajalcev\\\/#primaryimage\"},\"thumbnailUrl\":\"https:\\\/\\\/novice.si\\\/page\\\/wp-content\\\/uploads\\\/2023\\\/01\\\/policija-1_resize-2.jpeg\",\"keywords\":[\"GPU\",\"kriminalisti\u010dna preiskava\",\"kristijan kamenik\",\"mednarodna zdru\u017eba preprodajalcev mamil\",\"PU Mavirob\"],\"articleSection\":[\"Aktualno\",\"Konji\u0161ko\",\"Kronika\"],\"inLanguage\":\"sl-SI\"},{\"@type\":\"WebPage\",\"@id\":\"https:\\\/\\\/novice.si\\\/page\\\/maribor-konjisko-je-kamenik-vpleten-v-mednarodno-mrezo-preprodajalcev\\\/\",\"url\":\"https:\\\/\\\/novice.si\\\/page\\\/maribor-konjisko-je-kamenik-vpleten-v-mednarodno-mrezo-preprodajalcev\\\/\",\"name\":\"MARIBOR KONJI\u0160KO Je Kamenik vpleten v mednarodno mre\u017eo preprodajalcev? - Novice.si\",\"isPartOf\":{\"@id\":\"https:\\\/\\\/novice.si\\\/page\\\/#website\"},\"primaryImageOfPage\":{\"@id\":\"https:\\\/\\\/novice.si\\\/page\\\/maribor-konjisko-je-kamenik-vpleten-v-mednarodno-mrezo-preprodajalcev\\\/#primaryimage\"},\"image\":{\"@id\":\"https:\\\/\\\/novice.si\\\/page\\\/maribor-konjisko-je-kamenik-vpleten-v-mednarodno-mrezo-preprodajalcev\\\/#primaryimage\"},\"thumbnailUrl\":\"https:\\\/\\\/novice.si\\\/page\\\/wp-content\\\/uploads\\\/2023\\\/01\\\/policija-1_resize-2.jpeg\",\"datePublished\":\"2024-02-01T18:49:43+00:00\",\"dateModified\":\"2024-02-01T18:51:15+00:00\",\"breadcrumb\":{\"@id\":\"https:\\\/\\\/novice.si\\\/page\\\/maribor-konjisko-je-kamenik-vpleten-v-mednarodno-mrezo-preprodajalcev\\\/#breadcrumb\"},\"inLanguage\":\"sl-SI\",\"potentialAction\":[{\"@type\":\"ReadAction\",\"target\":[\"https:\\\/\\\/novice.si\\\/page\\\/maribor-konjisko-je-kamenik-vpleten-v-mednarodno-mrezo-preprodajalcev\\\/\"]}]},{\"@type\":\"ImageObject\",\"inLanguage\":\"sl-SI\",\"@id\":\"https:\\\/\\\/novice.si\\\/page\\\/maribor-konjisko-je-kamenik-vpleten-v-mednarodno-mrezo-preprodajalcev\\\/#primaryimage\",\"url\":\"https:\\\/\\\/novice.si\\\/page\\\/wp-content\\\/uploads\\\/2023\\\/01\\\/policija-1_resize-2.jpeg\",\"contentUrl\":\"https:\\\/\\\/novice.si\\\/page\\\/wp-content\\\/uploads\\\/2023\\\/01\\\/policija-1_resize-2.jpeg\",\"width\":1024,\"height\":650},{\"@type\":\"BreadcrumbList\",\"@id\":\"https:\\\/\\\/novice.si\\\/page\\\/maribor-konjisko-je-kamenik-vpleten-v-mednarodno-mrezo-preprodajalcev\\\/#breadcrumb\",\"itemListElement\":[{\"@type\":\"ListItem\",\"position\":1,\"name\":\"Home\",\"item\":\"https:\\\/\\\/novice.si\\\/page\\\/\"},{\"@type\":\"ListItem\",\"position\":2,\"name\":\"MARIBOR KONJI\u0160KO Je Kamenik vpleten v mednarodno mre\u017eo preprodajalcev?\"}]},{\"@type\":\"WebSite\",\"@id\":\"https:\\\/\\\/novice.si\\\/page\\\/#website\",\"url\":\"https:\\\/\\\/novice.si\\\/page\\\/\",\"name\":\"Novice.si\",\"description\":\"\",\"publisher\":{\"@id\":\"https:\\\/\\\/novice.si\\\/page\\\/#organization\"},\"potentialAction\":[{\"@type\":\"SearchAction\",\"target\":{\"@type\":\"EntryPoint\",\"urlTemplate\":\"https:\\\/\\\/novice.si\\\/page\\\/?s={search_term_string}\"},\"query-input\":{\"@type\":\"PropertyValueSpecification\",\"valueRequired\":true,\"valueName\":\"search_term_string\"}}],\"inLanguage\":\"sl-SI\"},{\"@type\":\"Organization\",\"@id\":\"https:\\\/\\\/novice.si\\\/page\\\/#organization\",\"name\":\"Novice.si\",\"url\":\"https:\\\/\\\/novice.si\\\/page\\\/\",\"logo\":{\"@type\":\"ImageObject\",\"inLanguage\":\"sl-SI\",\"@id\":\"https:\\\/\\\/novice.si\\\/page\\\/#\\\/schema\\\/logo\\\/image\\\/\",\"url\":\"https:\\\/\\\/novice.si\\\/page\\\/wp-content\\\/uploads\\\/2023\\\/03\\\/novice_si.png\",\"contentUrl\":\"https:\\\/\\\/novice.si\\\/page\\\/wp-content\\\/uploads\\\/2023\\\/03\\\/novice_si.png\",\"width\":576,\"height\":200,\"caption\":\"Novice.si\"},\"image\":{\"@id\":\"https:\\\/\\\/novice.si\\\/page\\\/#\\\/schema\\\/logo\\\/image\\\/\"}},{\"@type\":\"Person\",\"@id\":\"https:\\\/\\\/novice.si\\\/page\\\/#\\\/schema\\\/person\\\/57f25c9642a9541c7349c65d32032c3e\",\"name\":\"Uredni\u0161tvo Celjana\",\"image\":{\"@type\":\"ImageObject\",\"inLanguage\":\"sl-SI\",\"@id\":\"https:\\\/\\\/secure.gravatar.com\\\/avatar\\\/78e52bc4279b65f6df6345e0ef0f7b792d361361f230cf4ffecfe0afe6d5629c?s=96&d=mm&r=g\",\"url\":\"https:\\\/\\\/secure.gravatar.com\\\/avatar\\\/78e52bc4279b65f6df6345e0ef0f7b792d361361f230cf4ffecfe0afe6d5629c?s=96&d=mm&r=g\",\"contentUrl\":\"https:\\\/\\\/secure.gravatar.com\\\/avatar\\\/78e52bc4279b65f6df6345e0ef0f7b792d361361f230cf4ffecfe0afe6d5629c?s=96&d=mm&r=g\",\"caption\":\"Uredni\u0161tvo Celjana\"},\"url\":\"https:\\\/\\\/novice.si\\\/page\\\/author\\\/primoz\\\/\"}]}<\/script>\n<!-- \/ Yoast SEO plugin. -->","yoast_head_json":{"title":"MARIBOR KONJI\u0160KO Je Kamenik vpleten v mednarodno mre\u017eo preprodajalcev? - Novice.si","robots":{"index":"index","follow":"follow","max-snippet":"max-snippet:-1","max-image-preview":"max-image-preview:large","max-video-preview":"max-video-preview:-1"},"canonical":"https:\/\/novice.si\/page\/maribor-konjisko-je-kamenik-vpleten-v-mednarodno-mrezo-preprodajalcev\/","og_locale":"sl_SI","og_type":"article","og_title":"MARIBOR KONJI\u0160KO Je Kamenik vpleten v mednarodno mre\u017eo preprodajalcev? - Novice.si","og_description":"Po poro\u010danju TV Slovenija naj bi bil med dvajseterico aretiranih, ki so jim danes odvzeli prostost v sklepnem delu akcije, kjer so razkrinkali mednarodno zdru\u017ebo preprodajalcev mamil, tudi Kristijan Kamenik. Kriminalisti\u010dno preiskavo ob pomo\u010di Generalne policijske uprave vodi mariborska policijska uprava, izvajali pa so jo po vsej dr\u017eavi. V njej je sodelovalo 250 policistov in [&hellip;]","og_url":"https:\/\/novice.si\/page\/maribor-konjisko-je-kamenik-vpleten-v-mednarodno-mrezo-preprodajalcev\/","og_site_name":"Novice.si","article_published_time":"2024-02-01T18:49:43+00:00","article_modified_time":"2024-02-01T18:51:15+00:00","og_image":[{"width":1024,"height":650,"url":"https:\/\/novice.si\/page\/wp-content\/uploads\/2023\/01\/policija-1_resize-2.jpeg","type":"image\/jpeg"}],"author":"Uredni\u0161tvo Celjana","twitter_card":"summary_large_image","twitter_misc":{"Written by":"Uredni\u0161tvo Celjana","Est. reading time":"1 minuta"},"schema":{"@context":"https:\/\/schema.org","@graph":[{"@type":"Article","@id":"https:\/\/novice.si\/page\/maribor-konjisko-je-kamenik-vpleten-v-mednarodno-mrezo-preprodajalcev\/#article","isPartOf":{"@id":"https:\/\/novice.si\/page\/maribor-konjisko-je-kamenik-vpleten-v-mednarodno-mrezo-preprodajalcev\/"},"author":{"name":"Uredni\u0161tvo Celjana","@id":"https:\/\/novice.si\/page\/#\/schema\/person\/57f25c9642a9541c7349c65d32032c3e"},"headline":"MARIBOR KONJI\u0160KO Je Kamenik vpleten v mednarodno mre\u017eo preprodajalcev?","datePublished":"2024-02-01T18:49:43+00:00","dateModified":"2024-02-01T18:51:15+00:00","mainEntityOfPage":{"@id":"https:\/\/novice.si\/page\/maribor-konjisko-je-kamenik-vpleten-v-mednarodno-mrezo-preprodajalcev\/"},"wordCount":120,"publisher":{"@id":"https:\/\/novice.si\/page\/#organization"},"image":{"@id":"https:\/\/novice.si\/page\/maribor-konjisko-je-kamenik-vpleten-v-mednarodno-mrezo-preprodajalcev\/#primaryimage"},"thumbnailUrl":"https:\/\/novice.si\/page\/wp-content\/uploads\/2023\/01\/policija-1_resize-2.jpeg","keywords":["GPU","kriminalisti\u010dna preiskava","kristijan kamenik","mednarodna zdru\u017eba preprodajalcev mamil","PU Mavirob"],"articleSection":["Aktualno","Konji\u0161ko","Kronika"],"inLanguage":"sl-SI"},{"@type":"WebPage","@id":"https:\/\/novice.si\/page\/maribor-konjisko-je-kamenik-vpleten-v-mednarodno-mrezo-preprodajalcev\/","url":"https:\/\/novice.si\/page\/maribor-konjisko-je-kamenik-vpleten-v-mednarodno-mrezo-preprodajalcev\/","name":"MARIBOR KONJI\u0160KO Je Kamenik vpleten v mednarodno mre\u017eo preprodajalcev? - Novice.si","isPartOf":{"@id":"https:\/\/novice.si\/page\/#website"},"primaryImageOfPage":{"@id":"https:\/\/novice.si\/page\/maribor-konjisko-je-kamenik-vpleten-v-mednarodno-mrezo-preprodajalcev\/#primaryimage"},"image":{"@id":"https:\/\/novice.si\/page\/maribor-konjisko-je-kamenik-vpleten-v-mednarodno-mrezo-preprodajalcev\/#primaryimage"},"thumbnailUrl":"https:\/\/novice.si\/page\/wp-content\/uploads\/2023\/01\/policija-1_resize-2.jpeg","datePublished":"2024-02-01T18:49:43+00:00","dateModified":"2024-02-01T18:51:15+00:00","breadcrumb":{"@id":"https:\/\/novice.si\/page\/maribor-konjisko-je-kamenik-vpleten-v-mednarodno-mrezo-preprodajalcev\/#breadcrumb"},"inLanguage":"sl-SI","potentialAction":[{"@type":"ReadAction","target":["https:\/\/novice.si\/page\/maribor-konjisko-je-kamenik-vpleten-v-mednarodno-mrezo-preprodajalcev\/"]}]},{"@type":"ImageObject","inLanguage":"sl-SI","@id":"https:\/\/novice.si\/page\/maribor-konjisko-je-kamenik-vpleten-v-mednarodno-mrezo-preprodajalcev\/#primaryimage","url":"https:\/\/novice.si\/page\/wp-content\/uploads\/2023\/01\/policija-1_resize-2.jpeg","contentUrl":"https:\/\/novice.si\/page\/wp-content\/uploads\/2023\/01\/policija-1_resize-2.jpeg","width":1024,"height":650},{"@type":"BreadcrumbList","@id":"https:\/\/novice.si\/page\/maribor-konjisko-je-kamenik-vpleten-v-mednarodno-mrezo-preprodajalcev\/#breadcrumb","itemListElement":[{"@type":"ListItem","position":1,"name":"Home","item":"https:\/\/novice.si\/page\/"},{"@type":"ListItem","position":2,"name":"MARIBOR KONJI\u0160KO Je Kamenik vpleten v mednarodno mre\u017eo preprodajalcev?"}]},{"@type":"WebSite","@id":"https:\/\/novice.si\/page\/#website","url":"https:\/\/novice.si\/page\/","name":"Novice.si","description":"","publisher":{"@id":"https:\/\/novice.si\/page\/#organization"},"potentialAction":[{"@type":"SearchAction","target":{"@type":"EntryPoint","urlTemplate":"https:\/\/novice.si\/page\/?s={search_term_string}"},"query-input":{"@type":"PropertyValueSpecification","valueRequired":true,"valueName":"search_term_string"}}],"inLanguage":"sl-SI"},{"@type":"Organization","@id":"https:\/\/novice.si\/page\/#organization","name":"Novice.si","url":"https:\/\/novice.si\/page\/","logo":{"@type":"ImageObject","inLanguage":"sl-SI","@id":"https:\/\/novice.si\/page\/#\/schema\/logo\/image\/","url":"https:\/\/novice.si\/page\/wp-content\/uploads\/2023\/03\/novice_si.png","contentUrl":"https:\/\/novice.si\/page\/wp-content\/uploads\/2023\/03\/novice_si.png","width":576,"height":200,"caption":"Novice.si"},"image":{"@id":"https:\/\/novice.si\/page\/#\/schema\/logo\/image\/"}},{"@type":"Person","@id":"https:\/\/novice.si\/page\/#\/schema\/person\/57f25c9642a9541c7349c65d32032c3e","name":"Uredni\u0161tvo Celjana","image":{"@type":"ImageObject","inLanguage":"sl-SI","@id":"https:\/\/secure.gravatar.com\/avatar\/78e52bc4279b65f6df6345e0ef0f7b792d361361f230cf4ffecfe0afe6d5629c?s=96&d=mm&r=g","url":"https:\/\/secure.gravatar.com\/avatar\/78e52bc4279b65f6df6345e0ef0f7b792d361361f230cf4ffecfe0afe6d5629c?s=96&d=mm&r=g","contentUrl":"https:\/\/secure.gravatar.com\/avatar\/78e52bc4279b65f6df6345e0ef0f7b792d361361f230cf4ffecfe0afe6d5629c?s=96&d=mm&r=g","caption":"Uredni\u0161tvo Celjana"},"url":"https:\/\/novice.si\/page\/author\/primoz\/"}]}},"_links":{"self":[{"href":"https:\/\/novice.si\/page\/wp-json\/wp\/v2\/posts\/171410","targetHints":{"allow":["GET"]}}],"collection":[{"href":"https:\/\/novice.si\/page\/wp-json\/wp\/v2\/posts"}],"about":[{"href":"https:\/\/novice.si\/page\/wp-json\/wp\/v2\/types\/post"}],"author":[{"embeddable":true,"href":"https:\/\/novice.si\/page\/wp-json\/wp\/v2\/users\/33"}],"replies":[{"embeddable":true,"href":"https:\/\/novice.si\/page\/wp-json\/wp\/v2\/comments?post=171410"}],"version-history":[{"count":1,"href":"https:\/\/novice.si\/page\/wp-json\/wp\/v2\/posts\/171410\/revisions"}],"predecessor-version":[{"id":171411,"href":"https:\/\/novice.si\/page\/wp-json\/wp\/v2\/posts\/171410\/revisions\/171411"}],"wp:featuredmedia":[{"embeddable":true,"href":"https:\/\/novice.si\/page\/wp-json\/wp\/v2\/media\/158600"}],"wp:attachment":[{"href":"https:\/\/novice.si\/page\/wp-json\/wp\/v2\/media?parent=171410"}],"wp:term":[{"taxonomy":"category","embeddable":true,"href":"https:\/\/novice.si\/page\/wp-json\/wp\/v2\/categories?post=171410"},{"taxonomy":"post_tag","embeddable":true,"href":"https:\/\/novice.si\/page\/wp-json\/wp\/v2\/tags?post=171410"}],"curies":[{"name":"wp","href":"https:\/\/api.w.org\/{rel}","templated":true}]}}