{"id":171408,"date":"2024-02-01T16:41:05","date_gmt":"2024-02-01T15:41:05","guid":{"rendered":"https:\/\/novice.si\/page\/?p=171408"},"modified":"2024-02-01T16:41:05","modified_gmt":"2024-02-01T15:41:05","slug":"celje-brez-odziva-na-zahteve-stavkajocih-tozilcev","status":"publish","type":"post","link":"https:\/\/novice.si\/page\/celje-brez-odziva-na-zahteve-stavkajocih-tozilcev\/","title":{"rendered":"CELJE Brez odziva na zahteve stavkajo\u010dih to\u017eilcev"},"content":{"rendered":"<p>V\u010deraj\u0161nje stavke to\u017eilcev so se udele\u017eili vsi dr\u017eavni to\u017eilci, ki funkcijo opravljajo na Okro\u017enem dr\u017eavnem to\u017eilstvu v Celju.<\/p>\n<p><img loading=\"lazy\" decoding=\"async\" class=\"size-medium wp-image-117138 alignleft\" src=\"https:\/\/novice.si\/page\/wp-content\/uploads\/2019\/11\/razgor\u0161ek-kuzman41-300x221.jpg\" alt=\"\" width=\"300\" height=\"221\" srcset=\"https:\/\/novice.si\/page\/wp-content\/uploads\/2019\/11\/razgor\u0161ek-kuzman41-300x221.jpg 300w, https:\/\/novice.si\/page\/wp-content\/uploads\/2019\/11\/razgor\u0161ek-kuzman41-80x60.jpg 80w, https:\/\/novice.si\/page\/wp-content\/uploads\/2019\/11\/razgor\u0161ek-kuzman41-24x18.jpg 24w, https:\/\/novice.si\/page\/wp-content\/uploads\/2019\/11\/razgor\u0161ek-kuzman41-36x27.jpg 36w, https:\/\/novice.si\/page\/wp-content\/uploads\/2019\/11\/razgor\u0161ek-kuzman41-48x35.jpg 48w, https:\/\/novice.si\/page\/wp-content\/uploads\/2019\/11\/razgor\u0161ek-kuzman41.jpg 421w\" sizes=\"auto, (max-width: 300px) 100vw, 300px\" \/>Njihova vodja <strong>Simona Razgor\u0161ek Kuzman<\/strong> nam je odgovorila, da od vlade in pristojnih ministrstev ni bilo nobenega odziva glede stavkovnih zahtev, zato stavkovni cilj zaenkrat ni bil dose\u017een.<\/p>\n<p>Odlo\u010ditev o nadaljnjih stavkovnih aktivnosti bodo sprejeli v naslednjih dneh.<\/p>\n<p>Stavkajo\u010di so v prostorih to\u017eilstva za tri ure prekinili delo, v preostanku delovnika pa so opravljali naloge v obsegu minimalnega delovnega procesa, skladno s splo\u0161nimi navodili generalnega to\u017eilstva.<\/p>\n<p>Zagotovili so tudi redno de\u017eurno slu\u017ebo ter udele\u017ebo to\u017eilke na obravnavah v postopkih zoper mladoletnike, zaradi stavke pa ve\u010djega izpada dela ni bilo.<\/p>\n<p>P\u0160<\/p>\n<p>&nbsp;<\/p>\n","protected":false},"excerpt":{"rendered":"<p>V\u010deraj\u0161nje stavke to\u017eilcev so se udele\u017eili vsi dr\u017eavni to\u017eilci, ki funkcijo opravljajo na Okro\u017enem dr\u017eavnem to\u017eilstvu v Celju. Njihova vodja Simona Razgor\u0161ek Kuzman nam je odgovorila, da od vlade in pristojnih ministrstev ni bilo nobenega odziva glede stavkovnih zahtev, zato stavkovni cilj zaenkrat ni bil dose\u017een. Odlo\u010ditev o nadaljnjih stavkovnih aktivnosti bodo sprejeli v naslednjih [&hellip;]<\/p>\n","protected":false},"author":33,"featured_media":145284,"comment_status":"closed","ping_status":"closed","sticky":false,"template":"","format":"standard","meta":{"footnotes":""},"categories":[14,17,29],"tags":[13888,13983,6922,19675],"class_list":{"0":"post-171408","1":"post","2":"type-post","3":"status-publish","4":"format-standard","5":"has-post-thumbnail","7":"category-aktualno","8":"category-celjsko","9":"category-kronika","10":"tag-odt-celje","11":"tag-odziv","12":"tag-simona-razgorsek-kuzman","13":"tag-stavka-tozilcev"},"yoast_head":"<!-- This site is optimized with the Yoast SEO plugin v27.4 - https:\/\/yoast.com\/product\/yoast-seo-wordpress\/ -->\n<title>CELJE Brez odziva na zahteve stavkajo\u010dih to\u017eilcev - Novice.si<\/title>\n<meta name=\"robots\" content=\"index, follow, max-snippet:-1, max-image-preview:large, max-video-preview:-1\" \/>\n<link rel=\"canonical\" href=\"https:\/\/novice.si\/page\/celje-brez-odziva-na-zahteve-stavkajocih-tozilcev\/\" \/>\n<meta property=\"og:locale\" content=\"sl_SI\" \/>\n<meta property=\"og:type\" content=\"article\" \/>\n<meta property=\"og:title\" content=\"CELJE Brez odziva na zahteve stavkajo\u010dih to\u017eilcev - Novice.si\" \/>\n<meta property=\"og:description\" content=\"V\u010deraj\u0161nje stavke to\u017eilcev so se udele\u017eili vsi dr\u017eavni to\u017eilci, ki funkcijo opravljajo na Okro\u017enem dr\u017eavnem to\u017eilstvu v Celju. Njihova vodja Simona Razgor\u0161ek Kuzman nam je odgovorila, da od vlade in pristojnih ministrstev ni bilo nobenega odziva glede stavkovnih zahtev, zato stavkovni cilj zaenkrat ni bil dose\u017een. Odlo\u010ditev o nadaljnjih stavkovnih aktivnosti bodo sprejeli v naslednjih [&hellip;]\" \/>\n<meta property=\"og:url\" content=\"https:\/\/novice.si\/page\/celje-brez-odziva-na-zahteve-stavkajocih-tozilcev\/\" \/>\n<meta property=\"og:site_name\" content=\"Novice.si\" \/>\n<meta property=\"article:published_time\" content=\"2024-02-01T15:41:05+00:00\" \/>\n<meta property=\"og:image\" content=\"https:\/\/novice.si\/page\/wp-content\/uploads\/2021\/12\/odt-celje.jpg\" \/>\n\t<meta property=\"og:image:width\" content=\"1280\" \/>\n\t<meta property=\"og:image:height\" content=\"720\" \/>\n\t<meta property=\"og:image:type\" content=\"image\/jpeg\" \/>\n<meta name=\"author\" content=\"Uredni\u0161tvo Celjana\" \/>\n<meta name=\"twitter:card\" content=\"summary_large_image\" \/>\n<meta name=\"twitter:label1\" content=\"Written by\" \/>\n\t<meta name=\"twitter:data1\" content=\"Uredni\u0161tvo Celjana\" \/>\n\t<meta name=\"twitter:label2\" content=\"Est. reading time\" \/>\n\t<meta name=\"twitter:data2\" content=\"1 minuta\" \/>\n<script type=\"application\/ld+json\" class=\"yoast-schema-graph\">{\"@context\":\"https:\\\/\\\/schema.org\",\"@graph\":[{\"@type\":\"Article\",\"@id\":\"https:\\\/\\\/novice.si\\\/page\\\/celje-brez-odziva-na-zahteve-stavkajocih-tozilcev\\\/#article\",\"isPartOf\":{\"@id\":\"https:\\\/\\\/novice.si\\\/page\\\/celje-brez-odziva-na-zahteve-stavkajocih-tozilcev\\\/\"},\"author\":{\"name\":\"Uredni\u0161tvo Celjana\",\"@id\":\"https:\\\/\\\/novice.si\\\/page\\\/#\\\/schema\\\/person\\\/57f25c9642a9541c7349c65d32032c3e\"},\"headline\":\"CELJE Brez odziva na zahteve stavkajo\u010dih to\u017eilcev\",\"datePublished\":\"2024-02-01T15:41:05+00:00\",\"mainEntityOfPage\":{\"@id\":\"https:\\\/\\\/novice.si\\\/page\\\/celje-brez-odziva-na-zahteve-stavkajocih-tozilcev\\\/\"},\"wordCount\":139,\"publisher\":{\"@id\":\"https:\\\/\\\/novice.si\\\/page\\\/#organization\"},\"image\":{\"@id\":\"https:\\\/\\\/novice.si\\\/page\\\/celje-brez-odziva-na-zahteve-stavkajocih-tozilcev\\\/#primaryimage\"},\"thumbnailUrl\":\"https:\\\/\\\/novice.si\\\/page\\\/wp-content\\\/uploads\\\/2021\\\/12\\\/odt-celje.jpg\",\"keywords\":[\"ODT Celje\",\"odziv\",\"Simona Razgor\u0161ek Kuzman\",\"stavka to\u017eilcev\"],\"articleSection\":[\"Aktualno\",\"Celjsko\",\"Kronika\"],\"inLanguage\":\"sl-SI\"},{\"@type\":\"WebPage\",\"@id\":\"https:\\\/\\\/novice.si\\\/page\\\/celje-brez-odziva-na-zahteve-stavkajocih-tozilcev\\\/\",\"url\":\"https:\\\/\\\/novice.si\\\/page\\\/celje-brez-odziva-na-zahteve-stavkajocih-tozilcev\\\/\",\"name\":\"CELJE Brez odziva na zahteve stavkajo\u010dih to\u017eilcev - Novice.si\",\"isPartOf\":{\"@id\":\"https:\\\/\\\/novice.si\\\/page\\\/#website\"},\"primaryImageOfPage\":{\"@id\":\"https:\\\/\\\/novice.si\\\/page\\\/celje-brez-odziva-na-zahteve-stavkajocih-tozilcev\\\/#primaryimage\"},\"image\":{\"@id\":\"https:\\\/\\\/novice.si\\\/page\\\/celje-brez-odziva-na-zahteve-stavkajocih-tozilcev\\\/#primaryimage\"},\"thumbnailUrl\":\"https:\\\/\\\/novice.si\\\/page\\\/wp-content\\\/uploads\\\/2021\\\/12\\\/odt-celje.jpg\",\"datePublished\":\"2024-02-01T15:41:05+00:00\",\"breadcrumb\":{\"@id\":\"https:\\\/\\\/novice.si\\\/page\\\/celje-brez-odziva-na-zahteve-stavkajocih-tozilcev\\\/#breadcrumb\"},\"inLanguage\":\"sl-SI\",\"potentialAction\":[{\"@type\":\"ReadAction\",\"target\":[\"https:\\\/\\\/novice.si\\\/page\\\/celje-brez-odziva-na-zahteve-stavkajocih-tozilcev\\\/\"]}]},{\"@type\":\"ImageObject\",\"inLanguage\":\"sl-SI\",\"@id\":\"https:\\\/\\\/novice.si\\\/page\\\/celje-brez-odziva-na-zahteve-stavkajocih-tozilcev\\\/#primaryimage\",\"url\":\"https:\\\/\\\/novice.si\\\/page\\\/wp-content\\\/uploads\\\/2021\\\/12\\\/odt-celje.jpg\",\"contentUrl\":\"https:\\\/\\\/novice.si\\\/page\\\/wp-content\\\/uploads\\\/2021\\\/12\\\/odt-celje.jpg\",\"width\":1280,\"height\":720},{\"@type\":\"BreadcrumbList\",\"@id\":\"https:\\\/\\\/novice.si\\\/page\\\/celje-brez-odziva-na-zahteve-stavkajocih-tozilcev\\\/#breadcrumb\",\"itemListElement\":[{\"@type\":\"ListItem\",\"position\":1,\"name\":\"Home\",\"item\":\"https:\\\/\\\/novice.si\\\/page\\\/\"},{\"@type\":\"ListItem\",\"position\":2,\"name\":\"CELJE Brez odziva na zahteve stavkajo\u010dih to\u017eilcev\"}]},{\"@type\":\"WebSite\",\"@id\":\"https:\\\/\\\/novice.si\\\/page\\\/#website\",\"url\":\"https:\\\/\\\/novice.si\\\/page\\\/\",\"name\":\"Novice.si\",\"description\":\"\",\"publisher\":{\"@id\":\"https:\\\/\\\/novice.si\\\/page\\\/#organization\"},\"potentialAction\":[{\"@type\":\"SearchAction\",\"target\":{\"@type\":\"EntryPoint\",\"urlTemplate\":\"https:\\\/\\\/novice.si\\\/page\\\/?s={search_term_string}\"},\"query-input\":{\"@type\":\"PropertyValueSpecification\",\"valueRequired\":true,\"valueName\":\"search_term_string\"}}],\"inLanguage\":\"sl-SI\"},{\"@type\":\"Organization\",\"@id\":\"https:\\\/\\\/novice.si\\\/page\\\/#organization\",\"name\":\"Novice.si\",\"url\":\"https:\\\/\\\/novice.si\\\/page\\\/\",\"logo\":{\"@type\":\"ImageObject\",\"inLanguage\":\"sl-SI\",\"@id\":\"https:\\\/\\\/novice.si\\\/page\\\/#\\\/schema\\\/logo\\\/image\\\/\",\"url\":\"https:\\\/\\\/novice.si\\\/page\\\/wp-content\\\/uploads\\\/2023\\\/03\\\/novice_si.png\",\"contentUrl\":\"https:\\\/\\\/novice.si\\\/page\\\/wp-content\\\/uploads\\\/2023\\\/03\\\/novice_si.png\",\"width\":576,\"height\":200,\"caption\":\"Novice.si\"},\"image\":{\"@id\":\"https:\\\/\\\/novice.si\\\/page\\\/#\\\/schema\\\/logo\\\/image\\\/\"}},{\"@type\":\"Person\",\"@id\":\"https:\\\/\\\/novice.si\\\/page\\\/#\\\/schema\\\/person\\\/57f25c9642a9541c7349c65d32032c3e\",\"name\":\"Uredni\u0161tvo Celjana\",\"image\":{\"@type\":\"ImageObject\",\"inLanguage\":\"sl-SI\",\"@id\":\"https:\\\/\\\/secure.gravatar.com\\\/avatar\\\/78e52bc4279b65f6df6345e0ef0f7b792d361361f230cf4ffecfe0afe6d5629c?s=96&d=mm&r=g\",\"url\":\"https:\\\/\\\/secure.gravatar.com\\\/avatar\\\/78e52bc4279b65f6df6345e0ef0f7b792d361361f230cf4ffecfe0afe6d5629c?s=96&d=mm&r=g\",\"contentUrl\":\"https:\\\/\\\/secure.gravatar.com\\\/avatar\\\/78e52bc4279b65f6df6345e0ef0f7b792d361361f230cf4ffecfe0afe6d5629c?s=96&d=mm&r=g\",\"caption\":\"Uredni\u0161tvo Celjana\"},\"url\":\"https:\\\/\\\/novice.si\\\/page\\\/author\\\/primoz\\\/\"}]}<\/script>\n<!-- \/ Yoast SEO plugin. -->","yoast_head_json":{"title":"CELJE Brez odziva na zahteve stavkajo\u010dih to\u017eilcev - Novice.si","robots":{"index":"index","follow":"follow","max-snippet":"max-snippet:-1","max-image-preview":"max-image-preview:large","max-video-preview":"max-video-preview:-1"},"canonical":"https:\/\/novice.si\/page\/celje-brez-odziva-na-zahteve-stavkajocih-tozilcev\/","og_locale":"sl_SI","og_type":"article","og_title":"CELJE Brez odziva na zahteve stavkajo\u010dih to\u017eilcev - Novice.si","og_description":"V\u010deraj\u0161nje stavke to\u017eilcev so se udele\u017eili vsi dr\u017eavni to\u017eilci, ki funkcijo opravljajo na Okro\u017enem dr\u017eavnem to\u017eilstvu v Celju. Njihova vodja Simona Razgor\u0161ek Kuzman nam je odgovorila, da od vlade in pristojnih ministrstev ni bilo nobenega odziva glede stavkovnih zahtev, zato stavkovni cilj zaenkrat ni bil dose\u017een. Odlo\u010ditev o nadaljnjih stavkovnih aktivnosti bodo sprejeli v naslednjih [&hellip;]","og_url":"https:\/\/novice.si\/page\/celje-brez-odziva-na-zahteve-stavkajocih-tozilcev\/","og_site_name":"Novice.si","article_published_time":"2024-02-01T15:41:05+00:00","og_image":[{"width":1280,"height":720,"url":"https:\/\/novice.si\/page\/wp-content\/uploads\/2021\/12\/odt-celje.jpg","type":"image\/jpeg"}],"author":"Uredni\u0161tvo Celjana","twitter_card":"summary_large_image","twitter_misc":{"Written by":"Uredni\u0161tvo Celjana","Est. reading time":"1 minuta"},"schema":{"@context":"https:\/\/schema.org","@graph":[{"@type":"Article","@id":"https:\/\/novice.si\/page\/celje-brez-odziva-na-zahteve-stavkajocih-tozilcev\/#article","isPartOf":{"@id":"https:\/\/novice.si\/page\/celje-brez-odziva-na-zahteve-stavkajocih-tozilcev\/"},"author":{"name":"Uredni\u0161tvo Celjana","@id":"https:\/\/novice.si\/page\/#\/schema\/person\/57f25c9642a9541c7349c65d32032c3e"},"headline":"CELJE Brez odziva na zahteve stavkajo\u010dih to\u017eilcev","datePublished":"2024-02-01T15:41:05+00:00","mainEntityOfPage":{"@id":"https:\/\/novice.si\/page\/celje-brez-odziva-na-zahteve-stavkajocih-tozilcev\/"},"wordCount":139,"publisher":{"@id":"https:\/\/novice.si\/page\/#organization"},"image":{"@id":"https:\/\/novice.si\/page\/celje-brez-odziva-na-zahteve-stavkajocih-tozilcev\/#primaryimage"},"thumbnailUrl":"https:\/\/novice.si\/page\/wp-content\/uploads\/2021\/12\/odt-celje.jpg","keywords":["ODT Celje","odziv","Simona Razgor\u0161ek Kuzman","stavka to\u017eilcev"],"articleSection":["Aktualno","Celjsko","Kronika"],"inLanguage":"sl-SI"},{"@type":"WebPage","@id":"https:\/\/novice.si\/page\/celje-brez-odziva-na-zahteve-stavkajocih-tozilcev\/","url":"https:\/\/novice.si\/page\/celje-brez-odziva-na-zahteve-stavkajocih-tozilcev\/","name":"CELJE Brez odziva na zahteve stavkajo\u010dih to\u017eilcev - Novice.si","isPartOf":{"@id":"https:\/\/novice.si\/page\/#website"},"primaryImageOfPage":{"@id":"https:\/\/novice.si\/page\/celje-brez-odziva-na-zahteve-stavkajocih-tozilcev\/#primaryimage"},"image":{"@id":"https:\/\/novice.si\/page\/celje-brez-odziva-na-zahteve-stavkajocih-tozilcev\/#primaryimage"},"thumbnailUrl":"https:\/\/novice.si\/page\/wp-content\/uploads\/2021\/12\/odt-celje.jpg","datePublished":"2024-02-01T15:41:05+00:00","breadcrumb":{"@id":"https:\/\/novice.si\/page\/celje-brez-odziva-na-zahteve-stavkajocih-tozilcev\/#breadcrumb"},"inLanguage":"sl-SI","potentialAction":[{"@type":"ReadAction","target":["https:\/\/novice.si\/page\/celje-brez-odziva-na-zahteve-stavkajocih-tozilcev\/"]}]},{"@type":"ImageObject","inLanguage":"sl-SI","@id":"https:\/\/novice.si\/page\/celje-brez-odziva-na-zahteve-stavkajocih-tozilcev\/#primaryimage","url":"https:\/\/novice.si\/page\/wp-content\/uploads\/2021\/12\/odt-celje.jpg","contentUrl":"https:\/\/novice.si\/page\/wp-content\/uploads\/2021\/12\/odt-celje.jpg","width":1280,"height":720},{"@type":"BreadcrumbList","@id":"https:\/\/novice.si\/page\/celje-brez-odziva-na-zahteve-stavkajocih-tozilcev\/#breadcrumb","itemListElement":[{"@type":"ListItem","position":1,"name":"Home","item":"https:\/\/novice.si\/page\/"},{"@type":"ListItem","position":2,"name":"CELJE Brez odziva na zahteve stavkajo\u010dih to\u017eilcev"}]},{"@type":"WebSite","@id":"https:\/\/novice.si\/page\/#website","url":"https:\/\/novice.si\/page\/","name":"Novice.si","description":"","publisher":{"@id":"https:\/\/novice.si\/page\/#organization"},"potentialAction":[{"@type":"SearchAction","target":{"@type":"EntryPoint","urlTemplate":"https:\/\/novice.si\/page\/?s={search_term_string}"},"query-input":{"@type":"PropertyValueSpecification","valueRequired":true,"valueName":"search_term_string"}}],"inLanguage":"sl-SI"},{"@type":"Organization","@id":"https:\/\/novice.si\/page\/#organization","name":"Novice.si","url":"https:\/\/novice.si\/page\/","logo":{"@type":"ImageObject","inLanguage":"sl-SI","@id":"https:\/\/novice.si\/page\/#\/schema\/logo\/image\/","url":"https:\/\/novice.si\/page\/wp-content\/uploads\/2023\/03\/novice_si.png","contentUrl":"https:\/\/novice.si\/page\/wp-content\/uploads\/2023\/03\/novice_si.png","width":576,"height":200,"caption":"Novice.si"},"image":{"@id":"https:\/\/novice.si\/page\/#\/schema\/logo\/image\/"}},{"@type":"Person","@id":"https:\/\/novice.si\/page\/#\/schema\/person\/57f25c9642a9541c7349c65d32032c3e","name":"Uredni\u0161tvo Celjana","image":{"@type":"ImageObject","inLanguage":"sl-SI","@id":"https:\/\/secure.gravatar.com\/avatar\/78e52bc4279b65f6df6345e0ef0f7b792d361361f230cf4ffecfe0afe6d5629c?s=96&d=mm&r=g","url":"https:\/\/secure.gravatar.com\/avatar\/78e52bc4279b65f6df6345e0ef0f7b792d361361f230cf4ffecfe0afe6d5629c?s=96&d=mm&r=g","contentUrl":"https:\/\/secure.gravatar.com\/avatar\/78e52bc4279b65f6df6345e0ef0f7b792d361361f230cf4ffecfe0afe6d5629c?s=96&d=mm&r=g","caption":"Uredni\u0161tvo Celjana"},"url":"https:\/\/novice.si\/page\/author\/primoz\/"}]}},"_links":{"self":[{"href":"https:\/\/novice.si\/page\/wp-json\/wp\/v2\/posts\/171408","targetHints":{"allow":["GET"]}}],"collection":[{"href":"https:\/\/novice.si\/page\/wp-json\/wp\/v2\/posts"}],"about":[{"href":"https:\/\/novice.si\/page\/wp-json\/wp\/v2\/types\/post"}],"author":[{"embeddable":true,"href":"https:\/\/novice.si\/page\/wp-json\/wp\/v2\/users\/33"}],"replies":[{"embeddable":true,"href":"https:\/\/novice.si\/page\/wp-json\/wp\/v2\/comments?post=171408"}],"version-history":[{"count":1,"href":"https:\/\/novice.si\/page\/wp-json\/wp\/v2\/posts\/171408\/revisions"}],"predecessor-version":[{"id":171409,"href":"https:\/\/novice.si\/page\/wp-json\/wp\/v2\/posts\/171408\/revisions\/171409"}],"wp:featuredmedia":[{"embeddable":true,"href":"https:\/\/novice.si\/page\/wp-json\/wp\/v2\/media\/145284"}],"wp:attachment":[{"href":"https:\/\/novice.si\/page\/wp-json\/wp\/v2\/media?parent=171408"}],"wp:term":[{"taxonomy":"category","embeddable":true,"href":"https:\/\/novice.si\/page\/wp-json\/wp\/v2\/categories?post=171408"},{"taxonomy":"post_tag","embeddable":true,"href":"https:\/\/novice.si\/page\/wp-json\/wp\/v2\/tags?post=171408"}],"curies":[{"name":"wp","href":"https:\/\/api.w.org\/{rel}","templated":true}]}}