{"id":171402,"date":"2024-02-01T13:49:46","date_gmt":"2024-02-01T12:49:46","guid":{"rendered":"https:\/\/novice.si\/page\/?p=171402"},"modified":"2024-02-01T13:49:46","modified_gmt":"2024-02-01T12:49:46","slug":"celje-zacel-se-je-agritech","status":"publish","type":"post","link":"https:\/\/novice.si\/page\/celje-zacel-se-je-agritech\/","title":{"rendered":"CELJE Za\u010del se je Agritech"},"content":{"rendered":"<p><img loading=\"lazy\" decoding=\"async\" class=\" wp-image-171403 alignleft\" src=\"https:\/\/novice.si\/page\/wp-content\/uploads\/2024\/02\/Agrotecj-RH-1-600x450.jpg\" alt=\"\" width=\"309\" height=\"232\" srcset=\"https:\/\/novice.si\/page\/wp-content\/uploads\/2024\/02\/Agrotecj-RH-1-600x450.jpg 600w, https:\/\/novice.si\/page\/wp-content\/uploads\/2024\/02\/Agrotecj-RH-1-1024x768.jpg 1024w, https:\/\/novice.si\/page\/wp-content\/uploads\/2024\/02\/Agrotecj-RH-1-768x576.jpg 768w, https:\/\/novice.si\/page\/wp-content\/uploads\/2024\/02\/Agrotecj-RH-1-1536x1152.jpg 1536w, https:\/\/novice.si\/page\/wp-content\/uploads\/2024\/02\/Agrotecj-RH-1-80x60.jpg 80w, https:\/\/novice.si\/page\/wp-content\/uploads\/2024\/02\/Agrotecj-RH-1-265x198.jpg 265w, https:\/\/novice.si\/page\/wp-content\/uploads\/2024\/02\/Agrotecj-RH-1-696x522.jpg 696w, https:\/\/novice.si\/page\/wp-content\/uploads\/2024\/02\/Agrotecj-RH-1-1068x801.jpg 1068w, https:\/\/novice.si\/page\/wp-content\/uploads\/2024\/02\/Agrotecj-RH-1-560x420.jpg 560w, https:\/\/novice.si\/page\/wp-content\/uploads\/2024\/02\/Agrotecj-RH-1-1920x1440.jpg 1920w, https:\/\/novice.si\/page\/wp-content\/uploads\/2024\/02\/Agrotecj-RH-1-24x18.jpg 24w, https:\/\/novice.si\/page\/wp-content\/uploads\/2024\/02\/Agrotecj-RH-1-36x27.jpg 36w, https:\/\/novice.si\/page\/wp-content\/uploads\/2024\/02\/Agrotecj-RH-1-48x36.jpg 48w, https:\/\/novice.si\/page\/wp-content\/uploads\/2024\/02\/Agrotecj-RH-1.jpg 2048w\" sizes=\"auto, (max-width: 309px) 100vw, 309px\" \/>S \u010detrtim kmetijsko gozdarskim sejmom Agritech celjska sejemska hi\u0161a danes za\u010denja leto\u0161njo sejemsko sezono, v kateri na\u010drtujejo enajst sejemskih prireditev.<\/p>\n<p>Do nedelje se bo predstavilo ve\u010d kot sto razstavljavcev, organizatorji pa na sejmi\u0161\u010du Golovec pri\u010dakujejo preko 25 tiso\u010d obiskovalcev.<\/p>\n<p>Poleg strokovnega dela in prakti\u010dnih prikazov bo v konferen\u010dnem delu programa bo govora tudi o aktualni kmetijski problematiki.<\/p>\n<p>P\u0160<\/p>\n<p><strong>\u00a0<\/strong><\/p>\n","protected":false},"excerpt":{"rendered":"<p>S \u010detrtim kmetijsko gozdarskim sejmom Agritech celjska sejemska hi\u0161a danes za\u010denja leto\u0161njo sejemsko sezono, v kateri na\u010drtujejo enajst sejemskih prireditev. Do nedelje se bo predstavilo ve\u010d kot sto razstavljavcev, organizatorji pa na sejmi\u0161\u010du Golovec pri\u010dakujejo preko 25 tiso\u010d obiskovalcev. Poleg strokovnega dela in prakti\u010dnih prikazov bo v konferen\u010dnem delu programa bo govora tudi o aktualni [&hellip;]<\/p>\n","protected":false},"author":33,"featured_media":171405,"comment_status":"closed","ping_status":"closed","sticky":false,"template":"","format":"standard","meta":{"footnotes":""},"categories":[17],"tags":[7568,8230,19614,19703],"class_list":{"0":"post-171402","1":"post","2":"type-post","3":"status-publish","4":"format-standard","5":"has-post-thumbnail","7":"category-celjsko","8":"tag-agritech","9":"tag-celjski-sejmi","10":"tag-kmetijsko-gozdarski-sejem","11":"tag-zacetek-sejma"},"yoast_head":"<!-- This site is optimized with the Yoast SEO plugin v27.4 - https:\/\/yoast.com\/product\/yoast-seo-wordpress\/ -->\n<title>CELJE Za\u010del se je Agritech - Novice.si<\/title>\n<meta name=\"robots\" content=\"index, follow, max-snippet:-1, max-image-preview:large, max-video-preview:-1\" \/>\n<link rel=\"canonical\" href=\"https:\/\/novice.si\/page\/celje-zacel-se-je-agritech\/\" \/>\n<meta property=\"og:locale\" content=\"sl_SI\" \/>\n<meta property=\"og:type\" content=\"article\" \/>\n<meta property=\"og:title\" content=\"CELJE Za\u010del se je Agritech - Novice.si\" \/>\n<meta property=\"og:description\" content=\"S \u010detrtim kmetijsko gozdarskim sejmom Agritech celjska sejemska hi\u0161a danes za\u010denja leto\u0161njo sejemsko sezono, v kateri na\u010drtujejo enajst sejemskih prireditev. Do nedelje se bo predstavilo ve\u010d kot sto razstavljavcev, organizatorji pa na sejmi\u0161\u010du Golovec pri\u010dakujejo preko 25 tiso\u010d obiskovalcev. Poleg strokovnega dela in prakti\u010dnih prikazov bo v konferen\u010dnem delu programa bo govora tudi o aktualni [&hellip;]\" \/>\n<meta property=\"og:url\" content=\"https:\/\/novice.si\/page\/celje-zacel-se-je-agritech\/\" \/>\n<meta property=\"og:site_name\" content=\"Novice.si\" \/>\n<meta property=\"article:published_time\" content=\"2024-02-01T12:49:46+00:00\" \/>\n<meta property=\"og:image\" content=\"https:\/\/novice.si\/page\/wp-content\/uploads\/2024\/02\/Agrotecj-RH-3.jpg\" \/>\n\t<meta property=\"og:image:width\" content=\"2048\" \/>\n\t<meta property=\"og:image:height\" content=\"1536\" \/>\n\t<meta property=\"og:image:type\" content=\"image\/jpeg\" \/>\n<meta name=\"author\" content=\"Uredni\u0161tvo Celjana\" \/>\n<meta name=\"twitter:card\" content=\"summary_large_image\" \/>\n<meta name=\"twitter:label1\" content=\"Written by\" \/>\n\t<meta name=\"twitter:data1\" content=\"Uredni\u0161tvo Celjana\" \/>\n\t<meta name=\"twitter:label2\" content=\"Est. reading time\" \/>\n\t<meta name=\"twitter:data2\" content=\"1 minuta\" \/>\n<script type=\"application\/ld+json\" class=\"yoast-schema-graph\">{\"@context\":\"https:\\\/\\\/schema.org\",\"@graph\":[{\"@type\":\"Article\",\"@id\":\"https:\\\/\\\/novice.si\\\/page\\\/celje-zacel-se-je-agritech\\\/#article\",\"isPartOf\":{\"@id\":\"https:\\\/\\\/novice.si\\\/page\\\/celje-zacel-se-je-agritech\\\/\"},\"author\":{\"name\":\"Uredni\u0161tvo Celjana\",\"@id\":\"https:\\\/\\\/novice.si\\\/page\\\/#\\\/schema\\\/person\\\/57f25c9642a9541c7349c65d32032c3e\"},\"headline\":\"CELJE Za\u010del se je Agritech\",\"datePublished\":\"2024-02-01T12:49:46+00:00\",\"mainEntityOfPage\":{\"@id\":\"https:\\\/\\\/novice.si\\\/page\\\/celje-zacel-se-je-agritech\\\/\"},\"wordCount\":71,\"publisher\":{\"@id\":\"https:\\\/\\\/novice.si\\\/page\\\/#organization\"},\"image\":{\"@id\":\"https:\\\/\\\/novice.si\\\/page\\\/celje-zacel-se-je-agritech\\\/#primaryimage\"},\"thumbnailUrl\":\"https:\\\/\\\/novice.si\\\/page\\\/wp-content\\\/uploads\\\/2024\\\/02\\\/Agrotecj-RH-3.jpg\",\"keywords\":[\"Agritech\",\"Celjski sejmi\",\"kmetijsko gozdarski sejem\",\"za\u010detek sejma\"],\"articleSection\":[\"Celjsko\"],\"inLanguage\":\"sl-SI\"},{\"@type\":\"WebPage\",\"@id\":\"https:\\\/\\\/novice.si\\\/page\\\/celje-zacel-se-je-agritech\\\/\",\"url\":\"https:\\\/\\\/novice.si\\\/page\\\/celje-zacel-se-je-agritech\\\/\",\"name\":\"CELJE Za\u010del se je Agritech - Novice.si\",\"isPartOf\":{\"@id\":\"https:\\\/\\\/novice.si\\\/page\\\/#website\"},\"primaryImageOfPage\":{\"@id\":\"https:\\\/\\\/novice.si\\\/page\\\/celje-zacel-se-je-agritech\\\/#primaryimage\"},\"image\":{\"@id\":\"https:\\\/\\\/novice.si\\\/page\\\/celje-zacel-se-je-agritech\\\/#primaryimage\"},\"thumbnailUrl\":\"https:\\\/\\\/novice.si\\\/page\\\/wp-content\\\/uploads\\\/2024\\\/02\\\/Agrotecj-RH-3.jpg\",\"datePublished\":\"2024-02-01T12:49:46+00:00\",\"breadcrumb\":{\"@id\":\"https:\\\/\\\/novice.si\\\/page\\\/celje-zacel-se-je-agritech\\\/#breadcrumb\"},\"inLanguage\":\"sl-SI\",\"potentialAction\":[{\"@type\":\"ReadAction\",\"target\":[\"https:\\\/\\\/novice.si\\\/page\\\/celje-zacel-se-je-agritech\\\/\"]}]},{\"@type\":\"ImageObject\",\"inLanguage\":\"sl-SI\",\"@id\":\"https:\\\/\\\/novice.si\\\/page\\\/celje-zacel-se-je-agritech\\\/#primaryimage\",\"url\":\"https:\\\/\\\/novice.si\\\/page\\\/wp-content\\\/uploads\\\/2024\\\/02\\\/Agrotecj-RH-3.jpg\",\"contentUrl\":\"https:\\\/\\\/novice.si\\\/page\\\/wp-content\\\/uploads\\\/2024\\\/02\\\/Agrotecj-RH-3.jpg\",\"width\":2048,\"height\":1536},{\"@type\":\"BreadcrumbList\",\"@id\":\"https:\\\/\\\/novice.si\\\/page\\\/celje-zacel-se-je-agritech\\\/#breadcrumb\",\"itemListElement\":[{\"@type\":\"ListItem\",\"position\":1,\"name\":\"Home\",\"item\":\"https:\\\/\\\/novice.si\\\/page\\\/\"},{\"@type\":\"ListItem\",\"position\":2,\"name\":\"CELJE Za\u010del se je Agritech\"}]},{\"@type\":\"WebSite\",\"@id\":\"https:\\\/\\\/novice.si\\\/page\\\/#website\",\"url\":\"https:\\\/\\\/novice.si\\\/page\\\/\",\"name\":\"Novice.si\",\"description\":\"\",\"publisher\":{\"@id\":\"https:\\\/\\\/novice.si\\\/page\\\/#organization\"},\"potentialAction\":[{\"@type\":\"SearchAction\",\"target\":{\"@type\":\"EntryPoint\",\"urlTemplate\":\"https:\\\/\\\/novice.si\\\/page\\\/?s={search_term_string}\"},\"query-input\":{\"@type\":\"PropertyValueSpecification\",\"valueRequired\":true,\"valueName\":\"search_term_string\"}}],\"inLanguage\":\"sl-SI\"},{\"@type\":\"Organization\",\"@id\":\"https:\\\/\\\/novice.si\\\/page\\\/#organization\",\"name\":\"Novice.si\",\"url\":\"https:\\\/\\\/novice.si\\\/page\\\/\",\"logo\":{\"@type\":\"ImageObject\",\"inLanguage\":\"sl-SI\",\"@id\":\"https:\\\/\\\/novice.si\\\/page\\\/#\\\/schema\\\/logo\\\/image\\\/\",\"url\":\"https:\\\/\\\/novice.si\\\/page\\\/wp-content\\\/uploads\\\/2023\\\/03\\\/novice_si.png\",\"contentUrl\":\"https:\\\/\\\/novice.si\\\/page\\\/wp-content\\\/uploads\\\/2023\\\/03\\\/novice_si.png\",\"width\":576,\"height\":200,\"caption\":\"Novice.si\"},\"image\":{\"@id\":\"https:\\\/\\\/novice.si\\\/page\\\/#\\\/schema\\\/logo\\\/image\\\/\"}},{\"@type\":\"Person\",\"@id\":\"https:\\\/\\\/novice.si\\\/page\\\/#\\\/schema\\\/person\\\/57f25c9642a9541c7349c65d32032c3e\",\"name\":\"Uredni\u0161tvo Celjana\",\"image\":{\"@type\":\"ImageObject\",\"inLanguage\":\"sl-SI\",\"@id\":\"https:\\\/\\\/secure.gravatar.com\\\/avatar\\\/78e52bc4279b65f6df6345e0ef0f7b792d361361f230cf4ffecfe0afe6d5629c?s=96&d=mm&r=g\",\"url\":\"https:\\\/\\\/secure.gravatar.com\\\/avatar\\\/78e52bc4279b65f6df6345e0ef0f7b792d361361f230cf4ffecfe0afe6d5629c?s=96&d=mm&r=g\",\"contentUrl\":\"https:\\\/\\\/secure.gravatar.com\\\/avatar\\\/78e52bc4279b65f6df6345e0ef0f7b792d361361f230cf4ffecfe0afe6d5629c?s=96&d=mm&r=g\",\"caption\":\"Uredni\u0161tvo Celjana\"},\"url\":\"https:\\\/\\\/novice.si\\\/page\\\/author\\\/primoz\\\/\"}]}<\/script>\n<!-- \/ Yoast SEO plugin. -->","yoast_head_json":{"title":"CELJE Za\u010del se je Agritech - Novice.si","robots":{"index":"index","follow":"follow","max-snippet":"max-snippet:-1","max-image-preview":"max-image-preview:large","max-video-preview":"max-video-preview:-1"},"canonical":"https:\/\/novice.si\/page\/celje-zacel-se-je-agritech\/","og_locale":"sl_SI","og_type":"article","og_title":"CELJE Za\u010del se je Agritech - Novice.si","og_description":"S \u010detrtim kmetijsko gozdarskim sejmom Agritech celjska sejemska hi\u0161a danes za\u010denja leto\u0161njo sejemsko sezono, v kateri na\u010drtujejo enajst sejemskih prireditev. Do nedelje se bo predstavilo ve\u010d kot sto razstavljavcev, organizatorji pa na sejmi\u0161\u010du Golovec pri\u010dakujejo preko 25 tiso\u010d obiskovalcev. Poleg strokovnega dela in prakti\u010dnih prikazov bo v konferen\u010dnem delu programa bo govora tudi o aktualni [&hellip;]","og_url":"https:\/\/novice.si\/page\/celje-zacel-se-je-agritech\/","og_site_name":"Novice.si","article_published_time":"2024-02-01T12:49:46+00:00","og_image":[{"width":2048,"height":1536,"url":"https:\/\/novice.si\/page\/wp-content\/uploads\/2024\/02\/Agrotecj-RH-3.jpg","type":"image\/jpeg"}],"author":"Uredni\u0161tvo Celjana","twitter_card":"summary_large_image","twitter_misc":{"Written by":"Uredni\u0161tvo Celjana","Est. reading time":"1 minuta"},"schema":{"@context":"https:\/\/schema.org","@graph":[{"@type":"Article","@id":"https:\/\/novice.si\/page\/celje-zacel-se-je-agritech\/#article","isPartOf":{"@id":"https:\/\/novice.si\/page\/celje-zacel-se-je-agritech\/"},"author":{"name":"Uredni\u0161tvo Celjana","@id":"https:\/\/novice.si\/page\/#\/schema\/person\/57f25c9642a9541c7349c65d32032c3e"},"headline":"CELJE Za\u010del se je Agritech","datePublished":"2024-02-01T12:49:46+00:00","mainEntityOfPage":{"@id":"https:\/\/novice.si\/page\/celje-zacel-se-je-agritech\/"},"wordCount":71,"publisher":{"@id":"https:\/\/novice.si\/page\/#organization"},"image":{"@id":"https:\/\/novice.si\/page\/celje-zacel-se-je-agritech\/#primaryimage"},"thumbnailUrl":"https:\/\/novice.si\/page\/wp-content\/uploads\/2024\/02\/Agrotecj-RH-3.jpg","keywords":["Agritech","Celjski sejmi","kmetijsko gozdarski sejem","za\u010detek sejma"],"articleSection":["Celjsko"],"inLanguage":"sl-SI"},{"@type":"WebPage","@id":"https:\/\/novice.si\/page\/celje-zacel-se-je-agritech\/","url":"https:\/\/novice.si\/page\/celje-zacel-se-je-agritech\/","name":"CELJE Za\u010del se je Agritech - Novice.si","isPartOf":{"@id":"https:\/\/novice.si\/page\/#website"},"primaryImageOfPage":{"@id":"https:\/\/novice.si\/page\/celje-zacel-se-je-agritech\/#primaryimage"},"image":{"@id":"https:\/\/novice.si\/page\/celje-zacel-se-je-agritech\/#primaryimage"},"thumbnailUrl":"https:\/\/novice.si\/page\/wp-content\/uploads\/2024\/02\/Agrotecj-RH-3.jpg","datePublished":"2024-02-01T12:49:46+00:00","breadcrumb":{"@id":"https:\/\/novice.si\/page\/celje-zacel-se-je-agritech\/#breadcrumb"},"inLanguage":"sl-SI","potentialAction":[{"@type":"ReadAction","target":["https:\/\/novice.si\/page\/celje-zacel-se-je-agritech\/"]}]},{"@type":"ImageObject","inLanguage":"sl-SI","@id":"https:\/\/novice.si\/page\/celje-zacel-se-je-agritech\/#primaryimage","url":"https:\/\/novice.si\/page\/wp-content\/uploads\/2024\/02\/Agrotecj-RH-3.jpg","contentUrl":"https:\/\/novice.si\/page\/wp-content\/uploads\/2024\/02\/Agrotecj-RH-3.jpg","width":2048,"height":1536},{"@type":"BreadcrumbList","@id":"https:\/\/novice.si\/page\/celje-zacel-se-je-agritech\/#breadcrumb","itemListElement":[{"@type":"ListItem","position":1,"name":"Home","item":"https:\/\/novice.si\/page\/"},{"@type":"ListItem","position":2,"name":"CELJE Za\u010del se je Agritech"}]},{"@type":"WebSite","@id":"https:\/\/novice.si\/page\/#website","url":"https:\/\/novice.si\/page\/","name":"Novice.si","description":"","publisher":{"@id":"https:\/\/novice.si\/page\/#organization"},"potentialAction":[{"@type":"SearchAction","target":{"@type":"EntryPoint","urlTemplate":"https:\/\/novice.si\/page\/?s={search_term_string}"},"query-input":{"@type":"PropertyValueSpecification","valueRequired":true,"valueName":"search_term_string"}}],"inLanguage":"sl-SI"},{"@type":"Organization","@id":"https:\/\/novice.si\/page\/#organization","name":"Novice.si","url":"https:\/\/novice.si\/page\/","logo":{"@type":"ImageObject","inLanguage":"sl-SI","@id":"https:\/\/novice.si\/page\/#\/schema\/logo\/image\/","url":"https:\/\/novice.si\/page\/wp-content\/uploads\/2023\/03\/novice_si.png","contentUrl":"https:\/\/novice.si\/page\/wp-content\/uploads\/2023\/03\/novice_si.png","width":576,"height":200,"caption":"Novice.si"},"image":{"@id":"https:\/\/novice.si\/page\/#\/schema\/logo\/image\/"}},{"@type":"Person","@id":"https:\/\/novice.si\/page\/#\/schema\/person\/57f25c9642a9541c7349c65d32032c3e","name":"Uredni\u0161tvo Celjana","image":{"@type":"ImageObject","inLanguage":"sl-SI","@id":"https:\/\/secure.gravatar.com\/avatar\/78e52bc4279b65f6df6345e0ef0f7b792d361361f230cf4ffecfe0afe6d5629c?s=96&d=mm&r=g","url":"https:\/\/secure.gravatar.com\/avatar\/78e52bc4279b65f6df6345e0ef0f7b792d361361f230cf4ffecfe0afe6d5629c?s=96&d=mm&r=g","contentUrl":"https:\/\/secure.gravatar.com\/avatar\/78e52bc4279b65f6df6345e0ef0f7b792d361361f230cf4ffecfe0afe6d5629c?s=96&d=mm&r=g","caption":"Uredni\u0161tvo Celjana"},"url":"https:\/\/novice.si\/page\/author\/primoz\/"}]}},"_links":{"self":[{"href":"https:\/\/novice.si\/page\/wp-json\/wp\/v2\/posts\/171402","targetHints":{"allow":["GET"]}}],"collection":[{"href":"https:\/\/novice.si\/page\/wp-json\/wp\/v2\/posts"}],"about":[{"href":"https:\/\/novice.si\/page\/wp-json\/wp\/v2\/types\/post"}],"author":[{"embeddable":true,"href":"https:\/\/novice.si\/page\/wp-json\/wp\/v2\/users\/33"}],"replies":[{"embeddable":true,"href":"https:\/\/novice.si\/page\/wp-json\/wp\/v2\/comments?post=171402"}],"version-history":[{"count":1,"href":"https:\/\/novice.si\/page\/wp-json\/wp\/v2\/posts\/171402\/revisions"}],"predecessor-version":[{"id":171407,"href":"https:\/\/novice.si\/page\/wp-json\/wp\/v2\/posts\/171402\/revisions\/171407"}],"wp:featuredmedia":[{"embeddable":true,"href":"https:\/\/novice.si\/page\/wp-json\/wp\/v2\/media\/171405"}],"wp:attachment":[{"href":"https:\/\/novice.si\/page\/wp-json\/wp\/v2\/media?parent=171402"}],"wp:term":[{"taxonomy":"category","embeddable":true,"href":"https:\/\/novice.si\/page\/wp-json\/wp\/v2\/categories?post=171402"},{"taxonomy":"post_tag","embeddable":true,"href":"https:\/\/novice.si\/page\/wp-json\/wp\/v2\/tags?post=171402"}],"curies":[{"name":"wp","href":"https:\/\/api.w.org\/{rel}","templated":true}]}}