{"id":171395,"date":"2024-02-01T13:39:40","date_gmt":"2024-02-01T12:39:40","guid":{"rendered":"https:\/\/novice.si\/page\/?p=171395"},"modified":"2024-02-01T13:39:40","modified_gmt":"2024-02-01T12:39:40","slug":"nastanitev-migrantov-v-konjiski-obcini-dopis-pristojnega-urada","status":"publish","type":"post","link":"https:\/\/novice.si\/page\/nastanitev-migrantov-v-konjiski-obcini-dopis-pristojnega-urada\/","title":{"rendered":"Nastanitev migrantov v konji\u0161ki ob\u010dini: dopis pristojnega urada"},"content":{"rendered":"<p><img loading=\"lazy\" decoding=\"async\" class=\"alignnone size-medium wp-image-108997\" src=\"https:\/\/novice.si\/page\/wp-content\/uploads\/2019\/07\/obcina-konjice_resize-300x225.jpg\" alt=\"\" width=\"300\" height=\"225\" srcset=\"https:\/\/novice.si\/page\/wp-content\/uploads\/2019\/07\/obcina-konjice_resize-300x225.jpg 300w, https:\/\/novice.si\/page\/wp-content\/uploads\/2019\/07\/obcina-konjice_resize-768x576.jpg 768w, https:\/\/novice.si\/page\/wp-content\/uploads\/2019\/07\/obcina-konjice_resize-80x60.jpg 80w, https:\/\/novice.si\/page\/wp-content\/uploads\/2019\/07\/obcina-konjice_resize-265x198.jpg 265w, https:\/\/novice.si\/page\/wp-content\/uploads\/2019\/07\/obcina-konjice_resize-696x522.jpg 696w, https:\/\/novice.si\/page\/wp-content\/uploads\/2019\/07\/obcina-konjice_resize-560x420.jpg 560w, https:\/\/novice.si\/page\/wp-content\/uploads\/2019\/07\/obcina-konjice_resize-24x18.jpg 24w, https:\/\/novice.si\/page\/wp-content\/uploads\/2019\/07\/obcina-konjice_resize-36x27.jpg 36w, https:\/\/novice.si\/page\/wp-content\/uploads\/2019\/07\/obcina-konjice_resize-48x36.jpg 48w, https:\/\/novice.si\/page\/wp-content\/uploads\/2019\/07\/obcina-konjice_resize.jpg 800w\" sizes=\"auto, (max-width: 300px) 100vw, 300px\" \/><br \/>\nNastanitvenih kapacitet za nezakonite migrante zaenkrat v ob\u010dini Slovenske Konjice ne na\u010drtujejo. Dopis s tak\u0161nim pojasnilom je Urad vlade RS za oskrbo in integracijo migrantov naslovil na konji\u0161ko Ob\u010dino, pod dokument pa je podpisana direktorica omenjenega urada <strong>Katarina \u0160trukelj<\/strong>.<br \/>\nPo razli\u010dnih objavah na dru\u017ebenih omre\u017ejih je \u017eupan <strong>Darko Ratajc<\/strong> sicer \u017ee pred dnevi sporo\u010dil, da z namero namestitve migrantov ni seznanjen. Kot pravijo v njegovem uradu, pa je zdaj to potrdila tudi vladna stran. (Jure Mernik)<\/p>\n<p>Preberite tudi:<br \/>\nMinister ni dal odgovora, kam naj bi \u0161e nastanili ilegalne migrante<br \/>\n<a href=\"https:\/\/novice.si\/page\/minister-ni-dal-odgovora-kam-naj-bi-se-nastanili-ilegalne-migrante\/\">https:\/\/novice.si\/page\/minister-ni-dal-odgovora-kam-naj-bi-se-nastanili-ilegalne-migrante\/<\/a><\/p>\n<p>Dr\u017eava ilegalnih migrantov ne namerava nastaniti na Konji\u0161kem<br \/>\n<a href=\"https:\/\/novice.si\/page\/drzava-ilegalnih-migrantov-ne-namerava-nastaniti-na-konjiskem\/\">https:\/\/novice.si\/page\/drzava-ilegalnih-migrantov-ne-namerava-nastaniti-na-konjiskem\/<\/a><\/p>\n<p>&nbsp;<\/p>\n<p>&nbsp;<\/p>\n","protected":false},"excerpt":{"rendered":"<p>Nastanitvenih kapacitet za nezakonite migrante zaenkrat v ob\u010dini Slovenske Konjice ne na\u010drtujejo. Dopis s tak\u0161nim pojasnilom je Urad vlade RS za oskrbo in integracijo migrantov naslovil na konji\u0161ko Ob\u010dino, pod dokument pa je podpisana direktorica omenjenega urada Katarina \u0160trukelj. Po razli\u010dnih objavah na dru\u017ebenih omre\u017ejih je \u017eupan Darko Ratajc sicer \u017ee pred dnevi sporo\u010dil, da [&hellip;]<\/p>\n","protected":false},"author":7,"featured_media":108997,"comment_status":"closed","ping_status":"closed","sticky":false,"template":"","format":"standard","meta":{"footnotes":""},"categories":[14,16],"tags":[19702,197],"class_list":{"0":"post-171395","1":"post","2":"type-post","3":"status-publish","4":"format-standard","5":"has-post-thumbnail","7":"category-aktualno","8":"category-konjisko","9":"tag-ilegalni-migranti","10":"tag-slovenske-konjice"},"yoast_head":"<!-- This site is optimized with the Yoast SEO plugin v27.4 - https:\/\/yoast.com\/product\/yoast-seo-wordpress\/ -->\n<title>Nastanitev migrantov v konji\u0161ki ob\u010dini: dopis pristojnega urada - Novice.si<\/title>\n<meta name=\"robots\" content=\"index, follow, max-snippet:-1, max-image-preview:large, max-video-preview:-1\" \/>\n<link rel=\"canonical\" href=\"https:\/\/novice.si\/page\/nastanitev-migrantov-v-konjiski-obcini-dopis-pristojnega-urada\/\" \/>\n<meta property=\"og:locale\" content=\"sl_SI\" \/>\n<meta property=\"og:type\" content=\"article\" \/>\n<meta property=\"og:title\" content=\"Nastanitev migrantov v konji\u0161ki ob\u010dini: dopis pristojnega urada - Novice.si\" \/>\n<meta property=\"og:description\" content=\"Nastanitvenih kapacitet za nezakonite migrante zaenkrat v ob\u010dini Slovenske Konjice ne na\u010drtujejo. Dopis s tak\u0161nim pojasnilom je Urad vlade RS za oskrbo in integracijo migrantov naslovil na konji\u0161ko Ob\u010dino, pod dokument pa je podpisana direktorica omenjenega urada Katarina \u0160trukelj. Po razli\u010dnih objavah na dru\u017ebenih omre\u017ejih je \u017eupan Darko Ratajc sicer \u017ee pred dnevi sporo\u010dil, da [&hellip;]\" \/>\n<meta property=\"og:url\" content=\"https:\/\/novice.si\/page\/nastanitev-migrantov-v-konjiski-obcini-dopis-pristojnega-urada\/\" \/>\n<meta property=\"og:site_name\" content=\"Novice.si\" \/>\n<meta property=\"article:published_time\" content=\"2024-02-01T12:39:40+00:00\" \/>\n<meta property=\"og:image\" content=\"https:\/\/novice.si\/page\/wp-content\/uploads\/2019\/07\/obcina-konjice_resize.jpg\" \/>\n\t<meta property=\"og:image:width\" content=\"800\" \/>\n\t<meta property=\"og:image:height\" content=\"600\" \/>\n\t<meta property=\"og:image:type\" content=\"image\/jpeg\" \/>\n<meta name=\"author\" content=\"Uredni\u0161tvo Novic\" \/>\n<meta name=\"twitter:card\" content=\"summary_large_image\" \/>\n<meta name=\"twitter:label1\" content=\"Written by\" \/>\n\t<meta name=\"twitter:data1\" content=\"Uredni\u0161tvo Novic\" \/>\n\t<meta name=\"twitter:label2\" content=\"Est. reading time\" \/>\n\t<meta name=\"twitter:data2\" content=\"1 minuta\" \/>\n<script type=\"application\/ld+json\" class=\"yoast-schema-graph\">{\"@context\":\"https:\\\/\\\/schema.org\",\"@graph\":[{\"@type\":\"Article\",\"@id\":\"https:\\\/\\\/novice.si\\\/page\\\/nastanitev-migrantov-v-konjiski-obcini-dopis-pristojnega-urada\\\/#article\",\"isPartOf\":{\"@id\":\"https:\\\/\\\/novice.si\\\/page\\\/nastanitev-migrantov-v-konjiski-obcini-dopis-pristojnega-urada\\\/\"},\"author\":{\"name\":\"Uredni\u0161tvo Novic\",\"@id\":\"https:\\\/\\\/novice.si\\\/page\\\/#\\\/schema\\\/person\\\/a877dbb8680d441357ce27663beb35ca\"},\"headline\":\"Nastanitev migrantov v konji\u0161ki ob\u010dini: dopis pristojnega urada\",\"datePublished\":\"2024-02-01T12:39:40+00:00\",\"mainEntityOfPage\":{\"@id\":\"https:\\\/\\\/novice.si\\\/page\\\/nastanitev-migrantov-v-konjiski-obcini-dopis-pristojnega-urada\\\/\"},\"wordCount\":130,\"publisher\":{\"@id\":\"https:\\\/\\\/novice.si\\\/page\\\/#organization\"},\"image\":{\"@id\":\"https:\\\/\\\/novice.si\\\/page\\\/nastanitev-migrantov-v-konjiski-obcini-dopis-pristojnega-urada\\\/#primaryimage\"},\"thumbnailUrl\":\"https:\\\/\\\/novice.si\\\/page\\\/wp-content\\\/uploads\\\/2019\\\/07\\\/obcina-konjice_resize.jpg\",\"keywords\":[\"ilegalni migranti\",\"Slovenske Konjice\"],\"articleSection\":[\"Aktualno\",\"Konji\u0161ko\"],\"inLanguage\":\"sl-SI\"},{\"@type\":\"WebPage\",\"@id\":\"https:\\\/\\\/novice.si\\\/page\\\/nastanitev-migrantov-v-konjiski-obcini-dopis-pristojnega-urada\\\/\",\"url\":\"https:\\\/\\\/novice.si\\\/page\\\/nastanitev-migrantov-v-konjiski-obcini-dopis-pristojnega-urada\\\/\",\"name\":\"Nastanitev migrantov v konji\u0161ki ob\u010dini: dopis pristojnega urada - Novice.si\",\"isPartOf\":{\"@id\":\"https:\\\/\\\/novice.si\\\/page\\\/#website\"},\"primaryImageOfPage\":{\"@id\":\"https:\\\/\\\/novice.si\\\/page\\\/nastanitev-migrantov-v-konjiski-obcini-dopis-pristojnega-urada\\\/#primaryimage\"},\"image\":{\"@id\":\"https:\\\/\\\/novice.si\\\/page\\\/nastanitev-migrantov-v-konjiski-obcini-dopis-pristojnega-urada\\\/#primaryimage\"},\"thumbnailUrl\":\"https:\\\/\\\/novice.si\\\/page\\\/wp-content\\\/uploads\\\/2019\\\/07\\\/obcina-konjice_resize.jpg\",\"datePublished\":\"2024-02-01T12:39:40+00:00\",\"breadcrumb\":{\"@id\":\"https:\\\/\\\/novice.si\\\/page\\\/nastanitev-migrantov-v-konjiski-obcini-dopis-pristojnega-urada\\\/#breadcrumb\"},\"inLanguage\":\"sl-SI\",\"potentialAction\":[{\"@type\":\"ReadAction\",\"target\":[\"https:\\\/\\\/novice.si\\\/page\\\/nastanitev-migrantov-v-konjiski-obcini-dopis-pristojnega-urada\\\/\"]}]},{\"@type\":\"ImageObject\",\"inLanguage\":\"sl-SI\",\"@id\":\"https:\\\/\\\/novice.si\\\/page\\\/nastanitev-migrantov-v-konjiski-obcini-dopis-pristojnega-urada\\\/#primaryimage\",\"url\":\"https:\\\/\\\/novice.si\\\/page\\\/wp-content\\\/uploads\\\/2019\\\/07\\\/obcina-konjice_resize.jpg\",\"contentUrl\":\"https:\\\/\\\/novice.si\\\/page\\\/wp-content\\\/uploads\\\/2019\\\/07\\\/obcina-konjice_resize.jpg\",\"width\":800,\"height\":600},{\"@type\":\"BreadcrumbList\",\"@id\":\"https:\\\/\\\/novice.si\\\/page\\\/nastanitev-migrantov-v-konjiski-obcini-dopis-pristojnega-urada\\\/#breadcrumb\",\"itemListElement\":[{\"@type\":\"ListItem\",\"position\":1,\"name\":\"Home\",\"item\":\"https:\\\/\\\/novice.si\\\/page\\\/\"},{\"@type\":\"ListItem\",\"position\":2,\"name\":\"Nastanitev migrantov v konji\u0161ki ob\u010dini: dopis pristojnega urada\"}]},{\"@type\":\"WebSite\",\"@id\":\"https:\\\/\\\/novice.si\\\/page\\\/#website\",\"url\":\"https:\\\/\\\/novice.si\\\/page\\\/\",\"name\":\"Novice.si\",\"description\":\"\",\"publisher\":{\"@id\":\"https:\\\/\\\/novice.si\\\/page\\\/#organization\"},\"potentialAction\":[{\"@type\":\"SearchAction\",\"target\":{\"@type\":\"EntryPoint\",\"urlTemplate\":\"https:\\\/\\\/novice.si\\\/page\\\/?s={search_term_string}\"},\"query-input\":{\"@type\":\"PropertyValueSpecification\",\"valueRequired\":true,\"valueName\":\"search_term_string\"}}],\"inLanguage\":\"sl-SI\"},{\"@type\":\"Organization\",\"@id\":\"https:\\\/\\\/novice.si\\\/page\\\/#organization\",\"name\":\"Novice.si\",\"url\":\"https:\\\/\\\/novice.si\\\/page\\\/\",\"logo\":{\"@type\":\"ImageObject\",\"inLanguage\":\"sl-SI\",\"@id\":\"https:\\\/\\\/novice.si\\\/page\\\/#\\\/schema\\\/logo\\\/image\\\/\",\"url\":\"https:\\\/\\\/novice.si\\\/page\\\/wp-content\\\/uploads\\\/2023\\\/03\\\/novice_si.png\",\"contentUrl\":\"https:\\\/\\\/novice.si\\\/page\\\/wp-content\\\/uploads\\\/2023\\\/03\\\/novice_si.png\",\"width\":576,\"height\":200,\"caption\":\"Novice.si\"},\"image\":{\"@id\":\"https:\\\/\\\/novice.si\\\/page\\\/#\\\/schema\\\/logo\\\/image\\\/\"}},{\"@type\":\"Person\",\"@id\":\"https:\\\/\\\/novice.si\\\/page\\\/#\\\/schema\\\/person\\\/a877dbb8680d441357ce27663beb35ca\",\"name\":\"Uredni\u0161tvo Novic\",\"image\":{\"@type\":\"ImageObject\",\"inLanguage\":\"sl-SI\",\"@id\":\"https:\\\/\\\/secure.gravatar.com\\\/avatar\\\/f19c0ae874706cc9ba19d2f6da5f74a5a5ee7674f283fed29ce0ad16a9f1893e?s=96&d=mm&r=g\",\"url\":\"https:\\\/\\\/secure.gravatar.com\\\/avatar\\\/f19c0ae874706cc9ba19d2f6da5f74a5a5ee7674f283fed29ce0ad16a9f1893e?s=96&d=mm&r=g\",\"contentUrl\":\"https:\\\/\\\/secure.gravatar.com\\\/avatar\\\/f19c0ae874706cc9ba19d2f6da5f74a5a5ee7674f283fed29ce0ad16a9f1893e?s=96&d=mm&r=g\",\"caption\":\"Uredni\u0161tvo Novic\"},\"url\":\"https:\\\/\\\/novice.si\\\/page\\\/author\\\/jure\\\/\"}]}<\/script>\n<!-- \/ Yoast SEO plugin. -->","yoast_head_json":{"title":"Nastanitev migrantov v konji\u0161ki ob\u010dini: dopis pristojnega urada - Novice.si","robots":{"index":"index","follow":"follow","max-snippet":"max-snippet:-1","max-image-preview":"max-image-preview:large","max-video-preview":"max-video-preview:-1"},"canonical":"https:\/\/novice.si\/page\/nastanitev-migrantov-v-konjiski-obcini-dopis-pristojnega-urada\/","og_locale":"sl_SI","og_type":"article","og_title":"Nastanitev migrantov v konji\u0161ki ob\u010dini: dopis pristojnega urada - Novice.si","og_description":"Nastanitvenih kapacitet za nezakonite migrante zaenkrat v ob\u010dini Slovenske Konjice ne na\u010drtujejo. Dopis s tak\u0161nim pojasnilom je Urad vlade RS za oskrbo in integracijo migrantov naslovil na konji\u0161ko Ob\u010dino, pod dokument pa je podpisana direktorica omenjenega urada Katarina \u0160trukelj. Po razli\u010dnih objavah na dru\u017ebenih omre\u017ejih je \u017eupan Darko Ratajc sicer \u017ee pred dnevi sporo\u010dil, da [&hellip;]","og_url":"https:\/\/novice.si\/page\/nastanitev-migrantov-v-konjiski-obcini-dopis-pristojnega-urada\/","og_site_name":"Novice.si","article_published_time":"2024-02-01T12:39:40+00:00","og_image":[{"width":800,"height":600,"url":"https:\/\/novice.si\/page\/wp-content\/uploads\/2019\/07\/obcina-konjice_resize.jpg","type":"image\/jpeg"}],"author":"Uredni\u0161tvo Novic","twitter_card":"summary_large_image","twitter_misc":{"Written by":"Uredni\u0161tvo Novic","Est. reading time":"1 minuta"},"schema":{"@context":"https:\/\/schema.org","@graph":[{"@type":"Article","@id":"https:\/\/novice.si\/page\/nastanitev-migrantov-v-konjiski-obcini-dopis-pristojnega-urada\/#article","isPartOf":{"@id":"https:\/\/novice.si\/page\/nastanitev-migrantov-v-konjiski-obcini-dopis-pristojnega-urada\/"},"author":{"name":"Uredni\u0161tvo Novic","@id":"https:\/\/novice.si\/page\/#\/schema\/person\/a877dbb8680d441357ce27663beb35ca"},"headline":"Nastanitev migrantov v konji\u0161ki ob\u010dini: dopis pristojnega urada","datePublished":"2024-02-01T12:39:40+00:00","mainEntityOfPage":{"@id":"https:\/\/novice.si\/page\/nastanitev-migrantov-v-konjiski-obcini-dopis-pristojnega-urada\/"},"wordCount":130,"publisher":{"@id":"https:\/\/novice.si\/page\/#organization"},"image":{"@id":"https:\/\/novice.si\/page\/nastanitev-migrantov-v-konjiski-obcini-dopis-pristojnega-urada\/#primaryimage"},"thumbnailUrl":"https:\/\/novice.si\/page\/wp-content\/uploads\/2019\/07\/obcina-konjice_resize.jpg","keywords":["ilegalni migranti","Slovenske Konjice"],"articleSection":["Aktualno","Konji\u0161ko"],"inLanguage":"sl-SI"},{"@type":"WebPage","@id":"https:\/\/novice.si\/page\/nastanitev-migrantov-v-konjiski-obcini-dopis-pristojnega-urada\/","url":"https:\/\/novice.si\/page\/nastanitev-migrantov-v-konjiski-obcini-dopis-pristojnega-urada\/","name":"Nastanitev migrantov v konji\u0161ki ob\u010dini: dopis pristojnega urada - Novice.si","isPartOf":{"@id":"https:\/\/novice.si\/page\/#website"},"primaryImageOfPage":{"@id":"https:\/\/novice.si\/page\/nastanitev-migrantov-v-konjiski-obcini-dopis-pristojnega-urada\/#primaryimage"},"image":{"@id":"https:\/\/novice.si\/page\/nastanitev-migrantov-v-konjiski-obcini-dopis-pristojnega-urada\/#primaryimage"},"thumbnailUrl":"https:\/\/novice.si\/page\/wp-content\/uploads\/2019\/07\/obcina-konjice_resize.jpg","datePublished":"2024-02-01T12:39:40+00:00","breadcrumb":{"@id":"https:\/\/novice.si\/page\/nastanitev-migrantov-v-konjiski-obcini-dopis-pristojnega-urada\/#breadcrumb"},"inLanguage":"sl-SI","potentialAction":[{"@type":"ReadAction","target":["https:\/\/novice.si\/page\/nastanitev-migrantov-v-konjiski-obcini-dopis-pristojnega-urada\/"]}]},{"@type":"ImageObject","inLanguage":"sl-SI","@id":"https:\/\/novice.si\/page\/nastanitev-migrantov-v-konjiski-obcini-dopis-pristojnega-urada\/#primaryimage","url":"https:\/\/novice.si\/page\/wp-content\/uploads\/2019\/07\/obcina-konjice_resize.jpg","contentUrl":"https:\/\/novice.si\/page\/wp-content\/uploads\/2019\/07\/obcina-konjice_resize.jpg","width":800,"height":600},{"@type":"BreadcrumbList","@id":"https:\/\/novice.si\/page\/nastanitev-migrantov-v-konjiski-obcini-dopis-pristojnega-urada\/#breadcrumb","itemListElement":[{"@type":"ListItem","position":1,"name":"Home","item":"https:\/\/novice.si\/page\/"},{"@type":"ListItem","position":2,"name":"Nastanitev migrantov v konji\u0161ki ob\u010dini: dopis pristojnega urada"}]},{"@type":"WebSite","@id":"https:\/\/novice.si\/page\/#website","url":"https:\/\/novice.si\/page\/","name":"Novice.si","description":"","publisher":{"@id":"https:\/\/novice.si\/page\/#organization"},"potentialAction":[{"@type":"SearchAction","target":{"@type":"EntryPoint","urlTemplate":"https:\/\/novice.si\/page\/?s={search_term_string}"},"query-input":{"@type":"PropertyValueSpecification","valueRequired":true,"valueName":"search_term_string"}}],"inLanguage":"sl-SI"},{"@type":"Organization","@id":"https:\/\/novice.si\/page\/#organization","name":"Novice.si","url":"https:\/\/novice.si\/page\/","logo":{"@type":"ImageObject","inLanguage":"sl-SI","@id":"https:\/\/novice.si\/page\/#\/schema\/logo\/image\/","url":"https:\/\/novice.si\/page\/wp-content\/uploads\/2023\/03\/novice_si.png","contentUrl":"https:\/\/novice.si\/page\/wp-content\/uploads\/2023\/03\/novice_si.png","width":576,"height":200,"caption":"Novice.si"},"image":{"@id":"https:\/\/novice.si\/page\/#\/schema\/logo\/image\/"}},{"@type":"Person","@id":"https:\/\/novice.si\/page\/#\/schema\/person\/a877dbb8680d441357ce27663beb35ca","name":"Uredni\u0161tvo Novic","image":{"@type":"ImageObject","inLanguage":"sl-SI","@id":"https:\/\/secure.gravatar.com\/avatar\/f19c0ae874706cc9ba19d2f6da5f74a5a5ee7674f283fed29ce0ad16a9f1893e?s=96&d=mm&r=g","url":"https:\/\/secure.gravatar.com\/avatar\/f19c0ae874706cc9ba19d2f6da5f74a5a5ee7674f283fed29ce0ad16a9f1893e?s=96&d=mm&r=g","contentUrl":"https:\/\/secure.gravatar.com\/avatar\/f19c0ae874706cc9ba19d2f6da5f74a5a5ee7674f283fed29ce0ad16a9f1893e?s=96&d=mm&r=g","caption":"Uredni\u0161tvo Novic"},"url":"https:\/\/novice.si\/page\/author\/jure\/"}]}},"_links":{"self":[{"href":"https:\/\/novice.si\/page\/wp-json\/wp\/v2\/posts\/171395","targetHints":{"allow":["GET"]}}],"collection":[{"href":"https:\/\/novice.si\/page\/wp-json\/wp\/v2\/posts"}],"about":[{"href":"https:\/\/novice.si\/page\/wp-json\/wp\/v2\/types\/post"}],"author":[{"embeddable":true,"href":"https:\/\/novice.si\/page\/wp-json\/wp\/v2\/users\/7"}],"replies":[{"embeddable":true,"href":"https:\/\/novice.si\/page\/wp-json\/wp\/v2\/comments?post=171395"}],"version-history":[{"count":1,"href":"https:\/\/novice.si\/page\/wp-json\/wp\/v2\/posts\/171395\/revisions"}],"predecessor-version":[{"id":171400,"href":"https:\/\/novice.si\/page\/wp-json\/wp\/v2\/posts\/171395\/revisions\/171400"}],"wp:featuredmedia":[{"embeddable":true,"href":"https:\/\/novice.si\/page\/wp-json\/wp\/v2\/media\/108997"}],"wp:attachment":[{"href":"https:\/\/novice.si\/page\/wp-json\/wp\/v2\/media?parent=171395"}],"wp:term":[{"taxonomy":"category","embeddable":true,"href":"https:\/\/novice.si\/page\/wp-json\/wp\/v2\/categories?post=171395"},{"taxonomy":"post_tag","embeddable":true,"href":"https:\/\/novice.si\/page\/wp-json\/wp\/v2\/tags?post=171395"}],"curies":[{"name":"wp","href":"https:\/\/api.w.org\/{rel}","templated":true}]}}