{"id":171300,"date":"2024-01-31T06:45:17","date_gmt":"2024-01-31T05:45:17","guid":{"rendered":"https:\/\/novice.si\/page\/?p=171300"},"modified":"2024-01-31T07:44:09","modified_gmt":"2024-01-31T06:44:09","slug":"celje-stavkajoci-tozilci-le-na-treh-mladoletniskih-obravnavah","status":"publish","type":"post","link":"https:\/\/novice.si\/page\/celje-stavkajoci-tozilci-le-na-treh-mladoletniskih-obravnavah\/","title":{"rendered":"CELJE Stavkajo\u010di to\u017eilci le na treh mladoletni\u0161kih obravnavah"},"content":{"rendered":"<p>Natanko teden dni po koncu sodni\u0161ke bele stavke bodo svoj protest na enak na\u010din danes izrazili tudi to\u017eilci.<\/p>\n<p><img loading=\"lazy\" decoding=\"async\" class=\"size-medium wp-image-145285 alignleft\" src=\"https:\/\/novice.si\/page\/wp-content\/uploads\/2021\/12\/ODT-Celje-15-300x264.jpg\" alt=\"\" width=\"300\" height=\"264\" srcset=\"https:\/\/novice.si\/page\/wp-content\/uploads\/2021\/12\/ODT-Celje-15-300x264.jpg 300w, https:\/\/novice.si\/page\/wp-content\/uploads\/2021\/12\/ODT-Celje-15-1024x900.jpg 1024w, https:\/\/novice.si\/page\/wp-content\/uploads\/2021\/12\/ODT-Celje-15-768x675.jpg 768w, https:\/\/novice.si\/page\/wp-content\/uploads\/2021\/12\/ODT-Celje-15-1536x1351.jpg 1536w, https:\/\/novice.si\/page\/wp-content\/uploads\/2021\/12\/ODT-Celje-15-2048x1801.jpg 2048w, https:\/\/novice.si\/page\/wp-content\/uploads\/2021\/12\/ODT-Celje-15-696x612.jpg 696w, https:\/\/novice.si\/page\/wp-content\/uploads\/2021\/12\/ODT-Celje-15-1068x939.jpg 1068w, https:\/\/novice.si\/page\/wp-content\/uploads\/2021\/12\/ODT-Celje-15-478x420.jpg 478w, https:\/\/novice.si\/page\/wp-content\/uploads\/2021\/12\/ODT-Celje-15-24x21.jpg 24w, https:\/\/novice.si\/page\/wp-content\/uploads\/2021\/12\/ODT-Celje-15-36x32.jpg 36w, https:\/\/novice.si\/page\/wp-content\/uploads\/2021\/12\/ODT-Celje-15-48x42.jpg 48w\" sizes=\"auto, (max-width: 300px) 100vw, 300px\" \/>Po zatrjevanju vodje celjskega okro\u017enega dr\u017eavnega to\u017eilstva<strong> Simone Razgor\u0161ek Kuzman<\/strong> bodo stavkali vsi to\u017eilci na Celjskem. Stavka bo potekala tako, da bodo opravljali zgolj minimum delovnega procesa.<\/p>\n<p>Tako celjski to\u017eilci danes ne bodo navzo\u010di pri zastopanju obto\u017enih aktov, zato je preklicanih skupno devet obravnava, prisotni pa bodo na treh zadevah, kjer so obto\u017eeni mladoletniki.<\/p>\n<p>To\u017eilci so s sodniki na isti barki, njihove pla\u010de so vezane na sodni\u0161ke, te\u017eko pa jim bo v zahtevah po uskladitvi pla\u010d skladno z lansko ustavno odlo\u010dbo uspelo dose\u010di kaj ve\u010d, kot sodnikom.<\/p>\n<p>Zagotavljajo, da bo stavka tekla skladno z zakonskimi omejitvami in splo\u0161nimi navodili, ki so jih v petek izdali na vrhovnem dr\u017eavnem to\u017eilstvu.<\/p>\n<p>P\u0160<\/p>\n<p>&nbsp;<\/p>\n","protected":false},"excerpt":{"rendered":"<p>Natanko teden dni po koncu sodni\u0161ke bele stavke bodo svoj protest na enak na\u010din danes izrazili tudi to\u017eilci. Po zatrjevanju vodje celjskega okro\u017enega dr\u017eavnega to\u017eilstva Simone Razgor\u0161ek Kuzman bodo stavkali vsi to\u017eilci na Celjskem. Stavka bo potekala tako, da bodo opravljali zgolj minimum delovnega procesa. Tako celjski to\u017eilci danes ne bodo navzo\u010di pri zastopanju obto\u017enih [&hellip;]<\/p>\n","protected":false},"author":33,"featured_media":146706,"comment_status":"closed","ping_status":"closed","sticky":false,"template":"","format":"standard","meta":{"footnotes":""},"categories":[14,17,29],"tags":[19676,13888,6922,19678,19675,19677],"class_list":{"0":"post-171300","1":"post","2":"type-post","3":"status-publish","4":"format-standard","5":"has-post-thumbnail","7":"category-aktualno","8":"category-celjsko","9":"category-kronika","10":"tag-devet-preklicanih-obravnav","11":"tag-odt-celje","12":"tag-simona-razgorsek-kuzman","13":"tag-staka-po-zakonu","14":"tag-stavka-tozilcev","15":"tag-tri-obravnave-z-mladoletniki"},"yoast_head":"<!-- This site is optimized with the Yoast SEO plugin v27.4 - https:\/\/yoast.com\/product\/yoast-seo-wordpress\/ -->\n<title>CELJE Stavkajo\u010di to\u017eilci le na treh mladoletni\u0161kih obravnavah - Novice.si<\/title>\n<meta name=\"robots\" content=\"index, follow, max-snippet:-1, max-image-preview:large, max-video-preview:-1\" \/>\n<link rel=\"canonical\" href=\"https:\/\/novice.si\/page\/celje-stavkajoci-tozilci-le-na-treh-mladoletniskih-obravnavah\/\" \/>\n<meta property=\"og:locale\" content=\"sl_SI\" \/>\n<meta property=\"og:type\" content=\"article\" \/>\n<meta property=\"og:title\" content=\"CELJE Stavkajo\u010di to\u017eilci le na treh mladoletni\u0161kih obravnavah - Novice.si\" \/>\n<meta property=\"og:description\" content=\"Natanko teden dni po koncu sodni\u0161ke bele stavke bodo svoj protest na enak na\u010din danes izrazili tudi to\u017eilci. Po zatrjevanju vodje celjskega okro\u017enega dr\u017eavnega to\u017eilstva Simone Razgor\u0161ek Kuzman bodo stavkali vsi to\u017eilci na Celjskem. Stavka bo potekala tako, da bodo opravljali zgolj minimum delovnega procesa. Tako celjski to\u017eilci danes ne bodo navzo\u010di pri zastopanju obto\u017enih [&hellip;]\" \/>\n<meta property=\"og:url\" content=\"https:\/\/novice.si\/page\/celje-stavkajoci-tozilci-le-na-treh-mladoletniskih-obravnavah\/\" \/>\n<meta property=\"og:site_name\" content=\"Novice.si\" \/>\n<meta property=\"article:published_time\" content=\"2024-01-31T05:45:17+00:00\" \/>\n<meta property=\"article:modified_time\" content=\"2024-01-31T06:44:09+00:00\" \/>\n<meta property=\"og:image\" content=\"https:\/\/novice.si\/page\/wp-content\/uploads\/2022\/01\/ODT-CE-jan-22-scaled.jpg\" \/>\n\t<meta property=\"og:image:width\" content=\"2560\" \/>\n\t<meta property=\"og:image:height\" content=\"1440\" \/>\n\t<meta property=\"og:image:type\" content=\"image\/jpeg\" \/>\n<meta name=\"author\" content=\"Uredni\u0161tvo Celjana\" \/>\n<meta name=\"twitter:card\" content=\"summary_large_image\" \/>\n<meta name=\"twitter:label1\" content=\"Written by\" \/>\n\t<meta name=\"twitter:data1\" content=\"Uredni\u0161tvo Celjana\" \/>\n\t<meta name=\"twitter:label2\" content=\"Est. reading time\" \/>\n\t<meta name=\"twitter:data2\" content=\"2 minuti\" \/>\n<script type=\"application\/ld+json\" class=\"yoast-schema-graph\">{\"@context\":\"https:\\\/\\\/schema.org\",\"@graph\":[{\"@type\":\"Article\",\"@id\":\"https:\\\/\\\/novice.si\\\/page\\\/celje-stavkajoci-tozilci-le-na-treh-mladoletniskih-obravnavah\\\/#article\",\"isPartOf\":{\"@id\":\"https:\\\/\\\/novice.si\\\/page\\\/celje-stavkajoci-tozilci-le-na-treh-mladoletniskih-obravnavah\\\/\"},\"author\":{\"name\":\"Uredni\u0161tvo Celjana\",\"@id\":\"https:\\\/\\\/novice.si\\\/page\\\/#\\\/schema\\\/person\\\/57f25c9642a9541c7349c65d32032c3e\"},\"headline\":\"CELJE Stavkajo\u010di to\u017eilci le na treh mladoletni\u0161kih obravnavah\",\"datePublished\":\"2024-01-31T05:45:17+00:00\",\"dateModified\":\"2024-01-31T06:44:09+00:00\",\"mainEntityOfPage\":{\"@id\":\"https:\\\/\\\/novice.si\\\/page\\\/celje-stavkajoci-tozilci-le-na-treh-mladoletniskih-obravnavah\\\/\"},\"wordCount\":161,\"publisher\":{\"@id\":\"https:\\\/\\\/novice.si\\\/page\\\/#organization\"},\"image\":{\"@id\":\"https:\\\/\\\/novice.si\\\/page\\\/celje-stavkajoci-tozilci-le-na-treh-mladoletniskih-obravnavah\\\/#primaryimage\"},\"thumbnailUrl\":\"https:\\\/\\\/novice.si\\\/page\\\/wp-content\\\/uploads\\\/2022\\\/01\\\/ODT-CE-jan-22-scaled.jpg\",\"keywords\":[\"devet preklicanih obravnav\",\"ODT Celje\",\"Simona Razgor\u0161ek Kuzman\",\"staka po zakonu\",\"stavka to\u017eilcev\",\"tri obravnave z mladoletniki\"],\"articleSection\":[\"Aktualno\",\"Celjsko\",\"Kronika\"],\"inLanguage\":\"sl-SI\"},{\"@type\":\"WebPage\",\"@id\":\"https:\\\/\\\/novice.si\\\/page\\\/celje-stavkajoci-tozilci-le-na-treh-mladoletniskih-obravnavah\\\/\",\"url\":\"https:\\\/\\\/novice.si\\\/page\\\/celje-stavkajoci-tozilci-le-na-treh-mladoletniskih-obravnavah\\\/\",\"name\":\"CELJE Stavkajo\u010di to\u017eilci le na treh mladoletni\u0161kih obravnavah - Novice.si\",\"isPartOf\":{\"@id\":\"https:\\\/\\\/novice.si\\\/page\\\/#website\"},\"primaryImageOfPage\":{\"@id\":\"https:\\\/\\\/novice.si\\\/page\\\/celje-stavkajoci-tozilci-le-na-treh-mladoletniskih-obravnavah\\\/#primaryimage\"},\"image\":{\"@id\":\"https:\\\/\\\/novice.si\\\/page\\\/celje-stavkajoci-tozilci-le-na-treh-mladoletniskih-obravnavah\\\/#primaryimage\"},\"thumbnailUrl\":\"https:\\\/\\\/novice.si\\\/page\\\/wp-content\\\/uploads\\\/2022\\\/01\\\/ODT-CE-jan-22-scaled.jpg\",\"datePublished\":\"2024-01-31T05:45:17+00:00\",\"dateModified\":\"2024-01-31T06:44:09+00:00\",\"breadcrumb\":{\"@id\":\"https:\\\/\\\/novice.si\\\/page\\\/celje-stavkajoci-tozilci-le-na-treh-mladoletniskih-obravnavah\\\/#breadcrumb\"},\"inLanguage\":\"sl-SI\",\"potentialAction\":[{\"@type\":\"ReadAction\",\"target\":[\"https:\\\/\\\/novice.si\\\/page\\\/celje-stavkajoci-tozilci-le-na-treh-mladoletniskih-obravnavah\\\/\"]}]},{\"@type\":\"ImageObject\",\"inLanguage\":\"sl-SI\",\"@id\":\"https:\\\/\\\/novice.si\\\/page\\\/celje-stavkajoci-tozilci-le-na-treh-mladoletniskih-obravnavah\\\/#primaryimage\",\"url\":\"https:\\\/\\\/novice.si\\\/page\\\/wp-content\\\/uploads\\\/2022\\\/01\\\/ODT-CE-jan-22-scaled.jpg\",\"contentUrl\":\"https:\\\/\\\/novice.si\\\/page\\\/wp-content\\\/uploads\\\/2022\\\/01\\\/ODT-CE-jan-22-scaled.jpg\",\"width\":2560,\"height\":1440},{\"@type\":\"BreadcrumbList\",\"@id\":\"https:\\\/\\\/novice.si\\\/page\\\/celje-stavkajoci-tozilci-le-na-treh-mladoletniskih-obravnavah\\\/#breadcrumb\",\"itemListElement\":[{\"@type\":\"ListItem\",\"position\":1,\"name\":\"Home\",\"item\":\"https:\\\/\\\/novice.si\\\/page\\\/\"},{\"@type\":\"ListItem\",\"position\":2,\"name\":\"CELJE Stavkajo\u010di to\u017eilci le na treh mladoletni\u0161kih obravnavah\"}]},{\"@type\":\"WebSite\",\"@id\":\"https:\\\/\\\/novice.si\\\/page\\\/#website\",\"url\":\"https:\\\/\\\/novice.si\\\/page\\\/\",\"name\":\"Novice.si\",\"description\":\"\",\"publisher\":{\"@id\":\"https:\\\/\\\/novice.si\\\/page\\\/#organization\"},\"potentialAction\":[{\"@type\":\"SearchAction\",\"target\":{\"@type\":\"EntryPoint\",\"urlTemplate\":\"https:\\\/\\\/novice.si\\\/page\\\/?s={search_term_string}\"},\"query-input\":{\"@type\":\"PropertyValueSpecification\",\"valueRequired\":true,\"valueName\":\"search_term_string\"}}],\"inLanguage\":\"sl-SI\"},{\"@type\":\"Organization\",\"@id\":\"https:\\\/\\\/novice.si\\\/page\\\/#organization\",\"name\":\"Novice.si\",\"url\":\"https:\\\/\\\/novice.si\\\/page\\\/\",\"logo\":{\"@type\":\"ImageObject\",\"inLanguage\":\"sl-SI\",\"@id\":\"https:\\\/\\\/novice.si\\\/page\\\/#\\\/schema\\\/logo\\\/image\\\/\",\"url\":\"https:\\\/\\\/novice.si\\\/page\\\/wp-content\\\/uploads\\\/2023\\\/03\\\/novice_si.png\",\"contentUrl\":\"https:\\\/\\\/novice.si\\\/page\\\/wp-content\\\/uploads\\\/2023\\\/03\\\/novice_si.png\",\"width\":576,\"height\":200,\"caption\":\"Novice.si\"},\"image\":{\"@id\":\"https:\\\/\\\/novice.si\\\/page\\\/#\\\/schema\\\/logo\\\/image\\\/\"}},{\"@type\":\"Person\",\"@id\":\"https:\\\/\\\/novice.si\\\/page\\\/#\\\/schema\\\/person\\\/57f25c9642a9541c7349c65d32032c3e\",\"name\":\"Uredni\u0161tvo Celjana\",\"image\":{\"@type\":\"ImageObject\",\"inLanguage\":\"sl-SI\",\"@id\":\"https:\\\/\\\/secure.gravatar.com\\\/avatar\\\/78e52bc4279b65f6df6345e0ef0f7b792d361361f230cf4ffecfe0afe6d5629c?s=96&d=mm&r=g\",\"url\":\"https:\\\/\\\/secure.gravatar.com\\\/avatar\\\/78e52bc4279b65f6df6345e0ef0f7b792d361361f230cf4ffecfe0afe6d5629c?s=96&d=mm&r=g\",\"contentUrl\":\"https:\\\/\\\/secure.gravatar.com\\\/avatar\\\/78e52bc4279b65f6df6345e0ef0f7b792d361361f230cf4ffecfe0afe6d5629c?s=96&d=mm&r=g\",\"caption\":\"Uredni\u0161tvo Celjana\"},\"url\":\"https:\\\/\\\/novice.si\\\/page\\\/author\\\/primoz\\\/\"}]}<\/script>\n<!-- \/ Yoast SEO plugin. -->","yoast_head_json":{"title":"CELJE Stavkajo\u010di to\u017eilci le na treh mladoletni\u0161kih obravnavah - Novice.si","robots":{"index":"index","follow":"follow","max-snippet":"max-snippet:-1","max-image-preview":"max-image-preview:large","max-video-preview":"max-video-preview:-1"},"canonical":"https:\/\/novice.si\/page\/celje-stavkajoci-tozilci-le-na-treh-mladoletniskih-obravnavah\/","og_locale":"sl_SI","og_type":"article","og_title":"CELJE Stavkajo\u010di to\u017eilci le na treh mladoletni\u0161kih obravnavah - Novice.si","og_description":"Natanko teden dni po koncu sodni\u0161ke bele stavke bodo svoj protest na enak na\u010din danes izrazili tudi to\u017eilci. Po zatrjevanju vodje celjskega okro\u017enega dr\u017eavnega to\u017eilstva Simone Razgor\u0161ek Kuzman bodo stavkali vsi to\u017eilci na Celjskem. Stavka bo potekala tako, da bodo opravljali zgolj minimum delovnega procesa. Tako celjski to\u017eilci danes ne bodo navzo\u010di pri zastopanju obto\u017enih [&hellip;]","og_url":"https:\/\/novice.si\/page\/celje-stavkajoci-tozilci-le-na-treh-mladoletniskih-obravnavah\/","og_site_name":"Novice.si","article_published_time":"2024-01-31T05:45:17+00:00","article_modified_time":"2024-01-31T06:44:09+00:00","og_image":[{"width":2560,"height":1440,"url":"https:\/\/novice.si\/page\/wp-content\/uploads\/2022\/01\/ODT-CE-jan-22-scaled.jpg","type":"image\/jpeg"}],"author":"Uredni\u0161tvo Celjana","twitter_card":"summary_large_image","twitter_misc":{"Written by":"Uredni\u0161tvo Celjana","Est. reading time":"2 minuti"},"schema":{"@context":"https:\/\/schema.org","@graph":[{"@type":"Article","@id":"https:\/\/novice.si\/page\/celje-stavkajoci-tozilci-le-na-treh-mladoletniskih-obravnavah\/#article","isPartOf":{"@id":"https:\/\/novice.si\/page\/celje-stavkajoci-tozilci-le-na-treh-mladoletniskih-obravnavah\/"},"author":{"name":"Uredni\u0161tvo Celjana","@id":"https:\/\/novice.si\/page\/#\/schema\/person\/57f25c9642a9541c7349c65d32032c3e"},"headline":"CELJE Stavkajo\u010di to\u017eilci le na treh mladoletni\u0161kih obravnavah","datePublished":"2024-01-31T05:45:17+00:00","dateModified":"2024-01-31T06:44:09+00:00","mainEntityOfPage":{"@id":"https:\/\/novice.si\/page\/celje-stavkajoci-tozilci-le-na-treh-mladoletniskih-obravnavah\/"},"wordCount":161,"publisher":{"@id":"https:\/\/novice.si\/page\/#organization"},"image":{"@id":"https:\/\/novice.si\/page\/celje-stavkajoci-tozilci-le-na-treh-mladoletniskih-obravnavah\/#primaryimage"},"thumbnailUrl":"https:\/\/novice.si\/page\/wp-content\/uploads\/2022\/01\/ODT-CE-jan-22-scaled.jpg","keywords":["devet preklicanih obravnav","ODT Celje","Simona Razgor\u0161ek Kuzman","staka po zakonu","stavka to\u017eilcev","tri obravnave z mladoletniki"],"articleSection":["Aktualno","Celjsko","Kronika"],"inLanguage":"sl-SI"},{"@type":"WebPage","@id":"https:\/\/novice.si\/page\/celje-stavkajoci-tozilci-le-na-treh-mladoletniskih-obravnavah\/","url":"https:\/\/novice.si\/page\/celje-stavkajoci-tozilci-le-na-treh-mladoletniskih-obravnavah\/","name":"CELJE Stavkajo\u010di to\u017eilci le na treh mladoletni\u0161kih obravnavah - Novice.si","isPartOf":{"@id":"https:\/\/novice.si\/page\/#website"},"primaryImageOfPage":{"@id":"https:\/\/novice.si\/page\/celje-stavkajoci-tozilci-le-na-treh-mladoletniskih-obravnavah\/#primaryimage"},"image":{"@id":"https:\/\/novice.si\/page\/celje-stavkajoci-tozilci-le-na-treh-mladoletniskih-obravnavah\/#primaryimage"},"thumbnailUrl":"https:\/\/novice.si\/page\/wp-content\/uploads\/2022\/01\/ODT-CE-jan-22-scaled.jpg","datePublished":"2024-01-31T05:45:17+00:00","dateModified":"2024-01-31T06:44:09+00:00","breadcrumb":{"@id":"https:\/\/novice.si\/page\/celje-stavkajoci-tozilci-le-na-treh-mladoletniskih-obravnavah\/#breadcrumb"},"inLanguage":"sl-SI","potentialAction":[{"@type":"ReadAction","target":["https:\/\/novice.si\/page\/celje-stavkajoci-tozilci-le-na-treh-mladoletniskih-obravnavah\/"]}]},{"@type":"ImageObject","inLanguage":"sl-SI","@id":"https:\/\/novice.si\/page\/celje-stavkajoci-tozilci-le-na-treh-mladoletniskih-obravnavah\/#primaryimage","url":"https:\/\/novice.si\/page\/wp-content\/uploads\/2022\/01\/ODT-CE-jan-22-scaled.jpg","contentUrl":"https:\/\/novice.si\/page\/wp-content\/uploads\/2022\/01\/ODT-CE-jan-22-scaled.jpg","width":2560,"height":1440},{"@type":"BreadcrumbList","@id":"https:\/\/novice.si\/page\/celje-stavkajoci-tozilci-le-na-treh-mladoletniskih-obravnavah\/#breadcrumb","itemListElement":[{"@type":"ListItem","position":1,"name":"Home","item":"https:\/\/novice.si\/page\/"},{"@type":"ListItem","position":2,"name":"CELJE Stavkajo\u010di to\u017eilci le na treh mladoletni\u0161kih obravnavah"}]},{"@type":"WebSite","@id":"https:\/\/novice.si\/page\/#website","url":"https:\/\/novice.si\/page\/","name":"Novice.si","description":"","publisher":{"@id":"https:\/\/novice.si\/page\/#organization"},"potentialAction":[{"@type":"SearchAction","target":{"@type":"EntryPoint","urlTemplate":"https:\/\/novice.si\/page\/?s={search_term_string}"},"query-input":{"@type":"PropertyValueSpecification","valueRequired":true,"valueName":"search_term_string"}}],"inLanguage":"sl-SI"},{"@type":"Organization","@id":"https:\/\/novice.si\/page\/#organization","name":"Novice.si","url":"https:\/\/novice.si\/page\/","logo":{"@type":"ImageObject","inLanguage":"sl-SI","@id":"https:\/\/novice.si\/page\/#\/schema\/logo\/image\/","url":"https:\/\/novice.si\/page\/wp-content\/uploads\/2023\/03\/novice_si.png","contentUrl":"https:\/\/novice.si\/page\/wp-content\/uploads\/2023\/03\/novice_si.png","width":576,"height":200,"caption":"Novice.si"},"image":{"@id":"https:\/\/novice.si\/page\/#\/schema\/logo\/image\/"}},{"@type":"Person","@id":"https:\/\/novice.si\/page\/#\/schema\/person\/57f25c9642a9541c7349c65d32032c3e","name":"Uredni\u0161tvo Celjana","image":{"@type":"ImageObject","inLanguage":"sl-SI","@id":"https:\/\/secure.gravatar.com\/avatar\/78e52bc4279b65f6df6345e0ef0f7b792d361361f230cf4ffecfe0afe6d5629c?s=96&d=mm&r=g","url":"https:\/\/secure.gravatar.com\/avatar\/78e52bc4279b65f6df6345e0ef0f7b792d361361f230cf4ffecfe0afe6d5629c?s=96&d=mm&r=g","contentUrl":"https:\/\/secure.gravatar.com\/avatar\/78e52bc4279b65f6df6345e0ef0f7b792d361361f230cf4ffecfe0afe6d5629c?s=96&d=mm&r=g","caption":"Uredni\u0161tvo Celjana"},"url":"https:\/\/novice.si\/page\/author\/primoz\/"}]}},"_links":{"self":[{"href":"https:\/\/novice.si\/page\/wp-json\/wp\/v2\/posts\/171300","targetHints":{"allow":["GET"]}}],"collection":[{"href":"https:\/\/novice.si\/page\/wp-json\/wp\/v2\/posts"}],"about":[{"href":"https:\/\/novice.si\/page\/wp-json\/wp\/v2\/types\/post"}],"author":[{"embeddable":true,"href":"https:\/\/novice.si\/page\/wp-json\/wp\/v2\/users\/33"}],"replies":[{"embeddable":true,"href":"https:\/\/novice.si\/page\/wp-json\/wp\/v2\/comments?post=171300"}],"version-history":[{"count":1,"href":"https:\/\/novice.si\/page\/wp-json\/wp\/v2\/posts\/171300\/revisions"}],"predecessor-version":[{"id":171301,"href":"https:\/\/novice.si\/page\/wp-json\/wp\/v2\/posts\/171300\/revisions\/171301"}],"wp:featuredmedia":[{"embeddable":true,"href":"https:\/\/novice.si\/page\/wp-json\/wp\/v2\/media\/146706"}],"wp:attachment":[{"href":"https:\/\/novice.si\/page\/wp-json\/wp\/v2\/media?parent=171300"}],"wp:term":[{"taxonomy":"category","embeddable":true,"href":"https:\/\/novice.si\/page\/wp-json\/wp\/v2\/categories?post=171300"},{"taxonomy":"post_tag","embeddable":true,"href":"https:\/\/novice.si\/page\/wp-json\/wp\/v2\/tags?post=171300"}],"curies":[{"name":"wp","href":"https:\/\/api.w.org\/{rel}","templated":true}]}}