{"id":171181,"date":"2024-01-26T12:15:53","date_gmt":"2024-01-26T11:15:53","guid":{"rendered":"https:\/\/novice.si\/page\/?p=171181"},"modified":"2024-01-24T22:17:28","modified_gmt":"2024-01-24T21:17:28","slug":"plaketa-ob-mednarodnem-dnevu-prostovoljstva","status":"publish","type":"post","link":"https:\/\/novice.si\/page\/plaketa-ob-mednarodnem-dnevu-prostovoljstva\/","title":{"rendered":"Plaketa ob mednarodnem dnevu prostovoljstva"},"content":{"rendered":"<figure id=\"attachment_171182\" aria-describedby=\"caption-attachment-171182\" style=\"width: 600px\" class=\"wp-caption aligncenter\"><img loading=\"lazy\" decoding=\"async\" class=\"size-medium wp-image-171182\" src=\"https:\/\/novice.si\/page\/wp-content\/uploads\/2024\/01\/uho-kolenko-1202-foto-Zveza-kulturnih-drustev-Slovenije-600x450.jpg\" alt=\"\" width=\"600\" height=\"450\" srcset=\"https:\/\/novice.si\/page\/wp-content\/uploads\/2024\/01\/uho-kolenko-1202-foto-Zveza-kulturnih-drustev-Slovenije-600x450.jpg 600w, https:\/\/novice.si\/page\/wp-content\/uploads\/2024\/01\/uho-kolenko-1202-foto-Zveza-kulturnih-drustev-Slovenije-1024x768.jpg 1024w, https:\/\/novice.si\/page\/wp-content\/uploads\/2024\/01\/uho-kolenko-1202-foto-Zveza-kulturnih-drustev-Slovenije-768x576.jpg 768w, https:\/\/novice.si\/page\/wp-content\/uploads\/2024\/01\/uho-kolenko-1202-foto-Zveza-kulturnih-drustev-Slovenije-1536x1152.jpg 1536w, https:\/\/novice.si\/page\/wp-content\/uploads\/2024\/01\/uho-kolenko-1202-foto-Zveza-kulturnih-drustev-Slovenije-80x60.jpg 80w, https:\/\/novice.si\/page\/wp-content\/uploads\/2024\/01\/uho-kolenko-1202-foto-Zveza-kulturnih-drustev-Slovenije-265x198.jpg 265w, https:\/\/novice.si\/page\/wp-content\/uploads\/2024\/01\/uho-kolenko-1202-foto-Zveza-kulturnih-drustev-Slovenije-696x522.jpg 696w, https:\/\/novice.si\/page\/wp-content\/uploads\/2024\/01\/uho-kolenko-1202-foto-Zveza-kulturnih-drustev-Slovenije-1068x801.jpg 1068w, https:\/\/novice.si\/page\/wp-content\/uploads\/2024\/01\/uho-kolenko-1202-foto-Zveza-kulturnih-drustev-Slovenije-560x420.jpg 560w, https:\/\/novice.si\/page\/wp-content\/uploads\/2024\/01\/uho-kolenko-1202-foto-Zveza-kulturnih-drustev-Slovenije-1920x1440.jpg 1920w, https:\/\/novice.si\/page\/wp-content\/uploads\/2024\/01\/uho-kolenko-1202-foto-Zveza-kulturnih-drustev-Slovenije-24x18.jpg 24w, https:\/\/novice.si\/page\/wp-content\/uploads\/2024\/01\/uho-kolenko-1202-foto-Zveza-kulturnih-drustev-Slovenije-36x27.jpg 36w, https:\/\/novice.si\/page\/wp-content\/uploads\/2024\/01\/uho-kolenko-1202-foto-Zveza-kulturnih-drustev-Slovenije-48x36.jpg 48w, https:\/\/novice.si\/page\/wp-content\/uploads\/2024\/01\/uho-kolenko-1202-foto-Zveza-kulturnih-drustev-Slovenije.jpg 2048w\" sizes=\"auto, (max-width: 600px) 100vw, 600px\" \/><figcaption id=\"caption-attachment-171182\" class=\"wp-caption-text\">Foto Zveza kulturnih dru\u0161tev Slovenije<\/figcaption><\/figure>\n<p><em>Ravnateljica Osnovne \u0161ole Lava mag. Marijana Kolenko je prejela plaketo dr\u017eavnega sveta ob mednarodnem dnevu prostovoljstva.<\/em><\/p>\n<p>Plaketo je prejela za prostovoljstvo na podro\u010dju bogate kulturne ustvarjalnosti, za prizadevanje za ohranjanje ljubiteljske kulture in za spodbujanje kulturne ustvarjalnosti pri mladih.<\/p>\n","protected":false},"excerpt":{"rendered":"<p>Ravnateljica Osnovne \u0161ole Lava mag. Marijana Kolenko je prejela plaketo dr\u017eavnega sveta ob mednarodnem dnevu prostovoljstva. Plaketo je prejela za prostovoljstvo na podro\u010dju bogate kulturne ustvarjalnosti, za prizadevanje za ohranjanje ljubiteljske kulture in za spodbujanje kulturne ustvarjalnosti pri mladih.<\/p>\n","protected":false},"author":55,"featured_media":171182,"comment_status":"closed","ping_status":"closed","sticky":false,"template":"","format":"standard","meta":{"footnotes":""},"categories":[14,142,17],"tags":[],"class_list":{"0":"post-171181","1":"post","2":"type-post","3":"status-publish","4":"format-standard","5":"has-post-thumbnail","7":"category-aktualno","8":"category-celjan","9":"category-celjsko"},"yoast_head":"<!-- This site is optimized with the Yoast SEO plugin v27.4 - https:\/\/yoast.com\/product\/yoast-seo-wordpress\/ -->\n<title>Plaketa ob mednarodnem dnevu prostovoljstva - Novice.si<\/title>\n<meta name=\"robots\" content=\"index, follow, max-snippet:-1, max-image-preview:large, max-video-preview:-1\" \/>\n<link rel=\"canonical\" href=\"https:\/\/novice.si\/page\/plaketa-ob-mednarodnem-dnevu-prostovoljstva\/\" \/>\n<meta property=\"og:locale\" content=\"sl_SI\" \/>\n<meta property=\"og:type\" content=\"article\" \/>\n<meta property=\"og:title\" content=\"Plaketa ob mednarodnem dnevu prostovoljstva - Novice.si\" \/>\n<meta property=\"og:description\" content=\"Ravnateljica Osnovne \u0161ole Lava mag. Marijana Kolenko je prejela plaketo dr\u017eavnega sveta ob mednarodnem dnevu prostovoljstva. Plaketo je prejela za prostovoljstvo na podro\u010dju bogate kulturne ustvarjalnosti, za prizadevanje za ohranjanje ljubiteljske kulture in za spodbujanje kulturne ustvarjalnosti pri mladih.\" \/>\n<meta property=\"og:url\" content=\"https:\/\/novice.si\/page\/plaketa-ob-mednarodnem-dnevu-prostovoljstva\/\" \/>\n<meta property=\"og:site_name\" content=\"Novice.si\" \/>\n<meta property=\"article:published_time\" content=\"2024-01-26T11:15:53+00:00\" \/>\n<meta property=\"og:image\" content=\"https:\/\/novice.si\/page\/wp-content\/uploads\/2024\/01\/uho-kolenko-1202-foto-Zveza-kulturnih-drustev-Slovenije.jpg\" \/>\n\t<meta property=\"og:image:width\" content=\"2048\" \/>\n\t<meta property=\"og:image:height\" content=\"1536\" \/>\n\t<meta property=\"og:image:type\" content=\"image\/jpeg\" \/>\n<meta name=\"author\" content=\"Uredni\u0161tvo Celjana\" \/>\n<meta name=\"twitter:card\" content=\"summary_large_image\" \/>\n<meta name=\"twitter:label1\" content=\"Written by\" \/>\n\t<meta name=\"twitter:data1\" content=\"Uredni\u0161tvo Celjana\" \/>\n\t<meta name=\"twitter:label2\" content=\"Est. reading time\" \/>\n\t<meta name=\"twitter:data2\" content=\"1 minuta\" \/>\n<script type=\"application\/ld+json\" class=\"yoast-schema-graph\">{\"@context\":\"https:\\\/\\\/schema.org\",\"@graph\":[{\"@type\":\"Article\",\"@id\":\"https:\\\/\\\/novice.si\\\/page\\\/plaketa-ob-mednarodnem-dnevu-prostovoljstva\\\/#article\",\"isPartOf\":{\"@id\":\"https:\\\/\\\/novice.si\\\/page\\\/plaketa-ob-mednarodnem-dnevu-prostovoljstva\\\/\"},\"author\":{\"name\":\"Uredni\u0161tvo Celjana\",\"@id\":\"https:\\\/\\\/novice.si\\\/page\\\/#\\\/schema\\\/person\\\/a49f233ef2777ec7b2e8d0662325bb48\"},\"headline\":\"Plaketa ob mednarodnem dnevu prostovoljstva\",\"datePublished\":\"2024-01-26T11:15:53+00:00\",\"mainEntityOfPage\":{\"@id\":\"https:\\\/\\\/novice.si\\\/page\\\/plaketa-ob-mednarodnem-dnevu-prostovoljstva\\\/\"},\"wordCount\":59,\"publisher\":{\"@id\":\"https:\\\/\\\/novice.si\\\/page\\\/#organization\"},\"image\":{\"@id\":\"https:\\\/\\\/novice.si\\\/page\\\/plaketa-ob-mednarodnem-dnevu-prostovoljstva\\\/#primaryimage\"},\"thumbnailUrl\":\"https:\\\/\\\/novice.si\\\/page\\\/wp-content\\\/uploads\\\/2024\\\/01\\\/uho-kolenko-1202-foto-Zveza-kulturnih-drustev-Slovenije.jpg\",\"articleSection\":[\"Aktualno\",\"Celjan\",\"Celjsko\"],\"inLanguage\":\"sl-SI\"},{\"@type\":\"WebPage\",\"@id\":\"https:\\\/\\\/novice.si\\\/page\\\/plaketa-ob-mednarodnem-dnevu-prostovoljstva\\\/\",\"url\":\"https:\\\/\\\/novice.si\\\/page\\\/plaketa-ob-mednarodnem-dnevu-prostovoljstva\\\/\",\"name\":\"Plaketa ob mednarodnem dnevu prostovoljstva - Novice.si\",\"isPartOf\":{\"@id\":\"https:\\\/\\\/novice.si\\\/page\\\/#website\"},\"primaryImageOfPage\":{\"@id\":\"https:\\\/\\\/novice.si\\\/page\\\/plaketa-ob-mednarodnem-dnevu-prostovoljstva\\\/#primaryimage\"},\"image\":{\"@id\":\"https:\\\/\\\/novice.si\\\/page\\\/plaketa-ob-mednarodnem-dnevu-prostovoljstva\\\/#primaryimage\"},\"thumbnailUrl\":\"https:\\\/\\\/novice.si\\\/page\\\/wp-content\\\/uploads\\\/2024\\\/01\\\/uho-kolenko-1202-foto-Zveza-kulturnih-drustev-Slovenije.jpg\",\"datePublished\":\"2024-01-26T11:15:53+00:00\",\"breadcrumb\":{\"@id\":\"https:\\\/\\\/novice.si\\\/page\\\/plaketa-ob-mednarodnem-dnevu-prostovoljstva\\\/#breadcrumb\"},\"inLanguage\":\"sl-SI\",\"potentialAction\":[{\"@type\":\"ReadAction\",\"target\":[\"https:\\\/\\\/novice.si\\\/page\\\/plaketa-ob-mednarodnem-dnevu-prostovoljstva\\\/\"]}]},{\"@type\":\"ImageObject\",\"inLanguage\":\"sl-SI\",\"@id\":\"https:\\\/\\\/novice.si\\\/page\\\/plaketa-ob-mednarodnem-dnevu-prostovoljstva\\\/#primaryimage\",\"url\":\"https:\\\/\\\/novice.si\\\/page\\\/wp-content\\\/uploads\\\/2024\\\/01\\\/uho-kolenko-1202-foto-Zveza-kulturnih-drustev-Slovenije.jpg\",\"contentUrl\":\"https:\\\/\\\/novice.si\\\/page\\\/wp-content\\\/uploads\\\/2024\\\/01\\\/uho-kolenko-1202-foto-Zveza-kulturnih-drustev-Slovenije.jpg\",\"width\":2048,\"height\":1536,\"caption\":\"Foto Zveza kulturnih dru\u0161tev Slovenije\"},{\"@type\":\"BreadcrumbList\",\"@id\":\"https:\\\/\\\/novice.si\\\/page\\\/plaketa-ob-mednarodnem-dnevu-prostovoljstva\\\/#breadcrumb\",\"itemListElement\":[{\"@type\":\"ListItem\",\"position\":1,\"name\":\"Home\",\"item\":\"https:\\\/\\\/novice.si\\\/page\\\/\"},{\"@type\":\"ListItem\",\"position\":2,\"name\":\"Plaketa ob mednarodnem dnevu prostovoljstva\"}]},{\"@type\":\"WebSite\",\"@id\":\"https:\\\/\\\/novice.si\\\/page\\\/#website\",\"url\":\"https:\\\/\\\/novice.si\\\/page\\\/\",\"name\":\"Novice.si\",\"description\":\"\",\"publisher\":{\"@id\":\"https:\\\/\\\/novice.si\\\/page\\\/#organization\"},\"potentialAction\":[{\"@type\":\"SearchAction\",\"target\":{\"@type\":\"EntryPoint\",\"urlTemplate\":\"https:\\\/\\\/novice.si\\\/page\\\/?s={search_term_string}\"},\"query-input\":{\"@type\":\"PropertyValueSpecification\",\"valueRequired\":true,\"valueName\":\"search_term_string\"}}],\"inLanguage\":\"sl-SI\"},{\"@type\":\"Organization\",\"@id\":\"https:\\\/\\\/novice.si\\\/page\\\/#organization\",\"name\":\"Novice.si\",\"url\":\"https:\\\/\\\/novice.si\\\/page\\\/\",\"logo\":{\"@type\":\"ImageObject\",\"inLanguage\":\"sl-SI\",\"@id\":\"https:\\\/\\\/novice.si\\\/page\\\/#\\\/schema\\\/logo\\\/image\\\/\",\"url\":\"https:\\\/\\\/novice.si\\\/page\\\/wp-content\\\/uploads\\\/2023\\\/03\\\/novice_si.png\",\"contentUrl\":\"https:\\\/\\\/novice.si\\\/page\\\/wp-content\\\/uploads\\\/2023\\\/03\\\/novice_si.png\",\"width\":576,\"height\":200,\"caption\":\"Novice.si\"},\"image\":{\"@id\":\"https:\\\/\\\/novice.si\\\/page\\\/#\\\/schema\\\/logo\\\/image\\\/\"}},{\"@type\":\"Person\",\"@id\":\"https:\\\/\\\/novice.si\\\/page\\\/#\\\/schema\\\/person\\\/a49f233ef2777ec7b2e8d0662325bb48\",\"name\":\"Uredni\u0161tvo Celjana\",\"image\":{\"@type\":\"ImageObject\",\"inLanguage\":\"sl-SI\",\"@id\":\"https:\\\/\\\/secure.gravatar.com\\\/avatar\\\/7f7863e616af8f92806c638dd1db3f1a238d83d1cc2ec3100afc06fbb7eb303f?s=96&d=mm&r=g\",\"url\":\"https:\\\/\\\/secure.gravatar.com\\\/avatar\\\/7f7863e616af8f92806c638dd1db3f1a238d83d1cc2ec3100afc06fbb7eb303f?s=96&d=mm&r=g\",\"contentUrl\":\"https:\\\/\\\/secure.gravatar.com\\\/avatar\\\/7f7863e616af8f92806c638dd1db3f1a238d83d1cc2ec3100afc06fbb7eb303f?s=96&d=mm&r=g\",\"caption\":\"Uredni\u0161tvo Celjana\"},\"url\":\"https:\\\/\\\/novice.si\\\/page\\\/author\\\/maja\\\/\"}]}<\/script>\n<!-- \/ Yoast SEO plugin. -->","yoast_head_json":{"title":"Plaketa ob mednarodnem dnevu prostovoljstva - Novice.si","robots":{"index":"index","follow":"follow","max-snippet":"max-snippet:-1","max-image-preview":"max-image-preview:large","max-video-preview":"max-video-preview:-1"},"canonical":"https:\/\/novice.si\/page\/plaketa-ob-mednarodnem-dnevu-prostovoljstva\/","og_locale":"sl_SI","og_type":"article","og_title":"Plaketa ob mednarodnem dnevu prostovoljstva - Novice.si","og_description":"Ravnateljica Osnovne \u0161ole Lava mag. Marijana Kolenko je prejela plaketo dr\u017eavnega sveta ob mednarodnem dnevu prostovoljstva. Plaketo je prejela za prostovoljstvo na podro\u010dju bogate kulturne ustvarjalnosti, za prizadevanje za ohranjanje ljubiteljske kulture in za spodbujanje kulturne ustvarjalnosti pri mladih.","og_url":"https:\/\/novice.si\/page\/plaketa-ob-mednarodnem-dnevu-prostovoljstva\/","og_site_name":"Novice.si","article_published_time":"2024-01-26T11:15:53+00:00","og_image":[{"width":2048,"height":1536,"url":"https:\/\/novice.si\/page\/wp-content\/uploads\/2024\/01\/uho-kolenko-1202-foto-Zveza-kulturnih-drustev-Slovenije.jpg","type":"image\/jpeg"}],"author":"Uredni\u0161tvo Celjana","twitter_card":"summary_large_image","twitter_misc":{"Written by":"Uredni\u0161tvo Celjana","Est. reading time":"1 minuta"},"schema":{"@context":"https:\/\/schema.org","@graph":[{"@type":"Article","@id":"https:\/\/novice.si\/page\/plaketa-ob-mednarodnem-dnevu-prostovoljstva\/#article","isPartOf":{"@id":"https:\/\/novice.si\/page\/plaketa-ob-mednarodnem-dnevu-prostovoljstva\/"},"author":{"name":"Uredni\u0161tvo Celjana","@id":"https:\/\/novice.si\/page\/#\/schema\/person\/a49f233ef2777ec7b2e8d0662325bb48"},"headline":"Plaketa ob mednarodnem dnevu prostovoljstva","datePublished":"2024-01-26T11:15:53+00:00","mainEntityOfPage":{"@id":"https:\/\/novice.si\/page\/plaketa-ob-mednarodnem-dnevu-prostovoljstva\/"},"wordCount":59,"publisher":{"@id":"https:\/\/novice.si\/page\/#organization"},"image":{"@id":"https:\/\/novice.si\/page\/plaketa-ob-mednarodnem-dnevu-prostovoljstva\/#primaryimage"},"thumbnailUrl":"https:\/\/novice.si\/page\/wp-content\/uploads\/2024\/01\/uho-kolenko-1202-foto-Zveza-kulturnih-drustev-Slovenije.jpg","articleSection":["Aktualno","Celjan","Celjsko"],"inLanguage":"sl-SI"},{"@type":"WebPage","@id":"https:\/\/novice.si\/page\/plaketa-ob-mednarodnem-dnevu-prostovoljstva\/","url":"https:\/\/novice.si\/page\/plaketa-ob-mednarodnem-dnevu-prostovoljstva\/","name":"Plaketa ob mednarodnem dnevu prostovoljstva - Novice.si","isPartOf":{"@id":"https:\/\/novice.si\/page\/#website"},"primaryImageOfPage":{"@id":"https:\/\/novice.si\/page\/plaketa-ob-mednarodnem-dnevu-prostovoljstva\/#primaryimage"},"image":{"@id":"https:\/\/novice.si\/page\/plaketa-ob-mednarodnem-dnevu-prostovoljstva\/#primaryimage"},"thumbnailUrl":"https:\/\/novice.si\/page\/wp-content\/uploads\/2024\/01\/uho-kolenko-1202-foto-Zveza-kulturnih-drustev-Slovenije.jpg","datePublished":"2024-01-26T11:15:53+00:00","breadcrumb":{"@id":"https:\/\/novice.si\/page\/plaketa-ob-mednarodnem-dnevu-prostovoljstva\/#breadcrumb"},"inLanguage":"sl-SI","potentialAction":[{"@type":"ReadAction","target":["https:\/\/novice.si\/page\/plaketa-ob-mednarodnem-dnevu-prostovoljstva\/"]}]},{"@type":"ImageObject","inLanguage":"sl-SI","@id":"https:\/\/novice.si\/page\/plaketa-ob-mednarodnem-dnevu-prostovoljstva\/#primaryimage","url":"https:\/\/novice.si\/page\/wp-content\/uploads\/2024\/01\/uho-kolenko-1202-foto-Zveza-kulturnih-drustev-Slovenije.jpg","contentUrl":"https:\/\/novice.si\/page\/wp-content\/uploads\/2024\/01\/uho-kolenko-1202-foto-Zveza-kulturnih-drustev-Slovenije.jpg","width":2048,"height":1536,"caption":"Foto Zveza kulturnih dru\u0161tev Slovenije"},{"@type":"BreadcrumbList","@id":"https:\/\/novice.si\/page\/plaketa-ob-mednarodnem-dnevu-prostovoljstva\/#breadcrumb","itemListElement":[{"@type":"ListItem","position":1,"name":"Home","item":"https:\/\/novice.si\/page\/"},{"@type":"ListItem","position":2,"name":"Plaketa ob mednarodnem dnevu prostovoljstva"}]},{"@type":"WebSite","@id":"https:\/\/novice.si\/page\/#website","url":"https:\/\/novice.si\/page\/","name":"Novice.si","description":"","publisher":{"@id":"https:\/\/novice.si\/page\/#organization"},"potentialAction":[{"@type":"SearchAction","target":{"@type":"EntryPoint","urlTemplate":"https:\/\/novice.si\/page\/?s={search_term_string}"},"query-input":{"@type":"PropertyValueSpecification","valueRequired":true,"valueName":"search_term_string"}}],"inLanguage":"sl-SI"},{"@type":"Organization","@id":"https:\/\/novice.si\/page\/#organization","name":"Novice.si","url":"https:\/\/novice.si\/page\/","logo":{"@type":"ImageObject","inLanguage":"sl-SI","@id":"https:\/\/novice.si\/page\/#\/schema\/logo\/image\/","url":"https:\/\/novice.si\/page\/wp-content\/uploads\/2023\/03\/novice_si.png","contentUrl":"https:\/\/novice.si\/page\/wp-content\/uploads\/2023\/03\/novice_si.png","width":576,"height":200,"caption":"Novice.si"},"image":{"@id":"https:\/\/novice.si\/page\/#\/schema\/logo\/image\/"}},{"@type":"Person","@id":"https:\/\/novice.si\/page\/#\/schema\/person\/a49f233ef2777ec7b2e8d0662325bb48","name":"Uredni\u0161tvo Celjana","image":{"@type":"ImageObject","inLanguage":"sl-SI","@id":"https:\/\/secure.gravatar.com\/avatar\/7f7863e616af8f92806c638dd1db3f1a238d83d1cc2ec3100afc06fbb7eb303f?s=96&d=mm&r=g","url":"https:\/\/secure.gravatar.com\/avatar\/7f7863e616af8f92806c638dd1db3f1a238d83d1cc2ec3100afc06fbb7eb303f?s=96&d=mm&r=g","contentUrl":"https:\/\/secure.gravatar.com\/avatar\/7f7863e616af8f92806c638dd1db3f1a238d83d1cc2ec3100afc06fbb7eb303f?s=96&d=mm&r=g","caption":"Uredni\u0161tvo Celjana"},"url":"https:\/\/novice.si\/page\/author\/maja\/"}]}},"_links":{"self":[{"href":"https:\/\/novice.si\/page\/wp-json\/wp\/v2\/posts\/171181","targetHints":{"allow":["GET"]}}],"collection":[{"href":"https:\/\/novice.si\/page\/wp-json\/wp\/v2\/posts"}],"about":[{"href":"https:\/\/novice.si\/page\/wp-json\/wp\/v2\/types\/post"}],"author":[{"embeddable":true,"href":"https:\/\/novice.si\/page\/wp-json\/wp\/v2\/users\/55"}],"replies":[{"embeddable":true,"href":"https:\/\/novice.si\/page\/wp-json\/wp\/v2\/comments?post=171181"}],"version-history":[{"count":1,"href":"https:\/\/novice.si\/page\/wp-json\/wp\/v2\/posts\/171181\/revisions"}],"predecessor-version":[{"id":171183,"href":"https:\/\/novice.si\/page\/wp-json\/wp\/v2\/posts\/171181\/revisions\/171183"}],"wp:featuredmedia":[{"embeddable":true,"href":"https:\/\/novice.si\/page\/wp-json\/wp\/v2\/media\/171182"}],"wp:attachment":[{"href":"https:\/\/novice.si\/page\/wp-json\/wp\/v2\/media?parent=171181"}],"wp:term":[{"taxonomy":"category","embeddable":true,"href":"https:\/\/novice.si\/page\/wp-json\/wp\/v2\/categories?post=171181"},{"taxonomy":"post_tag","embeddable":true,"href":"https:\/\/novice.si\/page\/wp-json\/wp\/v2\/tags?post=171181"}],"curies":[{"name":"wp","href":"https:\/\/api.w.org\/{rel}","templated":true}]}}