{"id":171172,"date":"2024-01-25T09:09:37","date_gmt":"2024-01-25T08:09:37","guid":{"rendered":"https:\/\/novice.si\/page\/?p=171172"},"modified":"2024-01-24T22:11:29","modified_gmt":"2024-01-24T21:11:29","slug":"naj-koreografinja","status":"publish","type":"post","link":"https:\/\/novice.si\/page\/naj-koreografinja\/","title":{"rendered":"Naj koreografinja"},"content":{"rendered":"<figure id=\"attachment_171173\" aria-describedby=\"caption-attachment-171173\" style=\"width: 600px\" class=\"wp-caption aligncenter\"><img loading=\"lazy\" decoding=\"async\" class=\"size-medium wp-image-171173\" src=\"https:\/\/novice.si\/page\/wp-content\/uploads\/2024\/01\/uho-sraj-1202-foto-maja-modrinjak-600x600.jpg\" alt=\"\" width=\"600\" height=\"600\" srcset=\"https:\/\/novice.si\/page\/wp-content\/uploads\/2024\/01\/uho-sraj-1202-foto-maja-modrinjak-600x600.jpg 600w, https:\/\/novice.si\/page\/wp-content\/uploads\/2024\/01\/uho-sraj-1202-foto-maja-modrinjak-1024x1024.jpg 1024w, https:\/\/novice.si\/page\/wp-content\/uploads\/2024\/01\/uho-sraj-1202-foto-maja-modrinjak-150x150.jpg 150w, https:\/\/novice.si\/page\/wp-content\/uploads\/2024\/01\/uho-sraj-1202-foto-maja-modrinjak-768x768.jpg 768w, https:\/\/novice.si\/page\/wp-content\/uploads\/2024\/01\/uho-sraj-1202-foto-maja-modrinjak-696x696.jpg 696w, https:\/\/novice.si\/page\/wp-content\/uploads\/2024\/01\/uho-sraj-1202-foto-maja-modrinjak-1068x1068.jpg 1068w, https:\/\/novice.si\/page\/wp-content\/uploads\/2024\/01\/uho-sraj-1202-foto-maja-modrinjak-420x420.jpg 420w, https:\/\/novice.si\/page\/wp-content\/uploads\/2024\/01\/uho-sraj-1202-foto-maja-modrinjak-24x24.jpg 24w, https:\/\/novice.si\/page\/wp-content\/uploads\/2024\/01\/uho-sraj-1202-foto-maja-modrinjak-36x36.jpg 36w, https:\/\/novice.si\/page\/wp-content\/uploads\/2024\/01\/uho-sraj-1202-foto-maja-modrinjak-48x48.jpg 48w, https:\/\/novice.si\/page\/wp-content\/uploads\/2024\/01\/uho-sraj-1202-foto-maja-modrinjak.jpg 1366w\" sizes=\"auto, (max-width: 600px) 100vw, 600px\" \/><figcaption id=\"caption-attachment-171173\" class=\"wp-caption-text\">Foto Maja Modrinjak<\/figcaption><\/figure>\n<p><em>Andreja \u0160raj iz celjske plesne \u0161ole Harlekin je za prestavo Srce, poleti! na portalu Parada plesa prejela presti\u017eno priznanje \u2013 naziv Koreografinja leta 2023.<\/em><\/p>\n<p>Spomnimo, leta 2021, se je prvikrat predstavila kot koreografinja s celove\u010derno plesno predstavo Poletna no\u010d \u2013 Homage Mojmirju Sepetu, v SLG Celje. Takrat je na portalu Parada plesa dobila naziv Naj plesna pedagoginja za leto 2021.<\/p>\n","protected":false},"excerpt":{"rendered":"<p>Andreja \u0160raj iz celjske plesne \u0161ole Harlekin je za prestavo Srce, poleti! na portalu Parada plesa prejela presti\u017eno priznanje \u2013 naziv Koreografinja leta 2023. Spomnimo, leta 2021, se je prvikrat predstavila kot koreografinja s celove\u010derno plesno predstavo Poletna no\u010d \u2013 Homage Mojmirju Sepetu, v SLG Celje. Takrat je na portalu Parada plesa dobila naziv Naj [&hellip;]<\/p>\n","protected":false},"author":55,"featured_media":171173,"comment_status":"closed","ping_status":"closed","sticky":false,"template":"","format":"standard","meta":{"footnotes":""},"categories":[14,142,17],"tags":[],"class_list":{"0":"post-171172","1":"post","2":"type-post","3":"status-publish","4":"format-standard","5":"has-post-thumbnail","7":"category-aktualno","8":"category-celjan","9":"category-celjsko"},"yoast_head":"<!-- This site is optimized with the Yoast SEO plugin v27.4 - https:\/\/yoast.com\/product\/yoast-seo-wordpress\/ -->\n<title>Naj koreografinja - Novice.si<\/title>\n<meta name=\"robots\" content=\"index, follow, max-snippet:-1, max-image-preview:large, max-video-preview:-1\" \/>\n<link rel=\"canonical\" href=\"https:\/\/novice.si\/page\/naj-koreografinja\/\" \/>\n<meta property=\"og:locale\" content=\"sl_SI\" \/>\n<meta property=\"og:type\" content=\"article\" \/>\n<meta property=\"og:title\" content=\"Naj koreografinja - Novice.si\" \/>\n<meta property=\"og:description\" content=\"Andreja \u0160raj iz celjske plesne \u0161ole Harlekin je za prestavo Srce, poleti! na portalu Parada plesa prejela presti\u017eno priznanje \u2013 naziv Koreografinja leta 2023. Spomnimo, leta 2021, se je prvikrat predstavila kot koreografinja s celove\u010derno plesno predstavo Poletna no\u010d \u2013 Homage Mojmirju Sepetu, v SLG Celje. Takrat je na portalu Parada plesa dobila naziv Naj [&hellip;]\" \/>\n<meta property=\"og:url\" content=\"https:\/\/novice.si\/page\/naj-koreografinja\/\" \/>\n<meta property=\"og:site_name\" content=\"Novice.si\" \/>\n<meta property=\"article:published_time\" content=\"2024-01-25T08:09:37+00:00\" \/>\n<meta property=\"og:image\" content=\"https:\/\/novice.si\/page\/wp-content\/uploads\/2024\/01\/uho-sraj-1202-foto-maja-modrinjak.jpg\" \/>\n\t<meta property=\"og:image:width\" content=\"1366\" \/>\n\t<meta property=\"og:image:height\" content=\"1366\" \/>\n\t<meta property=\"og:image:type\" content=\"image\/jpeg\" \/>\n<meta name=\"author\" content=\"Uredni\u0161tvo Celjana\" \/>\n<meta name=\"twitter:card\" content=\"summary_large_image\" \/>\n<meta name=\"twitter:label1\" content=\"Written by\" \/>\n\t<meta name=\"twitter:data1\" content=\"Uredni\u0161tvo Celjana\" \/>\n\t<meta name=\"twitter:label2\" content=\"Est. reading time\" \/>\n\t<meta name=\"twitter:data2\" content=\"1 minuta\" \/>\n<script type=\"application\/ld+json\" class=\"yoast-schema-graph\">{\"@context\":\"https:\\\/\\\/schema.org\",\"@graph\":[{\"@type\":\"Article\",\"@id\":\"https:\\\/\\\/novice.si\\\/page\\\/naj-koreografinja\\\/#article\",\"isPartOf\":{\"@id\":\"https:\\\/\\\/novice.si\\\/page\\\/naj-koreografinja\\\/\"},\"author\":{\"name\":\"Uredni\u0161tvo Celjana\",\"@id\":\"https:\\\/\\\/novice.si\\\/page\\\/#\\\/schema\\\/person\\\/a49f233ef2777ec7b2e8d0662325bb48\"},\"headline\":\"Naj koreografinja\",\"datePublished\":\"2024-01-25T08:09:37+00:00\",\"mainEntityOfPage\":{\"@id\":\"https:\\\/\\\/novice.si\\\/page\\\/naj-koreografinja\\\/\"},\"wordCount\":69,\"publisher\":{\"@id\":\"https:\\\/\\\/novice.si\\\/page\\\/#organization\"},\"image\":{\"@id\":\"https:\\\/\\\/novice.si\\\/page\\\/naj-koreografinja\\\/#primaryimage\"},\"thumbnailUrl\":\"https:\\\/\\\/novice.si\\\/page\\\/wp-content\\\/uploads\\\/2024\\\/01\\\/uho-sraj-1202-foto-maja-modrinjak.jpg\",\"articleSection\":[\"Aktualno\",\"Celjan\",\"Celjsko\"],\"inLanguage\":\"sl-SI\"},{\"@type\":\"WebPage\",\"@id\":\"https:\\\/\\\/novice.si\\\/page\\\/naj-koreografinja\\\/\",\"url\":\"https:\\\/\\\/novice.si\\\/page\\\/naj-koreografinja\\\/\",\"name\":\"Naj koreografinja - Novice.si\",\"isPartOf\":{\"@id\":\"https:\\\/\\\/novice.si\\\/page\\\/#website\"},\"primaryImageOfPage\":{\"@id\":\"https:\\\/\\\/novice.si\\\/page\\\/naj-koreografinja\\\/#primaryimage\"},\"image\":{\"@id\":\"https:\\\/\\\/novice.si\\\/page\\\/naj-koreografinja\\\/#primaryimage\"},\"thumbnailUrl\":\"https:\\\/\\\/novice.si\\\/page\\\/wp-content\\\/uploads\\\/2024\\\/01\\\/uho-sraj-1202-foto-maja-modrinjak.jpg\",\"datePublished\":\"2024-01-25T08:09:37+00:00\",\"breadcrumb\":{\"@id\":\"https:\\\/\\\/novice.si\\\/page\\\/naj-koreografinja\\\/#breadcrumb\"},\"inLanguage\":\"sl-SI\",\"potentialAction\":[{\"@type\":\"ReadAction\",\"target\":[\"https:\\\/\\\/novice.si\\\/page\\\/naj-koreografinja\\\/\"]}]},{\"@type\":\"ImageObject\",\"inLanguage\":\"sl-SI\",\"@id\":\"https:\\\/\\\/novice.si\\\/page\\\/naj-koreografinja\\\/#primaryimage\",\"url\":\"https:\\\/\\\/novice.si\\\/page\\\/wp-content\\\/uploads\\\/2024\\\/01\\\/uho-sraj-1202-foto-maja-modrinjak.jpg\",\"contentUrl\":\"https:\\\/\\\/novice.si\\\/page\\\/wp-content\\\/uploads\\\/2024\\\/01\\\/uho-sraj-1202-foto-maja-modrinjak.jpg\",\"width\":1366,\"height\":1366,\"caption\":\"Foto Maja Modrinjak\"},{\"@type\":\"BreadcrumbList\",\"@id\":\"https:\\\/\\\/novice.si\\\/page\\\/naj-koreografinja\\\/#breadcrumb\",\"itemListElement\":[{\"@type\":\"ListItem\",\"position\":1,\"name\":\"Home\",\"item\":\"https:\\\/\\\/novice.si\\\/page\\\/\"},{\"@type\":\"ListItem\",\"position\":2,\"name\":\"Naj koreografinja\"}]},{\"@type\":\"WebSite\",\"@id\":\"https:\\\/\\\/novice.si\\\/page\\\/#website\",\"url\":\"https:\\\/\\\/novice.si\\\/page\\\/\",\"name\":\"Novice.si\",\"description\":\"\",\"publisher\":{\"@id\":\"https:\\\/\\\/novice.si\\\/page\\\/#organization\"},\"potentialAction\":[{\"@type\":\"SearchAction\",\"target\":{\"@type\":\"EntryPoint\",\"urlTemplate\":\"https:\\\/\\\/novice.si\\\/page\\\/?s={search_term_string}\"},\"query-input\":{\"@type\":\"PropertyValueSpecification\",\"valueRequired\":true,\"valueName\":\"search_term_string\"}}],\"inLanguage\":\"sl-SI\"},{\"@type\":\"Organization\",\"@id\":\"https:\\\/\\\/novice.si\\\/page\\\/#organization\",\"name\":\"Novice.si\",\"url\":\"https:\\\/\\\/novice.si\\\/page\\\/\",\"logo\":{\"@type\":\"ImageObject\",\"inLanguage\":\"sl-SI\",\"@id\":\"https:\\\/\\\/novice.si\\\/page\\\/#\\\/schema\\\/logo\\\/image\\\/\",\"url\":\"https:\\\/\\\/novice.si\\\/page\\\/wp-content\\\/uploads\\\/2023\\\/03\\\/novice_si.png\",\"contentUrl\":\"https:\\\/\\\/novice.si\\\/page\\\/wp-content\\\/uploads\\\/2023\\\/03\\\/novice_si.png\",\"width\":576,\"height\":200,\"caption\":\"Novice.si\"},\"image\":{\"@id\":\"https:\\\/\\\/novice.si\\\/page\\\/#\\\/schema\\\/logo\\\/image\\\/\"}},{\"@type\":\"Person\",\"@id\":\"https:\\\/\\\/novice.si\\\/page\\\/#\\\/schema\\\/person\\\/a49f233ef2777ec7b2e8d0662325bb48\",\"name\":\"Uredni\u0161tvo Celjana\",\"image\":{\"@type\":\"ImageObject\",\"inLanguage\":\"sl-SI\",\"@id\":\"https:\\\/\\\/secure.gravatar.com\\\/avatar\\\/7f7863e616af8f92806c638dd1db3f1a238d83d1cc2ec3100afc06fbb7eb303f?s=96&d=mm&r=g\",\"url\":\"https:\\\/\\\/secure.gravatar.com\\\/avatar\\\/7f7863e616af8f92806c638dd1db3f1a238d83d1cc2ec3100afc06fbb7eb303f?s=96&d=mm&r=g\",\"contentUrl\":\"https:\\\/\\\/secure.gravatar.com\\\/avatar\\\/7f7863e616af8f92806c638dd1db3f1a238d83d1cc2ec3100afc06fbb7eb303f?s=96&d=mm&r=g\",\"caption\":\"Uredni\u0161tvo Celjana\"},\"url\":\"https:\\\/\\\/novice.si\\\/page\\\/author\\\/maja\\\/\"}]}<\/script>\n<!-- \/ Yoast SEO plugin. -->","yoast_head_json":{"title":"Naj koreografinja - Novice.si","robots":{"index":"index","follow":"follow","max-snippet":"max-snippet:-1","max-image-preview":"max-image-preview:large","max-video-preview":"max-video-preview:-1"},"canonical":"https:\/\/novice.si\/page\/naj-koreografinja\/","og_locale":"sl_SI","og_type":"article","og_title":"Naj koreografinja - Novice.si","og_description":"Andreja \u0160raj iz celjske plesne \u0161ole Harlekin je za prestavo Srce, poleti! na portalu Parada plesa prejela presti\u017eno priznanje \u2013 naziv Koreografinja leta 2023. Spomnimo, leta 2021, se je prvikrat predstavila kot koreografinja s celove\u010derno plesno predstavo Poletna no\u010d \u2013 Homage Mojmirju Sepetu, v SLG Celje. Takrat je na portalu Parada plesa dobila naziv Naj [&hellip;]","og_url":"https:\/\/novice.si\/page\/naj-koreografinja\/","og_site_name":"Novice.si","article_published_time":"2024-01-25T08:09:37+00:00","og_image":[{"width":1366,"height":1366,"url":"https:\/\/novice.si\/page\/wp-content\/uploads\/2024\/01\/uho-sraj-1202-foto-maja-modrinjak.jpg","type":"image\/jpeg"}],"author":"Uredni\u0161tvo Celjana","twitter_card":"summary_large_image","twitter_misc":{"Written by":"Uredni\u0161tvo Celjana","Est. reading time":"1 minuta"},"schema":{"@context":"https:\/\/schema.org","@graph":[{"@type":"Article","@id":"https:\/\/novice.si\/page\/naj-koreografinja\/#article","isPartOf":{"@id":"https:\/\/novice.si\/page\/naj-koreografinja\/"},"author":{"name":"Uredni\u0161tvo Celjana","@id":"https:\/\/novice.si\/page\/#\/schema\/person\/a49f233ef2777ec7b2e8d0662325bb48"},"headline":"Naj koreografinja","datePublished":"2024-01-25T08:09:37+00:00","mainEntityOfPage":{"@id":"https:\/\/novice.si\/page\/naj-koreografinja\/"},"wordCount":69,"publisher":{"@id":"https:\/\/novice.si\/page\/#organization"},"image":{"@id":"https:\/\/novice.si\/page\/naj-koreografinja\/#primaryimage"},"thumbnailUrl":"https:\/\/novice.si\/page\/wp-content\/uploads\/2024\/01\/uho-sraj-1202-foto-maja-modrinjak.jpg","articleSection":["Aktualno","Celjan","Celjsko"],"inLanguage":"sl-SI"},{"@type":"WebPage","@id":"https:\/\/novice.si\/page\/naj-koreografinja\/","url":"https:\/\/novice.si\/page\/naj-koreografinja\/","name":"Naj koreografinja - Novice.si","isPartOf":{"@id":"https:\/\/novice.si\/page\/#website"},"primaryImageOfPage":{"@id":"https:\/\/novice.si\/page\/naj-koreografinja\/#primaryimage"},"image":{"@id":"https:\/\/novice.si\/page\/naj-koreografinja\/#primaryimage"},"thumbnailUrl":"https:\/\/novice.si\/page\/wp-content\/uploads\/2024\/01\/uho-sraj-1202-foto-maja-modrinjak.jpg","datePublished":"2024-01-25T08:09:37+00:00","breadcrumb":{"@id":"https:\/\/novice.si\/page\/naj-koreografinja\/#breadcrumb"},"inLanguage":"sl-SI","potentialAction":[{"@type":"ReadAction","target":["https:\/\/novice.si\/page\/naj-koreografinja\/"]}]},{"@type":"ImageObject","inLanguage":"sl-SI","@id":"https:\/\/novice.si\/page\/naj-koreografinja\/#primaryimage","url":"https:\/\/novice.si\/page\/wp-content\/uploads\/2024\/01\/uho-sraj-1202-foto-maja-modrinjak.jpg","contentUrl":"https:\/\/novice.si\/page\/wp-content\/uploads\/2024\/01\/uho-sraj-1202-foto-maja-modrinjak.jpg","width":1366,"height":1366,"caption":"Foto Maja Modrinjak"},{"@type":"BreadcrumbList","@id":"https:\/\/novice.si\/page\/naj-koreografinja\/#breadcrumb","itemListElement":[{"@type":"ListItem","position":1,"name":"Home","item":"https:\/\/novice.si\/page\/"},{"@type":"ListItem","position":2,"name":"Naj koreografinja"}]},{"@type":"WebSite","@id":"https:\/\/novice.si\/page\/#website","url":"https:\/\/novice.si\/page\/","name":"Novice.si","description":"","publisher":{"@id":"https:\/\/novice.si\/page\/#organization"},"potentialAction":[{"@type":"SearchAction","target":{"@type":"EntryPoint","urlTemplate":"https:\/\/novice.si\/page\/?s={search_term_string}"},"query-input":{"@type":"PropertyValueSpecification","valueRequired":true,"valueName":"search_term_string"}}],"inLanguage":"sl-SI"},{"@type":"Organization","@id":"https:\/\/novice.si\/page\/#organization","name":"Novice.si","url":"https:\/\/novice.si\/page\/","logo":{"@type":"ImageObject","inLanguage":"sl-SI","@id":"https:\/\/novice.si\/page\/#\/schema\/logo\/image\/","url":"https:\/\/novice.si\/page\/wp-content\/uploads\/2023\/03\/novice_si.png","contentUrl":"https:\/\/novice.si\/page\/wp-content\/uploads\/2023\/03\/novice_si.png","width":576,"height":200,"caption":"Novice.si"},"image":{"@id":"https:\/\/novice.si\/page\/#\/schema\/logo\/image\/"}},{"@type":"Person","@id":"https:\/\/novice.si\/page\/#\/schema\/person\/a49f233ef2777ec7b2e8d0662325bb48","name":"Uredni\u0161tvo Celjana","image":{"@type":"ImageObject","inLanguage":"sl-SI","@id":"https:\/\/secure.gravatar.com\/avatar\/7f7863e616af8f92806c638dd1db3f1a238d83d1cc2ec3100afc06fbb7eb303f?s=96&d=mm&r=g","url":"https:\/\/secure.gravatar.com\/avatar\/7f7863e616af8f92806c638dd1db3f1a238d83d1cc2ec3100afc06fbb7eb303f?s=96&d=mm&r=g","contentUrl":"https:\/\/secure.gravatar.com\/avatar\/7f7863e616af8f92806c638dd1db3f1a238d83d1cc2ec3100afc06fbb7eb303f?s=96&d=mm&r=g","caption":"Uredni\u0161tvo Celjana"},"url":"https:\/\/novice.si\/page\/author\/maja\/"}]}},"_links":{"self":[{"href":"https:\/\/novice.si\/page\/wp-json\/wp\/v2\/posts\/171172","targetHints":{"allow":["GET"]}}],"collection":[{"href":"https:\/\/novice.si\/page\/wp-json\/wp\/v2\/posts"}],"about":[{"href":"https:\/\/novice.si\/page\/wp-json\/wp\/v2\/types\/post"}],"author":[{"embeddable":true,"href":"https:\/\/novice.si\/page\/wp-json\/wp\/v2\/users\/55"}],"replies":[{"embeddable":true,"href":"https:\/\/novice.si\/page\/wp-json\/wp\/v2\/comments?post=171172"}],"version-history":[{"count":1,"href":"https:\/\/novice.si\/page\/wp-json\/wp\/v2\/posts\/171172\/revisions"}],"predecessor-version":[{"id":171174,"href":"https:\/\/novice.si\/page\/wp-json\/wp\/v2\/posts\/171172\/revisions\/171174"}],"wp:featuredmedia":[{"embeddable":true,"href":"https:\/\/novice.si\/page\/wp-json\/wp\/v2\/media\/171173"}],"wp:attachment":[{"href":"https:\/\/novice.si\/page\/wp-json\/wp\/v2\/media?parent=171172"}],"wp:term":[{"taxonomy":"category","embeddable":true,"href":"https:\/\/novice.si\/page\/wp-json\/wp\/v2\/categories?post=171172"},{"taxonomy":"post_tag","embeddable":true,"href":"https:\/\/novice.si\/page\/wp-json\/wp\/v2\/tags?post=171172"}],"curies":[{"name":"wp","href":"https:\/\/api.w.org\/{rel}","templated":true}]}}