{"id":171169,"date":"2024-01-25T08:04:55","date_gmt":"2024-01-25T07:04:55","guid":{"rendered":"https:\/\/novice.si\/page\/?p=171169"},"modified":"2024-01-24T22:09:07","modified_gmt":"2024-01-24T21:09:07","slug":"v-celju-35-poplavno-in-plazovno-ogrozenih-objektov","status":"publish","type":"post","link":"https:\/\/novice.si\/page\/v-celju-35-poplavno-in-plazovno-ogrozenih-objektov\/","title":{"rendered":"V Celju 35 poplavno in plazovno ogro\u017eenih objektov"},"content":{"rendered":"<p><em><img loading=\"lazy\" decoding=\"async\" class=\" wp-image-171170 alignright\" src=\"https:\/\/novice.si\/page\/wp-content\/uploads\/2024\/01\/pespoti-600x450.jpg\" alt=\"poplave celje\" width=\"481\" height=\"361\" srcset=\"https:\/\/novice.si\/page\/wp-content\/uploads\/2024\/01\/pespoti-600x450.jpg 600w, https:\/\/novice.si\/page\/wp-content\/uploads\/2024\/01\/pespoti-1024x768.jpg 1024w, https:\/\/novice.si\/page\/wp-content\/uploads\/2024\/01\/pespoti-768x576.jpg 768w, https:\/\/novice.si\/page\/wp-content\/uploads\/2024\/01\/pespoti-1536x1152.jpg 1536w, https:\/\/novice.si\/page\/wp-content\/uploads\/2024\/01\/pespoti-80x60.jpg 80w, https:\/\/novice.si\/page\/wp-content\/uploads\/2024\/01\/pespoti-265x198.jpg 265w, https:\/\/novice.si\/page\/wp-content\/uploads\/2024\/01\/pespoti-696x522.jpg 696w, https:\/\/novice.si\/page\/wp-content\/uploads\/2024\/01\/pespoti-1068x801.jpg 1068w, https:\/\/novice.si\/page\/wp-content\/uploads\/2024\/01\/pespoti-560x420.jpg 560w, https:\/\/novice.si\/page\/wp-content\/uploads\/2024\/01\/pespoti-24x18.jpg 24w, https:\/\/novice.si\/page\/wp-content\/uploads\/2024\/01\/pespoti-36x27.jpg 36w, https:\/\/novice.si\/page\/wp-content\/uploads\/2024\/01\/pespoti-48x36.jpg 48w, https:\/\/novice.si\/page\/wp-content\/uploads\/2024\/01\/pespoti.jpg 1850w\" sizes=\"auto, (max-width: 481px) 100vw, 481px\" \/>Celjska ob\u010dina je ta mesec dopolnila seznam poplavno oziroma plazovno ogro\u017eenih objektov, na katerem jih je 35, in ne 59, kot je za medije v teh dneh dejal vodja vladne slu\u017ebe za obnovo Bo\u0161tjan \u0160efic, so sporo\u010dili s ob\u010dine.<\/em><\/p>\n<p>Ob\u010dina je sicer pobudo za re\u0161evanje poplavno in plazovno ogro\u017eenih obmo\u010dij vladnim slu\u017ebam poslala avgusta.<\/p>\n<p>Mestna ob\u010dina Celje je bila med lansko ujmo poplavljena na obmo\u010djih Medloga, Pe\u010dovnika, Tremerij, ob\u010dino pa je prizadelo tudi kar nekaj plazov, in sicer na obmo\u010djih \u0160martnega v Ro\u017eni dolini, Slatine v Ro\u017eni dolini, Ko\u0161nice in Teharij.<\/p>\n<p><strong>Medlog, Zagrad, \u2026<\/strong><\/p>\n<p>Avgusta lani je celjska ob\u010dina Ministrstvu za naravne vire in prostor ter direkciji za vode poslala pobudo za re\u0161evanje problematike protipoplavno neza\u0161\u010ditenih stanovanjskih in poslovnih objektov na treh obmo\u010djih.<\/p>\n<p>Eno je obmo\u010dje Medloga, ki je izven predvidenih in \u017ee obstoje\u010dih protipoplavnih ukrepov, vsebuje pa tako stanovanjske kot tudi poslovne objekte. Drugo je obmo\u010dje Zagrada oziroma Pe\u010dovnika, kjer je poleg stanovanjskih objektov tudi gasilski dom, tretje pa obmo\u010dje Ledene dvorane v Mestnem parku.<\/p>\n<p><strong>Za vsak objekt strokovno mnenje<\/strong><\/p>\n<p>Po identifikaciji obmo\u010dij in objektov ter terenskih ogledih bo dr\u017eavna tehni\u010dna pisarna izdelala podrobno strokovno mnenje za vsak posamezni objekt na evidentiranih obmo\u010djih. \u010ce bo na podlagi strokovnih mnenj ugotovljeno, da obstajajo razlogi za nujno odstranitev, bo vladna slu\u017eba za obnovo pripravila osnutek sklepa za vsak tak objekt in nadaljevala postopke za odstranitev. Ve\u010d o tem preberite v Celjanu.<\/p>\n","protected":false},"excerpt":{"rendered":"<p>Celjska ob\u010dina je ta mesec dopolnila seznam poplavno oziroma plazovno ogro\u017eenih objektov, na katerem jih je 35, in ne 59, kot je za medije v teh dneh dejal vodja vladne slu\u017ebe za obnovo Bo\u0161tjan \u0160efic, so sporo\u010dili s ob\u010dine. Ob\u010dina je sicer pobudo za re\u0161evanje poplavno in plazovno ogro\u017eenih obmo\u010dij vladnim slu\u017ebam poslala avgusta. Mestna [&hellip;]<\/p>\n","protected":false},"author":55,"featured_media":171170,"comment_status":"closed","ping_status":"closed","sticky":false,"template":"","format":"standard","meta":{"footnotes":""},"categories":[14,142,17],"tags":[],"class_list":{"0":"post-171169","1":"post","2":"type-post","3":"status-publish","4":"format-standard","5":"has-post-thumbnail","7":"category-aktualno","8":"category-celjan","9":"category-celjsko"},"yoast_head":"<!-- This site is optimized with the Yoast SEO plugin v27.4 - https:\/\/yoast.com\/product\/yoast-seo-wordpress\/ -->\n<title>V Celju 35 poplavno in plazovno ogro\u017eenih objektov - Novice.si<\/title>\n<meta name=\"robots\" content=\"index, follow, max-snippet:-1, max-image-preview:large, max-video-preview:-1\" \/>\n<link rel=\"canonical\" href=\"https:\/\/novice.si\/page\/v-celju-35-poplavno-in-plazovno-ogrozenih-objektov\/\" \/>\n<meta property=\"og:locale\" content=\"sl_SI\" \/>\n<meta property=\"og:type\" content=\"article\" \/>\n<meta property=\"og:title\" content=\"V Celju 35 poplavno in plazovno ogro\u017eenih objektov - Novice.si\" \/>\n<meta property=\"og:description\" content=\"Celjska ob\u010dina je ta mesec dopolnila seznam poplavno oziroma plazovno ogro\u017eenih objektov, na katerem jih je 35, in ne 59, kot je za medije v teh dneh dejal vodja vladne slu\u017ebe za obnovo Bo\u0161tjan \u0160efic, so sporo\u010dili s ob\u010dine. Ob\u010dina je sicer pobudo za re\u0161evanje poplavno in plazovno ogro\u017eenih obmo\u010dij vladnim slu\u017ebam poslala avgusta. Mestna [&hellip;]\" \/>\n<meta property=\"og:url\" content=\"https:\/\/novice.si\/page\/v-celju-35-poplavno-in-plazovno-ogrozenih-objektov\/\" \/>\n<meta property=\"og:site_name\" content=\"Novice.si\" \/>\n<meta property=\"article:published_time\" content=\"2024-01-25T07:04:55+00:00\" \/>\n<meta property=\"og:image\" content=\"https:\/\/novice.si\/page\/wp-content\/uploads\/2024\/01\/pespoti.jpg\" \/>\n\t<meta property=\"og:image:width\" content=\"1850\" \/>\n\t<meta property=\"og:image:height\" content=\"1388\" \/>\n\t<meta property=\"og:image:type\" content=\"image\/jpeg\" \/>\n<meta name=\"author\" content=\"Uredni\u0161tvo Celjana\" \/>\n<meta name=\"twitter:card\" content=\"summary_large_image\" \/>\n<meta name=\"twitter:label1\" content=\"Written by\" \/>\n\t<meta name=\"twitter:data1\" content=\"Uredni\u0161tvo Celjana\" \/>\n\t<meta name=\"twitter:label2\" content=\"Est. reading time\" \/>\n\t<meta name=\"twitter:data2\" content=\"2 minuti\" \/>\n<script type=\"application\/ld+json\" class=\"yoast-schema-graph\">{\"@context\":\"https:\\\/\\\/schema.org\",\"@graph\":[{\"@type\":\"Article\",\"@id\":\"https:\\\/\\\/novice.si\\\/page\\\/v-celju-35-poplavno-in-plazovno-ogrozenih-objektov\\\/#article\",\"isPartOf\":{\"@id\":\"https:\\\/\\\/novice.si\\\/page\\\/v-celju-35-poplavno-in-plazovno-ogrozenih-objektov\\\/\"},\"author\":{\"name\":\"Uredni\u0161tvo Celjana\",\"@id\":\"https:\\\/\\\/novice.si\\\/page\\\/#\\\/schema\\\/person\\\/a49f233ef2777ec7b2e8d0662325bb48\"},\"headline\":\"V Celju 35 poplavno in plazovno ogro\u017eenih objektov\",\"datePublished\":\"2024-01-25T07:04:55+00:00\",\"mainEntityOfPage\":{\"@id\":\"https:\\\/\\\/novice.si\\\/page\\\/v-celju-35-poplavno-in-plazovno-ogrozenih-objektov\\\/\"},\"wordCount\":268,\"publisher\":{\"@id\":\"https:\\\/\\\/novice.si\\\/page\\\/#organization\"},\"image\":{\"@id\":\"https:\\\/\\\/novice.si\\\/page\\\/v-celju-35-poplavno-in-plazovno-ogrozenih-objektov\\\/#primaryimage\"},\"thumbnailUrl\":\"https:\\\/\\\/novice.si\\\/page\\\/wp-content\\\/uploads\\\/2024\\\/01\\\/pespoti.jpg\",\"articleSection\":[\"Aktualno\",\"Celjan\",\"Celjsko\"],\"inLanguage\":\"sl-SI\"},{\"@type\":\"WebPage\",\"@id\":\"https:\\\/\\\/novice.si\\\/page\\\/v-celju-35-poplavno-in-plazovno-ogrozenih-objektov\\\/\",\"url\":\"https:\\\/\\\/novice.si\\\/page\\\/v-celju-35-poplavno-in-plazovno-ogrozenih-objektov\\\/\",\"name\":\"V Celju 35 poplavno in plazovno ogro\u017eenih objektov - Novice.si\",\"isPartOf\":{\"@id\":\"https:\\\/\\\/novice.si\\\/page\\\/#website\"},\"primaryImageOfPage\":{\"@id\":\"https:\\\/\\\/novice.si\\\/page\\\/v-celju-35-poplavno-in-plazovno-ogrozenih-objektov\\\/#primaryimage\"},\"image\":{\"@id\":\"https:\\\/\\\/novice.si\\\/page\\\/v-celju-35-poplavno-in-plazovno-ogrozenih-objektov\\\/#primaryimage\"},\"thumbnailUrl\":\"https:\\\/\\\/novice.si\\\/page\\\/wp-content\\\/uploads\\\/2024\\\/01\\\/pespoti.jpg\",\"datePublished\":\"2024-01-25T07:04:55+00:00\",\"breadcrumb\":{\"@id\":\"https:\\\/\\\/novice.si\\\/page\\\/v-celju-35-poplavno-in-plazovno-ogrozenih-objektov\\\/#breadcrumb\"},\"inLanguage\":\"sl-SI\",\"potentialAction\":[{\"@type\":\"ReadAction\",\"target\":[\"https:\\\/\\\/novice.si\\\/page\\\/v-celju-35-poplavno-in-plazovno-ogrozenih-objektov\\\/\"]}]},{\"@type\":\"ImageObject\",\"inLanguage\":\"sl-SI\",\"@id\":\"https:\\\/\\\/novice.si\\\/page\\\/v-celju-35-poplavno-in-plazovno-ogrozenih-objektov\\\/#primaryimage\",\"url\":\"https:\\\/\\\/novice.si\\\/page\\\/wp-content\\\/uploads\\\/2024\\\/01\\\/pespoti.jpg\",\"contentUrl\":\"https:\\\/\\\/novice.si\\\/page\\\/wp-content\\\/uploads\\\/2024\\\/01\\\/pespoti.jpg\",\"width\":1850,\"height\":1388,\"caption\":\"poplave celje\"},{\"@type\":\"BreadcrumbList\",\"@id\":\"https:\\\/\\\/novice.si\\\/page\\\/v-celju-35-poplavno-in-plazovno-ogrozenih-objektov\\\/#breadcrumb\",\"itemListElement\":[{\"@type\":\"ListItem\",\"position\":1,\"name\":\"Home\",\"item\":\"https:\\\/\\\/novice.si\\\/page\\\/\"},{\"@type\":\"ListItem\",\"position\":2,\"name\":\"V Celju 35 poplavno in plazovno ogro\u017eenih objektov\"}]},{\"@type\":\"WebSite\",\"@id\":\"https:\\\/\\\/novice.si\\\/page\\\/#website\",\"url\":\"https:\\\/\\\/novice.si\\\/page\\\/\",\"name\":\"Novice.si\",\"description\":\"\",\"publisher\":{\"@id\":\"https:\\\/\\\/novice.si\\\/page\\\/#organization\"},\"potentialAction\":[{\"@type\":\"SearchAction\",\"target\":{\"@type\":\"EntryPoint\",\"urlTemplate\":\"https:\\\/\\\/novice.si\\\/page\\\/?s={search_term_string}\"},\"query-input\":{\"@type\":\"PropertyValueSpecification\",\"valueRequired\":true,\"valueName\":\"search_term_string\"}}],\"inLanguage\":\"sl-SI\"},{\"@type\":\"Organization\",\"@id\":\"https:\\\/\\\/novice.si\\\/page\\\/#organization\",\"name\":\"Novice.si\",\"url\":\"https:\\\/\\\/novice.si\\\/page\\\/\",\"logo\":{\"@type\":\"ImageObject\",\"inLanguage\":\"sl-SI\",\"@id\":\"https:\\\/\\\/novice.si\\\/page\\\/#\\\/schema\\\/logo\\\/image\\\/\",\"url\":\"https:\\\/\\\/novice.si\\\/page\\\/wp-content\\\/uploads\\\/2023\\\/03\\\/novice_si.png\",\"contentUrl\":\"https:\\\/\\\/novice.si\\\/page\\\/wp-content\\\/uploads\\\/2023\\\/03\\\/novice_si.png\",\"width\":576,\"height\":200,\"caption\":\"Novice.si\"},\"image\":{\"@id\":\"https:\\\/\\\/novice.si\\\/page\\\/#\\\/schema\\\/logo\\\/image\\\/\"}},{\"@type\":\"Person\",\"@id\":\"https:\\\/\\\/novice.si\\\/page\\\/#\\\/schema\\\/person\\\/a49f233ef2777ec7b2e8d0662325bb48\",\"name\":\"Uredni\u0161tvo Celjana\",\"image\":{\"@type\":\"ImageObject\",\"inLanguage\":\"sl-SI\",\"@id\":\"https:\\\/\\\/secure.gravatar.com\\\/avatar\\\/7f7863e616af8f92806c638dd1db3f1a238d83d1cc2ec3100afc06fbb7eb303f?s=96&d=mm&r=g\",\"url\":\"https:\\\/\\\/secure.gravatar.com\\\/avatar\\\/7f7863e616af8f92806c638dd1db3f1a238d83d1cc2ec3100afc06fbb7eb303f?s=96&d=mm&r=g\",\"contentUrl\":\"https:\\\/\\\/secure.gravatar.com\\\/avatar\\\/7f7863e616af8f92806c638dd1db3f1a238d83d1cc2ec3100afc06fbb7eb303f?s=96&d=mm&r=g\",\"caption\":\"Uredni\u0161tvo Celjana\"},\"url\":\"https:\\\/\\\/novice.si\\\/page\\\/author\\\/maja\\\/\"}]}<\/script>\n<!-- \/ Yoast SEO plugin. -->","yoast_head_json":{"title":"V Celju 35 poplavno in plazovno ogro\u017eenih objektov - Novice.si","robots":{"index":"index","follow":"follow","max-snippet":"max-snippet:-1","max-image-preview":"max-image-preview:large","max-video-preview":"max-video-preview:-1"},"canonical":"https:\/\/novice.si\/page\/v-celju-35-poplavno-in-plazovno-ogrozenih-objektov\/","og_locale":"sl_SI","og_type":"article","og_title":"V Celju 35 poplavno in plazovno ogro\u017eenih objektov - Novice.si","og_description":"Celjska ob\u010dina je ta mesec dopolnila seznam poplavno oziroma plazovno ogro\u017eenih objektov, na katerem jih je 35, in ne 59, kot je za medije v teh dneh dejal vodja vladne slu\u017ebe za obnovo Bo\u0161tjan \u0160efic, so sporo\u010dili s ob\u010dine. Ob\u010dina je sicer pobudo za re\u0161evanje poplavno in plazovno ogro\u017eenih obmo\u010dij vladnim slu\u017ebam poslala avgusta. Mestna [&hellip;]","og_url":"https:\/\/novice.si\/page\/v-celju-35-poplavno-in-plazovno-ogrozenih-objektov\/","og_site_name":"Novice.si","article_published_time":"2024-01-25T07:04:55+00:00","og_image":[{"width":1850,"height":1388,"url":"https:\/\/novice.si\/page\/wp-content\/uploads\/2024\/01\/pespoti.jpg","type":"image\/jpeg"}],"author":"Uredni\u0161tvo Celjana","twitter_card":"summary_large_image","twitter_misc":{"Written by":"Uredni\u0161tvo Celjana","Est. reading time":"2 minuti"},"schema":{"@context":"https:\/\/schema.org","@graph":[{"@type":"Article","@id":"https:\/\/novice.si\/page\/v-celju-35-poplavno-in-plazovno-ogrozenih-objektov\/#article","isPartOf":{"@id":"https:\/\/novice.si\/page\/v-celju-35-poplavno-in-plazovno-ogrozenih-objektov\/"},"author":{"name":"Uredni\u0161tvo Celjana","@id":"https:\/\/novice.si\/page\/#\/schema\/person\/a49f233ef2777ec7b2e8d0662325bb48"},"headline":"V Celju 35 poplavno in plazovno ogro\u017eenih objektov","datePublished":"2024-01-25T07:04:55+00:00","mainEntityOfPage":{"@id":"https:\/\/novice.si\/page\/v-celju-35-poplavno-in-plazovno-ogrozenih-objektov\/"},"wordCount":268,"publisher":{"@id":"https:\/\/novice.si\/page\/#organization"},"image":{"@id":"https:\/\/novice.si\/page\/v-celju-35-poplavno-in-plazovno-ogrozenih-objektov\/#primaryimage"},"thumbnailUrl":"https:\/\/novice.si\/page\/wp-content\/uploads\/2024\/01\/pespoti.jpg","articleSection":["Aktualno","Celjan","Celjsko"],"inLanguage":"sl-SI"},{"@type":"WebPage","@id":"https:\/\/novice.si\/page\/v-celju-35-poplavno-in-plazovno-ogrozenih-objektov\/","url":"https:\/\/novice.si\/page\/v-celju-35-poplavno-in-plazovno-ogrozenih-objektov\/","name":"V Celju 35 poplavno in plazovno ogro\u017eenih objektov - Novice.si","isPartOf":{"@id":"https:\/\/novice.si\/page\/#website"},"primaryImageOfPage":{"@id":"https:\/\/novice.si\/page\/v-celju-35-poplavno-in-plazovno-ogrozenih-objektov\/#primaryimage"},"image":{"@id":"https:\/\/novice.si\/page\/v-celju-35-poplavno-in-plazovno-ogrozenih-objektov\/#primaryimage"},"thumbnailUrl":"https:\/\/novice.si\/page\/wp-content\/uploads\/2024\/01\/pespoti.jpg","datePublished":"2024-01-25T07:04:55+00:00","breadcrumb":{"@id":"https:\/\/novice.si\/page\/v-celju-35-poplavno-in-plazovno-ogrozenih-objektov\/#breadcrumb"},"inLanguage":"sl-SI","potentialAction":[{"@type":"ReadAction","target":["https:\/\/novice.si\/page\/v-celju-35-poplavno-in-plazovno-ogrozenih-objektov\/"]}]},{"@type":"ImageObject","inLanguage":"sl-SI","@id":"https:\/\/novice.si\/page\/v-celju-35-poplavno-in-plazovno-ogrozenih-objektov\/#primaryimage","url":"https:\/\/novice.si\/page\/wp-content\/uploads\/2024\/01\/pespoti.jpg","contentUrl":"https:\/\/novice.si\/page\/wp-content\/uploads\/2024\/01\/pespoti.jpg","width":1850,"height":1388,"caption":"poplave celje"},{"@type":"BreadcrumbList","@id":"https:\/\/novice.si\/page\/v-celju-35-poplavno-in-plazovno-ogrozenih-objektov\/#breadcrumb","itemListElement":[{"@type":"ListItem","position":1,"name":"Home","item":"https:\/\/novice.si\/page\/"},{"@type":"ListItem","position":2,"name":"V Celju 35 poplavno in plazovno ogro\u017eenih objektov"}]},{"@type":"WebSite","@id":"https:\/\/novice.si\/page\/#website","url":"https:\/\/novice.si\/page\/","name":"Novice.si","description":"","publisher":{"@id":"https:\/\/novice.si\/page\/#organization"},"potentialAction":[{"@type":"SearchAction","target":{"@type":"EntryPoint","urlTemplate":"https:\/\/novice.si\/page\/?s={search_term_string}"},"query-input":{"@type":"PropertyValueSpecification","valueRequired":true,"valueName":"search_term_string"}}],"inLanguage":"sl-SI"},{"@type":"Organization","@id":"https:\/\/novice.si\/page\/#organization","name":"Novice.si","url":"https:\/\/novice.si\/page\/","logo":{"@type":"ImageObject","inLanguage":"sl-SI","@id":"https:\/\/novice.si\/page\/#\/schema\/logo\/image\/","url":"https:\/\/novice.si\/page\/wp-content\/uploads\/2023\/03\/novice_si.png","contentUrl":"https:\/\/novice.si\/page\/wp-content\/uploads\/2023\/03\/novice_si.png","width":576,"height":200,"caption":"Novice.si"},"image":{"@id":"https:\/\/novice.si\/page\/#\/schema\/logo\/image\/"}},{"@type":"Person","@id":"https:\/\/novice.si\/page\/#\/schema\/person\/a49f233ef2777ec7b2e8d0662325bb48","name":"Uredni\u0161tvo Celjana","image":{"@type":"ImageObject","inLanguage":"sl-SI","@id":"https:\/\/secure.gravatar.com\/avatar\/7f7863e616af8f92806c638dd1db3f1a238d83d1cc2ec3100afc06fbb7eb303f?s=96&d=mm&r=g","url":"https:\/\/secure.gravatar.com\/avatar\/7f7863e616af8f92806c638dd1db3f1a238d83d1cc2ec3100afc06fbb7eb303f?s=96&d=mm&r=g","contentUrl":"https:\/\/secure.gravatar.com\/avatar\/7f7863e616af8f92806c638dd1db3f1a238d83d1cc2ec3100afc06fbb7eb303f?s=96&d=mm&r=g","caption":"Uredni\u0161tvo Celjana"},"url":"https:\/\/novice.si\/page\/author\/maja\/"}]}},"_links":{"self":[{"href":"https:\/\/novice.si\/page\/wp-json\/wp\/v2\/posts\/171169","targetHints":{"allow":["GET"]}}],"collection":[{"href":"https:\/\/novice.si\/page\/wp-json\/wp\/v2\/posts"}],"about":[{"href":"https:\/\/novice.si\/page\/wp-json\/wp\/v2\/types\/post"}],"author":[{"embeddable":true,"href":"https:\/\/novice.si\/page\/wp-json\/wp\/v2\/users\/55"}],"replies":[{"embeddable":true,"href":"https:\/\/novice.si\/page\/wp-json\/wp\/v2\/comments?post=171169"}],"version-history":[{"count":1,"href":"https:\/\/novice.si\/page\/wp-json\/wp\/v2\/posts\/171169\/revisions"}],"predecessor-version":[{"id":171171,"href":"https:\/\/novice.si\/page\/wp-json\/wp\/v2\/posts\/171169\/revisions\/171171"}],"wp:featuredmedia":[{"embeddable":true,"href":"https:\/\/novice.si\/page\/wp-json\/wp\/v2\/media\/171170"}],"wp:attachment":[{"href":"https:\/\/novice.si\/page\/wp-json\/wp\/v2\/media?parent=171169"}],"wp:term":[{"taxonomy":"category","embeddable":true,"href":"https:\/\/novice.si\/page\/wp-json\/wp\/v2\/categories?post=171169"},{"taxonomy":"post_tag","embeddable":true,"href":"https:\/\/novice.si\/page\/wp-json\/wp\/v2\/tags?post=171169"}],"curies":[{"name":"wp","href":"https:\/\/api.w.org\/{rel}","templated":true}]}}