{"id":171165,"date":"2024-01-24T22:04:45","date_gmt":"2024-01-24T21:04:45","guid":{"rendered":"https:\/\/novice.si\/page\/?p=171165"},"modified":"2024-01-24T22:09:29","modified_gmt":"2024-01-24T21:09:29","slug":"umeku-priznanje-celjske-zvezde-za-zivljenjsko-delo","status":"publish","type":"post","link":"https:\/\/novice.si\/page\/umeku-priznanje-celjske-zvezde-za-zivljenjsko-delo\/","title":{"rendered":"Umeku priznanje Celjske zvezde za \u017eivljenjsko delo"},"content":{"rendered":"<p style=\"text-align: left\"><em><img loading=\"lazy\" decoding=\"async\" class=\"alignnone size-medium wp-image-171166\" src=\"https:\/\/novice.si\/page\/wp-content\/uploads\/2024\/01\/cz-umek-400x600.jpg\" alt=\"Umek\" width=\"400\" height=\"600\" srcset=\"https:\/\/novice.si\/page\/wp-content\/uploads\/2024\/01\/cz-umek-400x600.jpg 400w, https:\/\/novice.si\/page\/wp-content\/uploads\/2024\/01\/cz-umek-280x420.jpg 280w, https:\/\/novice.si\/page\/wp-content\/uploads\/2024\/01\/cz-umek-16x24.jpg 16w, https:\/\/novice.si\/page\/wp-content\/uploads\/2024\/01\/cz-umek-24x36.jpg 24w, https:\/\/novice.si\/page\/wp-content\/uploads\/2024\/01\/cz-umek-32x48.jpg 32w, https:\/\/novice.si\/page\/wp-content\/uploads\/2024\/01\/cz-umek.jpg 500w\" sizes=\"auto, (max-width: 400px) 100vw, 400px\" \/>Slovenski kulturni praznik bodo v Celju letos s slovesnostjo obele\u017eili 6. februarja. Podelili bodo priznanja Celjske zvezde, letos ga za \u017eivljenjsko delo prejme gledali\u0161ki igralec <strong>Bojan Umek<\/strong>.<\/em><\/p>\n<p>Podelili bodo \u0161e dve priznanji za dose\u017eke na podro\u010dju kulture v preteklih dveh letih, in sicer <strong>dr. Bojanu Himmelreichu<\/strong>, arhivistu v Zgodovinskem arhivu Celje, in <strong>Katji Gore\u010dan<\/strong>, pesnici, pisateljici, literarni komparativistki in magistrici dramaturgije ter scenskih umetnosti.<\/p>\n<p>Spomnimo, da je Bojan Umek bil \u010dlan ansambla SLG Celje od leta 1984 do svoje upokojitve novembra 2023. V izjemno bogati karieri se je sre\u010dal z najrazli\u010dnej\u0161imi gledali\u0161kimi poetikami in se izkazal v raznorodnih gledali\u0161kih izrazih. Na celjskem odru je bil stalnica gledali\u0161\u010da, kjer je odigral ve\u010d kot 90 nepozabnih vlog.<\/p>\n","protected":false},"excerpt":{"rendered":"<p>Slovenski kulturni praznik bodo v Celju letos s slovesnostjo obele\u017eili 6. februarja. Podelili bodo priznanja Celjske zvezde, letos ga za \u017eivljenjsko delo prejme gledali\u0161ki igralec Bojan Umek. Podelili bodo \u0161e dve priznanji za dose\u017eke na podro\u010dju kulture v preteklih dveh letih, in sicer dr. Bojanu Himmelreichu, arhivistu v Zgodovinskem arhivu Celje, in Katji Gore\u010dan, pesnici, [&hellip;]<\/p>\n","protected":false},"author":55,"featured_media":171167,"comment_status":"closed","ping_status":"closed","sticky":false,"template":"","format":"standard","meta":{"footnotes":""},"categories":[14,142,17],"tags":[],"class_list":{"0":"post-171165","1":"post","2":"type-post","3":"status-publish","4":"format-standard","5":"has-post-thumbnail","7":"category-aktualno","8":"category-celjan","9":"category-celjsko"},"yoast_head":"<!-- This site is optimized with the Yoast SEO plugin v27.4 - https:\/\/yoast.com\/product\/yoast-seo-wordpress\/ -->\n<title>Umeku priznanje Celjske zvezde za \u017eivljenjsko delo - Novice.si<\/title>\n<meta name=\"robots\" content=\"index, follow, max-snippet:-1, max-image-preview:large, max-video-preview:-1\" \/>\n<link rel=\"canonical\" href=\"https:\/\/novice.si\/page\/umeku-priznanje-celjske-zvezde-za-zivljenjsko-delo\/\" \/>\n<meta property=\"og:locale\" content=\"sl_SI\" \/>\n<meta property=\"og:type\" content=\"article\" \/>\n<meta property=\"og:title\" content=\"Umeku priznanje Celjske zvezde za \u017eivljenjsko delo - Novice.si\" \/>\n<meta property=\"og:description\" content=\"Slovenski kulturni praznik bodo v Celju letos s slovesnostjo obele\u017eili 6. februarja. Podelili bodo priznanja Celjske zvezde, letos ga za \u017eivljenjsko delo prejme gledali\u0161ki igralec Bojan Umek. Podelili bodo \u0161e dve priznanji za dose\u017eke na podro\u010dju kulture v preteklih dveh letih, in sicer dr. Bojanu Himmelreichu, arhivistu v Zgodovinskem arhivu Celje, in Katji Gore\u010dan, pesnici, [&hellip;]\" \/>\n<meta property=\"og:url\" content=\"https:\/\/novice.si\/page\/umeku-priznanje-celjske-zvezde-za-zivljenjsko-delo\/\" \/>\n<meta property=\"og:site_name\" content=\"Novice.si\" \/>\n<meta property=\"article:published_time\" content=\"2024-01-24T21:04:45+00:00\" \/>\n<meta property=\"article:modified_time\" content=\"2024-01-24T21:09:29+00:00\" \/>\n<meta property=\"og:image\" content=\"https:\/\/novice.si\/page\/wp-content\/uploads\/2024\/01\/cz-umek-1.jpg\" \/>\n\t<meta property=\"og:image:width\" content=\"500\" \/>\n\t<meta property=\"og:image:height\" content=\"750\" \/>\n\t<meta property=\"og:image:type\" content=\"image\/jpeg\" \/>\n<meta name=\"author\" content=\"Uredni\u0161tvo Celjana\" \/>\n<meta name=\"twitter:card\" content=\"summary_large_image\" \/>\n<meta name=\"twitter:label1\" content=\"Written by\" \/>\n\t<meta name=\"twitter:data1\" content=\"Uredni\u0161tvo Celjana\" \/>\n\t<meta name=\"twitter:label2\" content=\"Est. reading time\" \/>\n\t<meta name=\"twitter:data2\" content=\"2 minuti\" \/>\n<script type=\"application\/ld+json\" class=\"yoast-schema-graph\">{\"@context\":\"https:\\\/\\\/schema.org\",\"@graph\":[{\"@type\":\"Article\",\"@id\":\"https:\\\/\\\/novice.si\\\/page\\\/umeku-priznanje-celjske-zvezde-za-zivljenjsko-delo\\\/#article\",\"isPartOf\":{\"@id\":\"https:\\\/\\\/novice.si\\\/page\\\/umeku-priznanje-celjske-zvezde-za-zivljenjsko-delo\\\/\"},\"author\":{\"name\":\"Uredni\u0161tvo Celjana\",\"@id\":\"https:\\\/\\\/novice.si\\\/page\\\/#\\\/schema\\\/person\\\/a49f233ef2777ec7b2e8d0662325bb48\"},\"headline\":\"Umeku priznanje Celjske zvezde za \u017eivljenjsko delo\",\"datePublished\":\"2024-01-24T21:04:45+00:00\",\"dateModified\":\"2024-01-24T21:09:29+00:00\",\"mainEntityOfPage\":{\"@id\":\"https:\\\/\\\/novice.si\\\/page\\\/umeku-priznanje-celjske-zvezde-za-zivljenjsko-delo\\\/\"},\"wordCount\":129,\"publisher\":{\"@id\":\"https:\\\/\\\/novice.si\\\/page\\\/#organization\"},\"image\":{\"@id\":\"https:\\\/\\\/novice.si\\\/page\\\/umeku-priznanje-celjske-zvezde-za-zivljenjsko-delo\\\/#primaryimage\"},\"thumbnailUrl\":\"https:\\\/\\\/novice.si\\\/page\\\/wp-content\\\/uploads\\\/2024\\\/01\\\/cz-umek-1.jpg\",\"articleSection\":[\"Aktualno\",\"Celjan\",\"Celjsko\"],\"inLanguage\":\"sl-SI\"},{\"@type\":\"WebPage\",\"@id\":\"https:\\\/\\\/novice.si\\\/page\\\/umeku-priznanje-celjske-zvezde-za-zivljenjsko-delo\\\/\",\"url\":\"https:\\\/\\\/novice.si\\\/page\\\/umeku-priznanje-celjske-zvezde-za-zivljenjsko-delo\\\/\",\"name\":\"Umeku priznanje Celjske zvezde za \u017eivljenjsko delo - Novice.si\",\"isPartOf\":{\"@id\":\"https:\\\/\\\/novice.si\\\/page\\\/#website\"},\"primaryImageOfPage\":{\"@id\":\"https:\\\/\\\/novice.si\\\/page\\\/umeku-priznanje-celjske-zvezde-za-zivljenjsko-delo\\\/#primaryimage\"},\"image\":{\"@id\":\"https:\\\/\\\/novice.si\\\/page\\\/umeku-priznanje-celjske-zvezde-za-zivljenjsko-delo\\\/#primaryimage\"},\"thumbnailUrl\":\"https:\\\/\\\/novice.si\\\/page\\\/wp-content\\\/uploads\\\/2024\\\/01\\\/cz-umek-1.jpg\",\"datePublished\":\"2024-01-24T21:04:45+00:00\",\"dateModified\":\"2024-01-24T21:09:29+00:00\",\"breadcrumb\":{\"@id\":\"https:\\\/\\\/novice.si\\\/page\\\/umeku-priznanje-celjske-zvezde-za-zivljenjsko-delo\\\/#breadcrumb\"},\"inLanguage\":\"sl-SI\",\"potentialAction\":[{\"@type\":\"ReadAction\",\"target\":[\"https:\\\/\\\/novice.si\\\/page\\\/umeku-priznanje-celjske-zvezde-za-zivljenjsko-delo\\\/\"]}]},{\"@type\":\"ImageObject\",\"inLanguage\":\"sl-SI\",\"@id\":\"https:\\\/\\\/novice.si\\\/page\\\/umeku-priznanje-celjske-zvezde-za-zivljenjsko-delo\\\/#primaryimage\",\"url\":\"https:\\\/\\\/novice.si\\\/page\\\/wp-content\\\/uploads\\\/2024\\\/01\\\/cz-umek-1.jpg\",\"contentUrl\":\"https:\\\/\\\/novice.si\\\/page\\\/wp-content\\\/uploads\\\/2024\\\/01\\\/cz-umek-1.jpg\",\"width\":500,\"height\":750},{\"@type\":\"BreadcrumbList\",\"@id\":\"https:\\\/\\\/novice.si\\\/page\\\/umeku-priznanje-celjske-zvezde-za-zivljenjsko-delo\\\/#breadcrumb\",\"itemListElement\":[{\"@type\":\"ListItem\",\"position\":1,\"name\":\"Home\",\"item\":\"https:\\\/\\\/novice.si\\\/page\\\/\"},{\"@type\":\"ListItem\",\"position\":2,\"name\":\"Umeku priznanje Celjske zvezde za \u017eivljenjsko delo\"}]},{\"@type\":\"WebSite\",\"@id\":\"https:\\\/\\\/novice.si\\\/page\\\/#website\",\"url\":\"https:\\\/\\\/novice.si\\\/page\\\/\",\"name\":\"Novice.si\",\"description\":\"\",\"publisher\":{\"@id\":\"https:\\\/\\\/novice.si\\\/page\\\/#organization\"},\"potentialAction\":[{\"@type\":\"SearchAction\",\"target\":{\"@type\":\"EntryPoint\",\"urlTemplate\":\"https:\\\/\\\/novice.si\\\/page\\\/?s={search_term_string}\"},\"query-input\":{\"@type\":\"PropertyValueSpecification\",\"valueRequired\":true,\"valueName\":\"search_term_string\"}}],\"inLanguage\":\"sl-SI\"},{\"@type\":\"Organization\",\"@id\":\"https:\\\/\\\/novice.si\\\/page\\\/#organization\",\"name\":\"Novice.si\",\"url\":\"https:\\\/\\\/novice.si\\\/page\\\/\",\"logo\":{\"@type\":\"ImageObject\",\"inLanguage\":\"sl-SI\",\"@id\":\"https:\\\/\\\/novice.si\\\/page\\\/#\\\/schema\\\/logo\\\/image\\\/\",\"url\":\"https:\\\/\\\/novice.si\\\/page\\\/wp-content\\\/uploads\\\/2023\\\/03\\\/novice_si.png\",\"contentUrl\":\"https:\\\/\\\/novice.si\\\/page\\\/wp-content\\\/uploads\\\/2023\\\/03\\\/novice_si.png\",\"width\":576,\"height\":200,\"caption\":\"Novice.si\"},\"image\":{\"@id\":\"https:\\\/\\\/novice.si\\\/page\\\/#\\\/schema\\\/logo\\\/image\\\/\"}},{\"@type\":\"Person\",\"@id\":\"https:\\\/\\\/novice.si\\\/page\\\/#\\\/schema\\\/person\\\/a49f233ef2777ec7b2e8d0662325bb48\",\"name\":\"Uredni\u0161tvo Celjana\",\"image\":{\"@type\":\"ImageObject\",\"inLanguage\":\"sl-SI\",\"@id\":\"https:\\\/\\\/secure.gravatar.com\\\/avatar\\\/7f7863e616af8f92806c638dd1db3f1a238d83d1cc2ec3100afc06fbb7eb303f?s=96&d=mm&r=g\",\"url\":\"https:\\\/\\\/secure.gravatar.com\\\/avatar\\\/7f7863e616af8f92806c638dd1db3f1a238d83d1cc2ec3100afc06fbb7eb303f?s=96&d=mm&r=g\",\"contentUrl\":\"https:\\\/\\\/secure.gravatar.com\\\/avatar\\\/7f7863e616af8f92806c638dd1db3f1a238d83d1cc2ec3100afc06fbb7eb303f?s=96&d=mm&r=g\",\"caption\":\"Uredni\u0161tvo Celjana\"},\"url\":\"https:\\\/\\\/novice.si\\\/page\\\/author\\\/maja\\\/\"}]}<\/script>\n<!-- \/ Yoast SEO plugin. -->","yoast_head_json":{"title":"Umeku priznanje Celjske zvezde za \u017eivljenjsko delo - Novice.si","robots":{"index":"index","follow":"follow","max-snippet":"max-snippet:-1","max-image-preview":"max-image-preview:large","max-video-preview":"max-video-preview:-1"},"canonical":"https:\/\/novice.si\/page\/umeku-priznanje-celjske-zvezde-za-zivljenjsko-delo\/","og_locale":"sl_SI","og_type":"article","og_title":"Umeku priznanje Celjske zvezde za \u017eivljenjsko delo - Novice.si","og_description":"Slovenski kulturni praznik bodo v Celju letos s slovesnostjo obele\u017eili 6. februarja. Podelili bodo priznanja Celjske zvezde, letos ga za \u017eivljenjsko delo prejme gledali\u0161ki igralec Bojan Umek. Podelili bodo \u0161e dve priznanji za dose\u017eke na podro\u010dju kulture v preteklih dveh letih, in sicer dr. Bojanu Himmelreichu, arhivistu v Zgodovinskem arhivu Celje, in Katji Gore\u010dan, pesnici, [&hellip;]","og_url":"https:\/\/novice.si\/page\/umeku-priznanje-celjske-zvezde-za-zivljenjsko-delo\/","og_site_name":"Novice.si","article_published_time":"2024-01-24T21:04:45+00:00","article_modified_time":"2024-01-24T21:09:29+00:00","og_image":[{"width":500,"height":750,"url":"https:\/\/novice.si\/page\/wp-content\/uploads\/2024\/01\/cz-umek-1.jpg","type":"image\/jpeg"}],"author":"Uredni\u0161tvo Celjana","twitter_card":"summary_large_image","twitter_misc":{"Written by":"Uredni\u0161tvo Celjana","Est. reading time":"2 minuti"},"schema":{"@context":"https:\/\/schema.org","@graph":[{"@type":"Article","@id":"https:\/\/novice.si\/page\/umeku-priznanje-celjske-zvezde-za-zivljenjsko-delo\/#article","isPartOf":{"@id":"https:\/\/novice.si\/page\/umeku-priznanje-celjske-zvezde-za-zivljenjsko-delo\/"},"author":{"name":"Uredni\u0161tvo Celjana","@id":"https:\/\/novice.si\/page\/#\/schema\/person\/a49f233ef2777ec7b2e8d0662325bb48"},"headline":"Umeku priznanje Celjske zvezde za \u017eivljenjsko delo","datePublished":"2024-01-24T21:04:45+00:00","dateModified":"2024-01-24T21:09:29+00:00","mainEntityOfPage":{"@id":"https:\/\/novice.si\/page\/umeku-priznanje-celjske-zvezde-za-zivljenjsko-delo\/"},"wordCount":129,"publisher":{"@id":"https:\/\/novice.si\/page\/#organization"},"image":{"@id":"https:\/\/novice.si\/page\/umeku-priznanje-celjske-zvezde-za-zivljenjsko-delo\/#primaryimage"},"thumbnailUrl":"https:\/\/novice.si\/page\/wp-content\/uploads\/2024\/01\/cz-umek-1.jpg","articleSection":["Aktualno","Celjan","Celjsko"],"inLanguage":"sl-SI"},{"@type":"WebPage","@id":"https:\/\/novice.si\/page\/umeku-priznanje-celjske-zvezde-za-zivljenjsko-delo\/","url":"https:\/\/novice.si\/page\/umeku-priznanje-celjske-zvezde-za-zivljenjsko-delo\/","name":"Umeku priznanje Celjske zvezde za \u017eivljenjsko delo - Novice.si","isPartOf":{"@id":"https:\/\/novice.si\/page\/#website"},"primaryImageOfPage":{"@id":"https:\/\/novice.si\/page\/umeku-priznanje-celjske-zvezde-za-zivljenjsko-delo\/#primaryimage"},"image":{"@id":"https:\/\/novice.si\/page\/umeku-priznanje-celjske-zvezde-za-zivljenjsko-delo\/#primaryimage"},"thumbnailUrl":"https:\/\/novice.si\/page\/wp-content\/uploads\/2024\/01\/cz-umek-1.jpg","datePublished":"2024-01-24T21:04:45+00:00","dateModified":"2024-01-24T21:09:29+00:00","breadcrumb":{"@id":"https:\/\/novice.si\/page\/umeku-priznanje-celjske-zvezde-za-zivljenjsko-delo\/#breadcrumb"},"inLanguage":"sl-SI","potentialAction":[{"@type":"ReadAction","target":["https:\/\/novice.si\/page\/umeku-priznanje-celjske-zvezde-za-zivljenjsko-delo\/"]}]},{"@type":"ImageObject","inLanguage":"sl-SI","@id":"https:\/\/novice.si\/page\/umeku-priznanje-celjske-zvezde-za-zivljenjsko-delo\/#primaryimage","url":"https:\/\/novice.si\/page\/wp-content\/uploads\/2024\/01\/cz-umek-1.jpg","contentUrl":"https:\/\/novice.si\/page\/wp-content\/uploads\/2024\/01\/cz-umek-1.jpg","width":500,"height":750},{"@type":"BreadcrumbList","@id":"https:\/\/novice.si\/page\/umeku-priznanje-celjske-zvezde-za-zivljenjsko-delo\/#breadcrumb","itemListElement":[{"@type":"ListItem","position":1,"name":"Home","item":"https:\/\/novice.si\/page\/"},{"@type":"ListItem","position":2,"name":"Umeku priznanje Celjske zvezde za \u017eivljenjsko delo"}]},{"@type":"WebSite","@id":"https:\/\/novice.si\/page\/#website","url":"https:\/\/novice.si\/page\/","name":"Novice.si","description":"","publisher":{"@id":"https:\/\/novice.si\/page\/#organization"},"potentialAction":[{"@type":"SearchAction","target":{"@type":"EntryPoint","urlTemplate":"https:\/\/novice.si\/page\/?s={search_term_string}"},"query-input":{"@type":"PropertyValueSpecification","valueRequired":true,"valueName":"search_term_string"}}],"inLanguage":"sl-SI"},{"@type":"Organization","@id":"https:\/\/novice.si\/page\/#organization","name":"Novice.si","url":"https:\/\/novice.si\/page\/","logo":{"@type":"ImageObject","inLanguage":"sl-SI","@id":"https:\/\/novice.si\/page\/#\/schema\/logo\/image\/","url":"https:\/\/novice.si\/page\/wp-content\/uploads\/2023\/03\/novice_si.png","contentUrl":"https:\/\/novice.si\/page\/wp-content\/uploads\/2023\/03\/novice_si.png","width":576,"height":200,"caption":"Novice.si"},"image":{"@id":"https:\/\/novice.si\/page\/#\/schema\/logo\/image\/"}},{"@type":"Person","@id":"https:\/\/novice.si\/page\/#\/schema\/person\/a49f233ef2777ec7b2e8d0662325bb48","name":"Uredni\u0161tvo Celjana","image":{"@type":"ImageObject","inLanguage":"sl-SI","@id":"https:\/\/secure.gravatar.com\/avatar\/7f7863e616af8f92806c638dd1db3f1a238d83d1cc2ec3100afc06fbb7eb303f?s=96&d=mm&r=g","url":"https:\/\/secure.gravatar.com\/avatar\/7f7863e616af8f92806c638dd1db3f1a238d83d1cc2ec3100afc06fbb7eb303f?s=96&d=mm&r=g","contentUrl":"https:\/\/secure.gravatar.com\/avatar\/7f7863e616af8f92806c638dd1db3f1a238d83d1cc2ec3100afc06fbb7eb303f?s=96&d=mm&r=g","caption":"Uredni\u0161tvo Celjana"},"url":"https:\/\/novice.si\/page\/author\/maja\/"}]}},"_links":{"self":[{"href":"https:\/\/novice.si\/page\/wp-json\/wp\/v2\/posts\/171165","targetHints":{"allow":["GET"]}}],"collection":[{"href":"https:\/\/novice.si\/page\/wp-json\/wp\/v2\/posts"}],"about":[{"href":"https:\/\/novice.si\/page\/wp-json\/wp\/v2\/types\/post"}],"author":[{"embeddable":true,"href":"https:\/\/novice.si\/page\/wp-json\/wp\/v2\/users\/55"}],"replies":[{"embeddable":true,"href":"https:\/\/novice.si\/page\/wp-json\/wp\/v2\/comments?post=171165"}],"version-history":[{"count":1,"href":"https:\/\/novice.si\/page\/wp-json\/wp\/v2\/posts\/171165\/revisions"}],"predecessor-version":[{"id":171168,"href":"https:\/\/novice.si\/page\/wp-json\/wp\/v2\/posts\/171165\/revisions\/171168"}],"wp:featuredmedia":[{"embeddable":true,"href":"https:\/\/novice.si\/page\/wp-json\/wp\/v2\/media\/171167"}],"wp:attachment":[{"href":"https:\/\/novice.si\/page\/wp-json\/wp\/v2\/media?parent=171165"}],"wp:term":[{"taxonomy":"category","embeddable":true,"href":"https:\/\/novice.si\/page\/wp-json\/wp\/v2\/categories?post=171165"},{"taxonomy":"post_tag","embeddable":true,"href":"https:\/\/novice.si\/page\/wp-json\/wp\/v2\/tags?post=171165"}],"curies":[{"name":"wp","href":"https:\/\/api.w.org\/{rel}","templated":true}]}}