{"id":171119,"date":"2024-01-23T11:55:20","date_gmt":"2024-01-23T10:55:20","guid":{"rendered":"https:\/\/novice.si\/page\/?p=171119"},"modified":"2024-01-23T11:55:20","modified_gmt":"2024-01-23T10:55:20","slug":"celje-v-pricakovanju-zaostritve-stavke-povecan-pritisk-na-urgenco","status":"publish","type":"post","link":"https:\/\/novice.si\/page\/celje-v-pricakovanju-zaostritve-stavke-povecan-pritisk-na-urgenco\/","title":{"rendered":"CELJE V pri\u010dakovanju zaostritve stavke pove\u010dan pritisk na urgenco"},"content":{"rendered":"<p>V Splo\u0161ni bolni\u0161nici Celje naj bi zdravni\u0161ko stavko predvidoma zaostrili z doslednim upo\u0161tevanjem obstoje\u010dih omejitev.<\/p>\n<p><img loading=\"lazy\" decoding=\"async\" class=\"wp-image-168929 alignleft\" src=\"https:\/\/novice.si\/page\/wp-content\/uploads\/2023\/11\/SBC-zgradba-1-600x450.jpg\" alt=\"\" width=\"323\" height=\"242\" srcset=\"https:\/\/novice.si\/page\/wp-content\/uploads\/2023\/11\/SBC-zgradba-1-600x450.jpg 600w, https:\/\/novice.si\/page\/wp-content\/uploads\/2023\/11\/SBC-zgradba-1-1024x768.jpg 1024w, https:\/\/novice.si\/page\/wp-content\/uploads\/2023\/11\/SBC-zgradba-1-768x576.jpg 768w, https:\/\/novice.si\/page\/wp-content\/uploads\/2023\/11\/SBC-zgradba-1-1536x1152.jpg 1536w, https:\/\/novice.si\/page\/wp-content\/uploads\/2023\/11\/SBC-zgradba-1-2048x1536.jpg 2048w, https:\/\/novice.si\/page\/wp-content\/uploads\/2023\/11\/SBC-zgradba-1-80x60.jpg 80w, https:\/\/novice.si\/page\/wp-content\/uploads\/2023\/11\/SBC-zgradba-1-265x198.jpg 265w, https:\/\/novice.si\/page\/wp-content\/uploads\/2023\/11\/SBC-zgradba-1-696x522.jpg 696w, https:\/\/novice.si\/page\/wp-content\/uploads\/2023\/11\/SBC-zgradba-1-1068x801.jpg 1068w, https:\/\/novice.si\/page\/wp-content\/uploads\/2023\/11\/SBC-zgradba-1-560x420.jpg 560w, https:\/\/novice.si\/page\/wp-content\/uploads\/2023\/11\/SBC-zgradba-1-1920x1440.jpg 1920w, https:\/\/novice.si\/page\/wp-content\/uploads\/2023\/11\/SBC-zgradba-1-24x18.jpg 24w, https:\/\/novice.si\/page\/wp-content\/uploads\/2023\/11\/SBC-zgradba-1-36x27.jpg 36w, https:\/\/novice.si\/page\/wp-content\/uploads\/2023\/11\/SBC-zgradba-1-48x36.jpg 48w\" sizes=\"auto, (max-width: 323px) 100vw, 323px\" \/>Preklic soglasij za nadurno delo, ki ga napovedujejo v nekaterih drugih zdravstvenih ustanovah, po besedah direktorja bolni\u0161nice <strong>Dragana Kova\u010di\u010da<\/strong> (na sliki spodaj) za zdaj ne bo, bi se pa to lahko zgodilo, \u010de bi se stavka \u0161e nadaljevala.<\/p>\n<p>V Celju so doslej odpovedali pribli\u017eno desetino posegov in pregledov, akutno obolele in po\u0161kodovane osebe bodo \u0161e naprej obravnavali normalno. Kot je sino\u010di v Odmevih dejal Kova\u010di\u010d, pri stavki ne gre le za denar, temve\u010d je izpostavil varno obravnavo pacientov.<\/p>\n<p>Zaradi neugodnih vremenskih razmer so pove\u010dan obisk zabele\u017eili tudi v celjskem<img loading=\"lazy\" decoding=\"async\" class=\"wp-image-163752 alignright\" src=\"https:\/\/novice.si\/page\/wp-content\/uploads\/2023\/06\/dragan-kovacic-600x495.jpg\" alt=\"\" width=\"251\" height=\"207\" srcset=\"https:\/\/novice.si\/page\/wp-content\/uploads\/2023\/06\/dragan-kovacic-600x495.jpg 600w, https:\/\/novice.si\/page\/wp-content\/uploads\/2023\/06\/dragan-kovacic-1024x845.jpg 1024w, https:\/\/novice.si\/page\/wp-content\/uploads\/2023\/06\/dragan-kovacic-768x634.jpg 768w, https:\/\/novice.si\/page\/wp-content\/uploads\/2023\/06\/dragan-kovacic-1536x1267.jpg 1536w, https:\/\/novice.si\/page\/wp-content\/uploads\/2023\/06\/dragan-kovacic-2048x1690.jpg 2048w, https:\/\/novice.si\/page\/wp-content\/uploads\/2023\/06\/dragan-kovacic-696x574.jpg 696w, https:\/\/novice.si\/page\/wp-content\/uploads\/2023\/06\/dragan-kovacic-1068x881.jpg 1068w, https:\/\/novice.si\/page\/wp-content\/uploads\/2023\/06\/dragan-kovacic-509x420.jpg 509w, https:\/\/novice.si\/page\/wp-content\/uploads\/2023\/06\/dragan-kovacic-24x20.jpg 24w, https:\/\/novice.si\/page\/wp-content\/uploads\/2023\/06\/dragan-kovacic-36x30.jpg 36w, https:\/\/novice.si\/page\/wp-content\/uploads\/2023\/06\/dragan-kovacic-48x40.jpg 48w\" sizes=\"auto, (max-width: 251px) 100vw, 251px\" \/> urgentnem centru. Na kirur\u0161kem delu so zadnji vikend obravnavali ve\u010d kot 200 pacientov, od tega 120 zaradi po\u0161kodb ob padcu na snegu in ledu.<\/p>\n<p>Najve\u010d je zlomov zapestja ter zlomov in zvinov gle\u017enja. Pritisk na urgenco je bil petino ve\u010dji glede na predhodni konec tedna in kar za polovico nad tistim pred 14 dnevi.<\/p>\n<p>\u010ceprav so zdravni\u0161ke ekipe zaradi stavke okrepljene, so se podalj\u0161ali \u010dasi \u010dakanja na zdravstveno obravnavo. Internisti\u010dne oddelke ta \u010das polnijo tudi bolniki z gripo in drugimi virusnimi obolenji, ki so nevarna za otroke in starej\u0161e s kroni\u010dnimi obolenji.<\/p>\n<p>P\u0160<\/p>\n<p>&nbsp;<\/p>\n","protected":false},"excerpt":{"rendered":"<p>V Splo\u0161ni bolni\u0161nici Celje naj bi zdravni\u0161ko stavko predvidoma zaostrili z doslednim upo\u0161tevanjem obstoje\u010dih omejitev. Preklic soglasij za nadurno delo, ki ga napovedujejo v nekaterih drugih zdravstvenih ustanovah, po besedah direktorja bolni\u0161nice Dragana Kova\u010di\u010da (na sliki spodaj) za zdaj ne bo, bi se pa to lahko zgodilo, \u010de bi se stavka \u0161e nadaljevala. V Celju [&hellip;]<\/p>\n","protected":false},"author":33,"featured_media":171120,"comment_status":"closed","ping_status":"closed","sticky":false,"template":"","format":"standard","meta":{"footnotes":""},"categories":[17],"tags":[10747,19639,3733,16825,19218],"class_list":{"0":"post-171119","1":"post","2":"type-post","3":"status-publish","4":"format-standard","5":"has-post-thumbnail","7":"category-celjsko","8":"tag-dragan-kovacic","9":"tag-povecan-obisk-urgence","10":"tag-sbc","11":"tag-stavka-zdravnikov","12":"tag-uc"},"yoast_head":"<!-- This site is optimized with the Yoast SEO plugin v27.4 - https:\/\/yoast.com\/product\/yoast-seo-wordpress\/ -->\n<title>CELJE V pri\u010dakovanju zaostritve stavke pove\u010dan pritisk na urgenco - Novice.si<\/title>\n<meta name=\"robots\" content=\"index, follow, max-snippet:-1, max-image-preview:large, max-video-preview:-1\" \/>\n<link rel=\"canonical\" href=\"https:\/\/novice.si\/page\/celje-v-pricakovanju-zaostritve-stavke-povecan-pritisk-na-urgenco\/\" \/>\n<meta property=\"og:locale\" content=\"sl_SI\" \/>\n<meta property=\"og:type\" content=\"article\" \/>\n<meta property=\"og:title\" content=\"CELJE V pri\u010dakovanju zaostritve stavke pove\u010dan pritisk na urgenco - Novice.si\" \/>\n<meta property=\"og:description\" content=\"V Splo\u0161ni bolni\u0161nici Celje naj bi zdravni\u0161ko stavko predvidoma zaostrili z doslednim upo\u0161tevanjem obstoje\u010dih omejitev. Preklic soglasij za nadurno delo, ki ga napovedujejo v nekaterih drugih zdravstvenih ustanovah, po besedah direktorja bolni\u0161nice Dragana Kova\u010di\u010da (na sliki spodaj) za zdaj ne bo, bi se pa to lahko zgodilo, \u010de bi se stavka \u0161e nadaljevala. V Celju [&hellip;]\" \/>\n<meta property=\"og:url\" content=\"https:\/\/novice.si\/page\/celje-v-pricakovanju-zaostritve-stavke-povecan-pritisk-na-urgenco\/\" \/>\n<meta property=\"og:site_name\" content=\"Novice.si\" \/>\n<meta property=\"article:published_time\" content=\"2024-01-23T10:55:20+00:00\" \/>\n<meta property=\"og:image\" content=\"https:\/\/novice.si\/page\/wp-content\/uploads\/2024\/01\/SBC-prazno-2-scaled.jpg\" \/>\n\t<meta property=\"og:image:width\" content=\"1920\" \/>\n\t<meta property=\"og:image:height\" content=\"2560\" \/>\n\t<meta property=\"og:image:type\" content=\"image\/jpeg\" \/>\n<meta name=\"author\" content=\"Uredni\u0161tvo Celjana\" \/>\n<meta name=\"twitter:card\" content=\"summary_large_image\" \/>\n<meta name=\"twitter:label1\" content=\"Written by\" \/>\n\t<meta name=\"twitter:data1\" content=\"Uredni\u0161tvo Celjana\" \/>\n\t<meta name=\"twitter:label2\" content=\"Est. reading time\" \/>\n\t<meta name=\"twitter:data2\" content=\"2 minuti\" \/>\n<script type=\"application\/ld+json\" class=\"yoast-schema-graph\">{\"@context\":\"https:\\\/\\\/schema.org\",\"@graph\":[{\"@type\":\"Article\",\"@id\":\"https:\\\/\\\/novice.si\\\/page\\\/celje-v-pricakovanju-zaostritve-stavke-povecan-pritisk-na-urgenco\\\/#article\",\"isPartOf\":{\"@id\":\"https:\\\/\\\/novice.si\\\/page\\\/celje-v-pricakovanju-zaostritve-stavke-povecan-pritisk-na-urgenco\\\/\"},\"author\":{\"name\":\"Uredni\u0161tvo Celjana\",\"@id\":\"https:\\\/\\\/novice.si\\\/page\\\/#\\\/schema\\\/person\\\/57f25c9642a9541c7349c65d32032c3e\"},\"headline\":\"CELJE V pri\u010dakovanju zaostritve stavke pove\u010dan pritisk na urgenco\",\"datePublished\":\"2024-01-23T10:55:20+00:00\",\"mainEntityOfPage\":{\"@id\":\"https:\\\/\\\/novice.si\\\/page\\\/celje-v-pricakovanju-zaostritve-stavke-povecan-pritisk-na-urgenco\\\/\"},\"wordCount\":229,\"publisher\":{\"@id\":\"https:\\\/\\\/novice.si\\\/page\\\/#organization\"},\"image\":{\"@id\":\"https:\\\/\\\/novice.si\\\/page\\\/celje-v-pricakovanju-zaostritve-stavke-povecan-pritisk-na-urgenco\\\/#primaryimage\"},\"thumbnailUrl\":\"https:\\\/\\\/novice.si\\\/page\\\/wp-content\\\/uploads\\\/2024\\\/01\\\/SBC-prazno-2-scaled.jpg\",\"keywords\":[\"dragan kova\u010di\u0107\",\"pove\u010dan obisk urgence\",\"SBC\",\"stavka zdravnikov\",\"UC\"],\"articleSection\":[\"Celjsko\"],\"inLanguage\":\"sl-SI\"},{\"@type\":\"WebPage\",\"@id\":\"https:\\\/\\\/novice.si\\\/page\\\/celje-v-pricakovanju-zaostritve-stavke-povecan-pritisk-na-urgenco\\\/\",\"url\":\"https:\\\/\\\/novice.si\\\/page\\\/celje-v-pricakovanju-zaostritve-stavke-povecan-pritisk-na-urgenco\\\/\",\"name\":\"CELJE V pri\u010dakovanju zaostritve stavke pove\u010dan pritisk na urgenco - Novice.si\",\"isPartOf\":{\"@id\":\"https:\\\/\\\/novice.si\\\/page\\\/#website\"},\"primaryImageOfPage\":{\"@id\":\"https:\\\/\\\/novice.si\\\/page\\\/celje-v-pricakovanju-zaostritve-stavke-povecan-pritisk-na-urgenco\\\/#primaryimage\"},\"image\":{\"@id\":\"https:\\\/\\\/novice.si\\\/page\\\/celje-v-pricakovanju-zaostritve-stavke-povecan-pritisk-na-urgenco\\\/#primaryimage\"},\"thumbnailUrl\":\"https:\\\/\\\/novice.si\\\/page\\\/wp-content\\\/uploads\\\/2024\\\/01\\\/SBC-prazno-2-scaled.jpg\",\"datePublished\":\"2024-01-23T10:55:20+00:00\",\"breadcrumb\":{\"@id\":\"https:\\\/\\\/novice.si\\\/page\\\/celje-v-pricakovanju-zaostritve-stavke-povecan-pritisk-na-urgenco\\\/#breadcrumb\"},\"inLanguage\":\"sl-SI\",\"potentialAction\":[{\"@type\":\"ReadAction\",\"target\":[\"https:\\\/\\\/novice.si\\\/page\\\/celje-v-pricakovanju-zaostritve-stavke-povecan-pritisk-na-urgenco\\\/\"]}]},{\"@type\":\"ImageObject\",\"inLanguage\":\"sl-SI\",\"@id\":\"https:\\\/\\\/novice.si\\\/page\\\/celje-v-pricakovanju-zaostritve-stavke-povecan-pritisk-na-urgenco\\\/#primaryimage\",\"url\":\"https:\\\/\\\/novice.si\\\/page\\\/wp-content\\\/uploads\\\/2024\\\/01\\\/SBC-prazno-2-scaled.jpg\",\"contentUrl\":\"https:\\\/\\\/novice.si\\\/page\\\/wp-content\\\/uploads\\\/2024\\\/01\\\/SBC-prazno-2-scaled.jpg\",\"width\":1920,\"height\":2560},{\"@type\":\"BreadcrumbList\",\"@id\":\"https:\\\/\\\/novice.si\\\/page\\\/celje-v-pricakovanju-zaostritve-stavke-povecan-pritisk-na-urgenco\\\/#breadcrumb\",\"itemListElement\":[{\"@type\":\"ListItem\",\"position\":1,\"name\":\"Home\",\"item\":\"https:\\\/\\\/novice.si\\\/page\\\/\"},{\"@type\":\"ListItem\",\"position\":2,\"name\":\"CELJE V pri\u010dakovanju zaostritve stavke pove\u010dan pritisk na urgenco\"}]},{\"@type\":\"WebSite\",\"@id\":\"https:\\\/\\\/novice.si\\\/page\\\/#website\",\"url\":\"https:\\\/\\\/novice.si\\\/page\\\/\",\"name\":\"Novice.si\",\"description\":\"\",\"publisher\":{\"@id\":\"https:\\\/\\\/novice.si\\\/page\\\/#organization\"},\"potentialAction\":[{\"@type\":\"SearchAction\",\"target\":{\"@type\":\"EntryPoint\",\"urlTemplate\":\"https:\\\/\\\/novice.si\\\/page\\\/?s={search_term_string}\"},\"query-input\":{\"@type\":\"PropertyValueSpecification\",\"valueRequired\":true,\"valueName\":\"search_term_string\"}}],\"inLanguage\":\"sl-SI\"},{\"@type\":\"Organization\",\"@id\":\"https:\\\/\\\/novice.si\\\/page\\\/#organization\",\"name\":\"Novice.si\",\"url\":\"https:\\\/\\\/novice.si\\\/page\\\/\",\"logo\":{\"@type\":\"ImageObject\",\"inLanguage\":\"sl-SI\",\"@id\":\"https:\\\/\\\/novice.si\\\/page\\\/#\\\/schema\\\/logo\\\/image\\\/\",\"url\":\"https:\\\/\\\/novice.si\\\/page\\\/wp-content\\\/uploads\\\/2023\\\/03\\\/novice_si.png\",\"contentUrl\":\"https:\\\/\\\/novice.si\\\/page\\\/wp-content\\\/uploads\\\/2023\\\/03\\\/novice_si.png\",\"width\":576,\"height\":200,\"caption\":\"Novice.si\"},\"image\":{\"@id\":\"https:\\\/\\\/novice.si\\\/page\\\/#\\\/schema\\\/logo\\\/image\\\/\"}},{\"@type\":\"Person\",\"@id\":\"https:\\\/\\\/novice.si\\\/page\\\/#\\\/schema\\\/person\\\/57f25c9642a9541c7349c65d32032c3e\",\"name\":\"Uredni\u0161tvo Celjana\",\"image\":{\"@type\":\"ImageObject\",\"inLanguage\":\"sl-SI\",\"@id\":\"https:\\\/\\\/secure.gravatar.com\\\/avatar\\\/78e52bc4279b65f6df6345e0ef0f7b792d361361f230cf4ffecfe0afe6d5629c?s=96&d=mm&r=g\",\"url\":\"https:\\\/\\\/secure.gravatar.com\\\/avatar\\\/78e52bc4279b65f6df6345e0ef0f7b792d361361f230cf4ffecfe0afe6d5629c?s=96&d=mm&r=g\",\"contentUrl\":\"https:\\\/\\\/secure.gravatar.com\\\/avatar\\\/78e52bc4279b65f6df6345e0ef0f7b792d361361f230cf4ffecfe0afe6d5629c?s=96&d=mm&r=g\",\"caption\":\"Uredni\u0161tvo Celjana\"},\"url\":\"https:\\\/\\\/novice.si\\\/page\\\/author\\\/primoz\\\/\"}]}<\/script>\n<!-- \/ Yoast SEO plugin. -->","yoast_head_json":{"title":"CELJE V pri\u010dakovanju zaostritve stavke pove\u010dan pritisk na urgenco - Novice.si","robots":{"index":"index","follow":"follow","max-snippet":"max-snippet:-1","max-image-preview":"max-image-preview:large","max-video-preview":"max-video-preview:-1"},"canonical":"https:\/\/novice.si\/page\/celje-v-pricakovanju-zaostritve-stavke-povecan-pritisk-na-urgenco\/","og_locale":"sl_SI","og_type":"article","og_title":"CELJE V pri\u010dakovanju zaostritve stavke pove\u010dan pritisk na urgenco - Novice.si","og_description":"V Splo\u0161ni bolni\u0161nici Celje naj bi zdravni\u0161ko stavko predvidoma zaostrili z doslednim upo\u0161tevanjem obstoje\u010dih omejitev. Preklic soglasij za nadurno delo, ki ga napovedujejo v nekaterih drugih zdravstvenih ustanovah, po besedah direktorja bolni\u0161nice Dragana Kova\u010di\u010da (na sliki spodaj) za zdaj ne bo, bi se pa to lahko zgodilo, \u010de bi se stavka \u0161e nadaljevala. V Celju [&hellip;]","og_url":"https:\/\/novice.si\/page\/celje-v-pricakovanju-zaostritve-stavke-povecan-pritisk-na-urgenco\/","og_site_name":"Novice.si","article_published_time":"2024-01-23T10:55:20+00:00","og_image":[{"width":1920,"height":2560,"url":"https:\/\/novice.si\/page\/wp-content\/uploads\/2024\/01\/SBC-prazno-2-scaled.jpg","type":"image\/jpeg"}],"author":"Uredni\u0161tvo Celjana","twitter_card":"summary_large_image","twitter_misc":{"Written by":"Uredni\u0161tvo Celjana","Est. reading time":"2 minuti"},"schema":{"@context":"https:\/\/schema.org","@graph":[{"@type":"Article","@id":"https:\/\/novice.si\/page\/celje-v-pricakovanju-zaostritve-stavke-povecan-pritisk-na-urgenco\/#article","isPartOf":{"@id":"https:\/\/novice.si\/page\/celje-v-pricakovanju-zaostritve-stavke-povecan-pritisk-na-urgenco\/"},"author":{"name":"Uredni\u0161tvo Celjana","@id":"https:\/\/novice.si\/page\/#\/schema\/person\/57f25c9642a9541c7349c65d32032c3e"},"headline":"CELJE V pri\u010dakovanju zaostritve stavke pove\u010dan pritisk na urgenco","datePublished":"2024-01-23T10:55:20+00:00","mainEntityOfPage":{"@id":"https:\/\/novice.si\/page\/celje-v-pricakovanju-zaostritve-stavke-povecan-pritisk-na-urgenco\/"},"wordCount":229,"publisher":{"@id":"https:\/\/novice.si\/page\/#organization"},"image":{"@id":"https:\/\/novice.si\/page\/celje-v-pricakovanju-zaostritve-stavke-povecan-pritisk-na-urgenco\/#primaryimage"},"thumbnailUrl":"https:\/\/novice.si\/page\/wp-content\/uploads\/2024\/01\/SBC-prazno-2-scaled.jpg","keywords":["dragan kova\u010di\u0107","pove\u010dan obisk urgence","SBC","stavka zdravnikov","UC"],"articleSection":["Celjsko"],"inLanguage":"sl-SI"},{"@type":"WebPage","@id":"https:\/\/novice.si\/page\/celje-v-pricakovanju-zaostritve-stavke-povecan-pritisk-na-urgenco\/","url":"https:\/\/novice.si\/page\/celje-v-pricakovanju-zaostritve-stavke-povecan-pritisk-na-urgenco\/","name":"CELJE V pri\u010dakovanju zaostritve stavke pove\u010dan pritisk na urgenco - Novice.si","isPartOf":{"@id":"https:\/\/novice.si\/page\/#website"},"primaryImageOfPage":{"@id":"https:\/\/novice.si\/page\/celje-v-pricakovanju-zaostritve-stavke-povecan-pritisk-na-urgenco\/#primaryimage"},"image":{"@id":"https:\/\/novice.si\/page\/celje-v-pricakovanju-zaostritve-stavke-povecan-pritisk-na-urgenco\/#primaryimage"},"thumbnailUrl":"https:\/\/novice.si\/page\/wp-content\/uploads\/2024\/01\/SBC-prazno-2-scaled.jpg","datePublished":"2024-01-23T10:55:20+00:00","breadcrumb":{"@id":"https:\/\/novice.si\/page\/celje-v-pricakovanju-zaostritve-stavke-povecan-pritisk-na-urgenco\/#breadcrumb"},"inLanguage":"sl-SI","potentialAction":[{"@type":"ReadAction","target":["https:\/\/novice.si\/page\/celje-v-pricakovanju-zaostritve-stavke-povecan-pritisk-na-urgenco\/"]}]},{"@type":"ImageObject","inLanguage":"sl-SI","@id":"https:\/\/novice.si\/page\/celje-v-pricakovanju-zaostritve-stavke-povecan-pritisk-na-urgenco\/#primaryimage","url":"https:\/\/novice.si\/page\/wp-content\/uploads\/2024\/01\/SBC-prazno-2-scaled.jpg","contentUrl":"https:\/\/novice.si\/page\/wp-content\/uploads\/2024\/01\/SBC-prazno-2-scaled.jpg","width":1920,"height":2560},{"@type":"BreadcrumbList","@id":"https:\/\/novice.si\/page\/celje-v-pricakovanju-zaostritve-stavke-povecan-pritisk-na-urgenco\/#breadcrumb","itemListElement":[{"@type":"ListItem","position":1,"name":"Home","item":"https:\/\/novice.si\/page\/"},{"@type":"ListItem","position":2,"name":"CELJE V pri\u010dakovanju zaostritve stavke pove\u010dan pritisk na urgenco"}]},{"@type":"WebSite","@id":"https:\/\/novice.si\/page\/#website","url":"https:\/\/novice.si\/page\/","name":"Novice.si","description":"","publisher":{"@id":"https:\/\/novice.si\/page\/#organization"},"potentialAction":[{"@type":"SearchAction","target":{"@type":"EntryPoint","urlTemplate":"https:\/\/novice.si\/page\/?s={search_term_string}"},"query-input":{"@type":"PropertyValueSpecification","valueRequired":true,"valueName":"search_term_string"}}],"inLanguage":"sl-SI"},{"@type":"Organization","@id":"https:\/\/novice.si\/page\/#organization","name":"Novice.si","url":"https:\/\/novice.si\/page\/","logo":{"@type":"ImageObject","inLanguage":"sl-SI","@id":"https:\/\/novice.si\/page\/#\/schema\/logo\/image\/","url":"https:\/\/novice.si\/page\/wp-content\/uploads\/2023\/03\/novice_si.png","contentUrl":"https:\/\/novice.si\/page\/wp-content\/uploads\/2023\/03\/novice_si.png","width":576,"height":200,"caption":"Novice.si"},"image":{"@id":"https:\/\/novice.si\/page\/#\/schema\/logo\/image\/"}},{"@type":"Person","@id":"https:\/\/novice.si\/page\/#\/schema\/person\/57f25c9642a9541c7349c65d32032c3e","name":"Uredni\u0161tvo Celjana","image":{"@type":"ImageObject","inLanguage":"sl-SI","@id":"https:\/\/secure.gravatar.com\/avatar\/78e52bc4279b65f6df6345e0ef0f7b792d361361f230cf4ffecfe0afe6d5629c?s=96&d=mm&r=g","url":"https:\/\/secure.gravatar.com\/avatar\/78e52bc4279b65f6df6345e0ef0f7b792d361361f230cf4ffecfe0afe6d5629c?s=96&d=mm&r=g","contentUrl":"https:\/\/secure.gravatar.com\/avatar\/78e52bc4279b65f6df6345e0ef0f7b792d361361f230cf4ffecfe0afe6d5629c?s=96&d=mm&r=g","caption":"Uredni\u0161tvo Celjana"},"url":"https:\/\/novice.si\/page\/author\/primoz\/"}]}},"_links":{"self":[{"href":"https:\/\/novice.si\/page\/wp-json\/wp\/v2\/posts\/171119","targetHints":{"allow":["GET"]}}],"collection":[{"href":"https:\/\/novice.si\/page\/wp-json\/wp\/v2\/posts"}],"about":[{"href":"https:\/\/novice.si\/page\/wp-json\/wp\/v2\/types\/post"}],"author":[{"embeddable":true,"href":"https:\/\/novice.si\/page\/wp-json\/wp\/v2\/users\/33"}],"replies":[{"embeddable":true,"href":"https:\/\/novice.si\/page\/wp-json\/wp\/v2\/comments?post=171119"}],"version-history":[{"count":1,"href":"https:\/\/novice.si\/page\/wp-json\/wp\/v2\/posts\/171119\/revisions"}],"predecessor-version":[{"id":171121,"href":"https:\/\/novice.si\/page\/wp-json\/wp\/v2\/posts\/171119\/revisions\/171121"}],"wp:featuredmedia":[{"embeddable":true,"href":"https:\/\/novice.si\/page\/wp-json\/wp\/v2\/media\/171120"}],"wp:attachment":[{"href":"https:\/\/novice.si\/page\/wp-json\/wp\/v2\/media?parent=171119"}],"wp:term":[{"taxonomy":"category","embeddable":true,"href":"https:\/\/novice.si\/page\/wp-json\/wp\/v2\/categories?post=171119"},{"taxonomy":"post_tag","embeddable":true,"href":"https:\/\/novice.si\/page\/wp-json\/wp\/v2\/tags?post=171119"}],"curies":[{"name":"wp","href":"https:\/\/api.w.org\/{rel}","templated":true}]}}