{"id":171073,"date":"2024-01-19T15:36:01","date_gmt":"2024-01-19T14:36:01","guid":{"rendered":"https:\/\/novice.si\/page\/?p=171073"},"modified":"2024-01-19T15:36:01","modified_gmt":"2024-01-19T14:36:01","slug":"vojnik-ivo-boscarol-na-srecanju-vojniskih-podjetnikov","status":"publish","type":"post","link":"https:\/\/novice.si\/page\/vojnik-ivo-boscarol-na-srecanju-vojniskih-podjetnikov\/","title":{"rendered":"VOJNIK Ivo Boscarol na sre\u010danju vojni\u0161kih podjetnikov"},"content":{"rendered":"<p>Pribli\u017eno sto podjetnikov in obrtnikov ob\u010dine Vojnik se je v\u010deraj udele\u017eilo \u017eupanovega sprejema v prostorih Podru\u017eni\u010dne osnovne \u0161ole v Novi Cerkvi. Poglavitni namen sre\u010danja je <img loading=\"lazy\" decoding=\"async\" class=\"wp-image-171074 alignleft\" src=\"https:\/\/novice.si\/page\/wp-content\/uploads\/2024\/01\/Vojnik-Posel-8-600x450.jpg\" alt=\"\" width=\"463\" height=\"347\" srcset=\"https:\/\/novice.si\/page\/wp-content\/uploads\/2024\/01\/Vojnik-Posel-8-600x450.jpg 600w, https:\/\/novice.si\/page\/wp-content\/uploads\/2024\/01\/Vojnik-Posel-8-1024x768.jpg 1024w, https:\/\/novice.si\/page\/wp-content\/uploads\/2024\/01\/Vojnik-Posel-8-768x576.jpg 768w, https:\/\/novice.si\/page\/wp-content\/uploads\/2024\/01\/Vojnik-Posel-8-1536x1152.jpg 1536w, https:\/\/novice.si\/page\/wp-content\/uploads\/2024\/01\/Vojnik-Posel-8-2048x1536.jpg 2048w, https:\/\/novice.si\/page\/wp-content\/uploads\/2024\/01\/Vojnik-Posel-8-80x60.jpg 80w, https:\/\/novice.si\/page\/wp-content\/uploads\/2024\/01\/Vojnik-Posel-8-265x198.jpg 265w, https:\/\/novice.si\/page\/wp-content\/uploads\/2024\/01\/Vojnik-Posel-8-696x522.jpg 696w, https:\/\/novice.si\/page\/wp-content\/uploads\/2024\/01\/Vojnik-Posel-8-1068x801.jpg 1068w, https:\/\/novice.si\/page\/wp-content\/uploads\/2024\/01\/Vojnik-Posel-8-560x420.jpg 560w, https:\/\/novice.si\/page\/wp-content\/uploads\/2024\/01\/Vojnik-Posel-8-1920x1440.jpg 1920w, https:\/\/novice.si\/page\/wp-content\/uploads\/2024\/01\/Vojnik-Posel-8-24x18.jpg 24w, https:\/\/novice.si\/page\/wp-content\/uploads\/2024\/01\/Vojnik-Posel-8-36x27.jpg 36w, https:\/\/novice.si\/page\/wp-content\/uploads\/2024\/01\/Vojnik-Posel-8-48x36.jpg 48w\" sizes=\"auto, (max-width: 463px) 100vw, 463px\" \/>bilo medsebojno spoznavanje in izmenjava izku\u0161enj, \u017eupan <strong>Branko Petre<\/strong> pa je ob tej prilo\u017enosti hotel dati tudi nekaj vetra v jadra doma\u010demu klubu podjetnikov.<\/p>\n<p>Osrednji gost ve\u010dera je bil eden najuspe\u0161nej\u0161ih slovenskih podjetnikov <strong>Ivo Boscarol<\/strong>, ki je ob tem dejal: \u00bbMali kraji imajo obi\u010dajno manj mo\u017enosti, da se sre\u010dajo z ljudmi. Toda sam rad prihajam k njim, saj so ljudje bolj naravni, iskreni in druga\u010de sprejemajo tak\u0161ne pogovore. Druga\u010de se poistovetijo s tistim, kar pove\u0161.\u00ab<\/p>\n<p>Boscarol je z zbranimi rad delil bogate podjetni\u0161ke izku\u0161nje, ki so ga naposled privedle v vrh razvoja svetovnega letalstva. Podjetje Pipistrel je pred slabim dvema letoma prodal Ameri\u010danom, sam pa je v njem ostal kot zaslu\u017eni predsednik in svetovalec, zadr\u017eal je tudi manj\u0161i poslovni dele\u017e.<\/p>\n<p><em>Ve\u010d preberite v Celjanu.<\/em><\/p>\n<p>P\u0160<\/p>\n","protected":false},"excerpt":{"rendered":"<p>Pribli\u017eno sto podjetnikov in obrtnikov ob\u010dine Vojnik se je v\u010deraj udele\u017eilo \u017eupanovega sprejema v prostorih Podru\u017eni\u010dne osnovne \u0161ole v Novi Cerkvi. Poglavitni namen sre\u010danja je bilo medsebojno spoznavanje in izmenjava izku\u0161enj, \u017eupan Branko Petre pa je ob tej prilo\u017enosti hotel dati tudi nekaj vetra v jadra doma\u010demu klubu podjetnikov. Osrednji gost ve\u010dera je bil eden [&hellip;]<\/p>\n","protected":false},"author":33,"featured_media":171075,"comment_status":"closed","ping_status":"closed","sticky":false,"template":"","format":"standard","meta":{"footnotes":""},"categories":[17],"tags":[5232,19624,3076,19625,1209],"class_list":{"0":"post-171073","1":"post","2":"type-post","3":"status-publish","4":"format-standard","5":"has-post-thumbnail","7":"category-celjsko","8":"tag-branko-petre","9":"tag-ivo-boscarol","10":"tag-nova-cerkev","11":"tag-sprejem-podjetnikov-in-obrtnikov","12":"tag-vojnik"},"yoast_head":"<!-- This site is optimized with the Yoast SEO plugin v27.4 - https:\/\/yoast.com\/product\/yoast-seo-wordpress\/ -->\n<title>VOJNIK Ivo Boscarol na sre\u010danju vojni\u0161kih podjetnikov - Novice.si<\/title>\n<meta name=\"robots\" content=\"index, follow, max-snippet:-1, max-image-preview:large, max-video-preview:-1\" \/>\n<link rel=\"canonical\" href=\"https:\/\/novice.si\/page\/vojnik-ivo-boscarol-na-srecanju-vojniskih-podjetnikov\/\" \/>\n<meta property=\"og:locale\" content=\"sl_SI\" \/>\n<meta property=\"og:type\" content=\"article\" \/>\n<meta property=\"og:title\" content=\"VOJNIK Ivo Boscarol na sre\u010danju vojni\u0161kih podjetnikov - Novice.si\" \/>\n<meta property=\"og:description\" content=\"Pribli\u017eno sto podjetnikov in obrtnikov ob\u010dine Vojnik se je v\u010deraj udele\u017eilo \u017eupanovega sprejema v prostorih Podru\u017eni\u010dne osnovne \u0161ole v Novi Cerkvi. Poglavitni namen sre\u010danja je bilo medsebojno spoznavanje in izmenjava izku\u0161enj, \u017eupan Branko Petre pa je ob tej prilo\u017enosti hotel dati tudi nekaj vetra v jadra doma\u010demu klubu podjetnikov. Osrednji gost ve\u010dera je bil eden [&hellip;]\" \/>\n<meta property=\"og:url\" content=\"https:\/\/novice.si\/page\/vojnik-ivo-boscarol-na-srecanju-vojniskih-podjetnikov\/\" \/>\n<meta property=\"og:site_name\" content=\"Novice.si\" \/>\n<meta property=\"article:published_time\" content=\"2024-01-19T14:36:01+00:00\" \/>\n<meta property=\"og:image\" content=\"https:\/\/novice.si\/page\/wp-content\/uploads\/2024\/01\/Ivo-Boscarol-3-scaled.jpg\" \/>\n\t<meta property=\"og:image:width\" content=\"1920\" \/>\n\t<meta property=\"og:image:height\" content=\"2560\" \/>\n\t<meta property=\"og:image:type\" content=\"image\/jpeg\" \/>\n<meta name=\"author\" content=\"Uredni\u0161tvo Celjana\" \/>\n<meta name=\"twitter:card\" content=\"summary_large_image\" \/>\n<meta name=\"twitter:label1\" content=\"Written by\" \/>\n\t<meta name=\"twitter:data1\" content=\"Uredni\u0161tvo Celjana\" \/>\n\t<meta name=\"twitter:label2\" content=\"Est. reading time\" \/>\n\t<meta name=\"twitter:data2\" content=\"2 minuti\" \/>\n<script type=\"application\/ld+json\" class=\"yoast-schema-graph\">{\"@context\":\"https:\\\/\\\/schema.org\",\"@graph\":[{\"@type\":\"Article\",\"@id\":\"https:\\\/\\\/novice.si\\\/page\\\/vojnik-ivo-boscarol-na-srecanju-vojniskih-podjetnikov\\\/#article\",\"isPartOf\":{\"@id\":\"https:\\\/\\\/novice.si\\\/page\\\/vojnik-ivo-boscarol-na-srecanju-vojniskih-podjetnikov\\\/\"},\"author\":{\"name\":\"Uredni\u0161tvo Celjana\",\"@id\":\"https:\\\/\\\/novice.si\\\/page\\\/#\\\/schema\\\/person\\\/57f25c9642a9541c7349c65d32032c3e\"},\"headline\":\"VOJNIK Ivo Boscarol na sre\u010danju vojni\u0161kih podjetnikov\",\"datePublished\":\"2024-01-19T14:36:01+00:00\",\"mainEntityOfPage\":{\"@id\":\"https:\\\/\\\/novice.si\\\/page\\\/vojnik-ivo-boscarol-na-srecanju-vojniskih-podjetnikov\\\/\"},\"wordCount\":184,\"publisher\":{\"@id\":\"https:\\\/\\\/novice.si\\\/page\\\/#organization\"},\"image\":{\"@id\":\"https:\\\/\\\/novice.si\\\/page\\\/vojnik-ivo-boscarol-na-srecanju-vojniskih-podjetnikov\\\/#primaryimage\"},\"thumbnailUrl\":\"https:\\\/\\\/novice.si\\\/page\\\/wp-content\\\/uploads\\\/2024\\\/01\\\/Ivo-Boscarol-3-scaled.jpg\",\"keywords\":[\"Branko Petre\",\"ivo boscarol\",\"nova cerkev\",\"sprejem podjetnikov in obrtnikov\",\"Vojnik\"],\"articleSection\":[\"Celjsko\"],\"inLanguage\":\"sl-SI\"},{\"@type\":\"WebPage\",\"@id\":\"https:\\\/\\\/novice.si\\\/page\\\/vojnik-ivo-boscarol-na-srecanju-vojniskih-podjetnikov\\\/\",\"url\":\"https:\\\/\\\/novice.si\\\/page\\\/vojnik-ivo-boscarol-na-srecanju-vojniskih-podjetnikov\\\/\",\"name\":\"VOJNIK Ivo Boscarol na sre\u010danju vojni\u0161kih podjetnikov - Novice.si\",\"isPartOf\":{\"@id\":\"https:\\\/\\\/novice.si\\\/page\\\/#website\"},\"primaryImageOfPage\":{\"@id\":\"https:\\\/\\\/novice.si\\\/page\\\/vojnik-ivo-boscarol-na-srecanju-vojniskih-podjetnikov\\\/#primaryimage\"},\"image\":{\"@id\":\"https:\\\/\\\/novice.si\\\/page\\\/vojnik-ivo-boscarol-na-srecanju-vojniskih-podjetnikov\\\/#primaryimage\"},\"thumbnailUrl\":\"https:\\\/\\\/novice.si\\\/page\\\/wp-content\\\/uploads\\\/2024\\\/01\\\/Ivo-Boscarol-3-scaled.jpg\",\"datePublished\":\"2024-01-19T14:36:01+00:00\",\"breadcrumb\":{\"@id\":\"https:\\\/\\\/novice.si\\\/page\\\/vojnik-ivo-boscarol-na-srecanju-vojniskih-podjetnikov\\\/#breadcrumb\"},\"inLanguage\":\"sl-SI\",\"potentialAction\":[{\"@type\":\"ReadAction\",\"target\":[\"https:\\\/\\\/novice.si\\\/page\\\/vojnik-ivo-boscarol-na-srecanju-vojniskih-podjetnikov\\\/\"]}]},{\"@type\":\"ImageObject\",\"inLanguage\":\"sl-SI\",\"@id\":\"https:\\\/\\\/novice.si\\\/page\\\/vojnik-ivo-boscarol-na-srecanju-vojniskih-podjetnikov\\\/#primaryimage\",\"url\":\"https:\\\/\\\/novice.si\\\/page\\\/wp-content\\\/uploads\\\/2024\\\/01\\\/Ivo-Boscarol-3-scaled.jpg\",\"contentUrl\":\"https:\\\/\\\/novice.si\\\/page\\\/wp-content\\\/uploads\\\/2024\\\/01\\\/Ivo-Boscarol-3-scaled.jpg\",\"width\":1920,\"height\":2560},{\"@type\":\"BreadcrumbList\",\"@id\":\"https:\\\/\\\/novice.si\\\/page\\\/vojnik-ivo-boscarol-na-srecanju-vojniskih-podjetnikov\\\/#breadcrumb\",\"itemListElement\":[{\"@type\":\"ListItem\",\"position\":1,\"name\":\"Home\",\"item\":\"https:\\\/\\\/novice.si\\\/page\\\/\"},{\"@type\":\"ListItem\",\"position\":2,\"name\":\"VOJNIK Ivo Boscarol na sre\u010danju vojni\u0161kih podjetnikov\"}]},{\"@type\":\"WebSite\",\"@id\":\"https:\\\/\\\/novice.si\\\/page\\\/#website\",\"url\":\"https:\\\/\\\/novice.si\\\/page\\\/\",\"name\":\"Novice.si\",\"description\":\"\",\"publisher\":{\"@id\":\"https:\\\/\\\/novice.si\\\/page\\\/#organization\"},\"potentialAction\":[{\"@type\":\"SearchAction\",\"target\":{\"@type\":\"EntryPoint\",\"urlTemplate\":\"https:\\\/\\\/novice.si\\\/page\\\/?s={search_term_string}\"},\"query-input\":{\"@type\":\"PropertyValueSpecification\",\"valueRequired\":true,\"valueName\":\"search_term_string\"}}],\"inLanguage\":\"sl-SI\"},{\"@type\":\"Organization\",\"@id\":\"https:\\\/\\\/novice.si\\\/page\\\/#organization\",\"name\":\"Novice.si\",\"url\":\"https:\\\/\\\/novice.si\\\/page\\\/\",\"logo\":{\"@type\":\"ImageObject\",\"inLanguage\":\"sl-SI\",\"@id\":\"https:\\\/\\\/novice.si\\\/page\\\/#\\\/schema\\\/logo\\\/image\\\/\",\"url\":\"https:\\\/\\\/novice.si\\\/page\\\/wp-content\\\/uploads\\\/2023\\\/03\\\/novice_si.png\",\"contentUrl\":\"https:\\\/\\\/novice.si\\\/page\\\/wp-content\\\/uploads\\\/2023\\\/03\\\/novice_si.png\",\"width\":576,\"height\":200,\"caption\":\"Novice.si\"},\"image\":{\"@id\":\"https:\\\/\\\/novice.si\\\/page\\\/#\\\/schema\\\/logo\\\/image\\\/\"}},{\"@type\":\"Person\",\"@id\":\"https:\\\/\\\/novice.si\\\/page\\\/#\\\/schema\\\/person\\\/57f25c9642a9541c7349c65d32032c3e\",\"name\":\"Uredni\u0161tvo Celjana\",\"image\":{\"@type\":\"ImageObject\",\"inLanguage\":\"sl-SI\",\"@id\":\"https:\\\/\\\/secure.gravatar.com\\\/avatar\\\/78e52bc4279b65f6df6345e0ef0f7b792d361361f230cf4ffecfe0afe6d5629c?s=96&d=mm&r=g\",\"url\":\"https:\\\/\\\/secure.gravatar.com\\\/avatar\\\/78e52bc4279b65f6df6345e0ef0f7b792d361361f230cf4ffecfe0afe6d5629c?s=96&d=mm&r=g\",\"contentUrl\":\"https:\\\/\\\/secure.gravatar.com\\\/avatar\\\/78e52bc4279b65f6df6345e0ef0f7b792d361361f230cf4ffecfe0afe6d5629c?s=96&d=mm&r=g\",\"caption\":\"Uredni\u0161tvo Celjana\"},\"url\":\"https:\\\/\\\/novice.si\\\/page\\\/author\\\/primoz\\\/\"}]}<\/script>\n<!-- \/ Yoast SEO plugin. -->","yoast_head_json":{"title":"VOJNIK Ivo Boscarol na sre\u010danju vojni\u0161kih podjetnikov - Novice.si","robots":{"index":"index","follow":"follow","max-snippet":"max-snippet:-1","max-image-preview":"max-image-preview:large","max-video-preview":"max-video-preview:-1"},"canonical":"https:\/\/novice.si\/page\/vojnik-ivo-boscarol-na-srecanju-vojniskih-podjetnikov\/","og_locale":"sl_SI","og_type":"article","og_title":"VOJNIK Ivo Boscarol na sre\u010danju vojni\u0161kih podjetnikov - Novice.si","og_description":"Pribli\u017eno sto podjetnikov in obrtnikov ob\u010dine Vojnik se je v\u010deraj udele\u017eilo \u017eupanovega sprejema v prostorih Podru\u017eni\u010dne osnovne \u0161ole v Novi Cerkvi. Poglavitni namen sre\u010danja je bilo medsebojno spoznavanje in izmenjava izku\u0161enj, \u017eupan Branko Petre pa je ob tej prilo\u017enosti hotel dati tudi nekaj vetra v jadra doma\u010demu klubu podjetnikov. Osrednji gost ve\u010dera je bil eden [&hellip;]","og_url":"https:\/\/novice.si\/page\/vojnik-ivo-boscarol-na-srecanju-vojniskih-podjetnikov\/","og_site_name":"Novice.si","article_published_time":"2024-01-19T14:36:01+00:00","og_image":[{"width":1920,"height":2560,"url":"https:\/\/novice.si\/page\/wp-content\/uploads\/2024\/01\/Ivo-Boscarol-3-scaled.jpg","type":"image\/jpeg"}],"author":"Uredni\u0161tvo Celjana","twitter_card":"summary_large_image","twitter_misc":{"Written by":"Uredni\u0161tvo Celjana","Est. reading time":"2 minuti"},"schema":{"@context":"https:\/\/schema.org","@graph":[{"@type":"Article","@id":"https:\/\/novice.si\/page\/vojnik-ivo-boscarol-na-srecanju-vojniskih-podjetnikov\/#article","isPartOf":{"@id":"https:\/\/novice.si\/page\/vojnik-ivo-boscarol-na-srecanju-vojniskih-podjetnikov\/"},"author":{"name":"Uredni\u0161tvo Celjana","@id":"https:\/\/novice.si\/page\/#\/schema\/person\/57f25c9642a9541c7349c65d32032c3e"},"headline":"VOJNIK Ivo Boscarol na sre\u010danju vojni\u0161kih podjetnikov","datePublished":"2024-01-19T14:36:01+00:00","mainEntityOfPage":{"@id":"https:\/\/novice.si\/page\/vojnik-ivo-boscarol-na-srecanju-vojniskih-podjetnikov\/"},"wordCount":184,"publisher":{"@id":"https:\/\/novice.si\/page\/#organization"},"image":{"@id":"https:\/\/novice.si\/page\/vojnik-ivo-boscarol-na-srecanju-vojniskih-podjetnikov\/#primaryimage"},"thumbnailUrl":"https:\/\/novice.si\/page\/wp-content\/uploads\/2024\/01\/Ivo-Boscarol-3-scaled.jpg","keywords":["Branko Petre","ivo boscarol","nova cerkev","sprejem podjetnikov in obrtnikov","Vojnik"],"articleSection":["Celjsko"],"inLanguage":"sl-SI"},{"@type":"WebPage","@id":"https:\/\/novice.si\/page\/vojnik-ivo-boscarol-na-srecanju-vojniskih-podjetnikov\/","url":"https:\/\/novice.si\/page\/vojnik-ivo-boscarol-na-srecanju-vojniskih-podjetnikov\/","name":"VOJNIK Ivo Boscarol na sre\u010danju vojni\u0161kih podjetnikov - Novice.si","isPartOf":{"@id":"https:\/\/novice.si\/page\/#website"},"primaryImageOfPage":{"@id":"https:\/\/novice.si\/page\/vojnik-ivo-boscarol-na-srecanju-vojniskih-podjetnikov\/#primaryimage"},"image":{"@id":"https:\/\/novice.si\/page\/vojnik-ivo-boscarol-na-srecanju-vojniskih-podjetnikov\/#primaryimage"},"thumbnailUrl":"https:\/\/novice.si\/page\/wp-content\/uploads\/2024\/01\/Ivo-Boscarol-3-scaled.jpg","datePublished":"2024-01-19T14:36:01+00:00","breadcrumb":{"@id":"https:\/\/novice.si\/page\/vojnik-ivo-boscarol-na-srecanju-vojniskih-podjetnikov\/#breadcrumb"},"inLanguage":"sl-SI","potentialAction":[{"@type":"ReadAction","target":["https:\/\/novice.si\/page\/vojnik-ivo-boscarol-na-srecanju-vojniskih-podjetnikov\/"]}]},{"@type":"ImageObject","inLanguage":"sl-SI","@id":"https:\/\/novice.si\/page\/vojnik-ivo-boscarol-na-srecanju-vojniskih-podjetnikov\/#primaryimage","url":"https:\/\/novice.si\/page\/wp-content\/uploads\/2024\/01\/Ivo-Boscarol-3-scaled.jpg","contentUrl":"https:\/\/novice.si\/page\/wp-content\/uploads\/2024\/01\/Ivo-Boscarol-3-scaled.jpg","width":1920,"height":2560},{"@type":"BreadcrumbList","@id":"https:\/\/novice.si\/page\/vojnik-ivo-boscarol-na-srecanju-vojniskih-podjetnikov\/#breadcrumb","itemListElement":[{"@type":"ListItem","position":1,"name":"Home","item":"https:\/\/novice.si\/page\/"},{"@type":"ListItem","position":2,"name":"VOJNIK Ivo Boscarol na sre\u010danju vojni\u0161kih podjetnikov"}]},{"@type":"WebSite","@id":"https:\/\/novice.si\/page\/#website","url":"https:\/\/novice.si\/page\/","name":"Novice.si","description":"","publisher":{"@id":"https:\/\/novice.si\/page\/#organization"},"potentialAction":[{"@type":"SearchAction","target":{"@type":"EntryPoint","urlTemplate":"https:\/\/novice.si\/page\/?s={search_term_string}"},"query-input":{"@type":"PropertyValueSpecification","valueRequired":true,"valueName":"search_term_string"}}],"inLanguage":"sl-SI"},{"@type":"Organization","@id":"https:\/\/novice.si\/page\/#organization","name":"Novice.si","url":"https:\/\/novice.si\/page\/","logo":{"@type":"ImageObject","inLanguage":"sl-SI","@id":"https:\/\/novice.si\/page\/#\/schema\/logo\/image\/","url":"https:\/\/novice.si\/page\/wp-content\/uploads\/2023\/03\/novice_si.png","contentUrl":"https:\/\/novice.si\/page\/wp-content\/uploads\/2023\/03\/novice_si.png","width":576,"height":200,"caption":"Novice.si"},"image":{"@id":"https:\/\/novice.si\/page\/#\/schema\/logo\/image\/"}},{"@type":"Person","@id":"https:\/\/novice.si\/page\/#\/schema\/person\/57f25c9642a9541c7349c65d32032c3e","name":"Uredni\u0161tvo Celjana","image":{"@type":"ImageObject","inLanguage":"sl-SI","@id":"https:\/\/secure.gravatar.com\/avatar\/78e52bc4279b65f6df6345e0ef0f7b792d361361f230cf4ffecfe0afe6d5629c?s=96&d=mm&r=g","url":"https:\/\/secure.gravatar.com\/avatar\/78e52bc4279b65f6df6345e0ef0f7b792d361361f230cf4ffecfe0afe6d5629c?s=96&d=mm&r=g","contentUrl":"https:\/\/secure.gravatar.com\/avatar\/78e52bc4279b65f6df6345e0ef0f7b792d361361f230cf4ffecfe0afe6d5629c?s=96&d=mm&r=g","caption":"Uredni\u0161tvo Celjana"},"url":"https:\/\/novice.si\/page\/author\/primoz\/"}]}},"_links":{"self":[{"href":"https:\/\/novice.si\/page\/wp-json\/wp\/v2\/posts\/171073","targetHints":{"allow":["GET"]}}],"collection":[{"href":"https:\/\/novice.si\/page\/wp-json\/wp\/v2\/posts"}],"about":[{"href":"https:\/\/novice.si\/page\/wp-json\/wp\/v2\/types\/post"}],"author":[{"embeddable":true,"href":"https:\/\/novice.si\/page\/wp-json\/wp\/v2\/users\/33"}],"replies":[{"embeddable":true,"href":"https:\/\/novice.si\/page\/wp-json\/wp\/v2\/comments?post=171073"}],"version-history":[{"count":1,"href":"https:\/\/novice.si\/page\/wp-json\/wp\/v2\/posts\/171073\/revisions"}],"predecessor-version":[{"id":171076,"href":"https:\/\/novice.si\/page\/wp-json\/wp\/v2\/posts\/171073\/revisions\/171076"}],"wp:featuredmedia":[{"embeddable":true,"href":"https:\/\/novice.si\/page\/wp-json\/wp\/v2\/media\/171075"}],"wp:attachment":[{"href":"https:\/\/novice.si\/page\/wp-json\/wp\/v2\/media?parent=171073"}],"wp:term":[{"taxonomy":"category","embeddable":true,"href":"https:\/\/novice.si\/page\/wp-json\/wp\/v2\/categories?post=171073"},{"taxonomy":"post_tag","embeddable":true,"href":"https:\/\/novice.si\/page\/wp-json\/wp\/v2\/tags?post=171073"}],"curies":[{"name":"wp","href":"https:\/\/api.w.org\/{rel}","templated":true}]}}