{"id":170998,"date":"2024-01-17T20:42:29","date_gmt":"2024-01-17T19:42:29","guid":{"rendered":"https:\/\/novice.si\/page\/?p=170998"},"modified":"2024-01-17T20:42:29","modified_gmt":"2024-01-17T19:42:29","slug":"celje-oblikovali-skupno-stalisce-predsednikov-visjih-sodisc","status":"publish","type":"post","link":"https:\/\/novice.si\/page\/celje-oblikovali-skupno-stalisce-predsednikov-visjih-sodisc\/","title":{"rendered":"CELJE Oblikovali skupno stali\u0161\u010de predsednikov vi\u0161jih sodi\u0161\u010d"},"content":{"rendered":"<p>Predsedniki vi\u0161jih sodi\u0161\u010d v Celju (<strong>Branko Aubreht<\/strong>, na sliki), Ljubljani (<strong>Anton Panjan<\/strong>), Mariboru (<strong>Branko Reisman<\/strong>) in Kopru (<strong>Ale\u0161 Arh<\/strong>) so na delovnem sestanku v Celju <img loading=\"lazy\" decoding=\"async\" class=\" wp-image-151809 alignleft\" src=\"https:\/\/novice.si\/page\/wp-content\/uploads\/2022\/07\/aubreht-1-300x169.jpg\" alt=\"\" width=\"403\" height=\"227\" srcset=\"https:\/\/novice.si\/page\/wp-content\/uploads\/2022\/07\/aubreht-1-300x169.jpg 300w, https:\/\/novice.si\/page\/wp-content\/uploads\/2022\/07\/aubreht-1-1024x576.jpg 1024w, https:\/\/novice.si\/page\/wp-content\/uploads\/2022\/07\/aubreht-1-768x432.jpg 768w, https:\/\/novice.si\/page\/wp-content\/uploads\/2022\/07\/aubreht-1-1536x864.jpg 1536w, https:\/\/novice.si\/page\/wp-content\/uploads\/2022\/07\/aubreht-1-2048x1152.jpg 2048w, https:\/\/novice.si\/page\/wp-content\/uploads\/2022\/07\/aubreht-1-696x392.jpg 696w, https:\/\/novice.si\/page\/wp-content\/uploads\/2022\/07\/aubreht-1-1068x601.jpg 1068w, https:\/\/novice.si\/page\/wp-content\/uploads\/2022\/07\/aubreht-1-747x420.jpg 747w, https:\/\/novice.si\/page\/wp-content\/uploads\/2022\/07\/aubreht-1-24x14.jpg 24w, https:\/\/novice.si\/page\/wp-content\/uploads\/2022\/07\/aubreht-1-36x20.jpg 36w, https:\/\/novice.si\/page\/wp-content\/uploads\/2022\/07\/aubreht-1-48x27.jpg 48w\" sizes=\"auto, (max-width: 403px) 100vw, 403px\" \/>oblikovali skupna stali\u0161\u010da glede trenutnega sodni\u0161kega protesta, ki naj bi trajal do 24. januarja.<\/p>\n<p>Izpostavili so gmotni vidik sodni\u0161ke neodvisnosti, ki med drugim predpostavlja, da morajo biti dohodki sodnika tak\u0161ni, da ga varujejo pred pritiski, ki bi lahko vplivali na njegovo odlo\u010danje, in da predstavljajo ustrezno nadomestilo za stroge omejitve v zvezi z mo\u017enostjo iskanja dodatnega zaslu\u017eka.<\/p>\n<p>Izrazili so skupni protest in kot popolnoma nesprejemljivo opredelili zavestno odlo\u010ditev vlade, da odlo\u010dbe ustavnega sodi\u0161\u010da, ki se nana\u0161a na sodni\u0161ke pla\u010de, ne bo izvr\u0161ila v predvidenih okvirjih.<\/p>\n<p>P\u0160<\/p>\n<p>&nbsp;<\/p>\n","protected":false},"excerpt":{"rendered":"<p>Predsedniki vi\u0161jih sodi\u0161\u010d v Celju (Branko Aubreht, na sliki), Ljubljani (Anton Panjan), Mariboru (Branko Reisman) in Kopru (Ale\u0161 Arh) so na delovnem sestanku v Celju oblikovali skupna stali\u0161\u010da glede trenutnega sodni\u0161kega protesta, ki naj bi trajal do 24. januarja. Izpostavili so gmotni vidik sodni\u0161ke neodvisnosti, ki med drugim predpostavlja, da morajo biti dohodki sodnika tak\u0161ni, [&hellip;]<\/p>\n","protected":false},"author":33,"featured_media":106551,"comment_status":"closed","ping_status":"closed","sticky":false,"template":"","format":"standard","meta":{"footnotes":""},"categories":[14,17,29],"tags":[9901,19616,19617,16310,11194],"class_list":{"0":"post-170998","1":"post","2":"type-post","3":"status-publish","4":"format-standard","5":"has-post-thumbnail","7":"category-aktualno","8":"category-celjsko","9":"category-kronika","10":"tag-branko-aubreht","11":"tag-predsedniki-visjih-sodisc","12":"tag-skupno-stalisce","13":"tag-sodniske-place","14":"tag-ustavno-sodisce"},"yoast_head":"<!-- This site is optimized with the Yoast SEO plugin v27.4 - https:\/\/yoast.com\/product\/yoast-seo-wordpress\/ -->\n<title>CELJE Oblikovali skupno stali\u0161\u010de predsednikov vi\u0161jih sodi\u0161\u010d - Novice.si<\/title>\n<meta name=\"robots\" content=\"index, follow, max-snippet:-1, max-image-preview:large, max-video-preview:-1\" \/>\n<link rel=\"canonical\" href=\"https:\/\/novice.si\/page\/celje-oblikovali-skupno-stalisce-predsednikov-visjih-sodisc\/\" \/>\n<meta property=\"og:locale\" content=\"sl_SI\" \/>\n<meta property=\"og:type\" content=\"article\" \/>\n<meta property=\"og:title\" content=\"CELJE Oblikovali skupno stali\u0161\u010de predsednikov vi\u0161jih sodi\u0161\u010d - Novice.si\" \/>\n<meta property=\"og:description\" content=\"Predsedniki vi\u0161jih sodi\u0161\u010d v Celju (Branko Aubreht, na sliki), Ljubljani (Anton Panjan), Mariboru (Branko Reisman) in Kopru (Ale\u0161 Arh) so na delovnem sestanku v Celju oblikovali skupna stali\u0161\u010da glede trenutnega sodni\u0161kega protesta, ki naj bi trajal do 24. januarja. Izpostavili so gmotni vidik sodni\u0161ke neodvisnosti, ki med drugim predpostavlja, da morajo biti dohodki sodnika tak\u0161ni, [&hellip;]\" \/>\n<meta property=\"og:url\" content=\"https:\/\/novice.si\/page\/celje-oblikovali-skupno-stalisce-predsednikov-visjih-sodisc\/\" \/>\n<meta property=\"og:site_name\" content=\"Novice.si\" \/>\n<meta property=\"article:published_time\" content=\"2024-01-17T19:42:29+00:00\" \/>\n<meta property=\"og:image\" content=\"https:\/\/novice.si\/page\/wp-content\/uploads\/2019\/06\/sodisce-celje-1a.jpg\" \/>\n\t<meta property=\"og:image:width\" content=\"1723\" \/>\n\t<meta property=\"og:image:height\" content=\"2121\" \/>\n\t<meta property=\"og:image:type\" content=\"image\/jpeg\" \/>\n<meta name=\"author\" content=\"Uredni\u0161tvo Celjana\" \/>\n<meta name=\"twitter:card\" content=\"summary_large_image\" \/>\n<meta name=\"twitter:label1\" content=\"Written by\" \/>\n\t<meta name=\"twitter:data1\" content=\"Uredni\u0161tvo Celjana\" \/>\n\t<meta name=\"twitter:label2\" content=\"Est. reading time\" \/>\n\t<meta name=\"twitter:data2\" content=\"2 minuti\" \/>\n<script type=\"application\/ld+json\" class=\"yoast-schema-graph\">{\"@context\":\"https:\\\/\\\/schema.org\",\"@graph\":[{\"@type\":\"Article\",\"@id\":\"https:\\\/\\\/novice.si\\\/page\\\/celje-oblikovali-skupno-stalisce-predsednikov-visjih-sodisc\\\/#article\",\"isPartOf\":{\"@id\":\"https:\\\/\\\/novice.si\\\/page\\\/celje-oblikovali-skupno-stalisce-predsednikov-visjih-sodisc\\\/\"},\"author\":{\"name\":\"Uredni\u0161tvo Celjana\",\"@id\":\"https:\\\/\\\/novice.si\\\/page\\\/#\\\/schema\\\/person\\\/57f25c9642a9541c7349c65d32032c3e\"},\"headline\":\"CELJE Oblikovali skupno stali\u0161\u010de predsednikov vi\u0161jih sodi\u0161\u010d\",\"datePublished\":\"2024-01-17T19:42:29+00:00\",\"mainEntityOfPage\":{\"@id\":\"https:\\\/\\\/novice.si\\\/page\\\/celje-oblikovali-skupno-stalisce-predsednikov-visjih-sodisc\\\/\"},\"wordCount\":135,\"publisher\":{\"@id\":\"https:\\\/\\\/novice.si\\\/page\\\/#organization\"},\"image\":{\"@id\":\"https:\\\/\\\/novice.si\\\/page\\\/celje-oblikovali-skupno-stalisce-predsednikov-visjih-sodisc\\\/#primaryimage\"},\"thumbnailUrl\":\"https:\\\/\\\/novice.si\\\/page\\\/wp-content\\\/uploads\\\/2019\\\/06\\\/sodisce-celje-1a.jpg\",\"keywords\":[\"Branko Aubreht\",\"predsedniki vi\u0161jih sodi\u0161\u010d\",\"skupno stali\u0161\u010de\",\"sodni\u0161ke pla\u010de\",\"ustavno sodi\u0161\u010de\"],\"articleSection\":[\"Aktualno\",\"Celjsko\",\"Kronika\"],\"inLanguage\":\"sl-SI\"},{\"@type\":\"WebPage\",\"@id\":\"https:\\\/\\\/novice.si\\\/page\\\/celje-oblikovali-skupno-stalisce-predsednikov-visjih-sodisc\\\/\",\"url\":\"https:\\\/\\\/novice.si\\\/page\\\/celje-oblikovali-skupno-stalisce-predsednikov-visjih-sodisc\\\/\",\"name\":\"CELJE Oblikovali skupno stali\u0161\u010de predsednikov vi\u0161jih sodi\u0161\u010d - Novice.si\",\"isPartOf\":{\"@id\":\"https:\\\/\\\/novice.si\\\/page\\\/#website\"},\"primaryImageOfPage\":{\"@id\":\"https:\\\/\\\/novice.si\\\/page\\\/celje-oblikovali-skupno-stalisce-predsednikov-visjih-sodisc\\\/#primaryimage\"},\"image\":{\"@id\":\"https:\\\/\\\/novice.si\\\/page\\\/celje-oblikovali-skupno-stalisce-predsednikov-visjih-sodisc\\\/#primaryimage\"},\"thumbnailUrl\":\"https:\\\/\\\/novice.si\\\/page\\\/wp-content\\\/uploads\\\/2019\\\/06\\\/sodisce-celje-1a.jpg\",\"datePublished\":\"2024-01-17T19:42:29+00:00\",\"breadcrumb\":{\"@id\":\"https:\\\/\\\/novice.si\\\/page\\\/celje-oblikovali-skupno-stalisce-predsednikov-visjih-sodisc\\\/#breadcrumb\"},\"inLanguage\":\"sl-SI\",\"potentialAction\":[{\"@type\":\"ReadAction\",\"target\":[\"https:\\\/\\\/novice.si\\\/page\\\/celje-oblikovali-skupno-stalisce-predsednikov-visjih-sodisc\\\/\"]}]},{\"@type\":\"ImageObject\",\"inLanguage\":\"sl-SI\",\"@id\":\"https:\\\/\\\/novice.si\\\/page\\\/celje-oblikovali-skupno-stalisce-predsednikov-visjih-sodisc\\\/#primaryimage\",\"url\":\"https:\\\/\\\/novice.si\\\/page\\\/wp-content\\\/uploads\\\/2019\\\/06\\\/sodisce-celje-1a.jpg\",\"contentUrl\":\"https:\\\/\\\/novice.si\\\/page\\\/wp-content\\\/uploads\\\/2019\\\/06\\\/sodisce-celje-1a.jpg\",\"width\":1723,\"height\":2121},{\"@type\":\"BreadcrumbList\",\"@id\":\"https:\\\/\\\/novice.si\\\/page\\\/celje-oblikovali-skupno-stalisce-predsednikov-visjih-sodisc\\\/#breadcrumb\",\"itemListElement\":[{\"@type\":\"ListItem\",\"position\":1,\"name\":\"Home\",\"item\":\"https:\\\/\\\/novice.si\\\/page\\\/\"},{\"@type\":\"ListItem\",\"position\":2,\"name\":\"CELJE Oblikovali skupno stali\u0161\u010de predsednikov vi\u0161jih sodi\u0161\u010d\"}]},{\"@type\":\"WebSite\",\"@id\":\"https:\\\/\\\/novice.si\\\/page\\\/#website\",\"url\":\"https:\\\/\\\/novice.si\\\/page\\\/\",\"name\":\"Novice.si\",\"description\":\"\",\"publisher\":{\"@id\":\"https:\\\/\\\/novice.si\\\/page\\\/#organization\"},\"potentialAction\":[{\"@type\":\"SearchAction\",\"target\":{\"@type\":\"EntryPoint\",\"urlTemplate\":\"https:\\\/\\\/novice.si\\\/page\\\/?s={search_term_string}\"},\"query-input\":{\"@type\":\"PropertyValueSpecification\",\"valueRequired\":true,\"valueName\":\"search_term_string\"}}],\"inLanguage\":\"sl-SI\"},{\"@type\":\"Organization\",\"@id\":\"https:\\\/\\\/novice.si\\\/page\\\/#organization\",\"name\":\"Novice.si\",\"url\":\"https:\\\/\\\/novice.si\\\/page\\\/\",\"logo\":{\"@type\":\"ImageObject\",\"inLanguage\":\"sl-SI\",\"@id\":\"https:\\\/\\\/novice.si\\\/page\\\/#\\\/schema\\\/logo\\\/image\\\/\",\"url\":\"https:\\\/\\\/novice.si\\\/page\\\/wp-content\\\/uploads\\\/2023\\\/03\\\/novice_si.png\",\"contentUrl\":\"https:\\\/\\\/novice.si\\\/page\\\/wp-content\\\/uploads\\\/2023\\\/03\\\/novice_si.png\",\"width\":576,\"height\":200,\"caption\":\"Novice.si\"},\"image\":{\"@id\":\"https:\\\/\\\/novice.si\\\/page\\\/#\\\/schema\\\/logo\\\/image\\\/\"}},{\"@type\":\"Person\",\"@id\":\"https:\\\/\\\/novice.si\\\/page\\\/#\\\/schema\\\/person\\\/57f25c9642a9541c7349c65d32032c3e\",\"name\":\"Uredni\u0161tvo Celjana\",\"image\":{\"@type\":\"ImageObject\",\"inLanguage\":\"sl-SI\",\"@id\":\"https:\\\/\\\/secure.gravatar.com\\\/avatar\\\/78e52bc4279b65f6df6345e0ef0f7b792d361361f230cf4ffecfe0afe6d5629c?s=96&d=mm&r=g\",\"url\":\"https:\\\/\\\/secure.gravatar.com\\\/avatar\\\/78e52bc4279b65f6df6345e0ef0f7b792d361361f230cf4ffecfe0afe6d5629c?s=96&d=mm&r=g\",\"contentUrl\":\"https:\\\/\\\/secure.gravatar.com\\\/avatar\\\/78e52bc4279b65f6df6345e0ef0f7b792d361361f230cf4ffecfe0afe6d5629c?s=96&d=mm&r=g\",\"caption\":\"Uredni\u0161tvo Celjana\"},\"url\":\"https:\\\/\\\/novice.si\\\/page\\\/author\\\/primoz\\\/\"}]}<\/script>\n<!-- \/ Yoast SEO plugin. -->","yoast_head_json":{"title":"CELJE Oblikovali skupno stali\u0161\u010de predsednikov vi\u0161jih sodi\u0161\u010d - Novice.si","robots":{"index":"index","follow":"follow","max-snippet":"max-snippet:-1","max-image-preview":"max-image-preview:large","max-video-preview":"max-video-preview:-1"},"canonical":"https:\/\/novice.si\/page\/celje-oblikovali-skupno-stalisce-predsednikov-visjih-sodisc\/","og_locale":"sl_SI","og_type":"article","og_title":"CELJE Oblikovali skupno stali\u0161\u010de predsednikov vi\u0161jih sodi\u0161\u010d - Novice.si","og_description":"Predsedniki vi\u0161jih sodi\u0161\u010d v Celju (Branko Aubreht, na sliki), Ljubljani (Anton Panjan), Mariboru (Branko Reisman) in Kopru (Ale\u0161 Arh) so na delovnem sestanku v Celju oblikovali skupna stali\u0161\u010da glede trenutnega sodni\u0161kega protesta, ki naj bi trajal do 24. januarja. Izpostavili so gmotni vidik sodni\u0161ke neodvisnosti, ki med drugim predpostavlja, da morajo biti dohodki sodnika tak\u0161ni, [&hellip;]","og_url":"https:\/\/novice.si\/page\/celje-oblikovali-skupno-stalisce-predsednikov-visjih-sodisc\/","og_site_name":"Novice.si","article_published_time":"2024-01-17T19:42:29+00:00","og_image":[{"width":1723,"height":2121,"url":"https:\/\/novice.si\/page\/wp-content\/uploads\/2019\/06\/sodisce-celje-1a.jpg","type":"image\/jpeg"}],"author":"Uredni\u0161tvo Celjana","twitter_card":"summary_large_image","twitter_misc":{"Written by":"Uredni\u0161tvo Celjana","Est. reading time":"2 minuti"},"schema":{"@context":"https:\/\/schema.org","@graph":[{"@type":"Article","@id":"https:\/\/novice.si\/page\/celje-oblikovali-skupno-stalisce-predsednikov-visjih-sodisc\/#article","isPartOf":{"@id":"https:\/\/novice.si\/page\/celje-oblikovali-skupno-stalisce-predsednikov-visjih-sodisc\/"},"author":{"name":"Uredni\u0161tvo Celjana","@id":"https:\/\/novice.si\/page\/#\/schema\/person\/57f25c9642a9541c7349c65d32032c3e"},"headline":"CELJE Oblikovali skupno stali\u0161\u010de predsednikov vi\u0161jih sodi\u0161\u010d","datePublished":"2024-01-17T19:42:29+00:00","mainEntityOfPage":{"@id":"https:\/\/novice.si\/page\/celje-oblikovali-skupno-stalisce-predsednikov-visjih-sodisc\/"},"wordCount":135,"publisher":{"@id":"https:\/\/novice.si\/page\/#organization"},"image":{"@id":"https:\/\/novice.si\/page\/celje-oblikovali-skupno-stalisce-predsednikov-visjih-sodisc\/#primaryimage"},"thumbnailUrl":"https:\/\/novice.si\/page\/wp-content\/uploads\/2019\/06\/sodisce-celje-1a.jpg","keywords":["Branko Aubreht","predsedniki vi\u0161jih sodi\u0161\u010d","skupno stali\u0161\u010de","sodni\u0161ke pla\u010de","ustavno sodi\u0161\u010de"],"articleSection":["Aktualno","Celjsko","Kronika"],"inLanguage":"sl-SI"},{"@type":"WebPage","@id":"https:\/\/novice.si\/page\/celje-oblikovali-skupno-stalisce-predsednikov-visjih-sodisc\/","url":"https:\/\/novice.si\/page\/celje-oblikovali-skupno-stalisce-predsednikov-visjih-sodisc\/","name":"CELJE Oblikovali skupno stali\u0161\u010de predsednikov vi\u0161jih sodi\u0161\u010d - Novice.si","isPartOf":{"@id":"https:\/\/novice.si\/page\/#website"},"primaryImageOfPage":{"@id":"https:\/\/novice.si\/page\/celje-oblikovali-skupno-stalisce-predsednikov-visjih-sodisc\/#primaryimage"},"image":{"@id":"https:\/\/novice.si\/page\/celje-oblikovali-skupno-stalisce-predsednikov-visjih-sodisc\/#primaryimage"},"thumbnailUrl":"https:\/\/novice.si\/page\/wp-content\/uploads\/2019\/06\/sodisce-celje-1a.jpg","datePublished":"2024-01-17T19:42:29+00:00","breadcrumb":{"@id":"https:\/\/novice.si\/page\/celje-oblikovali-skupno-stalisce-predsednikov-visjih-sodisc\/#breadcrumb"},"inLanguage":"sl-SI","potentialAction":[{"@type":"ReadAction","target":["https:\/\/novice.si\/page\/celje-oblikovali-skupno-stalisce-predsednikov-visjih-sodisc\/"]}]},{"@type":"ImageObject","inLanguage":"sl-SI","@id":"https:\/\/novice.si\/page\/celje-oblikovali-skupno-stalisce-predsednikov-visjih-sodisc\/#primaryimage","url":"https:\/\/novice.si\/page\/wp-content\/uploads\/2019\/06\/sodisce-celje-1a.jpg","contentUrl":"https:\/\/novice.si\/page\/wp-content\/uploads\/2019\/06\/sodisce-celje-1a.jpg","width":1723,"height":2121},{"@type":"BreadcrumbList","@id":"https:\/\/novice.si\/page\/celje-oblikovali-skupno-stalisce-predsednikov-visjih-sodisc\/#breadcrumb","itemListElement":[{"@type":"ListItem","position":1,"name":"Home","item":"https:\/\/novice.si\/page\/"},{"@type":"ListItem","position":2,"name":"CELJE Oblikovali skupno stali\u0161\u010de predsednikov vi\u0161jih sodi\u0161\u010d"}]},{"@type":"WebSite","@id":"https:\/\/novice.si\/page\/#website","url":"https:\/\/novice.si\/page\/","name":"Novice.si","description":"","publisher":{"@id":"https:\/\/novice.si\/page\/#organization"},"potentialAction":[{"@type":"SearchAction","target":{"@type":"EntryPoint","urlTemplate":"https:\/\/novice.si\/page\/?s={search_term_string}"},"query-input":{"@type":"PropertyValueSpecification","valueRequired":true,"valueName":"search_term_string"}}],"inLanguage":"sl-SI"},{"@type":"Organization","@id":"https:\/\/novice.si\/page\/#organization","name":"Novice.si","url":"https:\/\/novice.si\/page\/","logo":{"@type":"ImageObject","inLanguage":"sl-SI","@id":"https:\/\/novice.si\/page\/#\/schema\/logo\/image\/","url":"https:\/\/novice.si\/page\/wp-content\/uploads\/2023\/03\/novice_si.png","contentUrl":"https:\/\/novice.si\/page\/wp-content\/uploads\/2023\/03\/novice_si.png","width":576,"height":200,"caption":"Novice.si"},"image":{"@id":"https:\/\/novice.si\/page\/#\/schema\/logo\/image\/"}},{"@type":"Person","@id":"https:\/\/novice.si\/page\/#\/schema\/person\/57f25c9642a9541c7349c65d32032c3e","name":"Uredni\u0161tvo Celjana","image":{"@type":"ImageObject","inLanguage":"sl-SI","@id":"https:\/\/secure.gravatar.com\/avatar\/78e52bc4279b65f6df6345e0ef0f7b792d361361f230cf4ffecfe0afe6d5629c?s=96&d=mm&r=g","url":"https:\/\/secure.gravatar.com\/avatar\/78e52bc4279b65f6df6345e0ef0f7b792d361361f230cf4ffecfe0afe6d5629c?s=96&d=mm&r=g","contentUrl":"https:\/\/secure.gravatar.com\/avatar\/78e52bc4279b65f6df6345e0ef0f7b792d361361f230cf4ffecfe0afe6d5629c?s=96&d=mm&r=g","caption":"Uredni\u0161tvo Celjana"},"url":"https:\/\/novice.si\/page\/author\/primoz\/"}]}},"_links":{"self":[{"href":"https:\/\/novice.si\/page\/wp-json\/wp\/v2\/posts\/170998","targetHints":{"allow":["GET"]}}],"collection":[{"href":"https:\/\/novice.si\/page\/wp-json\/wp\/v2\/posts"}],"about":[{"href":"https:\/\/novice.si\/page\/wp-json\/wp\/v2\/types\/post"}],"author":[{"embeddable":true,"href":"https:\/\/novice.si\/page\/wp-json\/wp\/v2\/users\/33"}],"replies":[{"embeddable":true,"href":"https:\/\/novice.si\/page\/wp-json\/wp\/v2\/comments?post=170998"}],"version-history":[{"count":1,"href":"https:\/\/novice.si\/page\/wp-json\/wp\/v2\/posts\/170998\/revisions"}],"predecessor-version":[{"id":170999,"href":"https:\/\/novice.si\/page\/wp-json\/wp\/v2\/posts\/170998\/revisions\/170999"}],"wp:featuredmedia":[{"embeddable":true,"href":"https:\/\/novice.si\/page\/wp-json\/wp\/v2\/media\/106551"}],"wp:attachment":[{"href":"https:\/\/novice.si\/page\/wp-json\/wp\/v2\/media?parent=170998"}],"wp:term":[{"taxonomy":"category","embeddable":true,"href":"https:\/\/novice.si\/page\/wp-json\/wp\/v2\/categories?post=170998"},{"taxonomy":"post_tag","embeddable":true,"href":"https:\/\/novice.si\/page\/wp-json\/wp\/v2\/tags?post=170998"}],"curies":[{"name":"wp","href":"https:\/\/api.w.org\/{rel}","templated":true}]}}