{"id":170990,"date":"2024-01-17T10:44:53","date_gmt":"2024-01-17T09:44:53","guid":{"rendered":"https:\/\/novice.si\/page\/?p=170990"},"modified":"2024-01-17T10:47:04","modified_gmt":"2024-01-17T09:47:04","slug":"na-bistriskem-izbirajo-naj-osebnost-leta-2023","status":"publish","type":"post","link":"https:\/\/novice.si\/page\/na-bistriskem-izbirajo-naj-osebnost-leta-2023\/","title":{"rendered":"Na Bistri\u0161kem izbirajo Naj osebnost leta 2023"},"content":{"rendered":"<p>Lokalni \u010dasopis BISTRI\u0160KE NOVICE je \u017ee dvanajsto leto zapored organizator izbora Naj osebnost leta.<br \/>\nMed vsemi predlogi so v uredni\u0161tvu izbrali v o\u017eji izbor nominirance, ki so nase opozorili bodisi z izjemnim dose\u017ekom v letu 2023 ali z dolgoletnim delovanjem, ki je pustilo v lokalni skupnosti mo\u010dan pe\u010dat. Kdor bo zbral najve\u010d glasov, bo osebnost leta 2023.<\/p>\n<p><img loading=\"lazy\" decoding=\"async\" class=\"alignnone size-medium wp-image-170991\" src=\"https:\/\/novice.si\/page\/wp-content\/uploads\/2024\/01\/fb-_2-600x417.jpg\" alt=\"\" width=\"600\" height=\"417\" srcset=\"https:\/\/novice.si\/page\/wp-content\/uploads\/2024\/01\/fb-_2-600x417.jpg 600w, https:\/\/novice.si\/page\/wp-content\/uploads\/2024\/01\/fb-_2-768x534.jpg 768w, https:\/\/novice.si\/page\/wp-content\/uploads\/2024\/01\/fb-_2-100x70.jpg 100w, https:\/\/novice.si\/page\/wp-content\/uploads\/2024\/01\/fb-_2-696x484.jpg 696w, https:\/\/novice.si\/page\/wp-content\/uploads\/2024\/01\/fb-_2-604x420.jpg 604w, https:\/\/novice.si\/page\/wp-content\/uploads\/2024\/01\/fb-_2-24x17.jpg 24w, https:\/\/novice.si\/page\/wp-content\/uploads\/2024\/01\/fb-_2-36x25.jpg 36w, https:\/\/novice.si\/page\/wp-content\/uploads\/2024\/01\/fb-_2-48x33.jpg 48w, https:\/\/novice.si\/page\/wp-content\/uploads\/2024\/01\/fb-_2.jpg 1000w\" sizes=\"auto, (max-width: 600px) 100vw, 600px\" \/><\/p>\n<p><strong>Kdo so nominiranci?<\/strong><br \/>\nTokratni izbor Naj osebnosti leta Bistri\u0161kih novic izpostavlja osem nominirancev. To so: <strong>bistri\u0161ki alpinisti<\/strong>, zaslu\u017eni za izgradnjo novega Plezalnega centra v Sl. Bistrici, <strong>Milan Borko<\/strong>, ustanovitelj \u0160tajersko Koro\u0161kega teka\u0161kega pokala z 20-letno tradicijo, nogometa\u0161ica <strong>Kaja Koro\u0161ec<\/strong>, dolgoletni predsednik Planinskega dru\u0161tva Polj\u010dane <strong>Janko Kova\u010di\u010d<\/strong>, <strong>Drago Mahorko<\/strong> \u2013 predstavnik Civilne iniciative Za Pohorje brez vetrnih elektrarn, dolgoletna nekdanja ravnateljica Srednje \u0161ole Slovenska Bistrica <strong>mag. Iva Pu\u010dnik Ozimi\u010d<\/strong>, podjetnik <strong>Milan Sajko<\/strong>, ustanovitelj Turisti\u010dne agencije s 30-letno tradicijo, in pa <strong>Zdravko \u0160irec<\/strong>, ki se je z ve\u010d kot 170-kratnim darovanjem krvi vpisal med najbolj predane darovalce.<\/p>\n<p><strong>Kako glasujete?\u00a0<\/strong><br \/>\nGlasovanje poteka \u0161e ves teden, <strong>do 24. januarja<\/strong>, in sicer z glasovnico iz Bistri\u0161kih novic ali s klikom za izbranca na portalu <a href=\"http:\/\/www.osebnost.eu\">www.osebnost.eu<\/a><\/p>\n","protected":false},"excerpt":{"rendered":"<p>Lokalni \u010dasopis BISTRI\u0160KE NOVICE je \u017ee dvanajsto leto zapored organizator izbora Naj osebnost leta. Med vsemi predlogi so v uredni\u0161tvu izbrali v o\u017eji izbor nominirance, ki so nase opozorili bodisi z izjemnim dose\u017ekom v letu 2023 ali z dolgoletnim delovanjem, ki je pustilo v lokalni skupnosti mo\u010dan pe\u010dat. Kdor bo zbral najve\u010d glasov, bo osebnost [&hellip;]<\/p>\n","protected":false},"author":8,"featured_media":170991,"comment_status":"closed","ping_status":"closed","sticky":false,"template":"","format":"standard","meta":{"footnotes":""},"categories":[14,32],"tags":[19608,2577,19609,4166,10566,19610,19607,1239,19611,8961,19612],"class_list":{"0":"post-170990","1":"post","2":"type-post","3":"status-publish","4":"format-standard","5":"has-post-thumbnail","7":"category-aktualno","8":"category-bistrisko","9":"tag-alpinisti","10":"tag-bistriske-novice","11":"tag-borko","12":"tag-korosec","13":"tag-kovacic","14":"tag-mahorko","15":"tag-naj-osebnost-leta","16":"tag-nominiranci","17":"tag-pucnik-ozimic","18":"tag-sajko","19":"tag-sirec"},"yoast_head":"<!-- This site is optimized with the Yoast SEO plugin v27.4 - https:\/\/yoast.com\/product\/yoast-seo-wordpress\/ -->\n<title>Na Bistri\u0161kem izbirajo Naj osebnost leta 2023 - Novice.si<\/title>\n<meta name=\"robots\" content=\"index, follow, max-snippet:-1, max-image-preview:large, max-video-preview:-1\" \/>\n<link rel=\"canonical\" href=\"https:\/\/novice.si\/page\/na-bistriskem-izbirajo-naj-osebnost-leta-2023\/\" \/>\n<meta property=\"og:locale\" content=\"sl_SI\" \/>\n<meta property=\"og:type\" content=\"article\" \/>\n<meta property=\"og:title\" content=\"Na Bistri\u0161kem izbirajo Naj osebnost leta 2023 - Novice.si\" \/>\n<meta property=\"og:description\" content=\"Lokalni \u010dasopis BISTRI\u0160KE NOVICE je \u017ee dvanajsto leto zapored organizator izbora Naj osebnost leta. Med vsemi predlogi so v uredni\u0161tvu izbrali v o\u017eji izbor nominirance, ki so nase opozorili bodisi z izjemnim dose\u017ekom v letu 2023 ali z dolgoletnim delovanjem, ki je pustilo v lokalni skupnosti mo\u010dan pe\u010dat. Kdor bo zbral najve\u010d glasov, bo osebnost [&hellip;]\" \/>\n<meta property=\"og:url\" content=\"https:\/\/novice.si\/page\/na-bistriskem-izbirajo-naj-osebnost-leta-2023\/\" \/>\n<meta property=\"og:site_name\" content=\"Novice.si\" \/>\n<meta property=\"article:published_time\" content=\"2024-01-17T09:44:53+00:00\" \/>\n<meta property=\"article:modified_time\" content=\"2024-01-17T09:47:04+00:00\" \/>\n<meta property=\"og:image\" content=\"https:\/\/novice.si\/page\/wp-content\/uploads\/2024\/01\/fb-_2.jpg\" \/>\n\t<meta property=\"og:image:width\" content=\"1000\" \/>\n\t<meta property=\"og:image:height\" content=\"695\" \/>\n\t<meta property=\"og:image:type\" content=\"image\/jpeg\" \/>\n<meta name=\"author\" content=\"Uredni\u0161tvo Bistri\u0161kih novic\" \/>\n<meta name=\"twitter:card\" content=\"summary_large_image\" \/>\n<meta name=\"twitter:label1\" content=\"Written by\" \/>\n\t<meta name=\"twitter:data1\" content=\"Uredni\u0161tvo Bistri\u0161kih novic\" \/>\n\t<meta name=\"twitter:label2\" content=\"Est. reading time\" \/>\n\t<meta name=\"twitter:data2\" content=\"2 minuti\" \/>\n<script type=\"application\/ld+json\" class=\"yoast-schema-graph\">{\"@context\":\"https:\\\/\\\/schema.org\",\"@graph\":[{\"@type\":\"Article\",\"@id\":\"https:\\\/\\\/novice.si\\\/page\\\/na-bistriskem-izbirajo-naj-osebnost-leta-2023\\\/#article\",\"isPartOf\":{\"@id\":\"https:\\\/\\\/novice.si\\\/page\\\/na-bistriskem-izbirajo-naj-osebnost-leta-2023\\\/\"},\"author\":{\"name\":\"Uredni\u0161tvo Bistri\u0161kih novic\",\"@id\":\"https:\\\/\\\/novice.si\\\/page\\\/#\\\/schema\\\/person\\\/96b32396deedcde3f7f776c306b4be21\"},\"headline\":\"Na Bistri\u0161kem izbirajo Naj osebnost leta 2023\",\"datePublished\":\"2024-01-17T09:44:53+00:00\",\"dateModified\":\"2024-01-17T09:47:04+00:00\",\"mainEntityOfPage\":{\"@id\":\"https:\\\/\\\/novice.si\\\/page\\\/na-bistriskem-izbirajo-naj-osebnost-leta-2023\\\/\"},\"wordCount\":201,\"publisher\":{\"@id\":\"https:\\\/\\\/novice.si\\\/page\\\/#organization\"},\"image\":{\"@id\":\"https:\\\/\\\/novice.si\\\/page\\\/na-bistriskem-izbirajo-naj-osebnost-leta-2023\\\/#primaryimage\"},\"thumbnailUrl\":\"https:\\\/\\\/novice.si\\\/page\\\/wp-content\\\/uploads\\\/2024\\\/01\\\/fb-_2.jpg\",\"keywords\":[\"alpinisti\",\"bistriske novice\",\"Borko\",\"koro\u0161ec\",\"Kova\u010di\u010d\",\"Mahorko\",\"Naj osebnost leta\",\"nominiranci\",\"Pu\u010dnik Ozimi\u010d\",\"Sajko\",\"\u0160irec\"],\"articleSection\":[\"Aktualno\",\"Bistri\u0161ko\"],\"inLanguage\":\"sl-SI\"},{\"@type\":\"WebPage\",\"@id\":\"https:\\\/\\\/novice.si\\\/page\\\/na-bistriskem-izbirajo-naj-osebnost-leta-2023\\\/\",\"url\":\"https:\\\/\\\/novice.si\\\/page\\\/na-bistriskem-izbirajo-naj-osebnost-leta-2023\\\/\",\"name\":\"Na Bistri\u0161kem izbirajo Naj osebnost leta 2023 - Novice.si\",\"isPartOf\":{\"@id\":\"https:\\\/\\\/novice.si\\\/page\\\/#website\"},\"primaryImageOfPage\":{\"@id\":\"https:\\\/\\\/novice.si\\\/page\\\/na-bistriskem-izbirajo-naj-osebnost-leta-2023\\\/#primaryimage\"},\"image\":{\"@id\":\"https:\\\/\\\/novice.si\\\/page\\\/na-bistriskem-izbirajo-naj-osebnost-leta-2023\\\/#primaryimage\"},\"thumbnailUrl\":\"https:\\\/\\\/novice.si\\\/page\\\/wp-content\\\/uploads\\\/2024\\\/01\\\/fb-_2.jpg\",\"datePublished\":\"2024-01-17T09:44:53+00:00\",\"dateModified\":\"2024-01-17T09:47:04+00:00\",\"breadcrumb\":{\"@id\":\"https:\\\/\\\/novice.si\\\/page\\\/na-bistriskem-izbirajo-naj-osebnost-leta-2023\\\/#breadcrumb\"},\"inLanguage\":\"sl-SI\",\"potentialAction\":[{\"@type\":\"ReadAction\",\"target\":[\"https:\\\/\\\/novice.si\\\/page\\\/na-bistriskem-izbirajo-naj-osebnost-leta-2023\\\/\"]}]},{\"@type\":\"ImageObject\",\"inLanguage\":\"sl-SI\",\"@id\":\"https:\\\/\\\/novice.si\\\/page\\\/na-bistriskem-izbirajo-naj-osebnost-leta-2023\\\/#primaryimage\",\"url\":\"https:\\\/\\\/novice.si\\\/page\\\/wp-content\\\/uploads\\\/2024\\\/01\\\/fb-_2.jpg\",\"contentUrl\":\"https:\\\/\\\/novice.si\\\/page\\\/wp-content\\\/uploads\\\/2024\\\/01\\\/fb-_2.jpg\",\"width\":1000,\"height\":695},{\"@type\":\"BreadcrumbList\",\"@id\":\"https:\\\/\\\/novice.si\\\/page\\\/na-bistriskem-izbirajo-naj-osebnost-leta-2023\\\/#breadcrumb\",\"itemListElement\":[{\"@type\":\"ListItem\",\"position\":1,\"name\":\"Home\",\"item\":\"https:\\\/\\\/novice.si\\\/page\\\/\"},{\"@type\":\"ListItem\",\"position\":2,\"name\":\"Na Bistri\u0161kem izbirajo Naj osebnost leta 2023\"}]},{\"@type\":\"WebSite\",\"@id\":\"https:\\\/\\\/novice.si\\\/page\\\/#website\",\"url\":\"https:\\\/\\\/novice.si\\\/page\\\/\",\"name\":\"Novice.si\",\"description\":\"\",\"publisher\":{\"@id\":\"https:\\\/\\\/novice.si\\\/page\\\/#organization\"},\"potentialAction\":[{\"@type\":\"SearchAction\",\"target\":{\"@type\":\"EntryPoint\",\"urlTemplate\":\"https:\\\/\\\/novice.si\\\/page\\\/?s={search_term_string}\"},\"query-input\":{\"@type\":\"PropertyValueSpecification\",\"valueRequired\":true,\"valueName\":\"search_term_string\"}}],\"inLanguage\":\"sl-SI\"},{\"@type\":\"Organization\",\"@id\":\"https:\\\/\\\/novice.si\\\/page\\\/#organization\",\"name\":\"Novice.si\",\"url\":\"https:\\\/\\\/novice.si\\\/page\\\/\",\"logo\":{\"@type\":\"ImageObject\",\"inLanguage\":\"sl-SI\",\"@id\":\"https:\\\/\\\/novice.si\\\/page\\\/#\\\/schema\\\/logo\\\/image\\\/\",\"url\":\"https:\\\/\\\/novice.si\\\/page\\\/wp-content\\\/uploads\\\/2023\\\/03\\\/novice_si.png\",\"contentUrl\":\"https:\\\/\\\/novice.si\\\/page\\\/wp-content\\\/uploads\\\/2023\\\/03\\\/novice_si.png\",\"width\":576,\"height\":200,\"caption\":\"Novice.si\"},\"image\":{\"@id\":\"https:\\\/\\\/novice.si\\\/page\\\/#\\\/schema\\\/logo\\\/image\\\/\"}},{\"@type\":\"Person\",\"@id\":\"https:\\\/\\\/novice.si\\\/page\\\/#\\\/schema\\\/person\\\/96b32396deedcde3f7f776c306b4be21\",\"name\":\"Uredni\u0161tvo Bistri\u0161kih novic\",\"image\":{\"@type\":\"ImageObject\",\"inLanguage\":\"sl-SI\",\"@id\":\"https:\\\/\\\/secure.gravatar.com\\\/avatar\\\/26c56c4b10cdb3a21e86442e5f2845a4eafdd0f3605def77ec6cff4aaef32ea4?s=96&d=mm&r=g\",\"url\":\"https:\\\/\\\/secure.gravatar.com\\\/avatar\\\/26c56c4b10cdb3a21e86442e5f2845a4eafdd0f3605def77ec6cff4aaef32ea4?s=96&d=mm&r=g\",\"contentUrl\":\"https:\\\/\\\/secure.gravatar.com\\\/avatar\\\/26c56c4b10cdb3a21e86442e5f2845a4eafdd0f3605def77ec6cff4aaef32ea4?s=96&d=mm&r=g\",\"caption\":\"Uredni\u0161tvo Bistri\u0161kih novic\"},\"url\":\"https:\\\/\\\/novice.si\\\/page\\\/author\\\/bojana\\\/\"}]}<\/script>\n<!-- \/ Yoast SEO plugin. -->","yoast_head_json":{"title":"Na Bistri\u0161kem izbirajo Naj osebnost leta 2023 - Novice.si","robots":{"index":"index","follow":"follow","max-snippet":"max-snippet:-1","max-image-preview":"max-image-preview:large","max-video-preview":"max-video-preview:-1"},"canonical":"https:\/\/novice.si\/page\/na-bistriskem-izbirajo-naj-osebnost-leta-2023\/","og_locale":"sl_SI","og_type":"article","og_title":"Na Bistri\u0161kem izbirajo Naj osebnost leta 2023 - Novice.si","og_description":"Lokalni \u010dasopis BISTRI\u0160KE NOVICE je \u017ee dvanajsto leto zapored organizator izbora Naj osebnost leta. Med vsemi predlogi so v uredni\u0161tvu izbrali v o\u017eji izbor nominirance, ki so nase opozorili bodisi z izjemnim dose\u017ekom v letu 2023 ali z dolgoletnim delovanjem, ki je pustilo v lokalni skupnosti mo\u010dan pe\u010dat. Kdor bo zbral najve\u010d glasov, bo osebnost [&hellip;]","og_url":"https:\/\/novice.si\/page\/na-bistriskem-izbirajo-naj-osebnost-leta-2023\/","og_site_name":"Novice.si","article_published_time":"2024-01-17T09:44:53+00:00","article_modified_time":"2024-01-17T09:47:04+00:00","og_image":[{"width":1000,"height":695,"url":"https:\/\/novice.si\/page\/wp-content\/uploads\/2024\/01\/fb-_2.jpg","type":"image\/jpeg"}],"author":"Uredni\u0161tvo Bistri\u0161kih novic","twitter_card":"summary_large_image","twitter_misc":{"Written by":"Uredni\u0161tvo Bistri\u0161kih novic","Est. reading time":"2 minuti"},"schema":{"@context":"https:\/\/schema.org","@graph":[{"@type":"Article","@id":"https:\/\/novice.si\/page\/na-bistriskem-izbirajo-naj-osebnost-leta-2023\/#article","isPartOf":{"@id":"https:\/\/novice.si\/page\/na-bistriskem-izbirajo-naj-osebnost-leta-2023\/"},"author":{"name":"Uredni\u0161tvo Bistri\u0161kih novic","@id":"https:\/\/novice.si\/page\/#\/schema\/person\/96b32396deedcde3f7f776c306b4be21"},"headline":"Na Bistri\u0161kem izbirajo Naj osebnost leta 2023","datePublished":"2024-01-17T09:44:53+00:00","dateModified":"2024-01-17T09:47:04+00:00","mainEntityOfPage":{"@id":"https:\/\/novice.si\/page\/na-bistriskem-izbirajo-naj-osebnost-leta-2023\/"},"wordCount":201,"publisher":{"@id":"https:\/\/novice.si\/page\/#organization"},"image":{"@id":"https:\/\/novice.si\/page\/na-bistriskem-izbirajo-naj-osebnost-leta-2023\/#primaryimage"},"thumbnailUrl":"https:\/\/novice.si\/page\/wp-content\/uploads\/2024\/01\/fb-_2.jpg","keywords":["alpinisti","bistriske novice","Borko","koro\u0161ec","Kova\u010di\u010d","Mahorko","Naj osebnost leta","nominiranci","Pu\u010dnik Ozimi\u010d","Sajko","\u0160irec"],"articleSection":["Aktualno","Bistri\u0161ko"],"inLanguage":"sl-SI"},{"@type":"WebPage","@id":"https:\/\/novice.si\/page\/na-bistriskem-izbirajo-naj-osebnost-leta-2023\/","url":"https:\/\/novice.si\/page\/na-bistriskem-izbirajo-naj-osebnost-leta-2023\/","name":"Na Bistri\u0161kem izbirajo Naj osebnost leta 2023 - Novice.si","isPartOf":{"@id":"https:\/\/novice.si\/page\/#website"},"primaryImageOfPage":{"@id":"https:\/\/novice.si\/page\/na-bistriskem-izbirajo-naj-osebnost-leta-2023\/#primaryimage"},"image":{"@id":"https:\/\/novice.si\/page\/na-bistriskem-izbirajo-naj-osebnost-leta-2023\/#primaryimage"},"thumbnailUrl":"https:\/\/novice.si\/page\/wp-content\/uploads\/2024\/01\/fb-_2.jpg","datePublished":"2024-01-17T09:44:53+00:00","dateModified":"2024-01-17T09:47:04+00:00","breadcrumb":{"@id":"https:\/\/novice.si\/page\/na-bistriskem-izbirajo-naj-osebnost-leta-2023\/#breadcrumb"},"inLanguage":"sl-SI","potentialAction":[{"@type":"ReadAction","target":["https:\/\/novice.si\/page\/na-bistriskem-izbirajo-naj-osebnost-leta-2023\/"]}]},{"@type":"ImageObject","inLanguage":"sl-SI","@id":"https:\/\/novice.si\/page\/na-bistriskem-izbirajo-naj-osebnost-leta-2023\/#primaryimage","url":"https:\/\/novice.si\/page\/wp-content\/uploads\/2024\/01\/fb-_2.jpg","contentUrl":"https:\/\/novice.si\/page\/wp-content\/uploads\/2024\/01\/fb-_2.jpg","width":1000,"height":695},{"@type":"BreadcrumbList","@id":"https:\/\/novice.si\/page\/na-bistriskem-izbirajo-naj-osebnost-leta-2023\/#breadcrumb","itemListElement":[{"@type":"ListItem","position":1,"name":"Home","item":"https:\/\/novice.si\/page\/"},{"@type":"ListItem","position":2,"name":"Na Bistri\u0161kem izbirajo Naj osebnost leta 2023"}]},{"@type":"WebSite","@id":"https:\/\/novice.si\/page\/#website","url":"https:\/\/novice.si\/page\/","name":"Novice.si","description":"","publisher":{"@id":"https:\/\/novice.si\/page\/#organization"},"potentialAction":[{"@type":"SearchAction","target":{"@type":"EntryPoint","urlTemplate":"https:\/\/novice.si\/page\/?s={search_term_string}"},"query-input":{"@type":"PropertyValueSpecification","valueRequired":true,"valueName":"search_term_string"}}],"inLanguage":"sl-SI"},{"@type":"Organization","@id":"https:\/\/novice.si\/page\/#organization","name":"Novice.si","url":"https:\/\/novice.si\/page\/","logo":{"@type":"ImageObject","inLanguage":"sl-SI","@id":"https:\/\/novice.si\/page\/#\/schema\/logo\/image\/","url":"https:\/\/novice.si\/page\/wp-content\/uploads\/2023\/03\/novice_si.png","contentUrl":"https:\/\/novice.si\/page\/wp-content\/uploads\/2023\/03\/novice_si.png","width":576,"height":200,"caption":"Novice.si"},"image":{"@id":"https:\/\/novice.si\/page\/#\/schema\/logo\/image\/"}},{"@type":"Person","@id":"https:\/\/novice.si\/page\/#\/schema\/person\/96b32396deedcde3f7f776c306b4be21","name":"Uredni\u0161tvo Bistri\u0161kih novic","image":{"@type":"ImageObject","inLanguage":"sl-SI","@id":"https:\/\/secure.gravatar.com\/avatar\/26c56c4b10cdb3a21e86442e5f2845a4eafdd0f3605def77ec6cff4aaef32ea4?s=96&d=mm&r=g","url":"https:\/\/secure.gravatar.com\/avatar\/26c56c4b10cdb3a21e86442e5f2845a4eafdd0f3605def77ec6cff4aaef32ea4?s=96&d=mm&r=g","contentUrl":"https:\/\/secure.gravatar.com\/avatar\/26c56c4b10cdb3a21e86442e5f2845a4eafdd0f3605def77ec6cff4aaef32ea4?s=96&d=mm&r=g","caption":"Uredni\u0161tvo Bistri\u0161kih novic"},"url":"https:\/\/novice.si\/page\/author\/bojana\/"}]}},"_links":{"self":[{"href":"https:\/\/novice.si\/page\/wp-json\/wp\/v2\/posts\/170990","targetHints":{"allow":["GET"]}}],"collection":[{"href":"https:\/\/novice.si\/page\/wp-json\/wp\/v2\/posts"}],"about":[{"href":"https:\/\/novice.si\/page\/wp-json\/wp\/v2\/types\/post"}],"author":[{"embeddable":true,"href":"https:\/\/novice.si\/page\/wp-json\/wp\/v2\/users\/8"}],"replies":[{"embeddable":true,"href":"https:\/\/novice.si\/page\/wp-json\/wp\/v2\/comments?post=170990"}],"version-history":[{"count":2,"href":"https:\/\/novice.si\/page\/wp-json\/wp\/v2\/posts\/170990\/revisions"}],"predecessor-version":[{"id":170993,"href":"https:\/\/novice.si\/page\/wp-json\/wp\/v2\/posts\/170990\/revisions\/170993"}],"wp:featuredmedia":[{"embeddable":true,"href":"https:\/\/novice.si\/page\/wp-json\/wp\/v2\/media\/170991"}],"wp:attachment":[{"href":"https:\/\/novice.si\/page\/wp-json\/wp\/v2\/media?parent=170990"}],"wp:term":[{"taxonomy":"category","embeddable":true,"href":"https:\/\/novice.si\/page\/wp-json\/wp\/v2\/categories?post=170990"},{"taxonomy":"post_tag","embeddable":true,"href":"https:\/\/novice.si\/page\/wp-json\/wp\/v2\/tags?post=170990"}],"curies":[{"name":"wp","href":"https:\/\/api.w.org\/{rel}","templated":true}]}}