{"id":170956,"date":"2024-01-17T11:28:23","date_gmt":"2024-01-17T10:28:23","guid":{"rendered":"https:\/\/novice.si\/page\/?p=170956"},"modified":"2024-01-16T21:30:08","modified_gmt":"2024-01-16T20:30:08","slug":"pozen-zacetek-smucarske-sezone","status":"publish","type":"post","link":"https:\/\/novice.si\/page\/pozen-zacetek-smucarske-sezone\/","title":{"rendered":"Pozen za\u010detek smu\u010darske sezone"},"content":{"rendered":"<p><em><img loading=\"lazy\" decoding=\"async\" class=\" wp-image-170957 alignright\" src=\"https:\/\/novice.si\/page\/wp-content\/uploads\/2024\/01\/CZ_Celjska-koca2-450x600.jpg\" alt=\"\" width=\"370\" height=\"493\" srcset=\"https:\/\/novice.si\/page\/wp-content\/uploads\/2024\/01\/CZ_Celjska-koca2-450x600.jpg 450w, https:\/\/novice.si\/page\/wp-content\/uploads\/2024\/01\/CZ_Celjska-koca2-696x928.jpg 696w, https:\/\/novice.si\/page\/wp-content\/uploads\/2024\/01\/CZ_Celjska-koca2-315x420.jpg 315w, https:\/\/novice.si\/page\/wp-content\/uploads\/2024\/01\/CZ_Celjska-koca2-18x24.jpg 18w, https:\/\/novice.si\/page\/wp-content\/uploads\/2024\/01\/CZ_Celjska-koca2-27x36.jpg 27w, https:\/\/novice.si\/page\/wp-content\/uploads\/2024\/01\/CZ_Celjska-koca2-36x48.jpg 36w, https:\/\/novice.si\/page\/wp-content\/uploads\/2024\/01\/CZ_Celjska-koca2.jpg 756w\" sizes=\"auto, (max-width: 370px) 100vw, 370px\" \/>Celjska ko\u010da. Nizke temperature so prej\u0161nji teden omogo\u010dile za\u010detek zasne\u017eevanja prog. Cene vozovnic se niso podra\u017eile.<\/em><\/p>\n<p>Pretekli teden so se temperature, tudi \u010dez dan, spustile dovolj nizko, da so lahko na Celjski ko\u010di za\u010deli s pripravami smu\u010darskih prog. Koli\u010dina snega je tudi pri zasne\u017eevanju odvisna od ve\u010d dejavnikov: \u00bbTemperature zraka, temperature in koli\u010dine vode, vlage v zraku in tako dalje,\u00ab na\u0161teva <strong>Gregor Bezlaj<\/strong> iz ZPO Celje. To je tudi \u017ee odgovor na vpra\u0161anje, kdaj bo za\u010delo smu\u010di\u0161\u010de obratovati. \u00bbPo najbolj\u0161ih mo\u010deh se bo ekipa ob ugodnih razmerah trudila urediti otro\u0161ki poligon \u017ee za konec tedna, polovico proge pa v ponedeljek,\u00ab je bila Bezlajeva napoved ob zaklju\u010dku redakcije \u010dasopisa pretekli teden. Ob tem je \u0161e izpostavil, da najve\u010dji izziv predstavlja trasa pod vle\u010dnico.<\/p>\n<p><strong>Dobra sezona traja do marca<\/strong><\/p>\n<p>Pravega snega \u017ee nekaj let ni, sploh ne v koli\u010dini, potrebni za smu\u010darsko progo. \u00bb\u017de zadnjih deset let je tako. Dru\u017eba ZPO kot upravljalec smu\u010di\u0161\u010da skrbi, da zagotovi smu\u010danje na Celjski ko\u010di, ko le dopu\u0161\u010dajo razmere. Pri pripravi prog si pomaga s \u0161estimi sne\u017enimi topovi za izdelovanje tehni\u010dnega snega,\u00ab pojasni Bezlaj. Lani so sezono za\u010deli 15. januarja in so obratovali dobrih 30 dni. V povpre\u010dju so pretekle sezone trajale od 1. januarja do za\u010detka marca. \u00bbZnova bi si \u017eeleli sezono do prvega vikenda meseca marca, \u010de bo tako, pa je odvisno od vremenskih razmer.\u00ab Ve\u010d o tem pa v aktualni \u0161tevilki \u010dasopisa Celjan, ki vas \u017ee od danes \u010daka na prodajnih mestih.<\/p>\n","protected":false},"excerpt":{"rendered":"<p>Celjska ko\u010da. Nizke temperature so prej\u0161nji teden omogo\u010dile za\u010detek zasne\u017eevanja prog. Cene vozovnic se niso podra\u017eile. Pretekli teden so se temperature, tudi \u010dez dan, spustile dovolj nizko, da so lahko na Celjski ko\u010di za\u010deli s pripravami smu\u010darskih prog. Koli\u010dina snega je tudi pri zasne\u017eevanju odvisna od ve\u010d dejavnikov: \u00bbTemperature zraka, temperature in koli\u010dine vode, vlage [&hellip;]<\/p>\n","protected":false},"author":55,"featured_media":170957,"comment_status":"closed","ping_status":"closed","sticky":false,"template":"","format":"standard","meta":{"footnotes":""},"categories":[14,142,17],"tags":[],"class_list":{"0":"post-170956","1":"post","2":"type-post","3":"status-publish","4":"format-standard","5":"has-post-thumbnail","7":"category-aktualno","8":"category-celjan","9":"category-celjsko"},"yoast_head":"<!-- This site is optimized with the Yoast SEO plugin v27.4 - https:\/\/yoast.com\/product\/yoast-seo-wordpress\/ -->\n<title>Pozen za\u010detek smu\u010darske sezone - Novice.si<\/title>\n<meta name=\"robots\" content=\"index, follow, max-snippet:-1, max-image-preview:large, max-video-preview:-1\" \/>\n<link rel=\"canonical\" href=\"https:\/\/novice.si\/page\/pozen-zacetek-smucarske-sezone\/\" \/>\n<meta property=\"og:locale\" content=\"sl_SI\" \/>\n<meta property=\"og:type\" content=\"article\" \/>\n<meta property=\"og:title\" content=\"Pozen za\u010detek smu\u010darske sezone - Novice.si\" \/>\n<meta property=\"og:description\" content=\"Celjska ko\u010da. Nizke temperature so prej\u0161nji teden omogo\u010dile za\u010detek zasne\u017eevanja prog. Cene vozovnic se niso podra\u017eile. Pretekli teden so se temperature, tudi \u010dez dan, spustile dovolj nizko, da so lahko na Celjski ko\u010di za\u010deli s pripravami smu\u010darskih prog. Koli\u010dina snega je tudi pri zasne\u017eevanju odvisna od ve\u010d dejavnikov: \u00bbTemperature zraka, temperature in koli\u010dine vode, vlage [&hellip;]\" \/>\n<meta property=\"og:url\" content=\"https:\/\/novice.si\/page\/pozen-zacetek-smucarske-sezone\/\" \/>\n<meta property=\"og:site_name\" content=\"Novice.si\" \/>\n<meta property=\"article:published_time\" content=\"2024-01-17T10:28:23+00:00\" \/>\n<meta property=\"og:image\" content=\"https:\/\/novice.si\/page\/wp-content\/uploads\/2024\/01\/CZ_Celjska-koca2.jpg\" \/>\n\t<meta property=\"og:image:width\" content=\"756\" \/>\n\t<meta property=\"og:image:height\" content=\"1008\" \/>\n\t<meta property=\"og:image:type\" content=\"image\/jpeg\" \/>\n<meta name=\"author\" content=\"Uredni\u0161tvo Celjana\" \/>\n<meta name=\"twitter:card\" content=\"summary_large_image\" \/>\n<meta name=\"twitter:label1\" content=\"Written by\" \/>\n\t<meta name=\"twitter:data1\" content=\"Uredni\u0161tvo Celjana\" \/>\n\t<meta name=\"twitter:label2\" content=\"Est. reading time\" \/>\n\t<meta name=\"twitter:data2\" content=\"2 minuti\" \/>\n<script type=\"application\/ld+json\" class=\"yoast-schema-graph\">{\"@context\":\"https:\\\/\\\/schema.org\",\"@graph\":[{\"@type\":\"Article\",\"@id\":\"https:\\\/\\\/novice.si\\\/page\\\/pozen-zacetek-smucarske-sezone\\\/#article\",\"isPartOf\":{\"@id\":\"https:\\\/\\\/novice.si\\\/page\\\/pozen-zacetek-smucarske-sezone\\\/\"},\"author\":{\"name\":\"Uredni\u0161tvo Celjana\",\"@id\":\"https:\\\/\\\/novice.si\\\/page\\\/#\\\/schema\\\/person\\\/a49f233ef2777ec7b2e8d0662325bb48\"},\"headline\":\"Pozen za\u010detek smu\u010darske sezone\",\"datePublished\":\"2024-01-17T10:28:23+00:00\",\"mainEntityOfPage\":{\"@id\":\"https:\\\/\\\/novice.si\\\/page\\\/pozen-zacetek-smucarske-sezone\\\/\"},\"wordCount\":278,\"publisher\":{\"@id\":\"https:\\\/\\\/novice.si\\\/page\\\/#organization\"},\"image\":{\"@id\":\"https:\\\/\\\/novice.si\\\/page\\\/pozen-zacetek-smucarske-sezone\\\/#primaryimage\"},\"thumbnailUrl\":\"https:\\\/\\\/novice.si\\\/page\\\/wp-content\\\/uploads\\\/2024\\\/01\\\/CZ_Celjska-koca2.jpg\",\"articleSection\":[\"Aktualno\",\"Celjan\",\"Celjsko\"],\"inLanguage\":\"sl-SI\"},{\"@type\":\"WebPage\",\"@id\":\"https:\\\/\\\/novice.si\\\/page\\\/pozen-zacetek-smucarske-sezone\\\/\",\"url\":\"https:\\\/\\\/novice.si\\\/page\\\/pozen-zacetek-smucarske-sezone\\\/\",\"name\":\"Pozen za\u010detek smu\u010darske sezone - Novice.si\",\"isPartOf\":{\"@id\":\"https:\\\/\\\/novice.si\\\/page\\\/#website\"},\"primaryImageOfPage\":{\"@id\":\"https:\\\/\\\/novice.si\\\/page\\\/pozen-zacetek-smucarske-sezone\\\/#primaryimage\"},\"image\":{\"@id\":\"https:\\\/\\\/novice.si\\\/page\\\/pozen-zacetek-smucarske-sezone\\\/#primaryimage\"},\"thumbnailUrl\":\"https:\\\/\\\/novice.si\\\/page\\\/wp-content\\\/uploads\\\/2024\\\/01\\\/CZ_Celjska-koca2.jpg\",\"datePublished\":\"2024-01-17T10:28:23+00:00\",\"breadcrumb\":{\"@id\":\"https:\\\/\\\/novice.si\\\/page\\\/pozen-zacetek-smucarske-sezone\\\/#breadcrumb\"},\"inLanguage\":\"sl-SI\",\"potentialAction\":[{\"@type\":\"ReadAction\",\"target\":[\"https:\\\/\\\/novice.si\\\/page\\\/pozen-zacetek-smucarske-sezone\\\/\"]}]},{\"@type\":\"ImageObject\",\"inLanguage\":\"sl-SI\",\"@id\":\"https:\\\/\\\/novice.si\\\/page\\\/pozen-zacetek-smucarske-sezone\\\/#primaryimage\",\"url\":\"https:\\\/\\\/novice.si\\\/page\\\/wp-content\\\/uploads\\\/2024\\\/01\\\/CZ_Celjska-koca2.jpg\",\"contentUrl\":\"https:\\\/\\\/novice.si\\\/page\\\/wp-content\\\/uploads\\\/2024\\\/01\\\/CZ_Celjska-koca2.jpg\",\"width\":756,\"height\":1008},{\"@type\":\"BreadcrumbList\",\"@id\":\"https:\\\/\\\/novice.si\\\/page\\\/pozen-zacetek-smucarske-sezone\\\/#breadcrumb\",\"itemListElement\":[{\"@type\":\"ListItem\",\"position\":1,\"name\":\"Home\",\"item\":\"https:\\\/\\\/novice.si\\\/page\\\/\"},{\"@type\":\"ListItem\",\"position\":2,\"name\":\"Pozen za\u010detek smu\u010darske sezone\"}]},{\"@type\":\"WebSite\",\"@id\":\"https:\\\/\\\/novice.si\\\/page\\\/#website\",\"url\":\"https:\\\/\\\/novice.si\\\/page\\\/\",\"name\":\"Novice.si\",\"description\":\"\",\"publisher\":{\"@id\":\"https:\\\/\\\/novice.si\\\/page\\\/#organization\"},\"potentialAction\":[{\"@type\":\"SearchAction\",\"target\":{\"@type\":\"EntryPoint\",\"urlTemplate\":\"https:\\\/\\\/novice.si\\\/page\\\/?s={search_term_string}\"},\"query-input\":{\"@type\":\"PropertyValueSpecification\",\"valueRequired\":true,\"valueName\":\"search_term_string\"}}],\"inLanguage\":\"sl-SI\"},{\"@type\":\"Organization\",\"@id\":\"https:\\\/\\\/novice.si\\\/page\\\/#organization\",\"name\":\"Novice.si\",\"url\":\"https:\\\/\\\/novice.si\\\/page\\\/\",\"logo\":{\"@type\":\"ImageObject\",\"inLanguage\":\"sl-SI\",\"@id\":\"https:\\\/\\\/novice.si\\\/page\\\/#\\\/schema\\\/logo\\\/image\\\/\",\"url\":\"https:\\\/\\\/novice.si\\\/page\\\/wp-content\\\/uploads\\\/2023\\\/03\\\/novice_si.png\",\"contentUrl\":\"https:\\\/\\\/novice.si\\\/page\\\/wp-content\\\/uploads\\\/2023\\\/03\\\/novice_si.png\",\"width\":576,\"height\":200,\"caption\":\"Novice.si\"},\"image\":{\"@id\":\"https:\\\/\\\/novice.si\\\/page\\\/#\\\/schema\\\/logo\\\/image\\\/\"}},{\"@type\":\"Person\",\"@id\":\"https:\\\/\\\/novice.si\\\/page\\\/#\\\/schema\\\/person\\\/a49f233ef2777ec7b2e8d0662325bb48\",\"name\":\"Uredni\u0161tvo Celjana\",\"image\":{\"@type\":\"ImageObject\",\"inLanguage\":\"sl-SI\",\"@id\":\"https:\\\/\\\/secure.gravatar.com\\\/avatar\\\/7f7863e616af8f92806c638dd1db3f1a238d83d1cc2ec3100afc06fbb7eb303f?s=96&d=mm&r=g\",\"url\":\"https:\\\/\\\/secure.gravatar.com\\\/avatar\\\/7f7863e616af8f92806c638dd1db3f1a238d83d1cc2ec3100afc06fbb7eb303f?s=96&d=mm&r=g\",\"contentUrl\":\"https:\\\/\\\/secure.gravatar.com\\\/avatar\\\/7f7863e616af8f92806c638dd1db3f1a238d83d1cc2ec3100afc06fbb7eb303f?s=96&d=mm&r=g\",\"caption\":\"Uredni\u0161tvo Celjana\"},\"url\":\"https:\\\/\\\/novice.si\\\/page\\\/author\\\/maja\\\/\"}]}<\/script>\n<!-- \/ Yoast SEO plugin. -->","yoast_head_json":{"title":"Pozen za\u010detek smu\u010darske sezone - Novice.si","robots":{"index":"index","follow":"follow","max-snippet":"max-snippet:-1","max-image-preview":"max-image-preview:large","max-video-preview":"max-video-preview:-1"},"canonical":"https:\/\/novice.si\/page\/pozen-zacetek-smucarske-sezone\/","og_locale":"sl_SI","og_type":"article","og_title":"Pozen za\u010detek smu\u010darske sezone - Novice.si","og_description":"Celjska ko\u010da. Nizke temperature so prej\u0161nji teden omogo\u010dile za\u010detek zasne\u017eevanja prog. Cene vozovnic se niso podra\u017eile. Pretekli teden so se temperature, tudi \u010dez dan, spustile dovolj nizko, da so lahko na Celjski ko\u010di za\u010deli s pripravami smu\u010darskih prog. Koli\u010dina snega je tudi pri zasne\u017eevanju odvisna od ve\u010d dejavnikov: \u00bbTemperature zraka, temperature in koli\u010dine vode, vlage [&hellip;]","og_url":"https:\/\/novice.si\/page\/pozen-zacetek-smucarske-sezone\/","og_site_name":"Novice.si","article_published_time":"2024-01-17T10:28:23+00:00","og_image":[{"width":756,"height":1008,"url":"https:\/\/novice.si\/page\/wp-content\/uploads\/2024\/01\/CZ_Celjska-koca2.jpg","type":"image\/jpeg"}],"author":"Uredni\u0161tvo Celjana","twitter_card":"summary_large_image","twitter_misc":{"Written by":"Uredni\u0161tvo Celjana","Est. reading time":"2 minuti"},"schema":{"@context":"https:\/\/schema.org","@graph":[{"@type":"Article","@id":"https:\/\/novice.si\/page\/pozen-zacetek-smucarske-sezone\/#article","isPartOf":{"@id":"https:\/\/novice.si\/page\/pozen-zacetek-smucarske-sezone\/"},"author":{"name":"Uredni\u0161tvo Celjana","@id":"https:\/\/novice.si\/page\/#\/schema\/person\/a49f233ef2777ec7b2e8d0662325bb48"},"headline":"Pozen za\u010detek smu\u010darske sezone","datePublished":"2024-01-17T10:28:23+00:00","mainEntityOfPage":{"@id":"https:\/\/novice.si\/page\/pozen-zacetek-smucarske-sezone\/"},"wordCount":278,"publisher":{"@id":"https:\/\/novice.si\/page\/#organization"},"image":{"@id":"https:\/\/novice.si\/page\/pozen-zacetek-smucarske-sezone\/#primaryimage"},"thumbnailUrl":"https:\/\/novice.si\/page\/wp-content\/uploads\/2024\/01\/CZ_Celjska-koca2.jpg","articleSection":["Aktualno","Celjan","Celjsko"],"inLanguage":"sl-SI"},{"@type":"WebPage","@id":"https:\/\/novice.si\/page\/pozen-zacetek-smucarske-sezone\/","url":"https:\/\/novice.si\/page\/pozen-zacetek-smucarske-sezone\/","name":"Pozen za\u010detek smu\u010darske sezone - Novice.si","isPartOf":{"@id":"https:\/\/novice.si\/page\/#website"},"primaryImageOfPage":{"@id":"https:\/\/novice.si\/page\/pozen-zacetek-smucarske-sezone\/#primaryimage"},"image":{"@id":"https:\/\/novice.si\/page\/pozen-zacetek-smucarske-sezone\/#primaryimage"},"thumbnailUrl":"https:\/\/novice.si\/page\/wp-content\/uploads\/2024\/01\/CZ_Celjska-koca2.jpg","datePublished":"2024-01-17T10:28:23+00:00","breadcrumb":{"@id":"https:\/\/novice.si\/page\/pozen-zacetek-smucarske-sezone\/#breadcrumb"},"inLanguage":"sl-SI","potentialAction":[{"@type":"ReadAction","target":["https:\/\/novice.si\/page\/pozen-zacetek-smucarske-sezone\/"]}]},{"@type":"ImageObject","inLanguage":"sl-SI","@id":"https:\/\/novice.si\/page\/pozen-zacetek-smucarske-sezone\/#primaryimage","url":"https:\/\/novice.si\/page\/wp-content\/uploads\/2024\/01\/CZ_Celjska-koca2.jpg","contentUrl":"https:\/\/novice.si\/page\/wp-content\/uploads\/2024\/01\/CZ_Celjska-koca2.jpg","width":756,"height":1008},{"@type":"BreadcrumbList","@id":"https:\/\/novice.si\/page\/pozen-zacetek-smucarske-sezone\/#breadcrumb","itemListElement":[{"@type":"ListItem","position":1,"name":"Home","item":"https:\/\/novice.si\/page\/"},{"@type":"ListItem","position":2,"name":"Pozen za\u010detek smu\u010darske sezone"}]},{"@type":"WebSite","@id":"https:\/\/novice.si\/page\/#website","url":"https:\/\/novice.si\/page\/","name":"Novice.si","description":"","publisher":{"@id":"https:\/\/novice.si\/page\/#organization"},"potentialAction":[{"@type":"SearchAction","target":{"@type":"EntryPoint","urlTemplate":"https:\/\/novice.si\/page\/?s={search_term_string}"},"query-input":{"@type":"PropertyValueSpecification","valueRequired":true,"valueName":"search_term_string"}}],"inLanguage":"sl-SI"},{"@type":"Organization","@id":"https:\/\/novice.si\/page\/#organization","name":"Novice.si","url":"https:\/\/novice.si\/page\/","logo":{"@type":"ImageObject","inLanguage":"sl-SI","@id":"https:\/\/novice.si\/page\/#\/schema\/logo\/image\/","url":"https:\/\/novice.si\/page\/wp-content\/uploads\/2023\/03\/novice_si.png","contentUrl":"https:\/\/novice.si\/page\/wp-content\/uploads\/2023\/03\/novice_si.png","width":576,"height":200,"caption":"Novice.si"},"image":{"@id":"https:\/\/novice.si\/page\/#\/schema\/logo\/image\/"}},{"@type":"Person","@id":"https:\/\/novice.si\/page\/#\/schema\/person\/a49f233ef2777ec7b2e8d0662325bb48","name":"Uredni\u0161tvo Celjana","image":{"@type":"ImageObject","inLanguage":"sl-SI","@id":"https:\/\/secure.gravatar.com\/avatar\/7f7863e616af8f92806c638dd1db3f1a238d83d1cc2ec3100afc06fbb7eb303f?s=96&d=mm&r=g","url":"https:\/\/secure.gravatar.com\/avatar\/7f7863e616af8f92806c638dd1db3f1a238d83d1cc2ec3100afc06fbb7eb303f?s=96&d=mm&r=g","contentUrl":"https:\/\/secure.gravatar.com\/avatar\/7f7863e616af8f92806c638dd1db3f1a238d83d1cc2ec3100afc06fbb7eb303f?s=96&d=mm&r=g","caption":"Uredni\u0161tvo Celjana"},"url":"https:\/\/novice.si\/page\/author\/maja\/"}]}},"_links":{"self":[{"href":"https:\/\/novice.si\/page\/wp-json\/wp\/v2\/posts\/170956","targetHints":{"allow":["GET"]}}],"collection":[{"href":"https:\/\/novice.si\/page\/wp-json\/wp\/v2\/posts"}],"about":[{"href":"https:\/\/novice.si\/page\/wp-json\/wp\/v2\/types\/post"}],"author":[{"embeddable":true,"href":"https:\/\/novice.si\/page\/wp-json\/wp\/v2\/users\/55"}],"replies":[{"embeddable":true,"href":"https:\/\/novice.si\/page\/wp-json\/wp\/v2\/comments?post=170956"}],"version-history":[{"count":1,"href":"https:\/\/novice.si\/page\/wp-json\/wp\/v2\/posts\/170956\/revisions"}],"predecessor-version":[{"id":170958,"href":"https:\/\/novice.si\/page\/wp-json\/wp\/v2\/posts\/170956\/revisions\/170958"}],"wp:featuredmedia":[{"embeddable":true,"href":"https:\/\/novice.si\/page\/wp-json\/wp\/v2\/media\/170957"}],"wp:attachment":[{"href":"https:\/\/novice.si\/page\/wp-json\/wp\/v2\/media?parent=170956"}],"wp:term":[{"taxonomy":"category","embeddable":true,"href":"https:\/\/novice.si\/page\/wp-json\/wp\/v2\/categories?post=170956"},{"taxonomy":"post_tag","embeddable":true,"href":"https:\/\/novice.si\/page\/wp-json\/wp\/v2\/tags?post=170956"}],"curies":[{"name":"wp","href":"https:\/\/api.w.org\/{rel}","templated":true}]}}