{"id":170949,"date":"2024-01-17T10:23:59","date_gmt":"2024-01-17T09:23:59","guid":{"rendered":"https:\/\/novice.si\/page\/?p=170949"},"modified":"2024-01-16T21:28:15","modified_gmt":"2024-01-16T20:28:15","slug":"mozirski-gaj-je-do-spomladi-zaprl-svoja-vrata","status":"publish","type":"post","link":"https:\/\/novice.si\/page\/mozirski-gaj-je-do-spomladi-zaprl-svoja-vrata\/","title":{"rendered":"Mozirski gaj je do spomladi zaprl svoja vrata"},"content":{"rendered":"\r\n                <style type=\"text\/css\">\r\n                    \r\n                    #tdi_1  .td-doubleSlider-2 .td-item1 {\r\n                        background: url(https:\/\/novice.si\/page\/wp-content\/uploads\/2024\/01\/reportaza-bozicna-bajka-detajli-80x60.jpg) 0 0 no-repeat;\r\n                    }\r\n                    #tdi_1  .td-doubleSlider-2 .td-item2 {\r\n                        background: url(https:\/\/novice.si\/page\/wp-content\/uploads\/2024\/01\/reportaza-bozicna-bajka-mavrica-80x60.jpg) 0 0 no-repeat;\r\n                    }\r\n                    #tdi_1  .td-doubleSlider-2 .td-item3 {\r\n                        background: url(https:\/\/novice.si\/page\/wp-content\/uploads\/2024\/01\/reportaza-bozicna-bajka-pust-mozirski-80x60.jpg) 0 0 no-repeat;\r\n                    }\r\n                    #tdi_1  .td-doubleSlider-2 .td-item4 {\r\n                        background: url(https:\/\/novice.si\/page\/wp-content\/uploads\/2024\/01\/reportaza-bozicna-bajka-kapelica-80x60.jpg) 0 0 no-repeat;\r\n                    }\r\n                    #tdi_1  .td-doubleSlider-2 .td-item5 {\r\n                        background: url(https:\/\/novice.si\/page\/wp-content\/uploads\/2024\/01\/reportaza-bozicna-bajka-drevored-80x60.jpg) 0 0 no-repeat;\r\n                    }\r\n                <\/style>\r\n\r\n                <div id=\"tdi_1\" class=\"td-gallery td-slide-on-2-columns\">\r\n                    <div class=\"post_td_gallery\">\r\n                        <div class=\"td-gallery-slide-top\">\r\n                           <div class=\"td-gallery-title\">8. Bo\u017ei\u010dna bajka Slovenije v Mozirskem gaju<\/div>\r\n\r\n                            <div class=\"td-gallery-controls-wrapper\">\r\n                                <div class=\"td-gallery-slide-count\"><span class=\"td-gallery-slide-item-focus\">1<\/span> od 5<\/div>\r\n                                <div class=\"td-gallery-slide-prev-next-but\">\r\n                                    <i class = \"td-icon-left doubleSliderPrevButton\"><\/i>\r\n                                    <i class = \"td-icon-right doubleSliderNextButton\"><\/i>\r\n                                <\/div>\r\n                            <\/div>\r\n                        <\/div>\r\n\r\n                        <div class = \"td-doubleSlider-1 \">\r\n                            <div class = \"td-slider\">\r\n                                \r\n                    <div class = \"td-slide-item td-item1\">\r\n                        <figure class=\"td-slide-galery-figure td-slide-popup-gallery\">\r\n                            <a class=\"slide-gallery-image-link\" href=\"https:\/\/novice.si\/page\/wp-content\/uploads\/2024\/01\/reportaza-bozicna-bajka-detajli.jpg\" title=\"reportaza bozicna bajka detajli\"  data-caption=\"\"  data-description=\"\" data-gallery>\r\n                                <img decoding=\"async\" src=\"https:\/\/novice.si\/page\/wp-content\/uploads\/2024\/01\/reportaza-bozicna-bajka-detajli-629x420.jpg\" srcset=\"https:\/\/novice.si\/page\/wp-content\/uploads\/2024\/01\/reportaza-bozicna-bajka-detajli-629x420.jpg 629w, https:\/\/novice.si\/page\/wp-content\/uploads\/2024\/01\/reportaza-bozicna-bajka-detajli-600x400.jpg 600w, https:\/\/novice.si\/page\/wp-content\/uploads\/2024\/01\/reportaza-bozicna-bajka-detajli-1024x684.jpg 1024w, https:\/\/novice.si\/page\/wp-content\/uploads\/2024\/01\/reportaza-bozicna-bajka-detajli-768x513.jpg 768w, https:\/\/novice.si\/page\/wp-content\/uploads\/2024\/01\/reportaza-bozicna-bajka-detajli-1536x1025.jpg 1536w, https:\/\/novice.si\/page\/wp-content\/uploads\/2024\/01\/reportaza-bozicna-bajka-detajli-696x465.jpg 696w, https:\/\/novice.si\/page\/wp-content\/uploads\/2024\/01\/reportaza-bozicna-bajka-detajli-1068x713.jpg 1068w, https:\/\/novice.si\/page\/wp-content\/uploads\/2024\/01\/reportaza-bozicna-bajka-detajli-1920x1282.jpg 1920w, https:\/\/novice.si\/page\/wp-content\/uploads\/2024\/01\/reportaza-bozicna-bajka-detajli-24x16.jpg 24w, https:\/\/novice.si\/page\/wp-content\/uploads\/2024\/01\/reportaza-bozicna-bajka-detajli-36x24.jpg 36w, https:\/\/novice.si\/page\/wp-content\/uploads\/2024\/01\/reportaza-bozicna-bajka-detajli-48x32.jpg 48w, https:\/\/novice.si\/page\/wp-content\/uploads\/2024\/01\/reportaza-bozicna-bajka-detajli.jpg 2048w\" sizes=\"(max-width: 629px) 100vw, 629px\" alt=\"\">\r\n                            <\/a>\r\n                            \r\n                        <\/figure>\r\n                    <\/div>\r\n                    <div class = \"td-slide-item td-item2\">\r\n                        <figure class=\"td-slide-galery-figure td-slide-popup-gallery\">\r\n                            <a class=\"slide-gallery-image-link\" href=\"https:\/\/novice.si\/page\/wp-content\/uploads\/2024\/01\/reportaza-bozicna-bajka-mavrica.jpg\" title=\"reportaza bozicna bajka mavrica\"  data-caption=\"\"  data-description=\"\" data-gallery>\r\n                                <img decoding=\"async\" src=\"https:\/\/novice.si\/page\/wp-content\/uploads\/2024\/01\/reportaza-bozicna-bajka-mavrica-630x420.jpg\" srcset=\"https:\/\/novice.si\/page\/wp-content\/uploads\/2024\/01\/reportaza-bozicna-bajka-mavrica-630x420.jpg 630w, https:\/\/novice.si\/page\/wp-content\/uploads\/2024\/01\/reportaza-bozicna-bajka-mavrica-600x400.jpg 600w, https:\/\/novice.si\/page\/wp-content\/uploads\/2024\/01\/reportaza-bozicna-bajka-mavrica-1024x683.jpg 1024w, https:\/\/novice.si\/page\/wp-content\/uploads\/2024\/01\/reportaza-bozicna-bajka-mavrica-768x512.jpg 768w, https:\/\/novice.si\/page\/wp-content\/uploads\/2024\/01\/reportaza-bozicna-bajka-mavrica-1536x1024.jpg 1536w, https:\/\/novice.si\/page\/wp-content\/uploads\/2024\/01\/reportaza-bozicna-bajka-mavrica-696x464.jpg 696w, https:\/\/novice.si\/page\/wp-content\/uploads\/2024\/01\/reportaza-bozicna-bajka-mavrica-1068x712.jpg 1068w, https:\/\/novice.si\/page\/wp-content\/uploads\/2024\/01\/reportaza-bozicna-bajka-mavrica-1920x1280.jpg 1920w, https:\/\/novice.si\/page\/wp-content\/uploads\/2024\/01\/reportaza-bozicna-bajka-mavrica-24x16.jpg 24w, https:\/\/novice.si\/page\/wp-content\/uploads\/2024\/01\/reportaza-bozicna-bajka-mavrica-36x24.jpg 36w, https:\/\/novice.si\/page\/wp-content\/uploads\/2024\/01\/reportaza-bozicna-bajka-mavrica-48x32.jpg 48w, https:\/\/novice.si\/page\/wp-content\/uploads\/2024\/01\/reportaza-bozicna-bajka-mavrica.jpg 2048w\" sizes=\"(max-width: 630px) 100vw, 630px\" alt=\"\">\r\n                            <\/a>\r\n                            \r\n                        <\/figure>\r\n                    <\/div>\r\n                    <div class = \"td-slide-item td-item3\">\r\n                        <figure class=\"td-slide-galery-figure td-slide-popup-gallery\">\r\n                            <a class=\"slide-gallery-image-link\" href=\"https:\/\/novice.si\/page\/wp-content\/uploads\/2024\/01\/reportaza-bozicna-bajka-pust-mozirski.jpg\" title=\"reportaza bozicna bajka pust mozirski\"  data-caption=\"\"  data-description=\"\" data-gallery>\r\n                                <img decoding=\"async\" src=\"https:\/\/novice.si\/page\/wp-content\/uploads\/2024\/01\/reportaza-bozicna-bajka-pust-mozirski-631x420.jpg\" srcset=\"https:\/\/novice.si\/page\/wp-content\/uploads\/2024\/01\/reportaza-bozicna-bajka-pust-mozirski-631x420.jpg 631w, https:\/\/novice.si\/page\/wp-content\/uploads\/2024\/01\/reportaza-bozicna-bajka-pust-mozirski-600x400.jpg 600w, https:\/\/novice.si\/page\/wp-content\/uploads\/2024\/01\/reportaza-bozicna-bajka-pust-mozirski-768x511.jpg 768w, https:\/\/novice.si\/page\/wp-content\/uploads\/2024\/01\/reportaza-bozicna-bajka-pust-mozirski-696x463.jpg 696w, https:\/\/novice.si\/page\/wp-content\/uploads\/2024\/01\/reportaza-bozicna-bajka-pust-mozirski-24x16.jpg 24w, https:\/\/novice.si\/page\/wp-content\/uploads\/2024\/01\/reportaza-bozicna-bajka-pust-mozirski-36x24.jpg 36w, https:\/\/novice.si\/page\/wp-content\/uploads\/2024\/01\/reportaza-bozicna-bajka-pust-mozirski-48x32.jpg 48w, https:\/\/novice.si\/page\/wp-content\/uploads\/2024\/01\/reportaza-bozicna-bajka-pust-mozirski.jpg 820w\" sizes=\"(max-width: 631px) 100vw, 631px\" alt=\"\">\r\n                            <\/a>\r\n                            \r\n                        <\/figure>\r\n                    <\/div>\r\n                    <div class = \"td-slide-item td-item4\">\r\n                        <figure class=\"td-slide-galery-figure td-slide-popup-gallery\">\r\n                            <a class=\"slide-gallery-image-link\" href=\"https:\/\/novice.si\/page\/wp-content\/uploads\/2024\/01\/reportaza-bozicna-bajka-kapelica.jpg\" title=\"reportaza bozicna bajka kapelica\"  data-caption=\"\"  data-description=\"\" data-gallery>\r\n                                <img decoding=\"async\" src=\"https:\/\/novice.si\/page\/wp-content\/uploads\/2024\/01\/reportaza-bozicna-bajka-kapelica-630x420.jpg\" srcset=\"https:\/\/novice.si\/page\/wp-content\/uploads\/2024\/01\/reportaza-bozicna-bajka-kapelica-630x420.jpg 630w, https:\/\/novice.si\/page\/wp-content\/uploads\/2024\/01\/reportaza-bozicna-bajka-kapelica-600x400.jpg 600w, https:\/\/novice.si\/page\/wp-content\/uploads\/2024\/01\/reportaza-bozicna-bajka-kapelica-768x512.jpg 768w, https:\/\/novice.si\/page\/wp-content\/uploads\/2024\/01\/reportaza-bozicna-bajka-kapelica-696x464.jpg 696w, https:\/\/novice.si\/page\/wp-content\/uploads\/2024\/01\/reportaza-bozicna-bajka-kapelica-24x16.jpg 24w, https:\/\/novice.si\/page\/wp-content\/uploads\/2024\/01\/reportaza-bozicna-bajka-kapelica-36x24.jpg 36w, https:\/\/novice.si\/page\/wp-content\/uploads\/2024\/01\/reportaza-bozicna-bajka-kapelica-48x32.jpg 48w, https:\/\/novice.si\/page\/wp-content\/uploads\/2024\/01\/reportaza-bozicna-bajka-kapelica.jpg 820w\" sizes=\"(max-width: 630px) 100vw, 630px\" alt=\"\">\r\n                            <\/a>\r\n                            \r\n                        <\/figure>\r\n                    <\/div>\r\n                    <div class = \"td-slide-item td-item5\">\r\n                        <figure class=\"td-slide-galery-figure td-slide-popup-gallery\">\r\n                            <a class=\"slide-gallery-image-link\" href=\"https:\/\/novice.si\/page\/wp-content\/uploads\/2024\/01\/reportaza-bozicna-bajka-drevored.jpg\" title=\"reportaza bozicna bajka drevored\"  data-caption=\"\"  data-description=\"\" data-gallery>\r\n                                <img decoding=\"async\" src=\"https:\/\/novice.si\/page\/wp-content\/uploads\/2024\/01\/reportaza-bozicna-bajka-drevored-631x420.jpg\" srcset=\"https:\/\/novice.si\/page\/wp-content\/uploads\/2024\/01\/reportaza-bozicna-bajka-drevored-631x420.jpg 631w, https:\/\/novice.si\/page\/wp-content\/uploads\/2024\/01\/reportaza-bozicna-bajka-drevored-600x400.jpg 600w, https:\/\/novice.si\/page\/wp-content\/uploads\/2024\/01\/reportaza-bozicna-bajka-drevored-768x511.jpg 768w, https:\/\/novice.si\/page\/wp-content\/uploads\/2024\/01\/reportaza-bozicna-bajka-drevored-696x463.jpg 696w, https:\/\/novice.si\/page\/wp-content\/uploads\/2024\/01\/reportaza-bozicna-bajka-drevored-24x16.jpg 24w, https:\/\/novice.si\/page\/wp-content\/uploads\/2024\/01\/reportaza-bozicna-bajka-drevored-36x24.jpg 36w, https:\/\/novice.si\/page\/wp-content\/uploads\/2024\/01\/reportaza-bozicna-bajka-drevored-48x32.jpg 48w, https:\/\/novice.si\/page\/wp-content\/uploads\/2024\/01\/reportaza-bozicna-bajka-drevored.jpg 820w\" sizes=\"(max-width: 631px) 100vw, 631px\" alt=\"\">\r\n                            <\/a>\r\n                            \r\n                        <\/figure>\r\n                    <\/div>\r\n                            <\/div>\r\n                        <\/div>\r\n\r\n                        <div class = \"td-doubleSlider-2\">\r\n                            <div class = \"td-slider\">\r\n                                \r\n                    <div class = \"td-button td-item1\">\r\n                        <div class = \"td-border\"><\/div>\r\n                    <\/div>\r\n                    <div class = \"td-button td-item2\">\r\n                        <div class = \"td-border\"><\/div>\r\n                    <\/div>\r\n                    <div class = \"td-button td-item3\">\r\n                        <div class = \"td-border\"><\/div>\r\n                    <\/div>\r\n                    <div class = \"td-button td-item4\">\r\n                        <div class = \"td-border\"><\/div>\r\n                    <\/div>\r\n                    <div class = \"td-button td-item5\">\r\n                        <div class = \"td-border\"><\/div>\r\n                    <\/div>\r\n                            <\/div>\r\n                        <\/div>\r\n\r\n                    <\/div>\r\n\r\n                <\/div>\r\n                \n<p><em>Obiskovalci Mozirskega gaja so v \u010darobnem decembru lahko resni\u010dno za\u010dutili, da \u010dude\u017ei obstajajo. Park, ki so ga avgustovske poplave popolnoma razdejale, je namre\u010d kljub temu decembra uspel odpreti svoja vrata za 8. Bo\u017ei\u010dno bajko Slovenije.<\/em><\/p>\n<p>\u00bb\u0160e septembra nismo vedeli ali nam bo uspelo odpreti 8. Bo\u017ei\u010dno bajko Slovenije. Prepri\u010dani smo bili, da \u010de nam \u017ee bo, bo ta okrnjena. Pa vendar nam JE uspelo, in 8. bo\u017ei\u010dna bajka Slovenije, z 1,8 milijona prazni\u010dnih lu\u010dk \u2013 najve\u010d do sedaj, je bila za mnoge najlep\u0161a od vseh. O tem pri\u010dajo \u0161tevilni komentarji na dru\u017eabnih omre\u017ejih,\u00ab so povedali predstavniki Mozirskega gaja.<\/p>\n<p>Tudi tokrat je Bo\u017ei\u010dna bajka Slovenije postregla z atraktivnimi svetlobnimi zgodbami. Rde\u010di vhod je pripovedoval o pogumu, zmagi in vztrajnosti. Evropski drevored je z belimi lu\u010dkami klical k miru, so\u017eitju in prijateljstvu. Za\u010darana vas pa je z roza lu\u010dkami slavila lepoto razli\u010dnosti. Ekipa parka pa kljub temu, da je Mozirski gaj v teh dneh do pomladi zaprl svoja vrata, ne po\u010diva.<\/p>\n<p><strong>\u010caka jih \u0161e veliko dela<\/strong><\/p>\n<p>Kot so povedali v Mozirskem gaju, bo \u017ee pospravljanje lu\u010dk vzelo ogromno \u010dasa, skoraj toliko kot postavljanje Bo\u017ei\u010dne bajke Slovenije. Pospravljanje obi\u010dajno traja slab mesec, lu\u010dke pa pospravlja \u2013 tako kot postavlja, do 10 ljudi. Poleg tega je potrebno pripraviti park za prihodnjo sezono. Obnoviti gredice, zasaditi cvetlice, popraviti poti in \u0161e marsikaj. \u00bbA najve\u010d dela nam bo zagotovo vzela sanacija, ki bo \u0161e dolgotrajna in mukotrpna,\u00ab pravijo.<\/p>\n<p>Pri sanaciji parka je do sedaj pomagalo ve\u010d deset prostovoljcev, tako posameznikov kot skupin, ki so delu v parku namenili skupaj ve\u010d kot 2.000 prostovoljskih ur. Denar za sanacijo pa so zagotovili zgolj predstavniki parka. Do Bo\u017ei\u010dne bajke Slovenije namre\u010d \u0161e niso prejeli nobene denarne pomo\u010di. Do sedaj so torej za sanacijo zapravili okrog 70.000 evrov, veliko pa bo \u0161e potrebno vlo\u017eiti. A Mozirski gaj bo kljub temu spomladi spet odprl svoja vrata.<\/p>\n<p><strong>\u00bbSe vidimo spomladi!\u00ab<\/strong><\/p>\n<p>\u00bbSe vidimo spomladi!\u00ab s temi besedami so se predstavniki Mozirskega gaja poslovili. Veseli so namre\u010d, da jim je novembra uspelo zasaditi kar nekaj \u010debulic tulipanov, tako bodo spomladi spet v svoj cvetli\u010dni objem vabili ljubitelje tulipanov. Ob pisanih tulipanih pa bo v pomladni razstavi zagotovo zasijalo tudi slovensko cvetje, ki so jim ga donirali doma\u010di vrtnarji.<\/p>\n<p>Z vami delimo tudi nekaj fotografij. Avtorji so Lumi lumi in Picount.<\/p>\n","protected":false},"excerpt":{"rendered":"<p>Obiskovalci Mozirskega gaja so v \u010darobnem decembru lahko resni\u010dno za\u010dutili, da \u010dude\u017ei obstajajo. Park, ki so ga avgustovske poplave popolnoma razdejale, je namre\u010d kljub temu decembra uspel odpreti svoja vrata za 8. Bo\u017ei\u010dno bajko Slovenije. \u00bb\u0160e septembra nismo vedeli ali nam bo uspelo odpreti 8. Bo\u017ei\u010dno bajko Slovenije. Prepri\u010dani smo bili, da \u010de nam \u017ee [&hellip;]<\/p>\n","protected":false},"author":55,"featured_media":170951,"comment_status":"closed","ping_status":"closed","sticky":false,"template":"","format":"standard","meta":{"footnotes":""},"categories":[14,142,17],"tags":[],"class_list":{"0":"post-170949","1":"post","2":"type-post","3":"status-publish","4":"format-standard","5":"has-post-thumbnail","7":"category-aktualno","8":"category-celjan","9":"category-celjsko"},"yoast_head":"<!-- This site is optimized with the Yoast SEO plugin v27.4 - https:\/\/yoast.com\/product\/yoast-seo-wordpress\/ -->\n<title>Mozirski gaj je do spomladi zaprl svoja vrata - Novice.si<\/title>\n<meta name=\"robots\" content=\"index, follow, max-snippet:-1, max-image-preview:large, max-video-preview:-1\" \/>\n<link rel=\"canonical\" href=\"https:\/\/novice.si\/page\/mozirski-gaj-je-do-spomladi-zaprl-svoja-vrata\/\" \/>\n<meta property=\"og:locale\" content=\"sl_SI\" \/>\n<meta property=\"og:type\" content=\"article\" \/>\n<meta property=\"og:title\" content=\"Mozirski gaj je do spomladi zaprl svoja vrata - Novice.si\" \/>\n<meta property=\"og:description\" content=\"Obiskovalci Mozirskega gaja so v \u010darobnem decembru lahko resni\u010dno za\u010dutili, da \u010dude\u017ei obstajajo. Park, ki so ga avgustovske poplave popolnoma razdejale, je namre\u010d kljub temu decembra uspel odpreti svoja vrata za 8. Bo\u017ei\u010dno bajko Slovenije. \u00bb\u0160e septembra nismo vedeli ali nam bo uspelo odpreti 8. Bo\u017ei\u010dno bajko Slovenije. Prepri\u010dani smo bili, da \u010de nam \u017ee [&hellip;]\" \/>\n<meta property=\"og:url\" content=\"https:\/\/novice.si\/page\/mozirski-gaj-je-do-spomladi-zaprl-svoja-vrata\/\" \/>\n<meta property=\"og:site_name\" content=\"Novice.si\" \/>\n<meta property=\"article:published_time\" content=\"2024-01-17T09:23:59+00:00\" \/>\n<meta property=\"og:image\" content=\"https:\/\/novice.si\/page\/wp-content\/uploads\/2024\/01\/reportaza-bozicna-bajka-mavrica.jpg\" \/>\n\t<meta property=\"og:image:width\" content=\"2048\" \/>\n\t<meta property=\"og:image:height\" content=\"1365\" \/>\n\t<meta property=\"og:image:type\" content=\"image\/jpeg\" \/>\n<meta name=\"author\" content=\"Uredni\u0161tvo Celjana\" \/>\n<meta name=\"twitter:card\" content=\"summary_large_image\" \/>\n<meta name=\"twitter:label1\" content=\"Written by\" \/>\n\t<meta name=\"twitter:data1\" content=\"Uredni\u0161tvo Celjana\" \/>\n\t<meta name=\"twitter:label2\" content=\"Est. reading time\" \/>\n\t<meta name=\"twitter:data2\" content=\"3 minute\" \/>\n<script type=\"application\/ld+json\" class=\"yoast-schema-graph\">{\"@context\":\"https:\\\/\\\/schema.org\",\"@graph\":[{\"@type\":\"Article\",\"@id\":\"https:\\\/\\\/novice.si\\\/page\\\/mozirski-gaj-je-do-spomladi-zaprl-svoja-vrata\\\/#article\",\"isPartOf\":{\"@id\":\"https:\\\/\\\/novice.si\\\/page\\\/mozirski-gaj-je-do-spomladi-zaprl-svoja-vrata\\\/\"},\"author\":{\"name\":\"Uredni\u0161tvo Celjana\",\"@id\":\"https:\\\/\\\/novice.si\\\/page\\\/#\\\/schema\\\/person\\\/a49f233ef2777ec7b2e8d0662325bb48\"},\"headline\":\"Mozirski gaj je do spomladi zaprl svoja vrata\",\"datePublished\":\"2024-01-17T09:23:59+00:00\",\"mainEntityOfPage\":{\"@id\":\"https:\\\/\\\/novice.si\\\/page\\\/mozirski-gaj-je-do-spomladi-zaprl-svoja-vrata\\\/\"},\"wordCount\":430,\"publisher\":{\"@id\":\"https:\\\/\\\/novice.si\\\/page\\\/#organization\"},\"image\":{\"@id\":\"https:\\\/\\\/novice.si\\\/page\\\/mozirski-gaj-je-do-spomladi-zaprl-svoja-vrata\\\/#primaryimage\"},\"thumbnailUrl\":\"https:\\\/\\\/novice.si\\\/page\\\/wp-content\\\/uploads\\\/2024\\\/01\\\/reportaza-bozicna-bajka-mavrica.jpg\",\"articleSection\":[\"Aktualno\",\"Celjan\",\"Celjsko\"],\"inLanguage\":\"sl-SI\"},{\"@type\":\"WebPage\",\"@id\":\"https:\\\/\\\/novice.si\\\/page\\\/mozirski-gaj-je-do-spomladi-zaprl-svoja-vrata\\\/\",\"url\":\"https:\\\/\\\/novice.si\\\/page\\\/mozirski-gaj-je-do-spomladi-zaprl-svoja-vrata\\\/\",\"name\":\"Mozirski gaj je do spomladi zaprl svoja vrata - Novice.si\",\"isPartOf\":{\"@id\":\"https:\\\/\\\/novice.si\\\/page\\\/#website\"},\"primaryImageOfPage\":{\"@id\":\"https:\\\/\\\/novice.si\\\/page\\\/mozirski-gaj-je-do-spomladi-zaprl-svoja-vrata\\\/#primaryimage\"},\"image\":{\"@id\":\"https:\\\/\\\/novice.si\\\/page\\\/mozirski-gaj-je-do-spomladi-zaprl-svoja-vrata\\\/#primaryimage\"},\"thumbnailUrl\":\"https:\\\/\\\/novice.si\\\/page\\\/wp-content\\\/uploads\\\/2024\\\/01\\\/reportaza-bozicna-bajka-mavrica.jpg\",\"datePublished\":\"2024-01-17T09:23:59+00:00\",\"breadcrumb\":{\"@id\":\"https:\\\/\\\/novice.si\\\/page\\\/mozirski-gaj-je-do-spomladi-zaprl-svoja-vrata\\\/#breadcrumb\"},\"inLanguage\":\"sl-SI\",\"potentialAction\":[{\"@type\":\"ReadAction\",\"target\":[\"https:\\\/\\\/novice.si\\\/page\\\/mozirski-gaj-je-do-spomladi-zaprl-svoja-vrata\\\/\"]}]},{\"@type\":\"ImageObject\",\"inLanguage\":\"sl-SI\",\"@id\":\"https:\\\/\\\/novice.si\\\/page\\\/mozirski-gaj-je-do-spomladi-zaprl-svoja-vrata\\\/#primaryimage\",\"url\":\"https:\\\/\\\/novice.si\\\/page\\\/wp-content\\\/uploads\\\/2024\\\/01\\\/reportaza-bozicna-bajka-mavrica.jpg\",\"contentUrl\":\"https:\\\/\\\/novice.si\\\/page\\\/wp-content\\\/uploads\\\/2024\\\/01\\\/reportaza-bozicna-bajka-mavrica.jpg\",\"width\":2048,\"height\":1365},{\"@type\":\"BreadcrumbList\",\"@id\":\"https:\\\/\\\/novice.si\\\/page\\\/mozirski-gaj-je-do-spomladi-zaprl-svoja-vrata\\\/#breadcrumb\",\"itemListElement\":[{\"@type\":\"ListItem\",\"position\":1,\"name\":\"Home\",\"item\":\"https:\\\/\\\/novice.si\\\/page\\\/\"},{\"@type\":\"ListItem\",\"position\":2,\"name\":\"Mozirski gaj je do spomladi zaprl svoja vrata\"}]},{\"@type\":\"WebSite\",\"@id\":\"https:\\\/\\\/novice.si\\\/page\\\/#website\",\"url\":\"https:\\\/\\\/novice.si\\\/page\\\/\",\"name\":\"Novice.si\",\"description\":\"\",\"publisher\":{\"@id\":\"https:\\\/\\\/novice.si\\\/page\\\/#organization\"},\"potentialAction\":[{\"@type\":\"SearchAction\",\"target\":{\"@type\":\"EntryPoint\",\"urlTemplate\":\"https:\\\/\\\/novice.si\\\/page\\\/?s={search_term_string}\"},\"query-input\":{\"@type\":\"PropertyValueSpecification\",\"valueRequired\":true,\"valueName\":\"search_term_string\"}}],\"inLanguage\":\"sl-SI\"},{\"@type\":\"Organization\",\"@id\":\"https:\\\/\\\/novice.si\\\/page\\\/#organization\",\"name\":\"Novice.si\",\"url\":\"https:\\\/\\\/novice.si\\\/page\\\/\",\"logo\":{\"@type\":\"ImageObject\",\"inLanguage\":\"sl-SI\",\"@id\":\"https:\\\/\\\/novice.si\\\/page\\\/#\\\/schema\\\/logo\\\/image\\\/\",\"url\":\"https:\\\/\\\/novice.si\\\/page\\\/wp-content\\\/uploads\\\/2023\\\/03\\\/novice_si.png\",\"contentUrl\":\"https:\\\/\\\/novice.si\\\/page\\\/wp-content\\\/uploads\\\/2023\\\/03\\\/novice_si.png\",\"width\":576,\"height\":200,\"caption\":\"Novice.si\"},\"image\":{\"@id\":\"https:\\\/\\\/novice.si\\\/page\\\/#\\\/schema\\\/logo\\\/image\\\/\"}},{\"@type\":\"Person\",\"@id\":\"https:\\\/\\\/novice.si\\\/page\\\/#\\\/schema\\\/person\\\/a49f233ef2777ec7b2e8d0662325bb48\",\"name\":\"Uredni\u0161tvo Celjana\",\"image\":{\"@type\":\"ImageObject\",\"inLanguage\":\"sl-SI\",\"@id\":\"https:\\\/\\\/secure.gravatar.com\\\/avatar\\\/7f7863e616af8f92806c638dd1db3f1a238d83d1cc2ec3100afc06fbb7eb303f?s=96&d=mm&r=g\",\"url\":\"https:\\\/\\\/secure.gravatar.com\\\/avatar\\\/7f7863e616af8f92806c638dd1db3f1a238d83d1cc2ec3100afc06fbb7eb303f?s=96&d=mm&r=g\",\"contentUrl\":\"https:\\\/\\\/secure.gravatar.com\\\/avatar\\\/7f7863e616af8f92806c638dd1db3f1a238d83d1cc2ec3100afc06fbb7eb303f?s=96&d=mm&r=g\",\"caption\":\"Uredni\u0161tvo Celjana\"},\"url\":\"https:\\\/\\\/novice.si\\\/page\\\/author\\\/maja\\\/\"}]}<\/script>\n<!-- \/ Yoast SEO plugin. -->","yoast_head_json":{"title":"Mozirski gaj je do spomladi zaprl svoja vrata - Novice.si","robots":{"index":"index","follow":"follow","max-snippet":"max-snippet:-1","max-image-preview":"max-image-preview:large","max-video-preview":"max-video-preview:-1"},"canonical":"https:\/\/novice.si\/page\/mozirski-gaj-je-do-spomladi-zaprl-svoja-vrata\/","og_locale":"sl_SI","og_type":"article","og_title":"Mozirski gaj je do spomladi zaprl svoja vrata - Novice.si","og_description":"Obiskovalci Mozirskega gaja so v \u010darobnem decembru lahko resni\u010dno za\u010dutili, da \u010dude\u017ei obstajajo. Park, ki so ga avgustovske poplave popolnoma razdejale, je namre\u010d kljub temu decembra uspel odpreti svoja vrata za 8. Bo\u017ei\u010dno bajko Slovenije. \u00bb\u0160e septembra nismo vedeli ali nam bo uspelo odpreti 8. Bo\u017ei\u010dno bajko Slovenije. Prepri\u010dani smo bili, da \u010de nam \u017ee [&hellip;]","og_url":"https:\/\/novice.si\/page\/mozirski-gaj-je-do-spomladi-zaprl-svoja-vrata\/","og_site_name":"Novice.si","article_published_time":"2024-01-17T09:23:59+00:00","og_image":[{"width":2048,"height":1365,"url":"https:\/\/novice.si\/page\/wp-content\/uploads\/2024\/01\/reportaza-bozicna-bajka-mavrica.jpg","type":"image\/jpeg"}],"author":"Uredni\u0161tvo Celjana","twitter_card":"summary_large_image","twitter_misc":{"Written by":"Uredni\u0161tvo Celjana","Est. reading time":"3 minute"},"schema":{"@context":"https:\/\/schema.org","@graph":[{"@type":"Article","@id":"https:\/\/novice.si\/page\/mozirski-gaj-je-do-spomladi-zaprl-svoja-vrata\/#article","isPartOf":{"@id":"https:\/\/novice.si\/page\/mozirski-gaj-je-do-spomladi-zaprl-svoja-vrata\/"},"author":{"name":"Uredni\u0161tvo Celjana","@id":"https:\/\/novice.si\/page\/#\/schema\/person\/a49f233ef2777ec7b2e8d0662325bb48"},"headline":"Mozirski gaj je do spomladi zaprl svoja vrata","datePublished":"2024-01-17T09:23:59+00:00","mainEntityOfPage":{"@id":"https:\/\/novice.si\/page\/mozirski-gaj-je-do-spomladi-zaprl-svoja-vrata\/"},"wordCount":430,"publisher":{"@id":"https:\/\/novice.si\/page\/#organization"},"image":{"@id":"https:\/\/novice.si\/page\/mozirski-gaj-je-do-spomladi-zaprl-svoja-vrata\/#primaryimage"},"thumbnailUrl":"https:\/\/novice.si\/page\/wp-content\/uploads\/2024\/01\/reportaza-bozicna-bajka-mavrica.jpg","articleSection":["Aktualno","Celjan","Celjsko"],"inLanguage":"sl-SI"},{"@type":"WebPage","@id":"https:\/\/novice.si\/page\/mozirski-gaj-je-do-spomladi-zaprl-svoja-vrata\/","url":"https:\/\/novice.si\/page\/mozirski-gaj-je-do-spomladi-zaprl-svoja-vrata\/","name":"Mozirski gaj je do spomladi zaprl svoja vrata - Novice.si","isPartOf":{"@id":"https:\/\/novice.si\/page\/#website"},"primaryImageOfPage":{"@id":"https:\/\/novice.si\/page\/mozirski-gaj-je-do-spomladi-zaprl-svoja-vrata\/#primaryimage"},"image":{"@id":"https:\/\/novice.si\/page\/mozirski-gaj-je-do-spomladi-zaprl-svoja-vrata\/#primaryimage"},"thumbnailUrl":"https:\/\/novice.si\/page\/wp-content\/uploads\/2024\/01\/reportaza-bozicna-bajka-mavrica.jpg","datePublished":"2024-01-17T09:23:59+00:00","breadcrumb":{"@id":"https:\/\/novice.si\/page\/mozirski-gaj-je-do-spomladi-zaprl-svoja-vrata\/#breadcrumb"},"inLanguage":"sl-SI","potentialAction":[{"@type":"ReadAction","target":["https:\/\/novice.si\/page\/mozirski-gaj-je-do-spomladi-zaprl-svoja-vrata\/"]}]},{"@type":"ImageObject","inLanguage":"sl-SI","@id":"https:\/\/novice.si\/page\/mozirski-gaj-je-do-spomladi-zaprl-svoja-vrata\/#primaryimage","url":"https:\/\/novice.si\/page\/wp-content\/uploads\/2024\/01\/reportaza-bozicna-bajka-mavrica.jpg","contentUrl":"https:\/\/novice.si\/page\/wp-content\/uploads\/2024\/01\/reportaza-bozicna-bajka-mavrica.jpg","width":2048,"height":1365},{"@type":"BreadcrumbList","@id":"https:\/\/novice.si\/page\/mozirski-gaj-je-do-spomladi-zaprl-svoja-vrata\/#breadcrumb","itemListElement":[{"@type":"ListItem","position":1,"name":"Home","item":"https:\/\/novice.si\/page\/"},{"@type":"ListItem","position":2,"name":"Mozirski gaj je do spomladi zaprl svoja vrata"}]},{"@type":"WebSite","@id":"https:\/\/novice.si\/page\/#website","url":"https:\/\/novice.si\/page\/","name":"Novice.si","description":"","publisher":{"@id":"https:\/\/novice.si\/page\/#organization"},"potentialAction":[{"@type":"SearchAction","target":{"@type":"EntryPoint","urlTemplate":"https:\/\/novice.si\/page\/?s={search_term_string}"},"query-input":{"@type":"PropertyValueSpecification","valueRequired":true,"valueName":"search_term_string"}}],"inLanguage":"sl-SI"},{"@type":"Organization","@id":"https:\/\/novice.si\/page\/#organization","name":"Novice.si","url":"https:\/\/novice.si\/page\/","logo":{"@type":"ImageObject","inLanguage":"sl-SI","@id":"https:\/\/novice.si\/page\/#\/schema\/logo\/image\/","url":"https:\/\/novice.si\/page\/wp-content\/uploads\/2023\/03\/novice_si.png","contentUrl":"https:\/\/novice.si\/page\/wp-content\/uploads\/2023\/03\/novice_si.png","width":576,"height":200,"caption":"Novice.si"},"image":{"@id":"https:\/\/novice.si\/page\/#\/schema\/logo\/image\/"}},{"@type":"Person","@id":"https:\/\/novice.si\/page\/#\/schema\/person\/a49f233ef2777ec7b2e8d0662325bb48","name":"Uredni\u0161tvo Celjana","image":{"@type":"ImageObject","inLanguage":"sl-SI","@id":"https:\/\/secure.gravatar.com\/avatar\/7f7863e616af8f92806c638dd1db3f1a238d83d1cc2ec3100afc06fbb7eb303f?s=96&d=mm&r=g","url":"https:\/\/secure.gravatar.com\/avatar\/7f7863e616af8f92806c638dd1db3f1a238d83d1cc2ec3100afc06fbb7eb303f?s=96&d=mm&r=g","contentUrl":"https:\/\/secure.gravatar.com\/avatar\/7f7863e616af8f92806c638dd1db3f1a238d83d1cc2ec3100afc06fbb7eb303f?s=96&d=mm&r=g","caption":"Uredni\u0161tvo Celjana"},"url":"https:\/\/novice.si\/page\/author\/maja\/"}]}},"_links":{"self":[{"href":"https:\/\/novice.si\/page\/wp-json\/wp\/v2\/posts\/170949","targetHints":{"allow":["GET"]}}],"collection":[{"href":"https:\/\/novice.si\/page\/wp-json\/wp\/v2\/posts"}],"about":[{"href":"https:\/\/novice.si\/page\/wp-json\/wp\/v2\/types\/post"}],"author":[{"embeddable":true,"href":"https:\/\/novice.si\/page\/wp-json\/wp\/v2\/users\/55"}],"replies":[{"embeddable":true,"href":"https:\/\/novice.si\/page\/wp-json\/wp\/v2\/comments?post=170949"}],"version-history":[{"count":1,"href":"https:\/\/novice.si\/page\/wp-json\/wp\/v2\/posts\/170949\/revisions"}],"predecessor-version":[{"id":170955,"href":"https:\/\/novice.si\/page\/wp-json\/wp\/v2\/posts\/170949\/revisions\/170955"}],"wp:featuredmedia":[{"embeddable":true,"href":"https:\/\/novice.si\/page\/wp-json\/wp\/v2\/media\/170951"}],"wp:attachment":[{"href":"https:\/\/novice.si\/page\/wp-json\/wp\/v2\/media?parent=170949"}],"wp:term":[{"taxonomy":"category","embeddable":true,"href":"https:\/\/novice.si\/page\/wp-json\/wp\/v2\/categories?post=170949"},{"taxonomy":"post_tag","embeddable":true,"href":"https:\/\/novice.si\/page\/wp-json\/wp\/v2\/tags?post=170949"}],"curies":[{"name":"wp","href":"https:\/\/api.w.org\/{rel}","templated":true}]}}