{"id":170928,"date":"2024-01-15T16:00:56","date_gmt":"2024-01-15T15:00:56","guid":{"rendered":"https:\/\/novice.si\/page\/?p=170928"},"modified":"2024-01-16T12:47:23","modified_gmt":"2024-01-16T11:47:23","slug":"luka-menalo-iz-zagrebskega-dinama-v-celje","status":"publish","type":"post","link":"https:\/\/novice.si\/page\/luka-menalo-iz-zagrebskega-dinama-v-celje\/","title":{"rendered":"Luka Menalo iz zagreb\u0161kega Dinama v Celje"},"content":{"rendered":"<p><img loading=\"lazy\" decoding=\"async\" class=\"alignnone size-medium wp-image-170929\" src=\"https:\/\/novice.si\/page\/wp-content\/uploads\/2024\/01\/menalo-Luka-foto-NK-Celje-480x600.jpg\" alt=\"\" width=\"480\" height=\"600\" srcset=\"https:\/\/novice.si\/page\/wp-content\/uploads\/2024\/01\/menalo-Luka-foto-NK-Celje-480x600.jpg 480w, https:\/\/novice.si\/page\/wp-content\/uploads\/2024\/01\/menalo-Luka-foto-NK-Celje-819x1024.jpg 819w, https:\/\/novice.si\/page\/wp-content\/uploads\/2024\/01\/menalo-Luka-foto-NK-Celje-768x961.jpg 768w, https:\/\/novice.si\/page\/wp-content\/uploads\/2024\/01\/menalo-Luka-foto-NK-Celje-1228x1536.jpg 1228w, https:\/\/novice.si\/page\/wp-content\/uploads\/2024\/01\/menalo-Luka-foto-NK-Celje-696x871.jpg 696w, https:\/\/novice.si\/page\/wp-content\/uploads\/2024\/01\/menalo-Luka-foto-NK-Celje-1068x1336.jpg 1068w, https:\/\/novice.si\/page\/wp-content\/uploads\/2024\/01\/menalo-Luka-foto-NK-Celje-336x420.jpg 336w, https:\/\/novice.si\/page\/wp-content\/uploads\/2024\/01\/menalo-Luka-foto-NK-Celje-19x24.jpg 19w, https:\/\/novice.si\/page\/wp-content\/uploads\/2024\/01\/menalo-Luka-foto-NK-Celje-29x36.jpg 29w, https:\/\/novice.si\/page\/wp-content\/uploads\/2024\/01\/menalo-Luka-foto-NK-Celje-38x48.jpg 38w, https:\/\/novice.si\/page\/wp-content\/uploads\/2024\/01\/menalo-Luka-foto-NK-Celje.jpg 1599w\" sizes=\"auto, (max-width: 480px) 100vw, 480px\" \/><br \/>\nIz Nogometnega kluba Celje so sporo\u010dili, da je njihove vrste okrepil <strong>Luka Menalo<\/strong>. Krilni napadalec zagreb\u0161kega Dinama prihaja na enoletno posojo, po kateri ga bodo Celjani lahko tudi odkupili.<br \/>\nMenalo je slovenskemu nogometnemu prostoru dobro znano ime. V sezoni 2019\/2020 je za Olimpijo zbral 38 nastopov in prispeval 12 zadetkov ter 8 asistenc. Nase je najprej opozoril v dresu \u0160irokega Brijega, ko je v dveh zaporednih sezonah (2016\/2017 in 2017\/2018) presegel dvomestno \u0161tevilo zadetkov. To mu je prineslo prestop v vrste Dinama. Ob nekaj vmesnih nastopih v modrem dresu \u0161tiriindvajsetkratnega hrva\u0161kega prvaka je igralni \u010das v zgodnjem obdobju pri Dinamu nabiral na posojah v Slaven Belupu (2018\/2019), Olimpiji (2019\/2020) in Rijeki (2020\/2021).\u00a0V zadnjih dveh sezonah, v katerih je zbral tudi 15 nastopov za izbrano vrsto BiH, je za Dinamo zaigral na 68 obra\u010dunih (7 zadetkov, 8 asistenc).<br \/>\nFoto: NK Celje<\/p>\n","protected":false},"excerpt":{"rendered":"<p>Iz Nogometnega kluba Celje so sporo\u010dili, da je njihove vrste okrepil Luka Menalo. Krilni napadalec zagreb\u0161kega Dinama prihaja na enoletno posojo, po kateri ga bodo Celjani lahko tudi odkupili. Menalo je slovenskemu nogometnemu prostoru dobro znano ime. V sezoni 2019\/2020 je za Olimpijo zbral 38 nastopov in prispeval 12 zadetkov ter 8 asistenc. Nase je [&hellip;]<\/p>\n","protected":false},"author":7,"featured_media":170930,"comment_status":"closed","ping_status":"closed","sticky":false,"template":"","format":"standard","meta":{"footnotes":""},"categories":[14,17,68],"tags":[19597,1504],"class_list":{"0":"post-170928","1":"post","2":"type-post","3":"status-publish","4":"format-standard","5":"has-post-thumbnail","7":"category-aktualno","8":"category-celjsko","9":"category-sport","10":"tag-luka-menalo","11":"tag-nk-celje"},"yoast_head":"<!-- This site is optimized with the Yoast SEO plugin v27.4 - https:\/\/yoast.com\/product\/yoast-seo-wordpress\/ -->\n<title>Luka Menalo iz zagreb\u0161kega Dinama v Celje - Novice.si<\/title>\n<meta name=\"robots\" content=\"index, follow, max-snippet:-1, max-image-preview:large, max-video-preview:-1\" \/>\n<link rel=\"canonical\" href=\"https:\/\/novice.si\/page\/luka-menalo-iz-zagrebskega-dinama-v-celje\/\" \/>\n<meta property=\"og:locale\" content=\"sl_SI\" \/>\n<meta property=\"og:type\" content=\"article\" \/>\n<meta property=\"og:title\" content=\"Luka Menalo iz zagreb\u0161kega Dinama v Celje - Novice.si\" \/>\n<meta property=\"og:description\" content=\"Iz Nogometnega kluba Celje so sporo\u010dili, da je njihove vrste okrepil Luka Menalo. Krilni napadalec zagreb\u0161kega Dinama prihaja na enoletno posojo, po kateri ga bodo Celjani lahko tudi odkupili. Menalo je slovenskemu nogometnemu prostoru dobro znano ime. V sezoni 2019\/2020 je za Olimpijo zbral 38 nastopov in prispeval 12 zadetkov ter 8 asistenc. Nase je [&hellip;]\" \/>\n<meta property=\"og:url\" content=\"https:\/\/novice.si\/page\/luka-menalo-iz-zagrebskega-dinama-v-celje\/\" \/>\n<meta property=\"og:site_name\" content=\"Novice.si\" \/>\n<meta property=\"article:published_time\" content=\"2024-01-15T15:00:56+00:00\" \/>\n<meta property=\"article:modified_time\" content=\"2024-01-16T11:47:23+00:00\" \/>\n<meta property=\"og:image\" content=\"https:\/\/novice.si\/page\/wp-content\/uploads\/2024\/01\/menalo-Luka2-foto-NK-Celje.jpg\" \/>\n\t<meta property=\"og:image:width\" content=\"1584\" \/>\n\t<meta property=\"og:image:height\" content=\"1072\" \/>\n\t<meta property=\"og:image:type\" content=\"image\/jpeg\" \/>\n<meta name=\"author\" content=\"Uredni\u0161tvo Novic\" \/>\n<meta name=\"twitter:card\" content=\"summary_large_image\" \/>\n<meta name=\"twitter:label1\" content=\"Written by\" \/>\n\t<meta name=\"twitter:data1\" content=\"Uredni\u0161tvo Novic\" \/>\n\t<meta name=\"twitter:label2\" content=\"Est. reading time\" \/>\n\t<meta name=\"twitter:data2\" content=\"2 minuti\" \/>\n<script type=\"application\/ld+json\" class=\"yoast-schema-graph\">{\"@context\":\"https:\\\/\\\/schema.org\",\"@graph\":[{\"@type\":\"Article\",\"@id\":\"https:\\\/\\\/novice.si\\\/page\\\/luka-menalo-iz-zagrebskega-dinama-v-celje\\\/#article\",\"isPartOf\":{\"@id\":\"https:\\\/\\\/novice.si\\\/page\\\/luka-menalo-iz-zagrebskega-dinama-v-celje\\\/\"},\"author\":{\"name\":\"Uredni\u0161tvo Novic\",\"@id\":\"https:\\\/\\\/novice.si\\\/page\\\/#\\\/schema\\\/person\\\/a877dbb8680d441357ce27663beb35ca\"},\"headline\":\"Luka Menalo iz zagreb\u0161kega Dinama v Celje\",\"datePublished\":\"2024-01-15T15:00:56+00:00\",\"dateModified\":\"2024-01-16T11:47:23+00:00\",\"mainEntityOfPage\":{\"@id\":\"https:\\\/\\\/novice.si\\\/page\\\/luka-menalo-iz-zagrebskega-dinama-v-celje\\\/\"},\"wordCount\":140,\"publisher\":{\"@id\":\"https:\\\/\\\/novice.si\\\/page\\\/#organization\"},\"image\":{\"@id\":\"https:\\\/\\\/novice.si\\\/page\\\/luka-menalo-iz-zagrebskega-dinama-v-celje\\\/#primaryimage\"},\"thumbnailUrl\":\"https:\\\/\\\/novice.si\\\/page\\\/wp-content\\\/uploads\\\/2024\\\/01\\\/menalo-Luka2-foto-NK-Celje.jpg\",\"keywords\":[\"Luka Menalo\",\"Nk Celje\"],\"articleSection\":[\"Aktualno\",\"Celjsko\",\"\u0160port\"],\"inLanguage\":\"sl-SI\"},{\"@type\":\"WebPage\",\"@id\":\"https:\\\/\\\/novice.si\\\/page\\\/luka-menalo-iz-zagrebskega-dinama-v-celje\\\/\",\"url\":\"https:\\\/\\\/novice.si\\\/page\\\/luka-menalo-iz-zagrebskega-dinama-v-celje\\\/\",\"name\":\"Luka Menalo iz zagreb\u0161kega Dinama v Celje - Novice.si\",\"isPartOf\":{\"@id\":\"https:\\\/\\\/novice.si\\\/page\\\/#website\"},\"primaryImageOfPage\":{\"@id\":\"https:\\\/\\\/novice.si\\\/page\\\/luka-menalo-iz-zagrebskega-dinama-v-celje\\\/#primaryimage\"},\"image\":{\"@id\":\"https:\\\/\\\/novice.si\\\/page\\\/luka-menalo-iz-zagrebskega-dinama-v-celje\\\/#primaryimage\"},\"thumbnailUrl\":\"https:\\\/\\\/novice.si\\\/page\\\/wp-content\\\/uploads\\\/2024\\\/01\\\/menalo-Luka2-foto-NK-Celje.jpg\",\"datePublished\":\"2024-01-15T15:00:56+00:00\",\"dateModified\":\"2024-01-16T11:47:23+00:00\",\"breadcrumb\":{\"@id\":\"https:\\\/\\\/novice.si\\\/page\\\/luka-menalo-iz-zagrebskega-dinama-v-celje\\\/#breadcrumb\"},\"inLanguage\":\"sl-SI\",\"potentialAction\":[{\"@type\":\"ReadAction\",\"target\":[\"https:\\\/\\\/novice.si\\\/page\\\/luka-menalo-iz-zagrebskega-dinama-v-celje\\\/\"]}]},{\"@type\":\"ImageObject\",\"inLanguage\":\"sl-SI\",\"@id\":\"https:\\\/\\\/novice.si\\\/page\\\/luka-menalo-iz-zagrebskega-dinama-v-celje\\\/#primaryimage\",\"url\":\"https:\\\/\\\/novice.si\\\/page\\\/wp-content\\\/uploads\\\/2024\\\/01\\\/menalo-Luka2-foto-NK-Celje.jpg\",\"contentUrl\":\"https:\\\/\\\/novice.si\\\/page\\\/wp-content\\\/uploads\\\/2024\\\/01\\\/menalo-Luka2-foto-NK-Celje.jpg\",\"width\":1584,\"height\":1072},{\"@type\":\"BreadcrumbList\",\"@id\":\"https:\\\/\\\/novice.si\\\/page\\\/luka-menalo-iz-zagrebskega-dinama-v-celje\\\/#breadcrumb\",\"itemListElement\":[{\"@type\":\"ListItem\",\"position\":1,\"name\":\"Home\",\"item\":\"https:\\\/\\\/novice.si\\\/page\\\/\"},{\"@type\":\"ListItem\",\"position\":2,\"name\":\"Luka Menalo iz zagreb\u0161kega Dinama v Celje\"}]},{\"@type\":\"WebSite\",\"@id\":\"https:\\\/\\\/novice.si\\\/page\\\/#website\",\"url\":\"https:\\\/\\\/novice.si\\\/page\\\/\",\"name\":\"Novice.si\",\"description\":\"\",\"publisher\":{\"@id\":\"https:\\\/\\\/novice.si\\\/page\\\/#organization\"},\"potentialAction\":[{\"@type\":\"SearchAction\",\"target\":{\"@type\":\"EntryPoint\",\"urlTemplate\":\"https:\\\/\\\/novice.si\\\/page\\\/?s={search_term_string}\"},\"query-input\":{\"@type\":\"PropertyValueSpecification\",\"valueRequired\":true,\"valueName\":\"search_term_string\"}}],\"inLanguage\":\"sl-SI\"},{\"@type\":\"Organization\",\"@id\":\"https:\\\/\\\/novice.si\\\/page\\\/#organization\",\"name\":\"Novice.si\",\"url\":\"https:\\\/\\\/novice.si\\\/page\\\/\",\"logo\":{\"@type\":\"ImageObject\",\"inLanguage\":\"sl-SI\",\"@id\":\"https:\\\/\\\/novice.si\\\/page\\\/#\\\/schema\\\/logo\\\/image\\\/\",\"url\":\"https:\\\/\\\/novice.si\\\/page\\\/wp-content\\\/uploads\\\/2023\\\/03\\\/novice_si.png\",\"contentUrl\":\"https:\\\/\\\/novice.si\\\/page\\\/wp-content\\\/uploads\\\/2023\\\/03\\\/novice_si.png\",\"width\":576,\"height\":200,\"caption\":\"Novice.si\"},\"image\":{\"@id\":\"https:\\\/\\\/novice.si\\\/page\\\/#\\\/schema\\\/logo\\\/image\\\/\"}},{\"@type\":\"Person\",\"@id\":\"https:\\\/\\\/novice.si\\\/page\\\/#\\\/schema\\\/person\\\/a877dbb8680d441357ce27663beb35ca\",\"name\":\"Uredni\u0161tvo Novic\",\"image\":{\"@type\":\"ImageObject\",\"inLanguage\":\"sl-SI\",\"@id\":\"https:\\\/\\\/secure.gravatar.com\\\/avatar\\\/f19c0ae874706cc9ba19d2f6da5f74a5a5ee7674f283fed29ce0ad16a9f1893e?s=96&d=mm&r=g\",\"url\":\"https:\\\/\\\/secure.gravatar.com\\\/avatar\\\/f19c0ae874706cc9ba19d2f6da5f74a5a5ee7674f283fed29ce0ad16a9f1893e?s=96&d=mm&r=g\",\"contentUrl\":\"https:\\\/\\\/secure.gravatar.com\\\/avatar\\\/f19c0ae874706cc9ba19d2f6da5f74a5a5ee7674f283fed29ce0ad16a9f1893e?s=96&d=mm&r=g\",\"caption\":\"Uredni\u0161tvo Novic\"},\"url\":\"https:\\\/\\\/novice.si\\\/page\\\/author\\\/jure\\\/\"}]}<\/script>\n<!-- \/ Yoast SEO plugin. -->","yoast_head_json":{"title":"Luka Menalo iz zagreb\u0161kega Dinama v Celje - Novice.si","robots":{"index":"index","follow":"follow","max-snippet":"max-snippet:-1","max-image-preview":"max-image-preview:large","max-video-preview":"max-video-preview:-1"},"canonical":"https:\/\/novice.si\/page\/luka-menalo-iz-zagrebskega-dinama-v-celje\/","og_locale":"sl_SI","og_type":"article","og_title":"Luka Menalo iz zagreb\u0161kega Dinama v Celje - Novice.si","og_description":"Iz Nogometnega kluba Celje so sporo\u010dili, da je njihove vrste okrepil Luka Menalo. Krilni napadalec zagreb\u0161kega Dinama prihaja na enoletno posojo, po kateri ga bodo Celjani lahko tudi odkupili. Menalo je slovenskemu nogometnemu prostoru dobro znano ime. V sezoni 2019\/2020 je za Olimpijo zbral 38 nastopov in prispeval 12 zadetkov ter 8 asistenc. Nase je [&hellip;]","og_url":"https:\/\/novice.si\/page\/luka-menalo-iz-zagrebskega-dinama-v-celje\/","og_site_name":"Novice.si","article_published_time":"2024-01-15T15:00:56+00:00","article_modified_time":"2024-01-16T11:47:23+00:00","og_image":[{"width":1584,"height":1072,"url":"https:\/\/novice.si\/page\/wp-content\/uploads\/2024\/01\/menalo-Luka2-foto-NK-Celje.jpg","type":"image\/jpeg"}],"author":"Uredni\u0161tvo Novic","twitter_card":"summary_large_image","twitter_misc":{"Written by":"Uredni\u0161tvo Novic","Est. reading time":"2 minuti"},"schema":{"@context":"https:\/\/schema.org","@graph":[{"@type":"Article","@id":"https:\/\/novice.si\/page\/luka-menalo-iz-zagrebskega-dinama-v-celje\/#article","isPartOf":{"@id":"https:\/\/novice.si\/page\/luka-menalo-iz-zagrebskega-dinama-v-celje\/"},"author":{"name":"Uredni\u0161tvo Novic","@id":"https:\/\/novice.si\/page\/#\/schema\/person\/a877dbb8680d441357ce27663beb35ca"},"headline":"Luka Menalo iz zagreb\u0161kega Dinama v Celje","datePublished":"2024-01-15T15:00:56+00:00","dateModified":"2024-01-16T11:47:23+00:00","mainEntityOfPage":{"@id":"https:\/\/novice.si\/page\/luka-menalo-iz-zagrebskega-dinama-v-celje\/"},"wordCount":140,"publisher":{"@id":"https:\/\/novice.si\/page\/#organization"},"image":{"@id":"https:\/\/novice.si\/page\/luka-menalo-iz-zagrebskega-dinama-v-celje\/#primaryimage"},"thumbnailUrl":"https:\/\/novice.si\/page\/wp-content\/uploads\/2024\/01\/menalo-Luka2-foto-NK-Celje.jpg","keywords":["Luka Menalo","Nk Celje"],"articleSection":["Aktualno","Celjsko","\u0160port"],"inLanguage":"sl-SI"},{"@type":"WebPage","@id":"https:\/\/novice.si\/page\/luka-menalo-iz-zagrebskega-dinama-v-celje\/","url":"https:\/\/novice.si\/page\/luka-menalo-iz-zagrebskega-dinama-v-celje\/","name":"Luka Menalo iz zagreb\u0161kega Dinama v Celje - Novice.si","isPartOf":{"@id":"https:\/\/novice.si\/page\/#website"},"primaryImageOfPage":{"@id":"https:\/\/novice.si\/page\/luka-menalo-iz-zagrebskega-dinama-v-celje\/#primaryimage"},"image":{"@id":"https:\/\/novice.si\/page\/luka-menalo-iz-zagrebskega-dinama-v-celje\/#primaryimage"},"thumbnailUrl":"https:\/\/novice.si\/page\/wp-content\/uploads\/2024\/01\/menalo-Luka2-foto-NK-Celje.jpg","datePublished":"2024-01-15T15:00:56+00:00","dateModified":"2024-01-16T11:47:23+00:00","breadcrumb":{"@id":"https:\/\/novice.si\/page\/luka-menalo-iz-zagrebskega-dinama-v-celje\/#breadcrumb"},"inLanguage":"sl-SI","potentialAction":[{"@type":"ReadAction","target":["https:\/\/novice.si\/page\/luka-menalo-iz-zagrebskega-dinama-v-celje\/"]}]},{"@type":"ImageObject","inLanguage":"sl-SI","@id":"https:\/\/novice.si\/page\/luka-menalo-iz-zagrebskega-dinama-v-celje\/#primaryimage","url":"https:\/\/novice.si\/page\/wp-content\/uploads\/2024\/01\/menalo-Luka2-foto-NK-Celje.jpg","contentUrl":"https:\/\/novice.si\/page\/wp-content\/uploads\/2024\/01\/menalo-Luka2-foto-NK-Celje.jpg","width":1584,"height":1072},{"@type":"BreadcrumbList","@id":"https:\/\/novice.si\/page\/luka-menalo-iz-zagrebskega-dinama-v-celje\/#breadcrumb","itemListElement":[{"@type":"ListItem","position":1,"name":"Home","item":"https:\/\/novice.si\/page\/"},{"@type":"ListItem","position":2,"name":"Luka Menalo iz zagreb\u0161kega Dinama v Celje"}]},{"@type":"WebSite","@id":"https:\/\/novice.si\/page\/#website","url":"https:\/\/novice.si\/page\/","name":"Novice.si","description":"","publisher":{"@id":"https:\/\/novice.si\/page\/#organization"},"potentialAction":[{"@type":"SearchAction","target":{"@type":"EntryPoint","urlTemplate":"https:\/\/novice.si\/page\/?s={search_term_string}"},"query-input":{"@type":"PropertyValueSpecification","valueRequired":true,"valueName":"search_term_string"}}],"inLanguage":"sl-SI"},{"@type":"Organization","@id":"https:\/\/novice.si\/page\/#organization","name":"Novice.si","url":"https:\/\/novice.si\/page\/","logo":{"@type":"ImageObject","inLanguage":"sl-SI","@id":"https:\/\/novice.si\/page\/#\/schema\/logo\/image\/","url":"https:\/\/novice.si\/page\/wp-content\/uploads\/2023\/03\/novice_si.png","contentUrl":"https:\/\/novice.si\/page\/wp-content\/uploads\/2023\/03\/novice_si.png","width":576,"height":200,"caption":"Novice.si"},"image":{"@id":"https:\/\/novice.si\/page\/#\/schema\/logo\/image\/"}},{"@type":"Person","@id":"https:\/\/novice.si\/page\/#\/schema\/person\/a877dbb8680d441357ce27663beb35ca","name":"Uredni\u0161tvo Novic","image":{"@type":"ImageObject","inLanguage":"sl-SI","@id":"https:\/\/secure.gravatar.com\/avatar\/f19c0ae874706cc9ba19d2f6da5f74a5a5ee7674f283fed29ce0ad16a9f1893e?s=96&d=mm&r=g","url":"https:\/\/secure.gravatar.com\/avatar\/f19c0ae874706cc9ba19d2f6da5f74a5a5ee7674f283fed29ce0ad16a9f1893e?s=96&d=mm&r=g","contentUrl":"https:\/\/secure.gravatar.com\/avatar\/f19c0ae874706cc9ba19d2f6da5f74a5a5ee7674f283fed29ce0ad16a9f1893e?s=96&d=mm&r=g","caption":"Uredni\u0161tvo Novic"},"url":"https:\/\/novice.si\/page\/author\/jure\/"}]}},"_links":{"self":[{"href":"https:\/\/novice.si\/page\/wp-json\/wp\/v2\/posts\/170928","targetHints":{"allow":["GET"]}}],"collection":[{"href":"https:\/\/novice.si\/page\/wp-json\/wp\/v2\/posts"}],"about":[{"href":"https:\/\/novice.si\/page\/wp-json\/wp\/v2\/types\/post"}],"author":[{"embeddable":true,"href":"https:\/\/novice.si\/page\/wp-json\/wp\/v2\/users\/7"}],"replies":[{"embeddable":true,"href":"https:\/\/novice.si\/page\/wp-json\/wp\/v2\/comments?post=170928"}],"version-history":[{"count":1,"href":"https:\/\/novice.si\/page\/wp-json\/wp\/v2\/posts\/170928\/revisions"}],"predecessor-version":[{"id":170931,"href":"https:\/\/novice.si\/page\/wp-json\/wp\/v2\/posts\/170928\/revisions\/170931"}],"wp:featuredmedia":[{"embeddable":true,"href":"https:\/\/novice.si\/page\/wp-json\/wp\/v2\/media\/170930"}],"wp:attachment":[{"href":"https:\/\/novice.si\/page\/wp-json\/wp\/v2\/media?parent=170928"}],"wp:term":[{"taxonomy":"category","embeddable":true,"href":"https:\/\/novice.si\/page\/wp-json\/wp\/v2\/categories?post=170928"},{"taxonomy":"post_tag","embeddable":true,"href":"https:\/\/novice.si\/page\/wp-json\/wp\/v2\/tags?post=170928"}],"curies":[{"name":"wp","href":"https:\/\/api.w.org\/{rel}","templated":true}]}}