{"id":170911,"date":"2024-01-15T16:51:45","date_gmt":"2024-01-15T15:51:45","guid":{"rendered":"https:\/\/novice.si\/page\/?p=170911"},"modified":"2024-01-15T16:51:45","modified_gmt":"2024-01-15T15:51:45","slug":"celje-z-bmw-po-avtocesti-z-200-km-h","status":"publish","type":"post","link":"https:\/\/novice.si\/page\/celje-z-bmw-po-avtocesti-z-200-km-h\/","title":{"rendered":"CELJE Z BMW po avtocesti z 200 km\/h"},"content":{"rendered":"<p>Celjski prometni policisti so na avtocesti v\u010deraj v sklopu poostrenega nadzora cestnega prometa s poudarkom na ugotavljanju prekora\u010ditev hitrosti ujeli voznika BMW, ki je drvel z <img loading=\"lazy\" decoding=\"async\" class=\"wp-image-170912 alignleft\" src=\"https:\/\/novice.si\/page\/wp-content\/uploads\/2024\/01\/prekoracitev-BMW-600x450.jpg\" alt=\"\" width=\"333\" height=\"250\" srcset=\"https:\/\/novice.si\/page\/wp-content\/uploads\/2024\/01\/prekoracitev-BMW-600x450.jpg 600w, https:\/\/novice.si\/page\/wp-content\/uploads\/2024\/01\/prekoracitev-BMW-1024x768.jpg 1024w, https:\/\/novice.si\/page\/wp-content\/uploads\/2024\/01\/prekoracitev-BMW-768x576.jpg 768w, https:\/\/novice.si\/page\/wp-content\/uploads\/2024\/01\/prekoracitev-BMW-80x60.jpg 80w, https:\/\/novice.si\/page\/wp-content\/uploads\/2024\/01\/prekoracitev-BMW-265x198.jpg 265w, https:\/\/novice.si\/page\/wp-content\/uploads\/2024\/01\/prekoracitev-BMW-696x522.jpg 696w, https:\/\/novice.si\/page\/wp-content\/uploads\/2024\/01\/prekoracitev-BMW-1068x801.jpg 1068w, https:\/\/novice.si\/page\/wp-content\/uploads\/2024\/01\/prekoracitev-BMW-560x420.jpg 560w, https:\/\/novice.si\/page\/wp-content\/uploads\/2024\/01\/prekoracitev-BMW-24x18.jpg 24w, https:\/\/novice.si\/page\/wp-content\/uploads\/2024\/01\/prekoracitev-BMW-36x27.jpg 36w, https:\/\/novice.si\/page\/wp-content\/uploads\/2024\/01\/prekoracitev-BMW-48x36.jpg 48w, https:\/\/novice.si\/page\/wp-content\/uploads\/2024\/01\/prekoracitev-BMW.jpg 1280w\" sizes=\"auto, (max-width: 333px) 100vw, 333px\" \/>200 km\/h, \u010deprav je hitrost tudi s prometnim znakom omejena na 130 km\/h.<\/p>\n<p>Prislu\u017eil si je pla\u010dilni nalog in pet kazenskih to\u010dk.<\/p>\n<p>Kr\u0161itelj ni bil edini, je bil pa najhitrej\u0161i med tistimi, ki so jim uspeli izmeriti hitrost. Ta je \u0161e vedno eden najpogostej\u0161ih vzrokov prometnih nesre\u010d, zato policisti opozarjajo voznike, naj jo prilagodijo omejitvam in svojemu vozni\u0161kemu znanju, izku\u0161njam ter razmeram na cestah.<\/p>\n<p>P\u0160<\/p>\n<p>&nbsp;<\/p>\n","protected":false},"excerpt":{"rendered":"<p>Celjski prometni policisti so na avtocesti v\u010deraj v sklopu poostrenega nadzora cestnega prometa s poudarkom na ugotavljanju prekora\u010ditev hitrosti ujeli voznika BMW, ki je drvel z 200 km\/h, \u010deprav je hitrost tudi s prometnim znakom omejena na 130 km\/h. Prislu\u017eil si je pla\u010dilni nalog in pet kazenskih to\u010dk. Kr\u0161itelj ni bil edini, je bil pa [&hellip;]<\/p>\n","protected":false},"author":33,"featured_media":170912,"comment_status":"closed","ping_status":"closed","sticky":false,"template":"","format":"standard","meta":{"footnotes":""},"categories":[14,17,29],"tags":[19589,689,12292,4590],"class_list":{"0":"post-170911","1":"post","2":"type-post","3":"status-publish","4":"format-standard","5":"has-post-thumbnail","7":"category-aktualno","8":"category-celjsko","9":"category-kronika","10":"tag-200-km-h","11":"tag-avtocesta","12":"tag-bmw","13":"tag-nadzor-hitrosti"},"yoast_head":"<!-- This site is optimized with the Yoast SEO plugin v27.4 - https:\/\/yoast.com\/product\/yoast-seo-wordpress\/ -->\n<title>CELJE Z BMW po avtocesti z 200 km\/h - Novice.si<\/title>\n<meta name=\"robots\" content=\"index, follow, max-snippet:-1, max-image-preview:large, max-video-preview:-1\" \/>\n<link rel=\"canonical\" href=\"https:\/\/novice.si\/page\/celje-z-bmw-po-avtocesti-z-200-km-h\/\" \/>\n<meta property=\"og:locale\" content=\"sl_SI\" \/>\n<meta property=\"og:type\" content=\"article\" \/>\n<meta property=\"og:title\" content=\"CELJE Z BMW po avtocesti z 200 km\/h - Novice.si\" \/>\n<meta property=\"og:description\" content=\"Celjski prometni policisti so na avtocesti v\u010deraj v sklopu poostrenega nadzora cestnega prometa s poudarkom na ugotavljanju prekora\u010ditev hitrosti ujeli voznika BMW, ki je drvel z 200 km\/h, \u010deprav je hitrost tudi s prometnim znakom omejena na 130 km\/h. Prislu\u017eil si je pla\u010dilni nalog in pet kazenskih to\u010dk. Kr\u0161itelj ni bil edini, je bil pa [&hellip;]\" \/>\n<meta property=\"og:url\" content=\"https:\/\/novice.si\/page\/celje-z-bmw-po-avtocesti-z-200-km-h\/\" \/>\n<meta property=\"og:site_name\" content=\"Novice.si\" \/>\n<meta property=\"article:published_time\" content=\"2024-01-15T15:51:45+00:00\" \/>\n<meta property=\"og:image\" content=\"https:\/\/novice.si\/page\/wp-content\/uploads\/2024\/01\/prekoracitev-BMW.jpg\" \/>\n\t<meta property=\"og:image:width\" content=\"1280\" \/>\n\t<meta property=\"og:image:height\" content=\"960\" \/>\n\t<meta property=\"og:image:type\" content=\"image\/jpeg\" \/>\n<meta name=\"author\" content=\"Uredni\u0161tvo Celjana\" \/>\n<meta name=\"twitter:card\" content=\"summary_large_image\" \/>\n<meta name=\"twitter:label1\" content=\"Written by\" \/>\n\t<meta name=\"twitter:data1\" content=\"Uredni\u0161tvo Celjana\" \/>\n\t<meta name=\"twitter:label2\" content=\"Est. reading time\" \/>\n\t<meta name=\"twitter:data2\" content=\"1 minuta\" \/>\n<script type=\"application\/ld+json\" class=\"yoast-schema-graph\">{\"@context\":\"https:\\\/\\\/schema.org\",\"@graph\":[{\"@type\":\"Article\",\"@id\":\"https:\\\/\\\/novice.si\\\/page\\\/celje-z-bmw-po-avtocesti-z-200-km-h\\\/#article\",\"isPartOf\":{\"@id\":\"https:\\\/\\\/novice.si\\\/page\\\/celje-z-bmw-po-avtocesti-z-200-km-h\\\/\"},\"author\":{\"name\":\"Uredni\u0161tvo Celjana\",\"@id\":\"https:\\\/\\\/novice.si\\\/page\\\/#\\\/schema\\\/person\\\/57f25c9642a9541c7349c65d32032c3e\"},\"headline\":\"CELJE Z BMW po avtocesti z 200 km\\\/h\",\"datePublished\":\"2024-01-15T15:51:45+00:00\",\"mainEntityOfPage\":{\"@id\":\"https:\\\/\\\/novice.si\\\/page\\\/celje-z-bmw-po-avtocesti-z-200-km-h\\\/\"},\"wordCount\":110,\"publisher\":{\"@id\":\"https:\\\/\\\/novice.si\\\/page\\\/#organization\"},\"image\":{\"@id\":\"https:\\\/\\\/novice.si\\\/page\\\/celje-z-bmw-po-avtocesti-z-200-km-h\\\/#primaryimage\"},\"thumbnailUrl\":\"https:\\\/\\\/novice.si\\\/page\\\/wp-content\\\/uploads\\\/2024\\\/01\\\/prekoracitev-BMW.jpg\",\"keywords\":[\"200 km\\\/h\",\"avtocesta\",\"BMW\",\"nadzor hitrosti\"],\"articleSection\":[\"Aktualno\",\"Celjsko\",\"Kronika\"],\"inLanguage\":\"sl-SI\"},{\"@type\":\"WebPage\",\"@id\":\"https:\\\/\\\/novice.si\\\/page\\\/celje-z-bmw-po-avtocesti-z-200-km-h\\\/\",\"url\":\"https:\\\/\\\/novice.si\\\/page\\\/celje-z-bmw-po-avtocesti-z-200-km-h\\\/\",\"name\":\"CELJE Z BMW po avtocesti z 200 km\\\/h - Novice.si\",\"isPartOf\":{\"@id\":\"https:\\\/\\\/novice.si\\\/page\\\/#website\"},\"primaryImageOfPage\":{\"@id\":\"https:\\\/\\\/novice.si\\\/page\\\/celje-z-bmw-po-avtocesti-z-200-km-h\\\/#primaryimage\"},\"image\":{\"@id\":\"https:\\\/\\\/novice.si\\\/page\\\/celje-z-bmw-po-avtocesti-z-200-km-h\\\/#primaryimage\"},\"thumbnailUrl\":\"https:\\\/\\\/novice.si\\\/page\\\/wp-content\\\/uploads\\\/2024\\\/01\\\/prekoracitev-BMW.jpg\",\"datePublished\":\"2024-01-15T15:51:45+00:00\",\"breadcrumb\":{\"@id\":\"https:\\\/\\\/novice.si\\\/page\\\/celje-z-bmw-po-avtocesti-z-200-km-h\\\/#breadcrumb\"},\"inLanguage\":\"sl-SI\",\"potentialAction\":[{\"@type\":\"ReadAction\",\"target\":[\"https:\\\/\\\/novice.si\\\/page\\\/celje-z-bmw-po-avtocesti-z-200-km-h\\\/\"]}]},{\"@type\":\"ImageObject\",\"inLanguage\":\"sl-SI\",\"@id\":\"https:\\\/\\\/novice.si\\\/page\\\/celje-z-bmw-po-avtocesti-z-200-km-h\\\/#primaryimage\",\"url\":\"https:\\\/\\\/novice.si\\\/page\\\/wp-content\\\/uploads\\\/2024\\\/01\\\/prekoracitev-BMW.jpg\",\"contentUrl\":\"https:\\\/\\\/novice.si\\\/page\\\/wp-content\\\/uploads\\\/2024\\\/01\\\/prekoracitev-BMW.jpg\",\"width\":1280,\"height\":960},{\"@type\":\"BreadcrumbList\",\"@id\":\"https:\\\/\\\/novice.si\\\/page\\\/celje-z-bmw-po-avtocesti-z-200-km-h\\\/#breadcrumb\",\"itemListElement\":[{\"@type\":\"ListItem\",\"position\":1,\"name\":\"Home\",\"item\":\"https:\\\/\\\/novice.si\\\/page\\\/\"},{\"@type\":\"ListItem\",\"position\":2,\"name\":\"CELJE Z BMW po avtocesti z 200 km\\\/h\"}]},{\"@type\":\"WebSite\",\"@id\":\"https:\\\/\\\/novice.si\\\/page\\\/#website\",\"url\":\"https:\\\/\\\/novice.si\\\/page\\\/\",\"name\":\"Novice.si\",\"description\":\"\",\"publisher\":{\"@id\":\"https:\\\/\\\/novice.si\\\/page\\\/#organization\"},\"potentialAction\":[{\"@type\":\"SearchAction\",\"target\":{\"@type\":\"EntryPoint\",\"urlTemplate\":\"https:\\\/\\\/novice.si\\\/page\\\/?s={search_term_string}\"},\"query-input\":{\"@type\":\"PropertyValueSpecification\",\"valueRequired\":true,\"valueName\":\"search_term_string\"}}],\"inLanguage\":\"sl-SI\"},{\"@type\":\"Organization\",\"@id\":\"https:\\\/\\\/novice.si\\\/page\\\/#organization\",\"name\":\"Novice.si\",\"url\":\"https:\\\/\\\/novice.si\\\/page\\\/\",\"logo\":{\"@type\":\"ImageObject\",\"inLanguage\":\"sl-SI\",\"@id\":\"https:\\\/\\\/novice.si\\\/page\\\/#\\\/schema\\\/logo\\\/image\\\/\",\"url\":\"https:\\\/\\\/novice.si\\\/page\\\/wp-content\\\/uploads\\\/2023\\\/03\\\/novice_si.png\",\"contentUrl\":\"https:\\\/\\\/novice.si\\\/page\\\/wp-content\\\/uploads\\\/2023\\\/03\\\/novice_si.png\",\"width\":576,\"height\":200,\"caption\":\"Novice.si\"},\"image\":{\"@id\":\"https:\\\/\\\/novice.si\\\/page\\\/#\\\/schema\\\/logo\\\/image\\\/\"}},{\"@type\":\"Person\",\"@id\":\"https:\\\/\\\/novice.si\\\/page\\\/#\\\/schema\\\/person\\\/57f25c9642a9541c7349c65d32032c3e\",\"name\":\"Uredni\u0161tvo Celjana\",\"image\":{\"@type\":\"ImageObject\",\"inLanguage\":\"sl-SI\",\"@id\":\"https:\\\/\\\/secure.gravatar.com\\\/avatar\\\/78e52bc4279b65f6df6345e0ef0f7b792d361361f230cf4ffecfe0afe6d5629c?s=96&d=mm&r=g\",\"url\":\"https:\\\/\\\/secure.gravatar.com\\\/avatar\\\/78e52bc4279b65f6df6345e0ef0f7b792d361361f230cf4ffecfe0afe6d5629c?s=96&d=mm&r=g\",\"contentUrl\":\"https:\\\/\\\/secure.gravatar.com\\\/avatar\\\/78e52bc4279b65f6df6345e0ef0f7b792d361361f230cf4ffecfe0afe6d5629c?s=96&d=mm&r=g\",\"caption\":\"Uredni\u0161tvo Celjana\"},\"url\":\"https:\\\/\\\/novice.si\\\/page\\\/author\\\/primoz\\\/\"}]}<\/script>\n<!-- \/ Yoast SEO plugin. -->","yoast_head_json":{"title":"CELJE Z BMW po avtocesti z 200 km\/h - Novice.si","robots":{"index":"index","follow":"follow","max-snippet":"max-snippet:-1","max-image-preview":"max-image-preview:large","max-video-preview":"max-video-preview:-1"},"canonical":"https:\/\/novice.si\/page\/celje-z-bmw-po-avtocesti-z-200-km-h\/","og_locale":"sl_SI","og_type":"article","og_title":"CELJE Z BMW po avtocesti z 200 km\/h - Novice.si","og_description":"Celjski prometni policisti so na avtocesti v\u010deraj v sklopu poostrenega nadzora cestnega prometa s poudarkom na ugotavljanju prekora\u010ditev hitrosti ujeli voznika BMW, ki je drvel z 200 km\/h, \u010deprav je hitrost tudi s prometnim znakom omejena na 130 km\/h. Prislu\u017eil si je pla\u010dilni nalog in pet kazenskih to\u010dk. Kr\u0161itelj ni bil edini, je bil pa [&hellip;]","og_url":"https:\/\/novice.si\/page\/celje-z-bmw-po-avtocesti-z-200-km-h\/","og_site_name":"Novice.si","article_published_time":"2024-01-15T15:51:45+00:00","og_image":[{"width":1280,"height":960,"url":"https:\/\/novice.si\/page\/wp-content\/uploads\/2024\/01\/prekoracitev-BMW.jpg","type":"image\/jpeg"}],"author":"Uredni\u0161tvo Celjana","twitter_card":"summary_large_image","twitter_misc":{"Written by":"Uredni\u0161tvo Celjana","Est. reading time":"1 minuta"},"schema":{"@context":"https:\/\/schema.org","@graph":[{"@type":"Article","@id":"https:\/\/novice.si\/page\/celje-z-bmw-po-avtocesti-z-200-km-h\/#article","isPartOf":{"@id":"https:\/\/novice.si\/page\/celje-z-bmw-po-avtocesti-z-200-km-h\/"},"author":{"name":"Uredni\u0161tvo Celjana","@id":"https:\/\/novice.si\/page\/#\/schema\/person\/57f25c9642a9541c7349c65d32032c3e"},"headline":"CELJE Z BMW po avtocesti z 200 km\/h","datePublished":"2024-01-15T15:51:45+00:00","mainEntityOfPage":{"@id":"https:\/\/novice.si\/page\/celje-z-bmw-po-avtocesti-z-200-km-h\/"},"wordCount":110,"publisher":{"@id":"https:\/\/novice.si\/page\/#organization"},"image":{"@id":"https:\/\/novice.si\/page\/celje-z-bmw-po-avtocesti-z-200-km-h\/#primaryimage"},"thumbnailUrl":"https:\/\/novice.si\/page\/wp-content\/uploads\/2024\/01\/prekoracitev-BMW.jpg","keywords":["200 km\/h","avtocesta","BMW","nadzor hitrosti"],"articleSection":["Aktualno","Celjsko","Kronika"],"inLanguage":"sl-SI"},{"@type":"WebPage","@id":"https:\/\/novice.si\/page\/celje-z-bmw-po-avtocesti-z-200-km-h\/","url":"https:\/\/novice.si\/page\/celje-z-bmw-po-avtocesti-z-200-km-h\/","name":"CELJE Z BMW po avtocesti z 200 km\/h - Novice.si","isPartOf":{"@id":"https:\/\/novice.si\/page\/#website"},"primaryImageOfPage":{"@id":"https:\/\/novice.si\/page\/celje-z-bmw-po-avtocesti-z-200-km-h\/#primaryimage"},"image":{"@id":"https:\/\/novice.si\/page\/celje-z-bmw-po-avtocesti-z-200-km-h\/#primaryimage"},"thumbnailUrl":"https:\/\/novice.si\/page\/wp-content\/uploads\/2024\/01\/prekoracitev-BMW.jpg","datePublished":"2024-01-15T15:51:45+00:00","breadcrumb":{"@id":"https:\/\/novice.si\/page\/celje-z-bmw-po-avtocesti-z-200-km-h\/#breadcrumb"},"inLanguage":"sl-SI","potentialAction":[{"@type":"ReadAction","target":["https:\/\/novice.si\/page\/celje-z-bmw-po-avtocesti-z-200-km-h\/"]}]},{"@type":"ImageObject","inLanguage":"sl-SI","@id":"https:\/\/novice.si\/page\/celje-z-bmw-po-avtocesti-z-200-km-h\/#primaryimage","url":"https:\/\/novice.si\/page\/wp-content\/uploads\/2024\/01\/prekoracitev-BMW.jpg","contentUrl":"https:\/\/novice.si\/page\/wp-content\/uploads\/2024\/01\/prekoracitev-BMW.jpg","width":1280,"height":960},{"@type":"BreadcrumbList","@id":"https:\/\/novice.si\/page\/celje-z-bmw-po-avtocesti-z-200-km-h\/#breadcrumb","itemListElement":[{"@type":"ListItem","position":1,"name":"Home","item":"https:\/\/novice.si\/page\/"},{"@type":"ListItem","position":2,"name":"CELJE Z BMW po avtocesti z 200 km\/h"}]},{"@type":"WebSite","@id":"https:\/\/novice.si\/page\/#website","url":"https:\/\/novice.si\/page\/","name":"Novice.si","description":"","publisher":{"@id":"https:\/\/novice.si\/page\/#organization"},"potentialAction":[{"@type":"SearchAction","target":{"@type":"EntryPoint","urlTemplate":"https:\/\/novice.si\/page\/?s={search_term_string}"},"query-input":{"@type":"PropertyValueSpecification","valueRequired":true,"valueName":"search_term_string"}}],"inLanguage":"sl-SI"},{"@type":"Organization","@id":"https:\/\/novice.si\/page\/#organization","name":"Novice.si","url":"https:\/\/novice.si\/page\/","logo":{"@type":"ImageObject","inLanguage":"sl-SI","@id":"https:\/\/novice.si\/page\/#\/schema\/logo\/image\/","url":"https:\/\/novice.si\/page\/wp-content\/uploads\/2023\/03\/novice_si.png","contentUrl":"https:\/\/novice.si\/page\/wp-content\/uploads\/2023\/03\/novice_si.png","width":576,"height":200,"caption":"Novice.si"},"image":{"@id":"https:\/\/novice.si\/page\/#\/schema\/logo\/image\/"}},{"@type":"Person","@id":"https:\/\/novice.si\/page\/#\/schema\/person\/57f25c9642a9541c7349c65d32032c3e","name":"Uredni\u0161tvo Celjana","image":{"@type":"ImageObject","inLanguage":"sl-SI","@id":"https:\/\/secure.gravatar.com\/avatar\/78e52bc4279b65f6df6345e0ef0f7b792d361361f230cf4ffecfe0afe6d5629c?s=96&d=mm&r=g","url":"https:\/\/secure.gravatar.com\/avatar\/78e52bc4279b65f6df6345e0ef0f7b792d361361f230cf4ffecfe0afe6d5629c?s=96&d=mm&r=g","contentUrl":"https:\/\/secure.gravatar.com\/avatar\/78e52bc4279b65f6df6345e0ef0f7b792d361361f230cf4ffecfe0afe6d5629c?s=96&d=mm&r=g","caption":"Uredni\u0161tvo Celjana"},"url":"https:\/\/novice.si\/page\/author\/primoz\/"}]}},"_links":{"self":[{"href":"https:\/\/novice.si\/page\/wp-json\/wp\/v2\/posts\/170911","targetHints":{"allow":["GET"]}}],"collection":[{"href":"https:\/\/novice.si\/page\/wp-json\/wp\/v2\/posts"}],"about":[{"href":"https:\/\/novice.si\/page\/wp-json\/wp\/v2\/types\/post"}],"author":[{"embeddable":true,"href":"https:\/\/novice.si\/page\/wp-json\/wp\/v2\/users\/33"}],"replies":[{"embeddable":true,"href":"https:\/\/novice.si\/page\/wp-json\/wp\/v2\/comments?post=170911"}],"version-history":[{"count":1,"href":"https:\/\/novice.si\/page\/wp-json\/wp\/v2\/posts\/170911\/revisions"}],"predecessor-version":[{"id":170913,"href":"https:\/\/novice.si\/page\/wp-json\/wp\/v2\/posts\/170911\/revisions\/170913"}],"wp:featuredmedia":[{"embeddable":true,"href":"https:\/\/novice.si\/page\/wp-json\/wp\/v2\/media\/170912"}],"wp:attachment":[{"href":"https:\/\/novice.si\/page\/wp-json\/wp\/v2\/media?parent=170911"}],"wp:term":[{"taxonomy":"category","embeddable":true,"href":"https:\/\/novice.si\/page\/wp-json\/wp\/v2\/categories?post=170911"},{"taxonomy":"post_tag","embeddable":true,"href":"https:\/\/novice.si\/page\/wp-json\/wp\/v2\/tags?post=170911"}],"curies":[{"name":"wp","href":"https:\/\/api.w.org\/{rel}","templated":true}]}}