{"id":170804,"date":"2024-01-10T19:34:23","date_gmt":"2024-01-10T18:34:23","guid":{"rendered":"https:\/\/novice.si\/page\/?p=170804"},"modified":"2024-01-10T19:34:23","modified_gmt":"2024-01-10T18:34:23","slug":"zadnji-lani-fantek-prva-letos-puncka","status":"publish","type":"post","link":"https:\/\/novice.si\/page\/zadnji-lani-fantek-prva-letos-puncka\/","title":{"rendered":"Zadnji lani fantek, prva letos pun\u010dka"},"content":{"rendered":"<p><em><img loading=\"lazy\" decoding=\"async\" class=\" wp-image-170805 alignleft\" src=\"https:\/\/novice.si\/page\/wp-content\/uploads\/2024\/01\/cz-novorojencki-600x450.jpg\" alt=\"novorojen\u010dki Celje\" width=\"457\" height=\"343\" srcset=\"https:\/\/novice.si\/page\/wp-content\/uploads\/2024\/01\/cz-novorojencki-600x450.jpg 600w, https:\/\/novice.si\/page\/wp-content\/uploads\/2024\/01\/cz-novorojencki-1024x768.jpg 1024w, https:\/\/novice.si\/page\/wp-content\/uploads\/2024\/01\/cz-novorojencki-768x576.jpg 768w, https:\/\/novice.si\/page\/wp-content\/uploads\/2024\/01\/cz-novorojencki-1536x1152.jpg 1536w, https:\/\/novice.si\/page\/wp-content\/uploads\/2024\/01\/cz-novorojencki-80x60.jpg 80w, https:\/\/novice.si\/page\/wp-content\/uploads\/2024\/01\/cz-novorojencki-265x198.jpg 265w, https:\/\/novice.si\/page\/wp-content\/uploads\/2024\/01\/cz-novorojencki-696x522.jpg 696w, https:\/\/novice.si\/page\/wp-content\/uploads\/2024\/01\/cz-novorojencki-1068x801.jpg 1068w, https:\/\/novice.si\/page\/wp-content\/uploads\/2024\/01\/cz-novorojencki-560x420.jpg 560w, https:\/\/novice.si\/page\/wp-content\/uploads\/2024\/01\/cz-novorojencki-1920x1440.jpg 1920w, https:\/\/novice.si\/page\/wp-content\/uploads\/2024\/01\/cz-novorojencki-24x18.jpg 24w, https:\/\/novice.si\/page\/wp-content\/uploads\/2024\/01\/cz-novorojencki-36x27.jpg 36w, https:\/\/novice.si\/page\/wp-content\/uploads\/2024\/01\/cz-novorojencki-48x36.jpg 48w, https:\/\/novice.si\/page\/wp-content\/uploads\/2024\/01\/cz-novorojencki.jpg 2000w\" sizes=\"auto, (max-width: 457px) 100vw, 457px\" \/>Zadnji novorojen\u010dek v celjski porodni\u0161nici v minulem letu je bil de\u010dek, ki se je 31. decembra ob 22.10 rodil mami <strong>Evi Jurkovnik<\/strong> iz Mozirja. Prvi rojeni otrok v tem letu je bila deklica, ki jo je na prvi dan novega leta ob 10.32 rodila mamica <strong>Lucija Orehov<\/strong> iz Celja.<\/em><\/p>\n<p>Kmalu ji je sledil \u0161e prvi leto\u0161nji de\u010dek, ki se je ob 11.16 uri rodil mamici <strong>Iris Jagodi\u010d<\/strong> iz Rogatca.<\/p>\n<p>\u00bbNa \u017ealost je v Sloveniji zadnja leta otrok manj, rodnost pri nas pada. Gre za problem, ki ga izpostavljamo \u017ee mnogo let. Ampak \u017eivljenje se spreminja, s tem na\u0161e navade, na\u0161i odnosi, spreminjajo se pogledi na \u017eivljenje in zaradi tega je morda tudi otrok nekoliko manj. S tem seveda ni ni\u010d narobe, to so osebne odlo\u010ditve posameznika v \u017eivljenju, vseeno pa bi si \u017eeleli, da bi imeli stotine in tiso\u010de ve\u010d otrok, da bi lahko v porodni\u0161nicah uspe\u0161no opravljali svoje poslanstvo za varno rojstvo otrok,\u00ab je povedal predstojnik ginekolo\u0161ko-porodni\u0161kega oddelka Splo\u0161ne bolni\u0161nice Celje, <strong>mag. Jakob Koren<\/strong>.<\/p>\n<p>V letu 2023 je v porodni\u0161nici Splo\u0161ne bolni\u0161nice Celje lu\u010d sveta ugledalo 1384 novorojen\u010dkov, od tega so se devetkrat rodili dvoj\u010dki.<\/p>\n","protected":false},"excerpt":{"rendered":"<p>Zadnji novorojen\u010dek v celjski porodni\u0161nici v minulem letu je bil de\u010dek, ki se je 31. decembra ob 22.10 rodil mami Evi Jurkovnik iz Mozirja. Prvi rojeni otrok v tem letu je bila deklica, ki jo je na prvi dan novega leta ob 10.32 rodila mamica Lucija Orehov iz Celja. Kmalu ji je sledil \u0161e prvi [&hellip;]<\/p>\n","protected":false},"author":55,"featured_media":170805,"comment_status":"closed","ping_status":"closed","sticky":false,"template":"","format":"standard","meta":{"footnotes":""},"categories":[14,142,17],"tags":[],"class_list":{"0":"post-170804","1":"post","2":"type-post","3":"status-publish","4":"format-standard","5":"has-post-thumbnail","7":"category-aktualno","8":"category-celjan","9":"category-celjsko"},"yoast_head":"<!-- This site is optimized with the Yoast SEO plugin v27.4 - https:\/\/yoast.com\/product\/yoast-seo-wordpress\/ -->\n<title>Zadnji lani fantek, prva letos pun\u010dka - Novice.si<\/title>\n<meta name=\"robots\" content=\"index, follow, max-snippet:-1, max-image-preview:large, max-video-preview:-1\" \/>\n<link rel=\"canonical\" href=\"https:\/\/novice.si\/page\/zadnji-lani-fantek-prva-letos-puncka\/\" \/>\n<meta property=\"og:locale\" content=\"sl_SI\" \/>\n<meta property=\"og:type\" content=\"article\" \/>\n<meta property=\"og:title\" content=\"Zadnji lani fantek, prva letos pun\u010dka - Novice.si\" \/>\n<meta property=\"og:description\" content=\"Zadnji novorojen\u010dek v celjski porodni\u0161nici v minulem letu je bil de\u010dek, ki se je 31. decembra ob 22.10 rodil mami Evi Jurkovnik iz Mozirja. Prvi rojeni otrok v tem letu je bila deklica, ki jo je na prvi dan novega leta ob 10.32 rodila mamica Lucija Orehov iz Celja. Kmalu ji je sledil \u0161e prvi [&hellip;]\" \/>\n<meta property=\"og:url\" content=\"https:\/\/novice.si\/page\/zadnji-lani-fantek-prva-letos-puncka\/\" \/>\n<meta property=\"og:site_name\" content=\"Novice.si\" \/>\n<meta property=\"article:published_time\" content=\"2024-01-10T18:34:23+00:00\" \/>\n<meta property=\"og:image\" content=\"https:\/\/novice.si\/page\/wp-content\/uploads\/2024\/01\/cz-novorojencki.jpg\" \/>\n\t<meta property=\"og:image:width\" content=\"2000\" \/>\n\t<meta property=\"og:image:height\" content=\"1500\" \/>\n\t<meta property=\"og:image:type\" content=\"image\/jpeg\" \/>\n<meta name=\"author\" content=\"Uredni\u0161tvo Celjana\" \/>\n<meta name=\"twitter:card\" content=\"summary_large_image\" \/>\n<meta name=\"twitter:label1\" content=\"Written by\" \/>\n\t<meta name=\"twitter:data1\" content=\"Uredni\u0161tvo Celjana\" \/>\n\t<meta name=\"twitter:label2\" content=\"Est. reading time\" \/>\n\t<meta name=\"twitter:data2\" content=\"2 minuti\" \/>\n<script type=\"application\/ld+json\" class=\"yoast-schema-graph\">{\"@context\":\"https:\\\/\\\/schema.org\",\"@graph\":[{\"@type\":\"Article\",\"@id\":\"https:\\\/\\\/novice.si\\\/page\\\/zadnji-lani-fantek-prva-letos-puncka\\\/#article\",\"isPartOf\":{\"@id\":\"https:\\\/\\\/novice.si\\\/page\\\/zadnji-lani-fantek-prva-letos-puncka\\\/\"},\"author\":{\"name\":\"Uredni\u0161tvo Celjana\",\"@id\":\"https:\\\/\\\/novice.si\\\/page\\\/#\\\/schema\\\/person\\\/a49f233ef2777ec7b2e8d0662325bb48\"},\"headline\":\"Zadnji lani fantek, prva letos pun\u010dka\",\"datePublished\":\"2024-01-10T18:34:23+00:00\",\"mainEntityOfPage\":{\"@id\":\"https:\\\/\\\/novice.si\\\/page\\\/zadnji-lani-fantek-prva-letos-puncka\\\/\"},\"wordCount\":207,\"publisher\":{\"@id\":\"https:\\\/\\\/novice.si\\\/page\\\/#organization\"},\"image\":{\"@id\":\"https:\\\/\\\/novice.si\\\/page\\\/zadnji-lani-fantek-prva-letos-puncka\\\/#primaryimage\"},\"thumbnailUrl\":\"https:\\\/\\\/novice.si\\\/page\\\/wp-content\\\/uploads\\\/2024\\\/01\\\/cz-novorojencki.jpg\",\"articleSection\":[\"Aktualno\",\"Celjan\",\"Celjsko\"],\"inLanguage\":\"sl-SI\"},{\"@type\":\"WebPage\",\"@id\":\"https:\\\/\\\/novice.si\\\/page\\\/zadnji-lani-fantek-prva-letos-puncka\\\/\",\"url\":\"https:\\\/\\\/novice.si\\\/page\\\/zadnji-lani-fantek-prva-letos-puncka\\\/\",\"name\":\"Zadnji lani fantek, prva letos pun\u010dka - Novice.si\",\"isPartOf\":{\"@id\":\"https:\\\/\\\/novice.si\\\/page\\\/#website\"},\"primaryImageOfPage\":{\"@id\":\"https:\\\/\\\/novice.si\\\/page\\\/zadnji-lani-fantek-prva-letos-puncka\\\/#primaryimage\"},\"image\":{\"@id\":\"https:\\\/\\\/novice.si\\\/page\\\/zadnji-lani-fantek-prva-letos-puncka\\\/#primaryimage\"},\"thumbnailUrl\":\"https:\\\/\\\/novice.si\\\/page\\\/wp-content\\\/uploads\\\/2024\\\/01\\\/cz-novorojencki.jpg\",\"datePublished\":\"2024-01-10T18:34:23+00:00\",\"breadcrumb\":{\"@id\":\"https:\\\/\\\/novice.si\\\/page\\\/zadnji-lani-fantek-prva-letos-puncka\\\/#breadcrumb\"},\"inLanguage\":\"sl-SI\",\"potentialAction\":[{\"@type\":\"ReadAction\",\"target\":[\"https:\\\/\\\/novice.si\\\/page\\\/zadnji-lani-fantek-prva-letos-puncka\\\/\"]}]},{\"@type\":\"ImageObject\",\"inLanguage\":\"sl-SI\",\"@id\":\"https:\\\/\\\/novice.si\\\/page\\\/zadnji-lani-fantek-prva-letos-puncka\\\/#primaryimage\",\"url\":\"https:\\\/\\\/novice.si\\\/page\\\/wp-content\\\/uploads\\\/2024\\\/01\\\/cz-novorojencki.jpg\",\"contentUrl\":\"https:\\\/\\\/novice.si\\\/page\\\/wp-content\\\/uploads\\\/2024\\\/01\\\/cz-novorojencki.jpg\",\"width\":2000,\"height\":1500,\"caption\":\"novorojen\u010dki Celje\"},{\"@type\":\"BreadcrumbList\",\"@id\":\"https:\\\/\\\/novice.si\\\/page\\\/zadnji-lani-fantek-prva-letos-puncka\\\/#breadcrumb\",\"itemListElement\":[{\"@type\":\"ListItem\",\"position\":1,\"name\":\"Home\",\"item\":\"https:\\\/\\\/novice.si\\\/page\\\/\"},{\"@type\":\"ListItem\",\"position\":2,\"name\":\"Zadnji lani fantek, prva letos pun\u010dka\"}]},{\"@type\":\"WebSite\",\"@id\":\"https:\\\/\\\/novice.si\\\/page\\\/#website\",\"url\":\"https:\\\/\\\/novice.si\\\/page\\\/\",\"name\":\"Novice.si\",\"description\":\"\",\"publisher\":{\"@id\":\"https:\\\/\\\/novice.si\\\/page\\\/#organization\"},\"potentialAction\":[{\"@type\":\"SearchAction\",\"target\":{\"@type\":\"EntryPoint\",\"urlTemplate\":\"https:\\\/\\\/novice.si\\\/page\\\/?s={search_term_string}\"},\"query-input\":{\"@type\":\"PropertyValueSpecification\",\"valueRequired\":true,\"valueName\":\"search_term_string\"}}],\"inLanguage\":\"sl-SI\"},{\"@type\":\"Organization\",\"@id\":\"https:\\\/\\\/novice.si\\\/page\\\/#organization\",\"name\":\"Novice.si\",\"url\":\"https:\\\/\\\/novice.si\\\/page\\\/\",\"logo\":{\"@type\":\"ImageObject\",\"inLanguage\":\"sl-SI\",\"@id\":\"https:\\\/\\\/novice.si\\\/page\\\/#\\\/schema\\\/logo\\\/image\\\/\",\"url\":\"https:\\\/\\\/novice.si\\\/page\\\/wp-content\\\/uploads\\\/2023\\\/03\\\/novice_si.png\",\"contentUrl\":\"https:\\\/\\\/novice.si\\\/page\\\/wp-content\\\/uploads\\\/2023\\\/03\\\/novice_si.png\",\"width\":576,\"height\":200,\"caption\":\"Novice.si\"},\"image\":{\"@id\":\"https:\\\/\\\/novice.si\\\/page\\\/#\\\/schema\\\/logo\\\/image\\\/\"}},{\"@type\":\"Person\",\"@id\":\"https:\\\/\\\/novice.si\\\/page\\\/#\\\/schema\\\/person\\\/a49f233ef2777ec7b2e8d0662325bb48\",\"name\":\"Uredni\u0161tvo Celjana\",\"image\":{\"@type\":\"ImageObject\",\"inLanguage\":\"sl-SI\",\"@id\":\"https:\\\/\\\/secure.gravatar.com\\\/avatar\\\/7f7863e616af8f92806c638dd1db3f1a238d83d1cc2ec3100afc06fbb7eb303f?s=96&d=mm&r=g\",\"url\":\"https:\\\/\\\/secure.gravatar.com\\\/avatar\\\/7f7863e616af8f92806c638dd1db3f1a238d83d1cc2ec3100afc06fbb7eb303f?s=96&d=mm&r=g\",\"contentUrl\":\"https:\\\/\\\/secure.gravatar.com\\\/avatar\\\/7f7863e616af8f92806c638dd1db3f1a238d83d1cc2ec3100afc06fbb7eb303f?s=96&d=mm&r=g\",\"caption\":\"Uredni\u0161tvo Celjana\"},\"url\":\"https:\\\/\\\/novice.si\\\/page\\\/author\\\/maja\\\/\"}]}<\/script>\n<!-- \/ Yoast SEO plugin. -->","yoast_head_json":{"title":"Zadnji lani fantek, prva letos pun\u010dka - Novice.si","robots":{"index":"index","follow":"follow","max-snippet":"max-snippet:-1","max-image-preview":"max-image-preview:large","max-video-preview":"max-video-preview:-1"},"canonical":"https:\/\/novice.si\/page\/zadnji-lani-fantek-prva-letos-puncka\/","og_locale":"sl_SI","og_type":"article","og_title":"Zadnji lani fantek, prva letos pun\u010dka - Novice.si","og_description":"Zadnji novorojen\u010dek v celjski porodni\u0161nici v minulem letu je bil de\u010dek, ki se je 31. decembra ob 22.10 rodil mami Evi Jurkovnik iz Mozirja. Prvi rojeni otrok v tem letu je bila deklica, ki jo je na prvi dan novega leta ob 10.32 rodila mamica Lucija Orehov iz Celja. Kmalu ji je sledil \u0161e prvi [&hellip;]","og_url":"https:\/\/novice.si\/page\/zadnji-lani-fantek-prva-letos-puncka\/","og_site_name":"Novice.si","article_published_time":"2024-01-10T18:34:23+00:00","og_image":[{"width":2000,"height":1500,"url":"https:\/\/novice.si\/page\/wp-content\/uploads\/2024\/01\/cz-novorojencki.jpg","type":"image\/jpeg"}],"author":"Uredni\u0161tvo Celjana","twitter_card":"summary_large_image","twitter_misc":{"Written by":"Uredni\u0161tvo Celjana","Est. reading time":"2 minuti"},"schema":{"@context":"https:\/\/schema.org","@graph":[{"@type":"Article","@id":"https:\/\/novice.si\/page\/zadnji-lani-fantek-prva-letos-puncka\/#article","isPartOf":{"@id":"https:\/\/novice.si\/page\/zadnji-lani-fantek-prva-letos-puncka\/"},"author":{"name":"Uredni\u0161tvo Celjana","@id":"https:\/\/novice.si\/page\/#\/schema\/person\/a49f233ef2777ec7b2e8d0662325bb48"},"headline":"Zadnji lani fantek, prva letos pun\u010dka","datePublished":"2024-01-10T18:34:23+00:00","mainEntityOfPage":{"@id":"https:\/\/novice.si\/page\/zadnji-lani-fantek-prva-letos-puncka\/"},"wordCount":207,"publisher":{"@id":"https:\/\/novice.si\/page\/#organization"},"image":{"@id":"https:\/\/novice.si\/page\/zadnji-lani-fantek-prva-letos-puncka\/#primaryimage"},"thumbnailUrl":"https:\/\/novice.si\/page\/wp-content\/uploads\/2024\/01\/cz-novorojencki.jpg","articleSection":["Aktualno","Celjan","Celjsko"],"inLanguage":"sl-SI"},{"@type":"WebPage","@id":"https:\/\/novice.si\/page\/zadnji-lani-fantek-prva-letos-puncka\/","url":"https:\/\/novice.si\/page\/zadnji-lani-fantek-prva-letos-puncka\/","name":"Zadnji lani fantek, prva letos pun\u010dka - Novice.si","isPartOf":{"@id":"https:\/\/novice.si\/page\/#website"},"primaryImageOfPage":{"@id":"https:\/\/novice.si\/page\/zadnji-lani-fantek-prva-letos-puncka\/#primaryimage"},"image":{"@id":"https:\/\/novice.si\/page\/zadnji-lani-fantek-prva-letos-puncka\/#primaryimage"},"thumbnailUrl":"https:\/\/novice.si\/page\/wp-content\/uploads\/2024\/01\/cz-novorojencki.jpg","datePublished":"2024-01-10T18:34:23+00:00","breadcrumb":{"@id":"https:\/\/novice.si\/page\/zadnji-lani-fantek-prva-letos-puncka\/#breadcrumb"},"inLanguage":"sl-SI","potentialAction":[{"@type":"ReadAction","target":["https:\/\/novice.si\/page\/zadnji-lani-fantek-prva-letos-puncka\/"]}]},{"@type":"ImageObject","inLanguage":"sl-SI","@id":"https:\/\/novice.si\/page\/zadnji-lani-fantek-prva-letos-puncka\/#primaryimage","url":"https:\/\/novice.si\/page\/wp-content\/uploads\/2024\/01\/cz-novorojencki.jpg","contentUrl":"https:\/\/novice.si\/page\/wp-content\/uploads\/2024\/01\/cz-novorojencki.jpg","width":2000,"height":1500,"caption":"novorojen\u010dki Celje"},{"@type":"BreadcrumbList","@id":"https:\/\/novice.si\/page\/zadnji-lani-fantek-prva-letos-puncka\/#breadcrumb","itemListElement":[{"@type":"ListItem","position":1,"name":"Home","item":"https:\/\/novice.si\/page\/"},{"@type":"ListItem","position":2,"name":"Zadnji lani fantek, prva letos pun\u010dka"}]},{"@type":"WebSite","@id":"https:\/\/novice.si\/page\/#website","url":"https:\/\/novice.si\/page\/","name":"Novice.si","description":"","publisher":{"@id":"https:\/\/novice.si\/page\/#organization"},"potentialAction":[{"@type":"SearchAction","target":{"@type":"EntryPoint","urlTemplate":"https:\/\/novice.si\/page\/?s={search_term_string}"},"query-input":{"@type":"PropertyValueSpecification","valueRequired":true,"valueName":"search_term_string"}}],"inLanguage":"sl-SI"},{"@type":"Organization","@id":"https:\/\/novice.si\/page\/#organization","name":"Novice.si","url":"https:\/\/novice.si\/page\/","logo":{"@type":"ImageObject","inLanguage":"sl-SI","@id":"https:\/\/novice.si\/page\/#\/schema\/logo\/image\/","url":"https:\/\/novice.si\/page\/wp-content\/uploads\/2023\/03\/novice_si.png","contentUrl":"https:\/\/novice.si\/page\/wp-content\/uploads\/2023\/03\/novice_si.png","width":576,"height":200,"caption":"Novice.si"},"image":{"@id":"https:\/\/novice.si\/page\/#\/schema\/logo\/image\/"}},{"@type":"Person","@id":"https:\/\/novice.si\/page\/#\/schema\/person\/a49f233ef2777ec7b2e8d0662325bb48","name":"Uredni\u0161tvo Celjana","image":{"@type":"ImageObject","inLanguage":"sl-SI","@id":"https:\/\/secure.gravatar.com\/avatar\/7f7863e616af8f92806c638dd1db3f1a238d83d1cc2ec3100afc06fbb7eb303f?s=96&d=mm&r=g","url":"https:\/\/secure.gravatar.com\/avatar\/7f7863e616af8f92806c638dd1db3f1a238d83d1cc2ec3100afc06fbb7eb303f?s=96&d=mm&r=g","contentUrl":"https:\/\/secure.gravatar.com\/avatar\/7f7863e616af8f92806c638dd1db3f1a238d83d1cc2ec3100afc06fbb7eb303f?s=96&d=mm&r=g","caption":"Uredni\u0161tvo Celjana"},"url":"https:\/\/novice.si\/page\/author\/maja\/"}]}},"_links":{"self":[{"href":"https:\/\/novice.si\/page\/wp-json\/wp\/v2\/posts\/170804","targetHints":{"allow":["GET"]}}],"collection":[{"href":"https:\/\/novice.si\/page\/wp-json\/wp\/v2\/posts"}],"about":[{"href":"https:\/\/novice.si\/page\/wp-json\/wp\/v2\/types\/post"}],"author":[{"embeddable":true,"href":"https:\/\/novice.si\/page\/wp-json\/wp\/v2\/users\/55"}],"replies":[{"embeddable":true,"href":"https:\/\/novice.si\/page\/wp-json\/wp\/v2\/comments?post=170804"}],"version-history":[{"count":1,"href":"https:\/\/novice.si\/page\/wp-json\/wp\/v2\/posts\/170804\/revisions"}],"predecessor-version":[{"id":170806,"href":"https:\/\/novice.si\/page\/wp-json\/wp\/v2\/posts\/170804\/revisions\/170806"}],"wp:featuredmedia":[{"embeddable":true,"href":"https:\/\/novice.si\/page\/wp-json\/wp\/v2\/media\/170805"}],"wp:attachment":[{"href":"https:\/\/novice.si\/page\/wp-json\/wp\/v2\/media?parent=170804"}],"wp:term":[{"taxonomy":"category","embeddable":true,"href":"https:\/\/novice.si\/page\/wp-json\/wp\/v2\/categories?post=170804"},{"taxonomy":"post_tag","embeddable":true,"href":"https:\/\/novice.si\/page\/wp-json\/wp\/v2\/tags?post=170804"}],"curies":[{"name":"wp","href":"https:\/\/api.w.org\/{rel}","templated":true}]}}