{"id":170789,"date":"2024-01-09T17:30:53","date_gmt":"2024-01-09T16:30:53","guid":{"rendered":"https:\/\/novice.si\/page\/?p=170789"},"modified":"2024-01-09T17:31:52","modified_gmt":"2024-01-09T16:31:52","slug":"celje-kako-bodo-jutri-protestirali-sodniki","status":"publish","type":"post","link":"https:\/\/novice.si\/page\/celje-kako-bodo-jutri-protestirali-sodniki\/","title":{"rendered":"CELJE Kako bodo od jutri protestirali sodniki?"},"content":{"rendered":"<p>Napovedanega protesta sodnikov zaradi neizvr\u0161itve odlo\u010dbe ustavnega sodi\u0161\u010da naj bi se udele\u017eili vsi okro\u017eni in okrajni sodniki celjskega sodnega okro\u017eja.<\/p>\n<p>Protest se za\u010dne jutri zjutraj in naj bi predvidoma trajal dva tedna. Kot so nam navedli v\u00a0<img loading=\"lazy\" decoding=\"async\" class=\"wp-image-170791 alignleft\" src=\"https:\/\/novice.si\/page\/wp-content\/uploads\/2024\/01\/Sodisce-celje-Sluzbeni-vhod-1a-600x338.jpg\" alt=\"\" width=\"465\" height=\"262\" srcset=\"https:\/\/novice.si\/page\/wp-content\/uploads\/2024\/01\/Sodisce-celje-Sluzbeni-vhod-1a-600x338.jpg 600w, https:\/\/novice.si\/page\/wp-content\/uploads\/2024\/01\/Sodisce-celje-Sluzbeni-vhod-1a-1024x576.jpg 1024w, https:\/\/novice.si\/page\/wp-content\/uploads\/2024\/01\/Sodisce-celje-Sluzbeni-vhod-1a-768x432.jpg 768w, https:\/\/novice.si\/page\/wp-content\/uploads\/2024\/01\/Sodisce-celje-Sluzbeni-vhod-1a-1536x864.jpg 1536w, https:\/\/novice.si\/page\/wp-content\/uploads\/2024\/01\/Sodisce-celje-Sluzbeni-vhod-1a-2048x1152.jpg 2048w, https:\/\/novice.si\/page\/wp-content\/uploads\/2024\/01\/Sodisce-celje-Sluzbeni-vhod-1a-696x392.jpg 696w, https:\/\/novice.si\/page\/wp-content\/uploads\/2024\/01\/Sodisce-celje-Sluzbeni-vhod-1a-1068x601.jpg 1068w, https:\/\/novice.si\/page\/wp-content\/uploads\/2024\/01\/Sodisce-celje-Sluzbeni-vhod-1a-747x420.jpg 747w, https:\/\/novice.si\/page\/wp-content\/uploads\/2024\/01\/Sodisce-celje-Sluzbeni-vhod-1a-1920x1080.jpg 1920w, https:\/\/novice.si\/page\/wp-content\/uploads\/2024\/01\/Sodisce-celje-Sluzbeni-vhod-1a-24x14.jpg 24w, https:\/\/novice.si\/page\/wp-content\/uploads\/2024\/01\/Sodisce-celje-Sluzbeni-vhod-1a-36x20.jpg 36w, https:\/\/novice.si\/page\/wp-content\/uploads\/2024\/01\/Sodisce-celje-Sluzbeni-vhod-1a-48x27.jpg 48w\" sizes=\"auto, (max-width: 465px) 100vw, 465px\" \/>uradu predsednice sodi\u0161\u010da <strong>Petre Giacomelli<\/strong>, je po dobrem desetletju konec tudi njihove potrpe\u017eljivosti, pro\u0161enj in opozoril, predvsem pa neizpolnjenih obljub.<\/p>\n<p>Kako se bo protest sodnikov odrazil na delu sodi\u0161\u010d? Sodniki bodo v tem \u010dasu re\u0161evali le nujne zadeve, torej priporne, mladoletni\u0161ke, nujne dru\u017einske, insolven\u010dne in izvr\u0161ilne, delovala bo tudi de\u017eurna preiskovalna slu\u017eba, de\u017eurstvo za nujne dru\u017einske zadeve in nujne prekr\u0161kovne zadeve.<\/p>\n<p>Nenujne pravdne, gospodarske in kazenske zadeve bodo sodniki preklicali. Koliko jih bo dejansko odpadlo, niti sami ne vedo, saj se naroki lahko prekli\u010dejo tudi iz drugih razlogov.<\/p>\n<p>\u0160e enkrat ve\u010d so zapisali, da so bili v ta korak prisiljeni.<\/p>\n<p>P\u0160<\/p>\n","protected":false},"excerpt":{"rendered":"<p>Napovedanega protesta sodnikov zaradi neizvr\u0161itve odlo\u010dbe ustavnega sodi\u0161\u010da naj bi se udele\u017eili vsi okro\u017eni in okrajni sodniki celjskega sodnega okro\u017eja. Protest se za\u010dne jutri zjutraj in naj bi predvidoma trajal dva tedna. Kot so nam navedli v\u00a0uradu predsednice sodi\u0161\u010da Petre Giacomelli, je po dobrem desetletju konec tudi njihove potrpe\u017eljivosti, pro\u0161enj in opozoril, predvsem pa neizpolnjenih [&hellip;]<\/p>\n","protected":false},"author":33,"featured_media":170790,"comment_status":"closed","ping_status":"closed","sticky":false,"template":"","format":"standard","meta":{"footnotes":""},"categories":[14,17,29],"tags":[8412,19499,19555,19556],"class_list":{"0":"post-170789","1":"post","2":"type-post","3":"status-publish","4":"format-standard","5":"has-post-thumbnail","7":"category-aktualno","8":"category-celjsko","9":"category-kronika","10":"tag-preklic-obravnav","11":"tag-protest-sodnikov","12":"tag-stavka-sodnikov","13":"tag-ustano-sodisce"},"yoast_head":"<!-- This site is optimized with the Yoast SEO plugin v27.4 - https:\/\/yoast.com\/product\/yoast-seo-wordpress\/ -->\n<title>CELJE Kako bodo od jutri protestirali sodniki? - Novice.si<\/title>\n<meta name=\"robots\" content=\"index, follow, max-snippet:-1, max-image-preview:large, max-video-preview:-1\" \/>\n<link rel=\"canonical\" href=\"https:\/\/novice.si\/page\/celje-kako-bodo-jutri-protestirali-sodniki\/\" \/>\n<meta property=\"og:locale\" content=\"sl_SI\" \/>\n<meta property=\"og:type\" content=\"article\" \/>\n<meta property=\"og:title\" content=\"CELJE Kako bodo od jutri protestirali sodniki? - Novice.si\" \/>\n<meta property=\"og:description\" content=\"Napovedanega protesta sodnikov zaradi neizvr\u0161itve odlo\u010dbe ustavnega sodi\u0161\u010da naj bi se udele\u017eili vsi okro\u017eni in okrajni sodniki celjskega sodnega okro\u017eja. Protest se za\u010dne jutri zjutraj in naj bi predvidoma trajal dva tedna. Kot so nam navedli v\u00a0uradu predsednice sodi\u0161\u010da Petre Giacomelli, je po dobrem desetletju konec tudi njihove potrpe\u017eljivosti, pro\u0161enj in opozoril, predvsem pa neizpolnjenih [&hellip;]\" \/>\n<meta property=\"og:url\" content=\"https:\/\/novice.si\/page\/celje-kako-bodo-jutri-protestirali-sodniki\/\" \/>\n<meta property=\"og:site_name\" content=\"Novice.si\" \/>\n<meta property=\"article:published_time\" content=\"2024-01-09T16:30:53+00:00\" \/>\n<meta property=\"article:modified_time\" content=\"2024-01-09T16:31:52+00:00\" \/>\n<meta property=\"og:image\" content=\"https:\/\/novice.si\/page\/wp-content\/uploads\/2024\/01\/prazno-sodisce.jpg\" \/>\n\t<meta property=\"og:image:width\" content=\"2436\" \/>\n\t<meta property=\"og:image:height\" content=\"2011\" \/>\n\t<meta property=\"og:image:type\" content=\"image\/jpeg\" \/>\n<meta name=\"author\" content=\"Uredni\u0161tvo Celjana\" \/>\n<meta name=\"twitter:card\" content=\"summary_large_image\" \/>\n<meta name=\"twitter:label1\" content=\"Written by\" \/>\n\t<meta name=\"twitter:data1\" content=\"Uredni\u0161tvo Celjana\" \/>\n\t<meta name=\"twitter:label2\" content=\"Est. reading time\" \/>\n\t<meta name=\"twitter:data2\" content=\"2 minuti\" \/>\n<script type=\"application\/ld+json\" class=\"yoast-schema-graph\">{\"@context\":\"https:\\\/\\\/schema.org\",\"@graph\":[{\"@type\":\"Article\",\"@id\":\"https:\\\/\\\/novice.si\\\/page\\\/celje-kako-bodo-jutri-protestirali-sodniki\\\/#article\",\"isPartOf\":{\"@id\":\"https:\\\/\\\/novice.si\\\/page\\\/celje-kako-bodo-jutri-protestirali-sodniki\\\/\"},\"author\":{\"name\":\"Uredni\u0161tvo Celjana\",\"@id\":\"https:\\\/\\\/novice.si\\\/page\\\/#\\\/schema\\\/person\\\/57f25c9642a9541c7349c65d32032c3e\"},\"headline\":\"CELJE Kako bodo od jutri protestirali sodniki?\",\"datePublished\":\"2024-01-09T16:30:53+00:00\",\"dateModified\":\"2024-01-09T16:31:52+00:00\",\"mainEntityOfPage\":{\"@id\":\"https:\\\/\\\/novice.si\\\/page\\\/celje-kako-bodo-jutri-protestirali-sodniki\\\/\"},\"wordCount\":166,\"publisher\":{\"@id\":\"https:\\\/\\\/novice.si\\\/page\\\/#organization\"},\"image\":{\"@id\":\"https:\\\/\\\/novice.si\\\/page\\\/celje-kako-bodo-jutri-protestirali-sodniki\\\/#primaryimage\"},\"thumbnailUrl\":\"https:\\\/\\\/novice.si\\\/page\\\/wp-content\\\/uploads\\\/2024\\\/01\\\/prazno-sodisce.jpg\",\"keywords\":[\"preklic obravnav\",\"protest sodnikov\",\"stavka sodnikov\",\"ustano sodi\u0161\u010de\"],\"articleSection\":[\"Aktualno\",\"Celjsko\",\"Kronika\"],\"inLanguage\":\"sl-SI\"},{\"@type\":\"WebPage\",\"@id\":\"https:\\\/\\\/novice.si\\\/page\\\/celje-kako-bodo-jutri-protestirali-sodniki\\\/\",\"url\":\"https:\\\/\\\/novice.si\\\/page\\\/celje-kako-bodo-jutri-protestirali-sodniki\\\/\",\"name\":\"CELJE Kako bodo od jutri protestirali sodniki? - Novice.si\",\"isPartOf\":{\"@id\":\"https:\\\/\\\/novice.si\\\/page\\\/#website\"},\"primaryImageOfPage\":{\"@id\":\"https:\\\/\\\/novice.si\\\/page\\\/celje-kako-bodo-jutri-protestirali-sodniki\\\/#primaryimage\"},\"image\":{\"@id\":\"https:\\\/\\\/novice.si\\\/page\\\/celje-kako-bodo-jutri-protestirali-sodniki\\\/#primaryimage\"},\"thumbnailUrl\":\"https:\\\/\\\/novice.si\\\/page\\\/wp-content\\\/uploads\\\/2024\\\/01\\\/prazno-sodisce.jpg\",\"datePublished\":\"2024-01-09T16:30:53+00:00\",\"dateModified\":\"2024-01-09T16:31:52+00:00\",\"breadcrumb\":{\"@id\":\"https:\\\/\\\/novice.si\\\/page\\\/celje-kako-bodo-jutri-protestirali-sodniki\\\/#breadcrumb\"},\"inLanguage\":\"sl-SI\",\"potentialAction\":[{\"@type\":\"ReadAction\",\"target\":[\"https:\\\/\\\/novice.si\\\/page\\\/celje-kako-bodo-jutri-protestirali-sodniki\\\/\"]}]},{\"@type\":\"ImageObject\",\"inLanguage\":\"sl-SI\",\"@id\":\"https:\\\/\\\/novice.si\\\/page\\\/celje-kako-bodo-jutri-protestirali-sodniki\\\/#primaryimage\",\"url\":\"https:\\\/\\\/novice.si\\\/page\\\/wp-content\\\/uploads\\\/2024\\\/01\\\/prazno-sodisce.jpg\",\"contentUrl\":\"https:\\\/\\\/novice.si\\\/page\\\/wp-content\\\/uploads\\\/2024\\\/01\\\/prazno-sodisce.jpg\",\"width\":2436,\"height\":2011},{\"@type\":\"BreadcrumbList\",\"@id\":\"https:\\\/\\\/novice.si\\\/page\\\/celje-kako-bodo-jutri-protestirali-sodniki\\\/#breadcrumb\",\"itemListElement\":[{\"@type\":\"ListItem\",\"position\":1,\"name\":\"Home\",\"item\":\"https:\\\/\\\/novice.si\\\/page\\\/\"},{\"@type\":\"ListItem\",\"position\":2,\"name\":\"CELJE Kako bodo od jutri protestirali sodniki?\"}]},{\"@type\":\"WebSite\",\"@id\":\"https:\\\/\\\/novice.si\\\/page\\\/#website\",\"url\":\"https:\\\/\\\/novice.si\\\/page\\\/\",\"name\":\"Novice.si\",\"description\":\"\",\"publisher\":{\"@id\":\"https:\\\/\\\/novice.si\\\/page\\\/#organization\"},\"potentialAction\":[{\"@type\":\"SearchAction\",\"target\":{\"@type\":\"EntryPoint\",\"urlTemplate\":\"https:\\\/\\\/novice.si\\\/page\\\/?s={search_term_string}\"},\"query-input\":{\"@type\":\"PropertyValueSpecification\",\"valueRequired\":true,\"valueName\":\"search_term_string\"}}],\"inLanguage\":\"sl-SI\"},{\"@type\":\"Organization\",\"@id\":\"https:\\\/\\\/novice.si\\\/page\\\/#organization\",\"name\":\"Novice.si\",\"url\":\"https:\\\/\\\/novice.si\\\/page\\\/\",\"logo\":{\"@type\":\"ImageObject\",\"inLanguage\":\"sl-SI\",\"@id\":\"https:\\\/\\\/novice.si\\\/page\\\/#\\\/schema\\\/logo\\\/image\\\/\",\"url\":\"https:\\\/\\\/novice.si\\\/page\\\/wp-content\\\/uploads\\\/2023\\\/03\\\/novice_si.png\",\"contentUrl\":\"https:\\\/\\\/novice.si\\\/page\\\/wp-content\\\/uploads\\\/2023\\\/03\\\/novice_si.png\",\"width\":576,\"height\":200,\"caption\":\"Novice.si\"},\"image\":{\"@id\":\"https:\\\/\\\/novice.si\\\/page\\\/#\\\/schema\\\/logo\\\/image\\\/\"}},{\"@type\":\"Person\",\"@id\":\"https:\\\/\\\/novice.si\\\/page\\\/#\\\/schema\\\/person\\\/57f25c9642a9541c7349c65d32032c3e\",\"name\":\"Uredni\u0161tvo Celjana\",\"image\":{\"@type\":\"ImageObject\",\"inLanguage\":\"sl-SI\",\"@id\":\"https:\\\/\\\/secure.gravatar.com\\\/avatar\\\/78e52bc4279b65f6df6345e0ef0f7b792d361361f230cf4ffecfe0afe6d5629c?s=96&d=mm&r=g\",\"url\":\"https:\\\/\\\/secure.gravatar.com\\\/avatar\\\/78e52bc4279b65f6df6345e0ef0f7b792d361361f230cf4ffecfe0afe6d5629c?s=96&d=mm&r=g\",\"contentUrl\":\"https:\\\/\\\/secure.gravatar.com\\\/avatar\\\/78e52bc4279b65f6df6345e0ef0f7b792d361361f230cf4ffecfe0afe6d5629c?s=96&d=mm&r=g\",\"caption\":\"Uredni\u0161tvo Celjana\"},\"url\":\"https:\\\/\\\/novice.si\\\/page\\\/author\\\/primoz\\\/\"}]}<\/script>\n<!-- \/ Yoast SEO plugin. -->","yoast_head_json":{"title":"CELJE Kako bodo od jutri protestirali sodniki? - Novice.si","robots":{"index":"index","follow":"follow","max-snippet":"max-snippet:-1","max-image-preview":"max-image-preview:large","max-video-preview":"max-video-preview:-1"},"canonical":"https:\/\/novice.si\/page\/celje-kako-bodo-jutri-protestirali-sodniki\/","og_locale":"sl_SI","og_type":"article","og_title":"CELJE Kako bodo od jutri protestirali sodniki? - Novice.si","og_description":"Napovedanega protesta sodnikov zaradi neizvr\u0161itve odlo\u010dbe ustavnega sodi\u0161\u010da naj bi se udele\u017eili vsi okro\u017eni in okrajni sodniki celjskega sodnega okro\u017eja. Protest se za\u010dne jutri zjutraj in naj bi predvidoma trajal dva tedna. Kot so nam navedli v\u00a0uradu predsednice sodi\u0161\u010da Petre Giacomelli, je po dobrem desetletju konec tudi njihove potrpe\u017eljivosti, pro\u0161enj in opozoril, predvsem pa neizpolnjenih [&hellip;]","og_url":"https:\/\/novice.si\/page\/celje-kako-bodo-jutri-protestirali-sodniki\/","og_site_name":"Novice.si","article_published_time":"2024-01-09T16:30:53+00:00","article_modified_time":"2024-01-09T16:31:52+00:00","og_image":[{"width":2436,"height":2011,"url":"https:\/\/novice.si\/page\/wp-content\/uploads\/2024\/01\/prazno-sodisce.jpg","type":"image\/jpeg"}],"author":"Uredni\u0161tvo Celjana","twitter_card":"summary_large_image","twitter_misc":{"Written by":"Uredni\u0161tvo Celjana","Est. reading time":"2 minuti"},"schema":{"@context":"https:\/\/schema.org","@graph":[{"@type":"Article","@id":"https:\/\/novice.si\/page\/celje-kako-bodo-jutri-protestirali-sodniki\/#article","isPartOf":{"@id":"https:\/\/novice.si\/page\/celje-kako-bodo-jutri-protestirali-sodniki\/"},"author":{"name":"Uredni\u0161tvo Celjana","@id":"https:\/\/novice.si\/page\/#\/schema\/person\/57f25c9642a9541c7349c65d32032c3e"},"headline":"CELJE Kako bodo od jutri protestirali sodniki?","datePublished":"2024-01-09T16:30:53+00:00","dateModified":"2024-01-09T16:31:52+00:00","mainEntityOfPage":{"@id":"https:\/\/novice.si\/page\/celje-kako-bodo-jutri-protestirali-sodniki\/"},"wordCount":166,"publisher":{"@id":"https:\/\/novice.si\/page\/#organization"},"image":{"@id":"https:\/\/novice.si\/page\/celje-kako-bodo-jutri-protestirali-sodniki\/#primaryimage"},"thumbnailUrl":"https:\/\/novice.si\/page\/wp-content\/uploads\/2024\/01\/prazno-sodisce.jpg","keywords":["preklic obravnav","protest sodnikov","stavka sodnikov","ustano sodi\u0161\u010de"],"articleSection":["Aktualno","Celjsko","Kronika"],"inLanguage":"sl-SI"},{"@type":"WebPage","@id":"https:\/\/novice.si\/page\/celje-kako-bodo-jutri-protestirali-sodniki\/","url":"https:\/\/novice.si\/page\/celje-kako-bodo-jutri-protestirali-sodniki\/","name":"CELJE Kako bodo od jutri protestirali sodniki? - Novice.si","isPartOf":{"@id":"https:\/\/novice.si\/page\/#website"},"primaryImageOfPage":{"@id":"https:\/\/novice.si\/page\/celje-kako-bodo-jutri-protestirali-sodniki\/#primaryimage"},"image":{"@id":"https:\/\/novice.si\/page\/celje-kako-bodo-jutri-protestirali-sodniki\/#primaryimage"},"thumbnailUrl":"https:\/\/novice.si\/page\/wp-content\/uploads\/2024\/01\/prazno-sodisce.jpg","datePublished":"2024-01-09T16:30:53+00:00","dateModified":"2024-01-09T16:31:52+00:00","breadcrumb":{"@id":"https:\/\/novice.si\/page\/celje-kako-bodo-jutri-protestirali-sodniki\/#breadcrumb"},"inLanguage":"sl-SI","potentialAction":[{"@type":"ReadAction","target":["https:\/\/novice.si\/page\/celje-kako-bodo-jutri-protestirali-sodniki\/"]}]},{"@type":"ImageObject","inLanguage":"sl-SI","@id":"https:\/\/novice.si\/page\/celje-kako-bodo-jutri-protestirali-sodniki\/#primaryimage","url":"https:\/\/novice.si\/page\/wp-content\/uploads\/2024\/01\/prazno-sodisce.jpg","contentUrl":"https:\/\/novice.si\/page\/wp-content\/uploads\/2024\/01\/prazno-sodisce.jpg","width":2436,"height":2011},{"@type":"BreadcrumbList","@id":"https:\/\/novice.si\/page\/celje-kako-bodo-jutri-protestirali-sodniki\/#breadcrumb","itemListElement":[{"@type":"ListItem","position":1,"name":"Home","item":"https:\/\/novice.si\/page\/"},{"@type":"ListItem","position":2,"name":"CELJE Kako bodo od jutri protestirali sodniki?"}]},{"@type":"WebSite","@id":"https:\/\/novice.si\/page\/#website","url":"https:\/\/novice.si\/page\/","name":"Novice.si","description":"","publisher":{"@id":"https:\/\/novice.si\/page\/#organization"},"potentialAction":[{"@type":"SearchAction","target":{"@type":"EntryPoint","urlTemplate":"https:\/\/novice.si\/page\/?s={search_term_string}"},"query-input":{"@type":"PropertyValueSpecification","valueRequired":true,"valueName":"search_term_string"}}],"inLanguage":"sl-SI"},{"@type":"Organization","@id":"https:\/\/novice.si\/page\/#organization","name":"Novice.si","url":"https:\/\/novice.si\/page\/","logo":{"@type":"ImageObject","inLanguage":"sl-SI","@id":"https:\/\/novice.si\/page\/#\/schema\/logo\/image\/","url":"https:\/\/novice.si\/page\/wp-content\/uploads\/2023\/03\/novice_si.png","contentUrl":"https:\/\/novice.si\/page\/wp-content\/uploads\/2023\/03\/novice_si.png","width":576,"height":200,"caption":"Novice.si"},"image":{"@id":"https:\/\/novice.si\/page\/#\/schema\/logo\/image\/"}},{"@type":"Person","@id":"https:\/\/novice.si\/page\/#\/schema\/person\/57f25c9642a9541c7349c65d32032c3e","name":"Uredni\u0161tvo Celjana","image":{"@type":"ImageObject","inLanguage":"sl-SI","@id":"https:\/\/secure.gravatar.com\/avatar\/78e52bc4279b65f6df6345e0ef0f7b792d361361f230cf4ffecfe0afe6d5629c?s=96&d=mm&r=g","url":"https:\/\/secure.gravatar.com\/avatar\/78e52bc4279b65f6df6345e0ef0f7b792d361361f230cf4ffecfe0afe6d5629c?s=96&d=mm&r=g","contentUrl":"https:\/\/secure.gravatar.com\/avatar\/78e52bc4279b65f6df6345e0ef0f7b792d361361f230cf4ffecfe0afe6d5629c?s=96&d=mm&r=g","caption":"Uredni\u0161tvo Celjana"},"url":"https:\/\/novice.si\/page\/author\/primoz\/"}]}},"_links":{"self":[{"href":"https:\/\/novice.si\/page\/wp-json\/wp\/v2\/posts\/170789","targetHints":{"allow":["GET"]}}],"collection":[{"href":"https:\/\/novice.si\/page\/wp-json\/wp\/v2\/posts"}],"about":[{"href":"https:\/\/novice.si\/page\/wp-json\/wp\/v2\/types\/post"}],"author":[{"embeddable":true,"href":"https:\/\/novice.si\/page\/wp-json\/wp\/v2\/users\/33"}],"replies":[{"embeddable":true,"href":"https:\/\/novice.si\/page\/wp-json\/wp\/v2\/comments?post=170789"}],"version-history":[{"count":2,"href":"https:\/\/novice.si\/page\/wp-json\/wp\/v2\/posts\/170789\/revisions"}],"predecessor-version":[{"id":170793,"href":"https:\/\/novice.si\/page\/wp-json\/wp\/v2\/posts\/170789\/revisions\/170793"}],"wp:featuredmedia":[{"embeddable":true,"href":"https:\/\/novice.si\/page\/wp-json\/wp\/v2\/media\/170790"}],"wp:attachment":[{"href":"https:\/\/novice.si\/page\/wp-json\/wp\/v2\/media?parent=170789"}],"wp:term":[{"taxonomy":"category","embeddable":true,"href":"https:\/\/novice.si\/page\/wp-json\/wp\/v2\/categories?post=170789"},{"taxonomy":"post_tag","embeddable":true,"href":"https:\/\/novice.si\/page\/wp-json\/wp\/v2\/tags?post=170789"}],"curies":[{"name":"wp","href":"https:\/\/api.w.org\/{rel}","templated":true}]}}