{"id":170778,"date":"2024-01-08T20:16:59","date_gmt":"2024-01-08T19:16:59","guid":{"rendered":"https:\/\/novice.si\/page\/?p=170778"},"modified":"2024-01-09T12:24:54","modified_gmt":"2024-01-09T11:24:54","slug":"nk-celje-zaceli-s-pripravami-in-pripeljali-se-dva-igralca","status":"publish","type":"post","link":"https:\/\/novice.si\/page\/nk-celje-zaceli-s-pripravami-in-pripeljali-se-dva-igralca\/","title":{"rendered":"NK Celje: za\u010deli s pripravami in pripeljali \u0161e dva igralca"},"content":{"rendered":"<p><img loading=\"lazy\" decoding=\"async\" class=\"alignnone size-medium wp-image-170779\" src=\"https:\/\/novice.si\/page\/wp-content\/uploads\/2024\/01\/nogomet-celje-priprave-foto-NK-Celje-600x400.jpeg\" alt=\"\" width=\"600\" height=\"400\" srcset=\"https:\/\/novice.si\/page\/wp-content\/uploads\/2024\/01\/nogomet-celje-priprave-foto-NK-Celje-600x400.jpeg 600w, https:\/\/novice.si\/page\/wp-content\/uploads\/2024\/01\/nogomet-celje-priprave-foto-NK-Celje-1024x683.jpeg 1024w, https:\/\/novice.si\/page\/wp-content\/uploads\/2024\/01\/nogomet-celje-priprave-foto-NK-Celje-768x512.jpeg 768w, https:\/\/novice.si\/page\/wp-content\/uploads\/2024\/01\/nogomet-celje-priprave-foto-NK-Celje-1536x1024.jpeg 1536w, https:\/\/novice.si\/page\/wp-content\/uploads\/2024\/01\/nogomet-celje-priprave-foto-NK-Celje-696x464.jpeg 696w, https:\/\/novice.si\/page\/wp-content\/uploads\/2024\/01\/nogomet-celje-priprave-foto-NK-Celje-1068x712.jpeg 1068w, https:\/\/novice.si\/page\/wp-content\/uploads\/2024\/01\/nogomet-celje-priprave-foto-NK-Celje-630x420.jpeg 630w, https:\/\/novice.si\/page\/wp-content\/uploads\/2024\/01\/nogomet-celje-priprave-foto-NK-Celje-1920x1280.jpeg 1920w, https:\/\/novice.si\/page\/wp-content\/uploads\/2024\/01\/nogomet-celje-priprave-foto-NK-Celje-24x16.jpeg 24w, https:\/\/novice.si\/page\/wp-content\/uploads\/2024\/01\/nogomet-celje-priprave-foto-NK-Celje-36x24.jpeg 36w, https:\/\/novice.si\/page\/wp-content\/uploads\/2024\/01\/nogomet-celje-priprave-foto-NK-Celje-48x32.jpeg 48w, https:\/\/novice.si\/page\/wp-content\/uploads\/2024\/01\/nogomet-celje-priprave-foto-NK-Celje.jpeg 1942w\" sizes=\"auto, (max-width: 600px) 100vw, 600px\" \/><br \/>\nPo nekaj ve\u010d kot tritedenskem premoru \u2013 natanko 23 dni je minilo od zmage proti Kopru, so se nogometa\u0161i Celja znova zbrali. Pod vodstvom trenerja <strong>Damirja Krznarja<\/strong> je na Skalni kleti ob nekaterih manjkajo\u010dih (zdravni\u0161ka testiranja) treniralo 23 igralcev. Po kraj\u0161em treningu pa so se grofje odpravili na skupno kosilo in nato v Umag, kjer bodo oddelali prvi del zimskih priprav. Prva preizku\u0161nja te zime bo na sporedu v soboto, ko se bodo Celjani v Rovinju pomerili z zagreb\u0161kim Dinamom.<br \/>\nIz celjskega kluba so danes tudi sporo\u010dili, da so \u010dlansko ekipo okrepili z dvema novima igralcema. Za sodelovanje so se dogovoril z <strong>Rolandom Aaronsom<\/strong>. 28-letni krilni napadalec je s klubom sklenil pogodbo do konca sezone 2024\/2025 z mo\u017enostjo podalj\u0161anja za dodatno leto. V Kingstonu, prestolnici Jamajke, rojeni nogometa\u0161 je v Celje pri\u0161el kot prost igralec, sicer pa je nazadnje branil barve \u0161kotskega Motherwella. Kot posojen nogometa\u0161 s strani srbskega \u010cukari\u010dkega pa bo v drugi polovici sezone v kne\u017ejem mestu igral nigerijski napadalec <strong>Sunday Adetunji<\/strong>. NK Celje si je ob posoji zagotovil tudi mo\u017enost odkupa.<br \/>\nFoto: NK Celje<\/p>\n<p>Preberite tudi:<br \/>\nAlja\u017e Krefl je novi nogometa\u0161 NK Celje<br \/>\n<a href=\"https:\/\/novice.si\/page\/aljaz-krefl-je-novi-nogometas-nk-celje\/\">https:\/\/novice.si\/page\/aljaz-krefl-je-novi-nogometas-nk-celje\/<\/a><\/p>\n","protected":false},"excerpt":{"rendered":"<p>Po nekaj ve\u010d kot tritedenskem premoru \u2013 natanko 23 dni je minilo od zmage proti Kopru, so se nogometa\u0161i Celja znova zbrali. Pod vodstvom trenerja Damirja Krznarja je na Skalni kleti ob nekaterih manjkajo\u010dih (zdravni\u0161ka testiranja) treniralo 23 igralcev. Po kraj\u0161em treningu pa so se grofje odpravili na skupno kosilo in nato v Umag, kjer [&hellip;]<\/p>\n","protected":false},"author":7,"featured_media":170779,"comment_status":"closed","ping_status":"closed","sticky":false,"template":"","format":"standard","meta":{"footnotes":""},"categories":[14,17,68],"tags":[1504,19550,19551],"class_list":{"0":"post-170778","1":"post","2":"type-post","3":"status-publish","4":"format-standard","5":"has-post-thumbnail","7":"category-aktualno","8":"category-celjsko","9":"category-sport","10":"tag-nk-celje","11":"tag-roland-aarons","12":"tag-sunday-adetunji"},"yoast_head":"<!-- This site is optimized with the Yoast SEO plugin v27.4 - https:\/\/yoast.com\/product\/yoast-seo-wordpress\/ -->\n<title>NK Celje: za\u010deli s pripravami in pripeljali \u0161e dva igralca - Novice.si<\/title>\n<meta name=\"robots\" content=\"index, follow, max-snippet:-1, max-image-preview:large, max-video-preview:-1\" \/>\n<link rel=\"canonical\" href=\"https:\/\/novice.si\/page\/nk-celje-zaceli-s-pripravami-in-pripeljali-se-dva-igralca\/\" \/>\n<meta property=\"og:locale\" content=\"sl_SI\" \/>\n<meta property=\"og:type\" content=\"article\" \/>\n<meta property=\"og:title\" content=\"NK Celje: za\u010deli s pripravami in pripeljali \u0161e dva igralca - Novice.si\" \/>\n<meta property=\"og:description\" content=\"Po nekaj ve\u010d kot tritedenskem premoru \u2013 natanko 23 dni je minilo od zmage proti Kopru, so se nogometa\u0161i Celja znova zbrali. Pod vodstvom trenerja Damirja Krznarja je na Skalni kleti ob nekaterih manjkajo\u010dih (zdravni\u0161ka testiranja) treniralo 23 igralcev. Po kraj\u0161em treningu pa so se grofje odpravili na skupno kosilo in nato v Umag, kjer [&hellip;]\" \/>\n<meta property=\"og:url\" content=\"https:\/\/novice.si\/page\/nk-celje-zaceli-s-pripravami-in-pripeljali-se-dva-igralca\/\" \/>\n<meta property=\"og:site_name\" content=\"Novice.si\" \/>\n<meta property=\"article:published_time\" content=\"2024-01-08T19:16:59+00:00\" \/>\n<meta property=\"article:modified_time\" content=\"2024-01-09T11:24:54+00:00\" \/>\n<meta property=\"og:image\" content=\"https:\/\/novice.si\/page\/wp-content\/uploads\/2024\/01\/nogomet-celje-priprave-foto-NK-Celje.jpeg\" \/>\n\t<meta property=\"og:image:width\" content=\"1942\" \/>\n\t<meta property=\"og:image:height\" content=\"1295\" \/>\n\t<meta property=\"og:image:type\" content=\"image\/jpeg\" \/>\n<meta name=\"author\" content=\"Uredni\u0161tvo Novic\" \/>\n<meta name=\"twitter:card\" content=\"summary_large_image\" \/>\n<meta name=\"twitter:label1\" content=\"Written by\" \/>\n\t<meta name=\"twitter:data1\" content=\"Uredni\u0161tvo Novic\" \/>\n\t<meta name=\"twitter:label2\" content=\"Est. reading time\" \/>\n\t<meta name=\"twitter:data2\" content=\"2 minuti\" \/>\n<script type=\"application\/ld+json\" class=\"yoast-schema-graph\">{\"@context\":\"https:\\\/\\\/schema.org\",\"@graph\":[{\"@type\":\"Article\",\"@id\":\"https:\\\/\\\/novice.si\\\/page\\\/nk-celje-zaceli-s-pripravami-in-pripeljali-se-dva-igralca\\\/#article\",\"isPartOf\":{\"@id\":\"https:\\\/\\\/novice.si\\\/page\\\/nk-celje-zaceli-s-pripravami-in-pripeljali-se-dva-igralca\\\/\"},\"author\":{\"name\":\"Uredni\u0161tvo Novic\",\"@id\":\"https:\\\/\\\/novice.si\\\/page\\\/#\\\/schema\\\/person\\\/a877dbb8680d441357ce27663beb35ca\"},\"headline\":\"NK Celje: za\u010deli s pripravami in pripeljali \u0161e dva igralca\",\"datePublished\":\"2024-01-08T19:16:59+00:00\",\"dateModified\":\"2024-01-09T11:24:54+00:00\",\"mainEntityOfPage\":{\"@id\":\"https:\\\/\\\/novice.si\\\/page\\\/nk-celje-zaceli-s-pripravami-in-pripeljali-se-dva-igralca\\\/\"},\"wordCount\":211,\"publisher\":{\"@id\":\"https:\\\/\\\/novice.si\\\/page\\\/#organization\"},\"image\":{\"@id\":\"https:\\\/\\\/novice.si\\\/page\\\/nk-celje-zaceli-s-pripravami-in-pripeljali-se-dva-igralca\\\/#primaryimage\"},\"thumbnailUrl\":\"https:\\\/\\\/novice.si\\\/page\\\/wp-content\\\/uploads\\\/2024\\\/01\\\/nogomet-celje-priprave-foto-NK-Celje.jpeg\",\"keywords\":[\"Nk Celje\",\"Roland Aarons\",\"Sunday Adetunji\"],\"articleSection\":[\"Aktualno\",\"Celjsko\",\"\u0160port\"],\"inLanguage\":\"sl-SI\"},{\"@type\":\"WebPage\",\"@id\":\"https:\\\/\\\/novice.si\\\/page\\\/nk-celje-zaceli-s-pripravami-in-pripeljali-se-dva-igralca\\\/\",\"url\":\"https:\\\/\\\/novice.si\\\/page\\\/nk-celje-zaceli-s-pripravami-in-pripeljali-se-dva-igralca\\\/\",\"name\":\"NK Celje: za\u010deli s pripravami in pripeljali \u0161e dva igralca - Novice.si\",\"isPartOf\":{\"@id\":\"https:\\\/\\\/novice.si\\\/page\\\/#website\"},\"primaryImageOfPage\":{\"@id\":\"https:\\\/\\\/novice.si\\\/page\\\/nk-celje-zaceli-s-pripravami-in-pripeljali-se-dva-igralca\\\/#primaryimage\"},\"image\":{\"@id\":\"https:\\\/\\\/novice.si\\\/page\\\/nk-celje-zaceli-s-pripravami-in-pripeljali-se-dva-igralca\\\/#primaryimage\"},\"thumbnailUrl\":\"https:\\\/\\\/novice.si\\\/page\\\/wp-content\\\/uploads\\\/2024\\\/01\\\/nogomet-celje-priprave-foto-NK-Celje.jpeg\",\"datePublished\":\"2024-01-08T19:16:59+00:00\",\"dateModified\":\"2024-01-09T11:24:54+00:00\",\"breadcrumb\":{\"@id\":\"https:\\\/\\\/novice.si\\\/page\\\/nk-celje-zaceli-s-pripravami-in-pripeljali-se-dva-igralca\\\/#breadcrumb\"},\"inLanguage\":\"sl-SI\",\"potentialAction\":[{\"@type\":\"ReadAction\",\"target\":[\"https:\\\/\\\/novice.si\\\/page\\\/nk-celje-zaceli-s-pripravami-in-pripeljali-se-dva-igralca\\\/\"]}]},{\"@type\":\"ImageObject\",\"inLanguage\":\"sl-SI\",\"@id\":\"https:\\\/\\\/novice.si\\\/page\\\/nk-celje-zaceli-s-pripravami-in-pripeljali-se-dva-igralca\\\/#primaryimage\",\"url\":\"https:\\\/\\\/novice.si\\\/page\\\/wp-content\\\/uploads\\\/2024\\\/01\\\/nogomet-celje-priprave-foto-NK-Celje.jpeg\",\"contentUrl\":\"https:\\\/\\\/novice.si\\\/page\\\/wp-content\\\/uploads\\\/2024\\\/01\\\/nogomet-celje-priprave-foto-NK-Celje.jpeg\",\"width\":1942,\"height\":1295},{\"@type\":\"BreadcrumbList\",\"@id\":\"https:\\\/\\\/novice.si\\\/page\\\/nk-celje-zaceli-s-pripravami-in-pripeljali-se-dva-igralca\\\/#breadcrumb\",\"itemListElement\":[{\"@type\":\"ListItem\",\"position\":1,\"name\":\"Home\",\"item\":\"https:\\\/\\\/novice.si\\\/page\\\/\"},{\"@type\":\"ListItem\",\"position\":2,\"name\":\"NK Celje: za\u010deli s pripravami in pripeljali \u0161e dva igralca\"}]},{\"@type\":\"WebSite\",\"@id\":\"https:\\\/\\\/novice.si\\\/page\\\/#website\",\"url\":\"https:\\\/\\\/novice.si\\\/page\\\/\",\"name\":\"Novice.si\",\"description\":\"\",\"publisher\":{\"@id\":\"https:\\\/\\\/novice.si\\\/page\\\/#organization\"},\"potentialAction\":[{\"@type\":\"SearchAction\",\"target\":{\"@type\":\"EntryPoint\",\"urlTemplate\":\"https:\\\/\\\/novice.si\\\/page\\\/?s={search_term_string}\"},\"query-input\":{\"@type\":\"PropertyValueSpecification\",\"valueRequired\":true,\"valueName\":\"search_term_string\"}}],\"inLanguage\":\"sl-SI\"},{\"@type\":\"Organization\",\"@id\":\"https:\\\/\\\/novice.si\\\/page\\\/#organization\",\"name\":\"Novice.si\",\"url\":\"https:\\\/\\\/novice.si\\\/page\\\/\",\"logo\":{\"@type\":\"ImageObject\",\"inLanguage\":\"sl-SI\",\"@id\":\"https:\\\/\\\/novice.si\\\/page\\\/#\\\/schema\\\/logo\\\/image\\\/\",\"url\":\"https:\\\/\\\/novice.si\\\/page\\\/wp-content\\\/uploads\\\/2023\\\/03\\\/novice_si.png\",\"contentUrl\":\"https:\\\/\\\/novice.si\\\/page\\\/wp-content\\\/uploads\\\/2023\\\/03\\\/novice_si.png\",\"width\":576,\"height\":200,\"caption\":\"Novice.si\"},\"image\":{\"@id\":\"https:\\\/\\\/novice.si\\\/page\\\/#\\\/schema\\\/logo\\\/image\\\/\"}},{\"@type\":\"Person\",\"@id\":\"https:\\\/\\\/novice.si\\\/page\\\/#\\\/schema\\\/person\\\/a877dbb8680d441357ce27663beb35ca\",\"name\":\"Uredni\u0161tvo Novic\",\"image\":{\"@type\":\"ImageObject\",\"inLanguage\":\"sl-SI\",\"@id\":\"https:\\\/\\\/secure.gravatar.com\\\/avatar\\\/f19c0ae874706cc9ba19d2f6da5f74a5a5ee7674f283fed29ce0ad16a9f1893e?s=96&d=mm&r=g\",\"url\":\"https:\\\/\\\/secure.gravatar.com\\\/avatar\\\/f19c0ae874706cc9ba19d2f6da5f74a5a5ee7674f283fed29ce0ad16a9f1893e?s=96&d=mm&r=g\",\"contentUrl\":\"https:\\\/\\\/secure.gravatar.com\\\/avatar\\\/f19c0ae874706cc9ba19d2f6da5f74a5a5ee7674f283fed29ce0ad16a9f1893e?s=96&d=mm&r=g\",\"caption\":\"Uredni\u0161tvo Novic\"},\"url\":\"https:\\\/\\\/novice.si\\\/page\\\/author\\\/jure\\\/\"}]}<\/script>\n<!-- \/ Yoast SEO plugin. -->","yoast_head_json":{"title":"NK Celje: za\u010deli s pripravami in pripeljali \u0161e dva igralca - Novice.si","robots":{"index":"index","follow":"follow","max-snippet":"max-snippet:-1","max-image-preview":"max-image-preview:large","max-video-preview":"max-video-preview:-1"},"canonical":"https:\/\/novice.si\/page\/nk-celje-zaceli-s-pripravami-in-pripeljali-se-dva-igralca\/","og_locale":"sl_SI","og_type":"article","og_title":"NK Celje: za\u010deli s pripravami in pripeljali \u0161e dva igralca - Novice.si","og_description":"Po nekaj ve\u010d kot tritedenskem premoru \u2013 natanko 23 dni je minilo od zmage proti Kopru, so se nogometa\u0161i Celja znova zbrali. Pod vodstvom trenerja Damirja Krznarja je na Skalni kleti ob nekaterih manjkajo\u010dih (zdravni\u0161ka testiranja) treniralo 23 igralcev. Po kraj\u0161em treningu pa so se grofje odpravili na skupno kosilo in nato v Umag, kjer [&hellip;]","og_url":"https:\/\/novice.si\/page\/nk-celje-zaceli-s-pripravami-in-pripeljali-se-dva-igralca\/","og_site_name":"Novice.si","article_published_time":"2024-01-08T19:16:59+00:00","article_modified_time":"2024-01-09T11:24:54+00:00","og_image":[{"width":1942,"height":1295,"url":"https:\/\/novice.si\/page\/wp-content\/uploads\/2024\/01\/nogomet-celje-priprave-foto-NK-Celje.jpeg","type":"image\/jpeg"}],"author":"Uredni\u0161tvo Novic","twitter_card":"summary_large_image","twitter_misc":{"Written by":"Uredni\u0161tvo Novic","Est. reading time":"2 minuti"},"schema":{"@context":"https:\/\/schema.org","@graph":[{"@type":"Article","@id":"https:\/\/novice.si\/page\/nk-celje-zaceli-s-pripravami-in-pripeljali-se-dva-igralca\/#article","isPartOf":{"@id":"https:\/\/novice.si\/page\/nk-celje-zaceli-s-pripravami-in-pripeljali-se-dva-igralca\/"},"author":{"name":"Uredni\u0161tvo Novic","@id":"https:\/\/novice.si\/page\/#\/schema\/person\/a877dbb8680d441357ce27663beb35ca"},"headline":"NK Celje: za\u010deli s pripravami in pripeljali \u0161e dva igralca","datePublished":"2024-01-08T19:16:59+00:00","dateModified":"2024-01-09T11:24:54+00:00","mainEntityOfPage":{"@id":"https:\/\/novice.si\/page\/nk-celje-zaceli-s-pripravami-in-pripeljali-se-dva-igralca\/"},"wordCount":211,"publisher":{"@id":"https:\/\/novice.si\/page\/#organization"},"image":{"@id":"https:\/\/novice.si\/page\/nk-celje-zaceli-s-pripravami-in-pripeljali-se-dva-igralca\/#primaryimage"},"thumbnailUrl":"https:\/\/novice.si\/page\/wp-content\/uploads\/2024\/01\/nogomet-celje-priprave-foto-NK-Celje.jpeg","keywords":["Nk Celje","Roland Aarons","Sunday Adetunji"],"articleSection":["Aktualno","Celjsko","\u0160port"],"inLanguage":"sl-SI"},{"@type":"WebPage","@id":"https:\/\/novice.si\/page\/nk-celje-zaceli-s-pripravami-in-pripeljali-se-dva-igralca\/","url":"https:\/\/novice.si\/page\/nk-celje-zaceli-s-pripravami-in-pripeljali-se-dva-igralca\/","name":"NK Celje: za\u010deli s pripravami in pripeljali \u0161e dva igralca - Novice.si","isPartOf":{"@id":"https:\/\/novice.si\/page\/#website"},"primaryImageOfPage":{"@id":"https:\/\/novice.si\/page\/nk-celje-zaceli-s-pripravami-in-pripeljali-se-dva-igralca\/#primaryimage"},"image":{"@id":"https:\/\/novice.si\/page\/nk-celje-zaceli-s-pripravami-in-pripeljali-se-dva-igralca\/#primaryimage"},"thumbnailUrl":"https:\/\/novice.si\/page\/wp-content\/uploads\/2024\/01\/nogomet-celje-priprave-foto-NK-Celje.jpeg","datePublished":"2024-01-08T19:16:59+00:00","dateModified":"2024-01-09T11:24:54+00:00","breadcrumb":{"@id":"https:\/\/novice.si\/page\/nk-celje-zaceli-s-pripravami-in-pripeljali-se-dva-igralca\/#breadcrumb"},"inLanguage":"sl-SI","potentialAction":[{"@type":"ReadAction","target":["https:\/\/novice.si\/page\/nk-celje-zaceli-s-pripravami-in-pripeljali-se-dva-igralca\/"]}]},{"@type":"ImageObject","inLanguage":"sl-SI","@id":"https:\/\/novice.si\/page\/nk-celje-zaceli-s-pripravami-in-pripeljali-se-dva-igralca\/#primaryimage","url":"https:\/\/novice.si\/page\/wp-content\/uploads\/2024\/01\/nogomet-celje-priprave-foto-NK-Celje.jpeg","contentUrl":"https:\/\/novice.si\/page\/wp-content\/uploads\/2024\/01\/nogomet-celje-priprave-foto-NK-Celje.jpeg","width":1942,"height":1295},{"@type":"BreadcrumbList","@id":"https:\/\/novice.si\/page\/nk-celje-zaceli-s-pripravami-in-pripeljali-se-dva-igralca\/#breadcrumb","itemListElement":[{"@type":"ListItem","position":1,"name":"Home","item":"https:\/\/novice.si\/page\/"},{"@type":"ListItem","position":2,"name":"NK Celje: za\u010deli s pripravami in pripeljali \u0161e dva igralca"}]},{"@type":"WebSite","@id":"https:\/\/novice.si\/page\/#website","url":"https:\/\/novice.si\/page\/","name":"Novice.si","description":"","publisher":{"@id":"https:\/\/novice.si\/page\/#organization"},"potentialAction":[{"@type":"SearchAction","target":{"@type":"EntryPoint","urlTemplate":"https:\/\/novice.si\/page\/?s={search_term_string}"},"query-input":{"@type":"PropertyValueSpecification","valueRequired":true,"valueName":"search_term_string"}}],"inLanguage":"sl-SI"},{"@type":"Organization","@id":"https:\/\/novice.si\/page\/#organization","name":"Novice.si","url":"https:\/\/novice.si\/page\/","logo":{"@type":"ImageObject","inLanguage":"sl-SI","@id":"https:\/\/novice.si\/page\/#\/schema\/logo\/image\/","url":"https:\/\/novice.si\/page\/wp-content\/uploads\/2023\/03\/novice_si.png","contentUrl":"https:\/\/novice.si\/page\/wp-content\/uploads\/2023\/03\/novice_si.png","width":576,"height":200,"caption":"Novice.si"},"image":{"@id":"https:\/\/novice.si\/page\/#\/schema\/logo\/image\/"}},{"@type":"Person","@id":"https:\/\/novice.si\/page\/#\/schema\/person\/a877dbb8680d441357ce27663beb35ca","name":"Uredni\u0161tvo Novic","image":{"@type":"ImageObject","inLanguage":"sl-SI","@id":"https:\/\/secure.gravatar.com\/avatar\/f19c0ae874706cc9ba19d2f6da5f74a5a5ee7674f283fed29ce0ad16a9f1893e?s=96&d=mm&r=g","url":"https:\/\/secure.gravatar.com\/avatar\/f19c0ae874706cc9ba19d2f6da5f74a5a5ee7674f283fed29ce0ad16a9f1893e?s=96&d=mm&r=g","contentUrl":"https:\/\/secure.gravatar.com\/avatar\/f19c0ae874706cc9ba19d2f6da5f74a5a5ee7674f283fed29ce0ad16a9f1893e?s=96&d=mm&r=g","caption":"Uredni\u0161tvo Novic"},"url":"https:\/\/novice.si\/page\/author\/jure\/"}]}},"_links":{"self":[{"href":"https:\/\/novice.si\/page\/wp-json\/wp\/v2\/posts\/170778","targetHints":{"allow":["GET"]}}],"collection":[{"href":"https:\/\/novice.si\/page\/wp-json\/wp\/v2\/posts"}],"about":[{"href":"https:\/\/novice.si\/page\/wp-json\/wp\/v2\/types\/post"}],"author":[{"embeddable":true,"href":"https:\/\/novice.si\/page\/wp-json\/wp\/v2\/users\/7"}],"replies":[{"embeddable":true,"href":"https:\/\/novice.si\/page\/wp-json\/wp\/v2\/comments?post=170778"}],"version-history":[{"count":1,"href":"https:\/\/novice.si\/page\/wp-json\/wp\/v2\/posts\/170778\/revisions"}],"predecessor-version":[{"id":170780,"href":"https:\/\/novice.si\/page\/wp-json\/wp\/v2\/posts\/170778\/revisions\/170780"}],"wp:featuredmedia":[{"embeddable":true,"href":"https:\/\/novice.si\/page\/wp-json\/wp\/v2\/media\/170779"}],"wp:attachment":[{"href":"https:\/\/novice.si\/page\/wp-json\/wp\/v2\/media?parent=170778"}],"wp:term":[{"taxonomy":"category","embeddable":true,"href":"https:\/\/novice.si\/page\/wp-json\/wp\/v2\/categories?post=170778"},{"taxonomy":"post_tag","embeddable":true,"href":"https:\/\/novice.si\/page\/wp-json\/wp\/v2\/tags?post=170778"}],"curies":[{"name":"wp","href":"https:\/\/api.w.org\/{rel}","templated":true}]}}