{"id":170725,"date":"2024-01-05T16:11:43","date_gmt":"2024-01-05T15:11:43","guid":{"rendered":"https:\/\/novice.si\/page\/?p=170725"},"modified":"2024-01-05T16:11:43","modified_gmt":"2024-01-05T15:11:43","slug":"celje-bo-rajevic-uspel-s-pritozbo","status":"publish","type":"post","link":"https:\/\/novice.si\/page\/celje-bo-rajevic-uspel-s-pritozbo\/","title":{"rendered":"CELJE Bo Rajevi\u010d uspel s prito\u017ebo?"},"content":{"rendered":"<p>Celjski vi\u0161ji sodniki bodo po dana\u0161nji javni prito\u017ebeni seji v 30 dneh sporo\u010dili odlo\u010ditev glede sodbe, ki so jo nekdanjemu celjskemu dentistu 38-letnemu <strong>Ivanu Rajevi\u0107u<\/strong> sredi lanskega leta izrekli na okro\u017enem sodi\u0161\u010du.<\/p>\n<p>Z<img loading=\"lazy\" decoding=\"async\" class=\" wp-image-161679 alignleft\" src=\"https:\/\/novice.si\/page\/wp-content\/uploads\/2023\/04\/Rajevic-07aor23-2-600x362.jpg\" alt=\"\" width=\"361\" height=\"218\" srcset=\"https:\/\/novice.si\/page\/wp-content\/uploads\/2023\/04\/Rajevic-07aor23-2-600x362.jpg 600w, https:\/\/novice.si\/page\/wp-content\/uploads\/2023\/04\/Rajevic-07aor23-2-1024x617.jpg 1024w, https:\/\/novice.si\/page\/wp-content\/uploads\/2023\/04\/Rajevic-07aor23-2-768x463.jpg 768w, https:\/\/novice.si\/page\/wp-content\/uploads\/2023\/04\/Rajevic-07aor23-2-1536x926.jpg 1536w, https:\/\/novice.si\/page\/wp-content\/uploads\/2023\/04\/Rajevic-07aor23-2-2048x1235.jpg 2048w, https:\/\/novice.si\/page\/wp-content\/uploads\/2023\/04\/Rajevic-07aor23-2-696x420.jpg 696w, https:\/\/novice.si\/page\/wp-content\/uploads\/2023\/04\/Rajevic-07aor23-2-1068x644.jpg 1068w, https:\/\/novice.si\/page\/wp-content\/uploads\/2023\/04\/Rajevic-07aor23-2-697x420.jpg 697w, https:\/\/novice.si\/page\/wp-content\/uploads\/2023\/04\/Rajevic-07aor23-2-24x14.jpg 24w, https:\/\/novice.si\/page\/wp-content\/uploads\/2023\/04\/Rajevic-07aor23-2-36x22.jpg 36w, https:\/\/novice.si\/page\/wp-content\/uploads\/2023\/04\/Rajevic-07aor23-2-48x29.jpg 48w\" sizes=\"auto, (max-width: 361px) 100vw, 361px\" \/>aradi poskusa umora nekdanje partnerke ga je doletela 17-letna zaporna kazen.<\/p>\n<p>Njegov zagovornik <strong>Toma\u017e Kocjan<\/strong> je med prito\u017ebenimi razlogi med drugim opozoril na pomanjkanje zakonskih znakov za naklepno dejanje in na zahrbten na\u010din, sodi\u0161\u010de naj bi izrabilo izpovedbe o\u0161kodovanke, pri tem pa niso upo\u0161tevali olaj\u0161evalnih okoli\u0161\u010din za obto\u017eenca.<\/p>\n<p>Kot je znano, je Rajevi\u010d pred dvema letoma v stanovanjskem bloku ob Savinji v Celju partnerko, s katero sta se razhajala, z no\u017eem zabodel v ledveni del, re\u0161il pa jo je takoj\u0161en kirur\u0161ki poseg.<\/p>\n<p>V zagovoru je dejal, da je \u0161lo za nesre\u010do, da je ni nameraval umoriti in da jo ima rad.<\/p>\n<p>P\u0160<\/p>\n<p>&nbsp;<\/p>\n<p>&nbsp;<\/p>\n","protected":false},"excerpt":{"rendered":"<p>Celjski vi\u0161ji sodniki bodo po dana\u0161nji javni prito\u017ebeni seji v 30 dneh sporo\u010dili odlo\u010ditev glede sodbe, ki so jo nekdanjemu celjskemu dentistu 38-letnemu Ivanu Rajevi\u0107u sredi lanskega leta izrekli na okro\u017enem sodi\u0161\u010du. Zaradi poskusa umora nekdanje partnerke ga je doletela 17-letna zaporna kazen. Njegov zagovornik Toma\u017e Kocjan je med prito\u017ebenimi razlogi med drugim opozoril na [&hellip;]<\/p>\n","protected":false},"author":33,"featured_media":170726,"comment_status":"closed","ping_status":"closed","sticky":false,"template":"","format":"standard","meta":{"footnotes":""},"categories":[14,17,29],"tags":[14125,1821,19523,19524,3892],"class_list":{"0":"post-170725","1":"post","2":"type-post","3":"status-publish","4":"format-standard","5":"has-post-thumbnail","7":"category-aktualno","8":"category-celjsko","9":"category-kronika","10":"tag-ivan-rajevic","11":"tag-poskus-umora","12":"tag-pritozbena-seja","13":"tag-tomad-kocjan","14":"tag-visje-sodisce"},"yoast_head":"<!-- This site is optimized with the Yoast SEO plugin v27.4 - https:\/\/yoast.com\/product\/yoast-seo-wordpress\/ -->\n<title>CELJE Bo Rajevi\u010d uspel s prito\u017ebo? - Novice.si<\/title>\n<meta name=\"robots\" content=\"index, follow, max-snippet:-1, max-image-preview:large, max-video-preview:-1\" \/>\n<link rel=\"canonical\" href=\"https:\/\/novice.si\/page\/celje-bo-rajevic-uspel-s-pritozbo\/\" \/>\n<meta property=\"og:locale\" content=\"sl_SI\" \/>\n<meta property=\"og:type\" content=\"article\" \/>\n<meta property=\"og:title\" content=\"CELJE Bo Rajevi\u010d uspel s prito\u017ebo? - Novice.si\" \/>\n<meta property=\"og:description\" content=\"Celjski vi\u0161ji sodniki bodo po dana\u0161nji javni prito\u017ebeni seji v 30 dneh sporo\u010dili odlo\u010ditev glede sodbe, ki so jo nekdanjemu celjskemu dentistu 38-letnemu Ivanu Rajevi\u0107u sredi lanskega leta izrekli na okro\u017enem sodi\u0161\u010du. Zaradi poskusa umora nekdanje partnerke ga je doletela 17-letna zaporna kazen. Njegov zagovornik Toma\u017e Kocjan je med prito\u017ebenimi razlogi med drugim opozoril na [&hellip;]\" \/>\n<meta property=\"og:url\" content=\"https:\/\/novice.si\/page\/celje-bo-rajevic-uspel-s-pritozbo\/\" \/>\n<meta property=\"og:site_name\" content=\"Novice.si\" \/>\n<meta property=\"article:published_time\" content=\"2024-01-05T15:11:43+00:00\" \/>\n<meta property=\"og:image\" content=\"https:\/\/novice.si\/page\/wp-content\/uploads\/2024\/01\/RAJEVIC-2024.jpg\" \/>\n\t<meta property=\"og:image:width\" content=\"1984\" \/>\n\t<meta property=\"og:image:height\" content=\"1488\" \/>\n\t<meta property=\"og:image:type\" content=\"image\/jpeg\" \/>\n<meta name=\"author\" content=\"Uredni\u0161tvo Celjana\" \/>\n<meta name=\"twitter:card\" content=\"summary_large_image\" \/>\n<meta name=\"twitter:label1\" content=\"Written by\" \/>\n\t<meta name=\"twitter:data1\" content=\"Uredni\u0161tvo Celjana\" \/>\n\t<meta name=\"twitter:label2\" content=\"Est. reading time\" \/>\n\t<meta name=\"twitter:data2\" content=\"2 minuti\" \/>\n<script type=\"application\/ld+json\" class=\"yoast-schema-graph\">{\"@context\":\"https:\\\/\\\/schema.org\",\"@graph\":[{\"@type\":\"Article\",\"@id\":\"https:\\\/\\\/novice.si\\\/page\\\/celje-bo-rajevic-uspel-s-pritozbo\\\/#article\",\"isPartOf\":{\"@id\":\"https:\\\/\\\/novice.si\\\/page\\\/celje-bo-rajevic-uspel-s-pritozbo\\\/\"},\"author\":{\"name\":\"Uredni\u0161tvo Celjana\",\"@id\":\"https:\\\/\\\/novice.si\\\/page\\\/#\\\/schema\\\/person\\\/57f25c9642a9541c7349c65d32032c3e\"},\"headline\":\"CELJE Bo Rajevi\u010d uspel s prito\u017ebo?\",\"datePublished\":\"2024-01-05T15:11:43+00:00\",\"mainEntityOfPage\":{\"@id\":\"https:\\\/\\\/novice.si\\\/page\\\/celje-bo-rajevic-uspel-s-pritozbo\\\/\"},\"wordCount\":163,\"publisher\":{\"@id\":\"https:\\\/\\\/novice.si\\\/page\\\/#organization\"},\"image\":{\"@id\":\"https:\\\/\\\/novice.si\\\/page\\\/celje-bo-rajevic-uspel-s-pritozbo\\\/#primaryimage\"},\"thumbnailUrl\":\"https:\\\/\\\/novice.si\\\/page\\\/wp-content\\\/uploads\\\/2024\\\/01\\\/RAJEVIC-2024.jpg\",\"keywords\":[\"ivan rajevi\u010d\",\"poskus umora\",\"prito\u017ebena seja\",\"toma\u0111 kocjan\",\"vi\u0161je sodi\u0161\u010de\"],\"articleSection\":[\"Aktualno\",\"Celjsko\",\"Kronika\"],\"inLanguage\":\"sl-SI\"},{\"@type\":\"WebPage\",\"@id\":\"https:\\\/\\\/novice.si\\\/page\\\/celje-bo-rajevic-uspel-s-pritozbo\\\/\",\"url\":\"https:\\\/\\\/novice.si\\\/page\\\/celje-bo-rajevic-uspel-s-pritozbo\\\/\",\"name\":\"CELJE Bo Rajevi\u010d uspel s prito\u017ebo? - Novice.si\",\"isPartOf\":{\"@id\":\"https:\\\/\\\/novice.si\\\/page\\\/#website\"},\"primaryImageOfPage\":{\"@id\":\"https:\\\/\\\/novice.si\\\/page\\\/celje-bo-rajevic-uspel-s-pritozbo\\\/#primaryimage\"},\"image\":{\"@id\":\"https:\\\/\\\/novice.si\\\/page\\\/celje-bo-rajevic-uspel-s-pritozbo\\\/#primaryimage\"},\"thumbnailUrl\":\"https:\\\/\\\/novice.si\\\/page\\\/wp-content\\\/uploads\\\/2024\\\/01\\\/RAJEVIC-2024.jpg\",\"datePublished\":\"2024-01-05T15:11:43+00:00\",\"breadcrumb\":{\"@id\":\"https:\\\/\\\/novice.si\\\/page\\\/celje-bo-rajevic-uspel-s-pritozbo\\\/#breadcrumb\"},\"inLanguage\":\"sl-SI\",\"potentialAction\":[{\"@type\":\"ReadAction\",\"target\":[\"https:\\\/\\\/novice.si\\\/page\\\/celje-bo-rajevic-uspel-s-pritozbo\\\/\"]}]},{\"@type\":\"ImageObject\",\"inLanguage\":\"sl-SI\",\"@id\":\"https:\\\/\\\/novice.si\\\/page\\\/celje-bo-rajevic-uspel-s-pritozbo\\\/#primaryimage\",\"url\":\"https:\\\/\\\/novice.si\\\/page\\\/wp-content\\\/uploads\\\/2024\\\/01\\\/RAJEVIC-2024.jpg\",\"contentUrl\":\"https:\\\/\\\/novice.si\\\/page\\\/wp-content\\\/uploads\\\/2024\\\/01\\\/RAJEVIC-2024.jpg\",\"width\":1984,\"height\":1488},{\"@type\":\"BreadcrumbList\",\"@id\":\"https:\\\/\\\/novice.si\\\/page\\\/celje-bo-rajevic-uspel-s-pritozbo\\\/#breadcrumb\",\"itemListElement\":[{\"@type\":\"ListItem\",\"position\":1,\"name\":\"Home\",\"item\":\"https:\\\/\\\/novice.si\\\/page\\\/\"},{\"@type\":\"ListItem\",\"position\":2,\"name\":\"CELJE Bo Rajevi\u010d uspel s prito\u017ebo?\"}]},{\"@type\":\"WebSite\",\"@id\":\"https:\\\/\\\/novice.si\\\/page\\\/#website\",\"url\":\"https:\\\/\\\/novice.si\\\/page\\\/\",\"name\":\"Novice.si\",\"description\":\"\",\"publisher\":{\"@id\":\"https:\\\/\\\/novice.si\\\/page\\\/#organization\"},\"potentialAction\":[{\"@type\":\"SearchAction\",\"target\":{\"@type\":\"EntryPoint\",\"urlTemplate\":\"https:\\\/\\\/novice.si\\\/page\\\/?s={search_term_string}\"},\"query-input\":{\"@type\":\"PropertyValueSpecification\",\"valueRequired\":true,\"valueName\":\"search_term_string\"}}],\"inLanguage\":\"sl-SI\"},{\"@type\":\"Organization\",\"@id\":\"https:\\\/\\\/novice.si\\\/page\\\/#organization\",\"name\":\"Novice.si\",\"url\":\"https:\\\/\\\/novice.si\\\/page\\\/\",\"logo\":{\"@type\":\"ImageObject\",\"inLanguage\":\"sl-SI\",\"@id\":\"https:\\\/\\\/novice.si\\\/page\\\/#\\\/schema\\\/logo\\\/image\\\/\",\"url\":\"https:\\\/\\\/novice.si\\\/page\\\/wp-content\\\/uploads\\\/2023\\\/03\\\/novice_si.png\",\"contentUrl\":\"https:\\\/\\\/novice.si\\\/page\\\/wp-content\\\/uploads\\\/2023\\\/03\\\/novice_si.png\",\"width\":576,\"height\":200,\"caption\":\"Novice.si\"},\"image\":{\"@id\":\"https:\\\/\\\/novice.si\\\/page\\\/#\\\/schema\\\/logo\\\/image\\\/\"}},{\"@type\":\"Person\",\"@id\":\"https:\\\/\\\/novice.si\\\/page\\\/#\\\/schema\\\/person\\\/57f25c9642a9541c7349c65d32032c3e\",\"name\":\"Uredni\u0161tvo Celjana\",\"image\":{\"@type\":\"ImageObject\",\"inLanguage\":\"sl-SI\",\"@id\":\"https:\\\/\\\/secure.gravatar.com\\\/avatar\\\/78e52bc4279b65f6df6345e0ef0f7b792d361361f230cf4ffecfe0afe6d5629c?s=96&d=mm&r=g\",\"url\":\"https:\\\/\\\/secure.gravatar.com\\\/avatar\\\/78e52bc4279b65f6df6345e0ef0f7b792d361361f230cf4ffecfe0afe6d5629c?s=96&d=mm&r=g\",\"contentUrl\":\"https:\\\/\\\/secure.gravatar.com\\\/avatar\\\/78e52bc4279b65f6df6345e0ef0f7b792d361361f230cf4ffecfe0afe6d5629c?s=96&d=mm&r=g\",\"caption\":\"Uredni\u0161tvo Celjana\"},\"url\":\"https:\\\/\\\/novice.si\\\/page\\\/author\\\/primoz\\\/\"}]}<\/script>\n<!-- \/ Yoast SEO plugin. -->","yoast_head_json":{"title":"CELJE Bo Rajevi\u010d uspel s prito\u017ebo? - Novice.si","robots":{"index":"index","follow":"follow","max-snippet":"max-snippet:-1","max-image-preview":"max-image-preview:large","max-video-preview":"max-video-preview:-1"},"canonical":"https:\/\/novice.si\/page\/celje-bo-rajevic-uspel-s-pritozbo\/","og_locale":"sl_SI","og_type":"article","og_title":"CELJE Bo Rajevi\u010d uspel s prito\u017ebo? - Novice.si","og_description":"Celjski vi\u0161ji sodniki bodo po dana\u0161nji javni prito\u017ebeni seji v 30 dneh sporo\u010dili odlo\u010ditev glede sodbe, ki so jo nekdanjemu celjskemu dentistu 38-letnemu Ivanu Rajevi\u0107u sredi lanskega leta izrekli na okro\u017enem sodi\u0161\u010du. Zaradi poskusa umora nekdanje partnerke ga je doletela 17-letna zaporna kazen. Njegov zagovornik Toma\u017e Kocjan je med prito\u017ebenimi razlogi med drugim opozoril na [&hellip;]","og_url":"https:\/\/novice.si\/page\/celje-bo-rajevic-uspel-s-pritozbo\/","og_site_name":"Novice.si","article_published_time":"2024-01-05T15:11:43+00:00","og_image":[{"width":1984,"height":1488,"url":"https:\/\/novice.si\/page\/wp-content\/uploads\/2024\/01\/RAJEVIC-2024.jpg","type":"image\/jpeg"}],"author":"Uredni\u0161tvo Celjana","twitter_card":"summary_large_image","twitter_misc":{"Written by":"Uredni\u0161tvo Celjana","Est. reading time":"2 minuti"},"schema":{"@context":"https:\/\/schema.org","@graph":[{"@type":"Article","@id":"https:\/\/novice.si\/page\/celje-bo-rajevic-uspel-s-pritozbo\/#article","isPartOf":{"@id":"https:\/\/novice.si\/page\/celje-bo-rajevic-uspel-s-pritozbo\/"},"author":{"name":"Uredni\u0161tvo Celjana","@id":"https:\/\/novice.si\/page\/#\/schema\/person\/57f25c9642a9541c7349c65d32032c3e"},"headline":"CELJE Bo Rajevi\u010d uspel s prito\u017ebo?","datePublished":"2024-01-05T15:11:43+00:00","mainEntityOfPage":{"@id":"https:\/\/novice.si\/page\/celje-bo-rajevic-uspel-s-pritozbo\/"},"wordCount":163,"publisher":{"@id":"https:\/\/novice.si\/page\/#organization"},"image":{"@id":"https:\/\/novice.si\/page\/celje-bo-rajevic-uspel-s-pritozbo\/#primaryimage"},"thumbnailUrl":"https:\/\/novice.si\/page\/wp-content\/uploads\/2024\/01\/RAJEVIC-2024.jpg","keywords":["ivan rajevi\u010d","poskus umora","prito\u017ebena seja","toma\u0111 kocjan","vi\u0161je sodi\u0161\u010de"],"articleSection":["Aktualno","Celjsko","Kronika"],"inLanguage":"sl-SI"},{"@type":"WebPage","@id":"https:\/\/novice.si\/page\/celje-bo-rajevic-uspel-s-pritozbo\/","url":"https:\/\/novice.si\/page\/celje-bo-rajevic-uspel-s-pritozbo\/","name":"CELJE Bo Rajevi\u010d uspel s prito\u017ebo? - Novice.si","isPartOf":{"@id":"https:\/\/novice.si\/page\/#website"},"primaryImageOfPage":{"@id":"https:\/\/novice.si\/page\/celje-bo-rajevic-uspel-s-pritozbo\/#primaryimage"},"image":{"@id":"https:\/\/novice.si\/page\/celje-bo-rajevic-uspel-s-pritozbo\/#primaryimage"},"thumbnailUrl":"https:\/\/novice.si\/page\/wp-content\/uploads\/2024\/01\/RAJEVIC-2024.jpg","datePublished":"2024-01-05T15:11:43+00:00","breadcrumb":{"@id":"https:\/\/novice.si\/page\/celje-bo-rajevic-uspel-s-pritozbo\/#breadcrumb"},"inLanguage":"sl-SI","potentialAction":[{"@type":"ReadAction","target":["https:\/\/novice.si\/page\/celje-bo-rajevic-uspel-s-pritozbo\/"]}]},{"@type":"ImageObject","inLanguage":"sl-SI","@id":"https:\/\/novice.si\/page\/celje-bo-rajevic-uspel-s-pritozbo\/#primaryimage","url":"https:\/\/novice.si\/page\/wp-content\/uploads\/2024\/01\/RAJEVIC-2024.jpg","contentUrl":"https:\/\/novice.si\/page\/wp-content\/uploads\/2024\/01\/RAJEVIC-2024.jpg","width":1984,"height":1488},{"@type":"BreadcrumbList","@id":"https:\/\/novice.si\/page\/celje-bo-rajevic-uspel-s-pritozbo\/#breadcrumb","itemListElement":[{"@type":"ListItem","position":1,"name":"Home","item":"https:\/\/novice.si\/page\/"},{"@type":"ListItem","position":2,"name":"CELJE Bo Rajevi\u010d uspel s prito\u017ebo?"}]},{"@type":"WebSite","@id":"https:\/\/novice.si\/page\/#website","url":"https:\/\/novice.si\/page\/","name":"Novice.si","description":"","publisher":{"@id":"https:\/\/novice.si\/page\/#organization"},"potentialAction":[{"@type":"SearchAction","target":{"@type":"EntryPoint","urlTemplate":"https:\/\/novice.si\/page\/?s={search_term_string}"},"query-input":{"@type":"PropertyValueSpecification","valueRequired":true,"valueName":"search_term_string"}}],"inLanguage":"sl-SI"},{"@type":"Organization","@id":"https:\/\/novice.si\/page\/#organization","name":"Novice.si","url":"https:\/\/novice.si\/page\/","logo":{"@type":"ImageObject","inLanguage":"sl-SI","@id":"https:\/\/novice.si\/page\/#\/schema\/logo\/image\/","url":"https:\/\/novice.si\/page\/wp-content\/uploads\/2023\/03\/novice_si.png","contentUrl":"https:\/\/novice.si\/page\/wp-content\/uploads\/2023\/03\/novice_si.png","width":576,"height":200,"caption":"Novice.si"},"image":{"@id":"https:\/\/novice.si\/page\/#\/schema\/logo\/image\/"}},{"@type":"Person","@id":"https:\/\/novice.si\/page\/#\/schema\/person\/57f25c9642a9541c7349c65d32032c3e","name":"Uredni\u0161tvo Celjana","image":{"@type":"ImageObject","inLanguage":"sl-SI","@id":"https:\/\/secure.gravatar.com\/avatar\/78e52bc4279b65f6df6345e0ef0f7b792d361361f230cf4ffecfe0afe6d5629c?s=96&d=mm&r=g","url":"https:\/\/secure.gravatar.com\/avatar\/78e52bc4279b65f6df6345e0ef0f7b792d361361f230cf4ffecfe0afe6d5629c?s=96&d=mm&r=g","contentUrl":"https:\/\/secure.gravatar.com\/avatar\/78e52bc4279b65f6df6345e0ef0f7b792d361361f230cf4ffecfe0afe6d5629c?s=96&d=mm&r=g","caption":"Uredni\u0161tvo Celjana"},"url":"https:\/\/novice.si\/page\/author\/primoz\/"}]}},"_links":{"self":[{"href":"https:\/\/novice.si\/page\/wp-json\/wp\/v2\/posts\/170725","targetHints":{"allow":["GET"]}}],"collection":[{"href":"https:\/\/novice.si\/page\/wp-json\/wp\/v2\/posts"}],"about":[{"href":"https:\/\/novice.si\/page\/wp-json\/wp\/v2\/types\/post"}],"author":[{"embeddable":true,"href":"https:\/\/novice.si\/page\/wp-json\/wp\/v2\/users\/33"}],"replies":[{"embeddable":true,"href":"https:\/\/novice.si\/page\/wp-json\/wp\/v2\/comments?post=170725"}],"version-history":[{"count":1,"href":"https:\/\/novice.si\/page\/wp-json\/wp\/v2\/posts\/170725\/revisions"}],"predecessor-version":[{"id":170727,"href":"https:\/\/novice.si\/page\/wp-json\/wp\/v2\/posts\/170725\/revisions\/170727"}],"wp:featuredmedia":[{"embeddable":true,"href":"https:\/\/novice.si\/page\/wp-json\/wp\/v2\/media\/170726"}],"wp:attachment":[{"href":"https:\/\/novice.si\/page\/wp-json\/wp\/v2\/media?parent=170725"}],"wp:term":[{"taxonomy":"category","embeddable":true,"href":"https:\/\/novice.si\/page\/wp-json\/wp\/v2\/categories?post=170725"},{"taxonomy":"post_tag","embeddable":true,"href":"https:\/\/novice.si\/page\/wp-json\/wp\/v2\/tags?post=170725"}],"curies":[{"name":"wp","href":"https:\/\/api.w.org\/{rel}","templated":true}]}}