{"id":170719,"date":"2024-01-06T11:39:00","date_gmt":"2024-01-06T10:39:00","guid":{"rendered":"https:\/\/novice.si\/page\/?p=170719"},"modified":"2024-01-05T13:44:22","modified_gmt":"2024-01-05T12:44:22","slug":"rojstni-dan-praznoval-s-koncertom","status":"publish","type":"post","link":"https:\/\/novice.si\/page\/rojstni-dan-praznoval-s-koncertom\/","title":{"rendered":"Rojstni dan praznoval s koncertom"},"content":{"rendered":"\r\n                <style type=\"text\/css\">\r\n                    \r\n                    #tdi_1  .td-doubleSlider-2 .td-item1 {\r\n                        background: url(https:\/\/novice.si\/page\/wp-content\/uploads\/2024\/01\/reportaza-bojcevski-forum-Bojcevski-80x60.jpg) 0 0 no-repeat;\r\n                    }\r\n                    #tdi_1  .td-doubleSlider-2 .td-item2 {\r\n                        background: url(https:\/\/novice.si\/page\/wp-content\/uploads\/2024\/01\/reportaza-bojcevski-forum-cvilak-80x60.jpg) 0 0 no-repeat;\r\n                    }\r\n                    #tdi_1  .td-doubleSlider-2 .td-item3 {\r\n                        background: url(https:\/\/novice.si\/page\/wp-content\/uploads\/2024\/01\/reportaza-bojcevski-forum-druzba-80x60.jpg) 0 0 no-repeat;\r\n                    }\r\n                    #tdi_1  .td-doubleSlider-2 .td-item4 {\r\n                        background: url(https:\/\/novice.si\/page\/wp-content\/uploads\/2024\/01\/reportaza-bojcevski-forum-koncert-80x60.jpg) 0 0 no-repeat;\r\n                    }\r\n                <\/style>\r\n\r\n                <div id=\"tdi_1\" class=\"td-gallery td-slide-on-2-columns\">\r\n                    <div class=\"post_td_gallery\">\r\n                        <div class=\"td-gallery-slide-top\">\r\n                           <div class=\"td-gallery-title\">Balkan Nuevo - Goran Boj\u010devski<\/div>\r\n\r\n                            <div class=\"td-gallery-controls-wrapper\">\r\n                                <div class=\"td-gallery-slide-count\"><span class=\"td-gallery-slide-item-focus\">1<\/span> od 4<\/div>\r\n                                <div class=\"td-gallery-slide-prev-next-but\">\r\n                                    <i class = \"td-icon-left doubleSliderPrevButton\"><\/i>\r\n                                    <i class = \"td-icon-right doubleSliderNextButton\"><\/i>\r\n                                <\/div>\r\n                            <\/div>\r\n                        <\/div>\r\n\r\n                        <div class = \"td-doubleSlider-1 \">\r\n                            <div class = \"td-slider\">\r\n                                \r\n                    <div class = \"td-slide-item td-item1\">\r\n                        <figure class=\"td-slide-galery-figure td-slide-popup-gallery\">\r\n                            <a class=\"slide-gallery-image-link\" href=\"https:\/\/novice.si\/page\/wp-content\/uploads\/2024\/01\/reportaza-bojcevski-forum-Bojcevski.jpg\" title=\"reportaza bojcevski forum Bojcevski\"  data-caption=\"\"  data-description=\"\" data-gallery>\r\n                                <img decoding=\"async\" src=\"https:\/\/novice.si\/page\/wp-content\/uploads\/2024\/01\/reportaza-bojcevski-forum-Bojcevski-315x420.jpg\" srcset=\"https:\/\/novice.si\/page\/wp-content\/uploads\/2024\/01\/reportaza-bojcevski-forum-Bojcevski-315x420.jpg 315w, https:\/\/novice.si\/page\/wp-content\/uploads\/2024\/01\/reportaza-bojcevski-forum-Bojcevski-450x600.jpg 450w, https:\/\/novice.si\/page\/wp-content\/uploads\/2024\/01\/reportaza-bojcevski-forum-Bojcevski-768x1024.jpg 768w, https:\/\/novice.si\/page\/wp-content\/uploads\/2024\/01\/reportaza-bojcevski-forum-Bojcevski-1152x1536.jpg 1152w, https:\/\/novice.si\/page\/wp-content\/uploads\/2024\/01\/reportaza-bojcevski-forum-Bojcevski-696x928.jpg 696w, https:\/\/novice.si\/page\/wp-content\/uploads\/2024\/01\/reportaza-bojcevski-forum-Bojcevski-1068x1424.jpg 1068w, https:\/\/novice.si\/page\/wp-content\/uploads\/2024\/01\/reportaza-bojcevski-forum-Bojcevski-18x24.jpg 18w, https:\/\/novice.si\/page\/wp-content\/uploads\/2024\/01\/reportaza-bojcevski-forum-Bojcevski-27x36.jpg 27w, https:\/\/novice.si\/page\/wp-content\/uploads\/2024\/01\/reportaza-bojcevski-forum-Bojcevski-36x48.jpg 36w, https:\/\/novice.si\/page\/wp-content\/uploads\/2024\/01\/reportaza-bojcevski-forum-Bojcevski.jpg 1224w\" sizes=\"(max-width: 315px) 100vw, 315px\" alt=\"\">\r\n                            <\/a>\r\n                            \r\n                        <\/figure>\r\n                    <\/div>\r\n                    <div class = \"td-slide-item td-item2\">\r\n                        <figure class=\"td-slide-galery-figure td-slide-popup-gallery\">\r\n                            <a class=\"slide-gallery-image-link\" href=\"https:\/\/novice.si\/page\/wp-content\/uploads\/2024\/01\/reportaza-bojcevski-forum-cvilak.jpg\" title=\"reportaza bojcevski forum cvilak\"  data-caption=\"\"  data-description=\"\" data-gallery>\r\n                                <img decoding=\"async\" src=\"https:\/\/novice.si\/page\/wp-content\/uploads\/2024\/01\/reportaza-bojcevski-forum-cvilak-560x420.jpg\" srcset=\"https:\/\/novice.si\/page\/wp-content\/uploads\/2024\/01\/reportaza-bojcevski-forum-cvilak-560x420.jpg 560w, https:\/\/novice.si\/page\/wp-content\/uploads\/2024\/01\/reportaza-bojcevski-forum-cvilak-600x450.jpg 600w, https:\/\/novice.si\/page\/wp-content\/uploads\/2024\/01\/reportaza-bojcevski-forum-cvilak-1024x768.jpg 1024w, https:\/\/novice.si\/page\/wp-content\/uploads\/2024\/01\/reportaza-bojcevski-forum-cvilak-768x576.jpg 768w, https:\/\/novice.si\/page\/wp-content\/uploads\/2024\/01\/reportaza-bojcevski-forum-cvilak-1536x1152.jpg 1536w, https:\/\/novice.si\/page\/wp-content\/uploads\/2024\/01\/reportaza-bojcevski-forum-cvilak-80x60.jpg 80w, https:\/\/novice.si\/page\/wp-content\/uploads\/2024\/01\/reportaza-bojcevski-forum-cvilak-265x198.jpg 265w, https:\/\/novice.si\/page\/wp-content\/uploads\/2024\/01\/reportaza-bojcevski-forum-cvilak-696x522.jpg 696w, https:\/\/novice.si\/page\/wp-content\/uploads\/2024\/01\/reportaza-bojcevski-forum-cvilak-1068x801.jpg 1068w, https:\/\/novice.si\/page\/wp-content\/uploads\/2024\/01\/reportaza-bojcevski-forum-cvilak-24x18.jpg 24w, https:\/\/novice.si\/page\/wp-content\/uploads\/2024\/01\/reportaza-bojcevski-forum-cvilak-36x27.jpg 36w, https:\/\/novice.si\/page\/wp-content\/uploads\/2024\/01\/reportaza-bojcevski-forum-cvilak-48x36.jpg 48w, https:\/\/novice.si\/page\/wp-content\/uploads\/2024\/01\/reportaza-bojcevski-forum-cvilak.jpg 1632w\" sizes=\"(max-width: 560px) 100vw, 560px\" alt=\"\">\r\n                            <\/a>\r\n                            \r\n                        <\/figure>\r\n                    <\/div>\r\n                    <div class = \"td-slide-item td-item3\">\r\n                        <figure class=\"td-slide-galery-figure td-slide-popup-gallery\">\r\n                            <a class=\"slide-gallery-image-link\" href=\"https:\/\/novice.si\/page\/wp-content\/uploads\/2024\/01\/reportaza-bojcevski-forum-druzba.jpg\" title=\"reportaza bojcevski forum druzba\"  data-caption=\"\"  data-description=\"\" data-gallery>\r\n                                <img decoding=\"async\" src=\"https:\/\/novice.si\/page\/wp-content\/uploads\/2024\/01\/reportaza-bojcevski-forum-druzba-315x420.jpg\" srcset=\"https:\/\/novice.si\/page\/wp-content\/uploads\/2024\/01\/reportaza-bojcevski-forum-druzba-315x420.jpg 315w, https:\/\/novice.si\/page\/wp-content\/uploads\/2024\/01\/reportaza-bojcevski-forum-druzba-450x600.jpg 450w, https:\/\/novice.si\/page\/wp-content\/uploads\/2024\/01\/reportaza-bojcevski-forum-druzba-768x1024.jpg 768w, https:\/\/novice.si\/page\/wp-content\/uploads\/2024\/01\/reportaza-bojcevski-forum-druzba-1152x1536.jpg 1152w, https:\/\/novice.si\/page\/wp-content\/uploads\/2024\/01\/reportaza-bojcevski-forum-druzba-696x928.jpg 696w, https:\/\/novice.si\/page\/wp-content\/uploads\/2024\/01\/reportaza-bojcevski-forum-druzba-1068x1424.jpg 1068w, https:\/\/novice.si\/page\/wp-content\/uploads\/2024\/01\/reportaza-bojcevski-forum-druzba-18x24.jpg 18w, https:\/\/novice.si\/page\/wp-content\/uploads\/2024\/01\/reportaza-bojcevski-forum-druzba-27x36.jpg 27w, https:\/\/novice.si\/page\/wp-content\/uploads\/2024\/01\/reportaza-bojcevski-forum-druzba-36x48.jpg 36w, https:\/\/novice.si\/page\/wp-content\/uploads\/2024\/01\/reportaza-bojcevski-forum-druzba.jpg 1224w\" sizes=\"(max-width: 315px) 100vw, 315px\" alt=\"\">\r\n                            <\/a>\r\n                            \r\n                        <\/figure>\r\n                    <\/div>\r\n                    <div class = \"td-slide-item td-item4\">\r\n                        <figure class=\"td-slide-galery-figure td-slide-popup-gallery\">\r\n                            <a class=\"slide-gallery-image-link\" href=\"https:\/\/novice.si\/page\/wp-content\/uploads\/2024\/01\/reportaza-bojcevski-forum-koncert.jpg\" title=\"reportaza bojcevski forum koncert\"  data-caption=\"\"  data-description=\"\" data-gallery>\r\n                                <img decoding=\"async\" src=\"https:\/\/novice.si\/page\/wp-content\/uploads\/2024\/01\/reportaza-bojcevski-forum-koncert-560x420.jpg\" srcset=\"https:\/\/novice.si\/page\/wp-content\/uploads\/2024\/01\/reportaza-bojcevski-forum-koncert-560x420.jpg 560w, https:\/\/novice.si\/page\/wp-content\/uploads\/2024\/01\/reportaza-bojcevski-forum-koncert-600x450.jpg 600w, https:\/\/novice.si\/page\/wp-content\/uploads\/2024\/01\/reportaza-bojcevski-forum-koncert-1024x768.jpg 1024w, https:\/\/novice.si\/page\/wp-content\/uploads\/2024\/01\/reportaza-bojcevski-forum-koncert-768x576.jpg 768w, https:\/\/novice.si\/page\/wp-content\/uploads\/2024\/01\/reportaza-bojcevski-forum-koncert-1536x1152.jpg 1536w, https:\/\/novice.si\/page\/wp-content\/uploads\/2024\/01\/reportaza-bojcevski-forum-koncert-80x60.jpg 80w, https:\/\/novice.si\/page\/wp-content\/uploads\/2024\/01\/reportaza-bojcevski-forum-koncert-265x198.jpg 265w, https:\/\/novice.si\/page\/wp-content\/uploads\/2024\/01\/reportaza-bojcevski-forum-koncert-696x522.jpg 696w, https:\/\/novice.si\/page\/wp-content\/uploads\/2024\/01\/reportaza-bojcevski-forum-koncert-1068x801.jpg 1068w, https:\/\/novice.si\/page\/wp-content\/uploads\/2024\/01\/reportaza-bojcevski-forum-koncert-24x18.jpg 24w, https:\/\/novice.si\/page\/wp-content\/uploads\/2024\/01\/reportaza-bojcevski-forum-koncert-36x27.jpg 36w, https:\/\/novice.si\/page\/wp-content\/uploads\/2024\/01\/reportaza-bojcevski-forum-koncert-48x36.jpg 48w, https:\/\/novice.si\/page\/wp-content\/uploads\/2024\/01\/reportaza-bojcevski-forum-koncert.jpg 1632w\" sizes=\"(max-width: 560px) 100vw, 560px\" alt=\"\">\r\n                            <\/a>\r\n                            \r\n                        <\/figure>\r\n                    <\/div>\r\n                            <\/div>\r\n                        <\/div>\r\n\r\n                        <div class = \"td-doubleSlider-2\">\r\n                            <div class = \"td-slider\">\r\n                                \r\n                    <div class = \"td-button td-item1\">\r\n                        <div class = \"td-border\"><\/div>\r\n                    <\/div>\r\n                    <div class = \"td-button td-item2\">\r\n                        <div class = \"td-border\"><\/div>\r\n                    <\/div>\r\n                    <div class = \"td-button td-item3\">\r\n                        <div class = \"td-border\"><\/div>\r\n                    <\/div>\r\n                    <div class = \"td-button td-item4\">\r\n                        <div class = \"td-border\"><\/div>\r\n                    <\/div>\r\n                            <\/div>\r\n                        <\/div>\r\n\r\n                    <\/div>\r\n\r\n                <\/div>\r\n                \n<p><em>Kako najraje praznujete svoj rojstni dan? Virtuoz na klarinetu, ki prihaja iz Makedonije in \u017ee dolga leta biva v Celju, Goran Boj\u010devski, ga najraje praznuje obkro\u017een s prijatelji in poslu\u0161alci v Plesnem forumu Celje, medtem ko vse prisotne na odru razvaja z vrhunsko glasbo.<\/em><\/p>\n<p>V Plesnem forumu Celje se je proti koncu leta zgodil tradicionalni koncert glasbenika <strong>Gorana Boj\u010devskega<\/strong>, ki prav s tem nastopom vsako leto, \u017ee 14 let zapored, proslavi svoj rojstni dan, saj mu je ravno Plesni forum Celje najljub\u0161i prostor za koncertiranje. Tokrat je rojstnodnevni koncert nosil naslov Balkan Nuevo.<\/p>\n<p>Ve\u010d utrinkov s koncerta vas \u010daka v \u010dasopisu Celjan, ki ga \u017ee najdete na prodajnih mestih, mi pa z vami delimo nekaj fotografij.<\/p>\n","protected":false},"excerpt":{"rendered":"<p>Kako najraje praznujete svoj rojstni dan? Virtuoz na klarinetu, ki prihaja iz Makedonije in \u017ee dolga leta biva v Celju, Goran Boj\u010devski, ga najraje praznuje obkro\u017een s prijatelji in poslu\u0161alci v Plesnem forumu Celje, medtem ko vse prisotne na odru razvaja z vrhunsko glasbo. V Plesnem forumu Celje se je proti koncu leta zgodil tradicionalni [&hellip;]<\/p>\n","protected":false},"author":55,"featured_media":170723,"comment_status":"closed","ping_status":"closed","sticky":false,"template":"","format":"standard","meta":{"footnotes":""},"categories":[14,142,17],"tags":[],"class_list":{"0":"post-170719","1":"post","2":"type-post","3":"status-publish","4":"format-standard","5":"has-post-thumbnail","7":"category-aktualno","8":"category-celjan","9":"category-celjsko"},"yoast_head":"<!-- This site is optimized with the Yoast SEO plugin v27.4 - https:\/\/yoast.com\/product\/yoast-seo-wordpress\/ -->\n<title>Rojstni dan praznoval s koncertom - Novice.si<\/title>\n<meta name=\"robots\" content=\"index, follow, max-snippet:-1, max-image-preview:large, max-video-preview:-1\" \/>\n<link rel=\"canonical\" href=\"https:\/\/novice.si\/page\/rojstni-dan-praznoval-s-koncertom\/\" \/>\n<meta property=\"og:locale\" content=\"sl_SI\" \/>\n<meta property=\"og:type\" content=\"article\" \/>\n<meta property=\"og:title\" content=\"Rojstni dan praznoval s koncertom - Novice.si\" \/>\n<meta property=\"og:description\" content=\"Kako najraje praznujete svoj rojstni dan? Virtuoz na klarinetu, ki prihaja iz Makedonije in \u017ee dolga leta biva v Celju, Goran Boj\u010devski, ga najraje praznuje obkro\u017een s prijatelji in poslu\u0161alci v Plesnem forumu Celje, medtem ko vse prisotne na odru razvaja z vrhunsko glasbo. V Plesnem forumu Celje se je proti koncu leta zgodil tradicionalni [&hellip;]\" \/>\n<meta property=\"og:url\" content=\"https:\/\/novice.si\/page\/rojstni-dan-praznoval-s-koncertom\/\" \/>\n<meta property=\"og:site_name\" content=\"Novice.si\" \/>\n<meta property=\"article:published_time\" content=\"2024-01-06T10:39:00+00:00\" \/>\n<meta property=\"og:image\" content=\"https:\/\/novice.si\/page\/wp-content\/uploads\/2024\/01\/reportaza-bojcevski-forum-koncert.jpg\" \/>\n\t<meta property=\"og:image:width\" content=\"1632\" \/>\n\t<meta property=\"og:image:height\" content=\"1224\" \/>\n\t<meta property=\"og:image:type\" content=\"image\/jpeg\" \/>\n<meta name=\"author\" content=\"Uredni\u0161tvo Celjana\" \/>\n<meta name=\"twitter:card\" content=\"summary_large_image\" \/>\n<meta name=\"twitter:label1\" content=\"Written by\" \/>\n\t<meta name=\"twitter:data1\" content=\"Uredni\u0161tvo Celjana\" \/>\n\t<meta name=\"twitter:label2\" content=\"Est. reading time\" \/>\n\t<meta name=\"twitter:data2\" content=\"1 minuta\" \/>\n<script type=\"application\/ld+json\" class=\"yoast-schema-graph\">{\"@context\":\"https:\\\/\\\/schema.org\",\"@graph\":[{\"@type\":\"Article\",\"@id\":\"https:\\\/\\\/novice.si\\\/page\\\/rojstni-dan-praznoval-s-koncertom\\\/#article\",\"isPartOf\":{\"@id\":\"https:\\\/\\\/novice.si\\\/page\\\/rojstni-dan-praznoval-s-koncertom\\\/\"},\"author\":{\"name\":\"Uredni\u0161tvo Celjana\",\"@id\":\"https:\\\/\\\/novice.si\\\/page\\\/#\\\/schema\\\/person\\\/a49f233ef2777ec7b2e8d0662325bb48\"},\"headline\":\"Rojstni dan praznoval s koncertom\",\"datePublished\":\"2024-01-06T10:39:00+00:00\",\"mainEntityOfPage\":{\"@id\":\"https:\\\/\\\/novice.si\\\/page\\\/rojstni-dan-praznoval-s-koncertom\\\/\"},\"wordCount\":142,\"publisher\":{\"@id\":\"https:\\\/\\\/novice.si\\\/page\\\/#organization\"},\"image\":{\"@id\":\"https:\\\/\\\/novice.si\\\/page\\\/rojstni-dan-praznoval-s-koncertom\\\/#primaryimage\"},\"thumbnailUrl\":\"https:\\\/\\\/novice.si\\\/page\\\/wp-content\\\/uploads\\\/2024\\\/01\\\/reportaza-bojcevski-forum-koncert.jpg\",\"articleSection\":[\"Aktualno\",\"Celjan\",\"Celjsko\"],\"inLanguage\":\"sl-SI\"},{\"@type\":\"WebPage\",\"@id\":\"https:\\\/\\\/novice.si\\\/page\\\/rojstni-dan-praznoval-s-koncertom\\\/\",\"url\":\"https:\\\/\\\/novice.si\\\/page\\\/rojstni-dan-praznoval-s-koncertom\\\/\",\"name\":\"Rojstni dan praznoval s koncertom - Novice.si\",\"isPartOf\":{\"@id\":\"https:\\\/\\\/novice.si\\\/page\\\/#website\"},\"primaryImageOfPage\":{\"@id\":\"https:\\\/\\\/novice.si\\\/page\\\/rojstni-dan-praznoval-s-koncertom\\\/#primaryimage\"},\"image\":{\"@id\":\"https:\\\/\\\/novice.si\\\/page\\\/rojstni-dan-praznoval-s-koncertom\\\/#primaryimage\"},\"thumbnailUrl\":\"https:\\\/\\\/novice.si\\\/page\\\/wp-content\\\/uploads\\\/2024\\\/01\\\/reportaza-bojcevski-forum-koncert.jpg\",\"datePublished\":\"2024-01-06T10:39:00+00:00\",\"breadcrumb\":{\"@id\":\"https:\\\/\\\/novice.si\\\/page\\\/rojstni-dan-praznoval-s-koncertom\\\/#breadcrumb\"},\"inLanguage\":\"sl-SI\",\"potentialAction\":[{\"@type\":\"ReadAction\",\"target\":[\"https:\\\/\\\/novice.si\\\/page\\\/rojstni-dan-praznoval-s-koncertom\\\/\"]}]},{\"@type\":\"ImageObject\",\"inLanguage\":\"sl-SI\",\"@id\":\"https:\\\/\\\/novice.si\\\/page\\\/rojstni-dan-praznoval-s-koncertom\\\/#primaryimage\",\"url\":\"https:\\\/\\\/novice.si\\\/page\\\/wp-content\\\/uploads\\\/2024\\\/01\\\/reportaza-bojcevski-forum-koncert.jpg\",\"contentUrl\":\"https:\\\/\\\/novice.si\\\/page\\\/wp-content\\\/uploads\\\/2024\\\/01\\\/reportaza-bojcevski-forum-koncert.jpg\",\"width\":1632,\"height\":1224},{\"@type\":\"BreadcrumbList\",\"@id\":\"https:\\\/\\\/novice.si\\\/page\\\/rojstni-dan-praznoval-s-koncertom\\\/#breadcrumb\",\"itemListElement\":[{\"@type\":\"ListItem\",\"position\":1,\"name\":\"Home\",\"item\":\"https:\\\/\\\/novice.si\\\/page\\\/\"},{\"@type\":\"ListItem\",\"position\":2,\"name\":\"Rojstni dan praznoval s koncertom\"}]},{\"@type\":\"WebSite\",\"@id\":\"https:\\\/\\\/novice.si\\\/page\\\/#website\",\"url\":\"https:\\\/\\\/novice.si\\\/page\\\/\",\"name\":\"Novice.si\",\"description\":\"\",\"publisher\":{\"@id\":\"https:\\\/\\\/novice.si\\\/page\\\/#organization\"},\"potentialAction\":[{\"@type\":\"SearchAction\",\"target\":{\"@type\":\"EntryPoint\",\"urlTemplate\":\"https:\\\/\\\/novice.si\\\/page\\\/?s={search_term_string}\"},\"query-input\":{\"@type\":\"PropertyValueSpecification\",\"valueRequired\":true,\"valueName\":\"search_term_string\"}}],\"inLanguage\":\"sl-SI\"},{\"@type\":\"Organization\",\"@id\":\"https:\\\/\\\/novice.si\\\/page\\\/#organization\",\"name\":\"Novice.si\",\"url\":\"https:\\\/\\\/novice.si\\\/page\\\/\",\"logo\":{\"@type\":\"ImageObject\",\"inLanguage\":\"sl-SI\",\"@id\":\"https:\\\/\\\/novice.si\\\/page\\\/#\\\/schema\\\/logo\\\/image\\\/\",\"url\":\"https:\\\/\\\/novice.si\\\/page\\\/wp-content\\\/uploads\\\/2023\\\/03\\\/novice_si.png\",\"contentUrl\":\"https:\\\/\\\/novice.si\\\/page\\\/wp-content\\\/uploads\\\/2023\\\/03\\\/novice_si.png\",\"width\":576,\"height\":200,\"caption\":\"Novice.si\"},\"image\":{\"@id\":\"https:\\\/\\\/novice.si\\\/page\\\/#\\\/schema\\\/logo\\\/image\\\/\"}},{\"@type\":\"Person\",\"@id\":\"https:\\\/\\\/novice.si\\\/page\\\/#\\\/schema\\\/person\\\/a49f233ef2777ec7b2e8d0662325bb48\",\"name\":\"Uredni\u0161tvo Celjana\",\"image\":{\"@type\":\"ImageObject\",\"inLanguage\":\"sl-SI\",\"@id\":\"https:\\\/\\\/secure.gravatar.com\\\/avatar\\\/7f7863e616af8f92806c638dd1db3f1a238d83d1cc2ec3100afc06fbb7eb303f?s=96&d=mm&r=g\",\"url\":\"https:\\\/\\\/secure.gravatar.com\\\/avatar\\\/7f7863e616af8f92806c638dd1db3f1a238d83d1cc2ec3100afc06fbb7eb303f?s=96&d=mm&r=g\",\"contentUrl\":\"https:\\\/\\\/secure.gravatar.com\\\/avatar\\\/7f7863e616af8f92806c638dd1db3f1a238d83d1cc2ec3100afc06fbb7eb303f?s=96&d=mm&r=g\",\"caption\":\"Uredni\u0161tvo Celjana\"},\"url\":\"https:\\\/\\\/novice.si\\\/page\\\/author\\\/maja\\\/\"}]}<\/script>\n<!-- \/ Yoast SEO plugin. -->","yoast_head_json":{"title":"Rojstni dan praznoval s koncertom - Novice.si","robots":{"index":"index","follow":"follow","max-snippet":"max-snippet:-1","max-image-preview":"max-image-preview:large","max-video-preview":"max-video-preview:-1"},"canonical":"https:\/\/novice.si\/page\/rojstni-dan-praznoval-s-koncertom\/","og_locale":"sl_SI","og_type":"article","og_title":"Rojstni dan praznoval s koncertom - Novice.si","og_description":"Kako najraje praznujete svoj rojstni dan? Virtuoz na klarinetu, ki prihaja iz Makedonije in \u017ee dolga leta biva v Celju, Goran Boj\u010devski, ga najraje praznuje obkro\u017een s prijatelji in poslu\u0161alci v Plesnem forumu Celje, medtem ko vse prisotne na odru razvaja z vrhunsko glasbo. V Plesnem forumu Celje se je proti koncu leta zgodil tradicionalni [&hellip;]","og_url":"https:\/\/novice.si\/page\/rojstni-dan-praznoval-s-koncertom\/","og_site_name":"Novice.si","article_published_time":"2024-01-06T10:39:00+00:00","og_image":[{"width":1632,"height":1224,"url":"https:\/\/novice.si\/page\/wp-content\/uploads\/2024\/01\/reportaza-bojcevski-forum-koncert.jpg","type":"image\/jpeg"}],"author":"Uredni\u0161tvo Celjana","twitter_card":"summary_large_image","twitter_misc":{"Written by":"Uredni\u0161tvo Celjana","Est. reading time":"1 minuta"},"schema":{"@context":"https:\/\/schema.org","@graph":[{"@type":"Article","@id":"https:\/\/novice.si\/page\/rojstni-dan-praznoval-s-koncertom\/#article","isPartOf":{"@id":"https:\/\/novice.si\/page\/rojstni-dan-praznoval-s-koncertom\/"},"author":{"name":"Uredni\u0161tvo Celjana","@id":"https:\/\/novice.si\/page\/#\/schema\/person\/a49f233ef2777ec7b2e8d0662325bb48"},"headline":"Rojstni dan praznoval s koncertom","datePublished":"2024-01-06T10:39:00+00:00","mainEntityOfPage":{"@id":"https:\/\/novice.si\/page\/rojstni-dan-praznoval-s-koncertom\/"},"wordCount":142,"publisher":{"@id":"https:\/\/novice.si\/page\/#organization"},"image":{"@id":"https:\/\/novice.si\/page\/rojstni-dan-praznoval-s-koncertom\/#primaryimage"},"thumbnailUrl":"https:\/\/novice.si\/page\/wp-content\/uploads\/2024\/01\/reportaza-bojcevski-forum-koncert.jpg","articleSection":["Aktualno","Celjan","Celjsko"],"inLanguage":"sl-SI"},{"@type":"WebPage","@id":"https:\/\/novice.si\/page\/rojstni-dan-praznoval-s-koncertom\/","url":"https:\/\/novice.si\/page\/rojstni-dan-praznoval-s-koncertom\/","name":"Rojstni dan praznoval s koncertom - Novice.si","isPartOf":{"@id":"https:\/\/novice.si\/page\/#website"},"primaryImageOfPage":{"@id":"https:\/\/novice.si\/page\/rojstni-dan-praznoval-s-koncertom\/#primaryimage"},"image":{"@id":"https:\/\/novice.si\/page\/rojstni-dan-praznoval-s-koncertom\/#primaryimage"},"thumbnailUrl":"https:\/\/novice.si\/page\/wp-content\/uploads\/2024\/01\/reportaza-bojcevski-forum-koncert.jpg","datePublished":"2024-01-06T10:39:00+00:00","breadcrumb":{"@id":"https:\/\/novice.si\/page\/rojstni-dan-praznoval-s-koncertom\/#breadcrumb"},"inLanguage":"sl-SI","potentialAction":[{"@type":"ReadAction","target":["https:\/\/novice.si\/page\/rojstni-dan-praznoval-s-koncertom\/"]}]},{"@type":"ImageObject","inLanguage":"sl-SI","@id":"https:\/\/novice.si\/page\/rojstni-dan-praznoval-s-koncertom\/#primaryimage","url":"https:\/\/novice.si\/page\/wp-content\/uploads\/2024\/01\/reportaza-bojcevski-forum-koncert.jpg","contentUrl":"https:\/\/novice.si\/page\/wp-content\/uploads\/2024\/01\/reportaza-bojcevski-forum-koncert.jpg","width":1632,"height":1224},{"@type":"BreadcrumbList","@id":"https:\/\/novice.si\/page\/rojstni-dan-praznoval-s-koncertom\/#breadcrumb","itemListElement":[{"@type":"ListItem","position":1,"name":"Home","item":"https:\/\/novice.si\/page\/"},{"@type":"ListItem","position":2,"name":"Rojstni dan praznoval s koncertom"}]},{"@type":"WebSite","@id":"https:\/\/novice.si\/page\/#website","url":"https:\/\/novice.si\/page\/","name":"Novice.si","description":"","publisher":{"@id":"https:\/\/novice.si\/page\/#organization"},"potentialAction":[{"@type":"SearchAction","target":{"@type":"EntryPoint","urlTemplate":"https:\/\/novice.si\/page\/?s={search_term_string}"},"query-input":{"@type":"PropertyValueSpecification","valueRequired":true,"valueName":"search_term_string"}}],"inLanguage":"sl-SI"},{"@type":"Organization","@id":"https:\/\/novice.si\/page\/#organization","name":"Novice.si","url":"https:\/\/novice.si\/page\/","logo":{"@type":"ImageObject","inLanguage":"sl-SI","@id":"https:\/\/novice.si\/page\/#\/schema\/logo\/image\/","url":"https:\/\/novice.si\/page\/wp-content\/uploads\/2023\/03\/novice_si.png","contentUrl":"https:\/\/novice.si\/page\/wp-content\/uploads\/2023\/03\/novice_si.png","width":576,"height":200,"caption":"Novice.si"},"image":{"@id":"https:\/\/novice.si\/page\/#\/schema\/logo\/image\/"}},{"@type":"Person","@id":"https:\/\/novice.si\/page\/#\/schema\/person\/a49f233ef2777ec7b2e8d0662325bb48","name":"Uredni\u0161tvo Celjana","image":{"@type":"ImageObject","inLanguage":"sl-SI","@id":"https:\/\/secure.gravatar.com\/avatar\/7f7863e616af8f92806c638dd1db3f1a238d83d1cc2ec3100afc06fbb7eb303f?s=96&d=mm&r=g","url":"https:\/\/secure.gravatar.com\/avatar\/7f7863e616af8f92806c638dd1db3f1a238d83d1cc2ec3100afc06fbb7eb303f?s=96&d=mm&r=g","contentUrl":"https:\/\/secure.gravatar.com\/avatar\/7f7863e616af8f92806c638dd1db3f1a238d83d1cc2ec3100afc06fbb7eb303f?s=96&d=mm&r=g","caption":"Uredni\u0161tvo Celjana"},"url":"https:\/\/novice.si\/page\/author\/maja\/"}]}},"_links":{"self":[{"href":"https:\/\/novice.si\/page\/wp-json\/wp\/v2\/posts\/170719","targetHints":{"allow":["GET"]}}],"collection":[{"href":"https:\/\/novice.si\/page\/wp-json\/wp\/v2\/posts"}],"about":[{"href":"https:\/\/novice.si\/page\/wp-json\/wp\/v2\/types\/post"}],"author":[{"embeddable":true,"href":"https:\/\/novice.si\/page\/wp-json\/wp\/v2\/users\/55"}],"replies":[{"embeddable":true,"href":"https:\/\/novice.si\/page\/wp-json\/wp\/v2\/comments?post=170719"}],"version-history":[{"count":1,"href":"https:\/\/novice.si\/page\/wp-json\/wp\/v2\/posts\/170719\/revisions"}],"predecessor-version":[{"id":170724,"href":"https:\/\/novice.si\/page\/wp-json\/wp\/v2\/posts\/170719\/revisions\/170724"}],"wp:featuredmedia":[{"embeddable":true,"href":"https:\/\/novice.si\/page\/wp-json\/wp\/v2\/media\/170723"}],"wp:attachment":[{"href":"https:\/\/novice.si\/page\/wp-json\/wp\/v2\/media?parent=170719"}],"wp:term":[{"taxonomy":"category","embeddable":true,"href":"https:\/\/novice.si\/page\/wp-json\/wp\/v2\/categories?post=170719"},{"taxonomy":"post_tag","embeddable":true,"href":"https:\/\/novice.si\/page\/wp-json\/wp\/v2\/tags?post=170719"}],"curies":[{"name":"wp","href":"https:\/\/api.w.org\/{rel}","templated":true}]}}