{"id":170712,"date":"2024-01-05T14:32:22","date_gmt":"2024-01-05T13:32:22","guid":{"rendered":"https:\/\/novice.si\/page\/?p=170712"},"modified":"2024-01-05T17:32:03","modified_gmt":"2024-01-05T16:32:03","slug":"gajsek-novi-drzavni-sekretar-na-ministrstvu-za-naravne-vire-in-prostor","status":"publish","type":"post","link":"https:\/\/novice.si\/page\/gajsek-novi-drzavni-sekretar-na-ministrstvu-za-naravne-vire-in-prostor\/","title":{"rendered":"Gaj\u0161ek novi dr\u017eavni sekretar na ministrstvu za naravne vire in prostor"},"content":{"rendered":"<p><em><img loading=\"lazy\" decoding=\"async\" class=\" wp-image-170713 alignright\" src=\"https:\/\/novice.si\/page\/wp-content\/uploads\/2024\/01\/cz-miran-gajsek-600x400.jpg\" alt=\"Miran Gaj\u0161ek\" width=\"420\" height=\"280\" srcset=\"https:\/\/novice.si\/page\/wp-content\/uploads\/2024\/01\/cz-miran-gajsek-600x400.jpg 600w, https:\/\/novice.si\/page\/wp-content\/uploads\/2024\/01\/cz-miran-gajsek-768x512.jpg 768w, https:\/\/novice.si\/page\/wp-content\/uploads\/2024\/01\/cz-miran-gajsek-696x464.jpg 696w, https:\/\/novice.si\/page\/wp-content\/uploads\/2024\/01\/cz-miran-gajsek-630x420.jpg 630w, https:\/\/novice.si\/page\/wp-content\/uploads\/2024\/01\/cz-miran-gajsek-24x16.jpg 24w, https:\/\/novice.si\/page\/wp-content\/uploads\/2024\/01\/cz-miran-gajsek-36x24.jpg 36w, https:\/\/novice.si\/page\/wp-content\/uploads\/2024\/01\/cz-miran-gajsek-48x32.jpg 48w, https:\/\/novice.si\/page\/wp-content\/uploads\/2024\/01\/cz-miran-gajsek.jpg 777w\" sizes=\"auto, (max-width: 420px) 100vw, 420px\" \/>Vlada je na dopisni seji za dr\u017eavnega sekretarja na ministrstvu za naravne vire in prostor imenovala <strong>Mirana Gaj\u0161ka<\/strong>.<\/em><\/p>\n<p>Gaj\u0161ek je bil dolgoletni na\u010delnik oddelka za urejanje okolja na Mestni ob\u010dini Ljubljana, maja letos se je preselil na celjsko ob\u010dino, kjer je vodil oddelek za okolje, prostor in komunalo.<\/p>\n<p>Gaj\u0161ek je po izobrazbi magister prostorskega in urbanisti\u010dnega na\u010drtovanja, so po dopisni seji sporo\u010dili z vladnega urada za komuniciranje.<\/p>\n<p><strong>V Celju vrsto let<\/strong><\/p>\n<p>Na poklicni poti je deloval na \u0161tevilnih podro\u010djih, povezanih s prostorskim na\u010drtovanjem. Med drugim je bil mladi raziskovalec na Urbanisti\u010dnem in\u0161titutu RS, kasneje pa zaposlen na ministrstvu za okolje in prostor.<\/p>\n<p>Ob prelomu tiso\u010dletja je Gaj\u0161ek nastopil slu\u017ebo direktorja zavoda za planiranje in izgradnjo Mestne ob\u010dine Celje. V nadaljevanju je bil na\u010delnik oddelka za urejanje okolja na Mestni ob\u010dini Ljubljana, leto\u0161njo pomlad pa se je vrnil na celjsko ob\u010dino, kjer je vodil oddelek za okolje, prostor in komunalo.<\/p>\n","protected":false},"excerpt":{"rendered":"<p>Vlada je na dopisni seji za dr\u017eavnega sekretarja na ministrstvu za naravne vire in prostor imenovala Mirana Gaj\u0161ka. Gaj\u0161ek je bil dolgoletni na\u010delnik oddelka za urejanje okolja na Mestni ob\u010dini Ljubljana, maja letos se je preselil na celjsko ob\u010dino, kjer je vodil oddelek za okolje, prostor in komunalo. Gaj\u0161ek je po izobrazbi magister prostorskega in [&hellip;]<\/p>\n","protected":false},"author":55,"featured_media":170713,"comment_status":"closed","ping_status":"closed","sticky":false,"template":"","format":"standard","meta":{"footnotes":""},"categories":[14,142,17],"tags":[],"class_list":{"0":"post-170712","1":"post","2":"type-post","3":"status-publish","4":"format-standard","5":"has-post-thumbnail","7":"category-aktualno","8":"category-celjan","9":"category-celjsko"},"yoast_head":"<!-- This site is optimized with the Yoast SEO plugin v27.4 - https:\/\/yoast.com\/product\/yoast-seo-wordpress\/ -->\n<title>Gaj\u0161ek novi dr\u017eavni sekretar na ministrstvu za naravne vire in prostor - Novice.si<\/title>\n<meta name=\"robots\" content=\"index, follow, max-snippet:-1, max-image-preview:large, max-video-preview:-1\" \/>\n<link rel=\"canonical\" href=\"https:\/\/novice.si\/page\/gajsek-novi-drzavni-sekretar-na-ministrstvu-za-naravne-vire-in-prostor\/\" \/>\n<meta property=\"og:locale\" content=\"sl_SI\" \/>\n<meta property=\"og:type\" content=\"article\" \/>\n<meta property=\"og:title\" content=\"Gaj\u0161ek novi dr\u017eavni sekretar na ministrstvu za naravne vire in prostor - Novice.si\" \/>\n<meta property=\"og:description\" content=\"Vlada je na dopisni seji za dr\u017eavnega sekretarja na ministrstvu za naravne vire in prostor imenovala Mirana Gaj\u0161ka. Gaj\u0161ek je bil dolgoletni na\u010delnik oddelka za urejanje okolja na Mestni ob\u010dini Ljubljana, maja letos se je preselil na celjsko ob\u010dino, kjer je vodil oddelek za okolje, prostor in komunalo. Gaj\u0161ek je po izobrazbi magister prostorskega in [&hellip;]\" \/>\n<meta property=\"og:url\" content=\"https:\/\/novice.si\/page\/gajsek-novi-drzavni-sekretar-na-ministrstvu-za-naravne-vire-in-prostor\/\" \/>\n<meta property=\"og:site_name\" content=\"Novice.si\" \/>\n<meta property=\"article:published_time\" content=\"2024-01-05T13:32:22+00:00\" \/>\n<meta property=\"article:modified_time\" content=\"2024-01-05T16:32:03+00:00\" \/>\n<meta property=\"og:image\" content=\"https:\/\/novice.si\/page\/wp-content\/uploads\/2024\/01\/cz-miran-gajsek.jpg\" \/>\n\t<meta property=\"og:image:width\" content=\"777\" \/>\n\t<meta property=\"og:image:height\" content=\"518\" \/>\n\t<meta property=\"og:image:type\" content=\"image\/jpeg\" \/>\n<meta name=\"author\" content=\"Uredni\u0161tvo Celjana\" \/>\n<meta name=\"twitter:card\" content=\"summary_large_image\" \/>\n<meta name=\"twitter:label1\" content=\"Written by\" \/>\n\t<meta name=\"twitter:data1\" content=\"Uredni\u0161tvo Celjana\" \/>\n\t<meta name=\"twitter:label2\" content=\"Est. reading time\" \/>\n\t<meta name=\"twitter:data2\" content=\"2 minuti\" \/>\n<script type=\"application\/ld+json\" class=\"yoast-schema-graph\">{\"@context\":\"https:\\\/\\\/schema.org\",\"@graph\":[{\"@type\":\"Article\",\"@id\":\"https:\\\/\\\/novice.si\\\/page\\\/gajsek-novi-drzavni-sekretar-na-ministrstvu-za-naravne-vire-in-prostor\\\/#article\",\"isPartOf\":{\"@id\":\"https:\\\/\\\/novice.si\\\/page\\\/gajsek-novi-drzavni-sekretar-na-ministrstvu-za-naravne-vire-in-prostor\\\/\"},\"author\":{\"name\":\"Uredni\u0161tvo Celjana\",\"@id\":\"https:\\\/\\\/novice.si\\\/page\\\/#\\\/schema\\\/person\\\/a49f233ef2777ec7b2e8d0662325bb48\"},\"headline\":\"Gaj\u0161ek novi dr\u017eavni sekretar na ministrstvu za naravne vire in prostor\",\"datePublished\":\"2024-01-05T13:32:22+00:00\",\"dateModified\":\"2024-01-05T16:32:03+00:00\",\"mainEntityOfPage\":{\"@id\":\"https:\\\/\\\/novice.si\\\/page\\\/gajsek-novi-drzavni-sekretar-na-ministrstvu-za-naravne-vire-in-prostor\\\/\"},\"wordCount\":184,\"publisher\":{\"@id\":\"https:\\\/\\\/novice.si\\\/page\\\/#organization\"},\"image\":{\"@id\":\"https:\\\/\\\/novice.si\\\/page\\\/gajsek-novi-drzavni-sekretar-na-ministrstvu-za-naravne-vire-in-prostor\\\/#primaryimage\"},\"thumbnailUrl\":\"https:\\\/\\\/novice.si\\\/page\\\/wp-content\\\/uploads\\\/2024\\\/01\\\/cz-miran-gajsek.jpg\",\"articleSection\":[\"Aktualno\",\"Celjan\",\"Celjsko\"],\"inLanguage\":\"sl-SI\"},{\"@type\":\"WebPage\",\"@id\":\"https:\\\/\\\/novice.si\\\/page\\\/gajsek-novi-drzavni-sekretar-na-ministrstvu-za-naravne-vire-in-prostor\\\/\",\"url\":\"https:\\\/\\\/novice.si\\\/page\\\/gajsek-novi-drzavni-sekretar-na-ministrstvu-za-naravne-vire-in-prostor\\\/\",\"name\":\"Gaj\u0161ek novi dr\u017eavni sekretar na ministrstvu za naravne vire in prostor - Novice.si\",\"isPartOf\":{\"@id\":\"https:\\\/\\\/novice.si\\\/page\\\/#website\"},\"primaryImageOfPage\":{\"@id\":\"https:\\\/\\\/novice.si\\\/page\\\/gajsek-novi-drzavni-sekretar-na-ministrstvu-za-naravne-vire-in-prostor\\\/#primaryimage\"},\"image\":{\"@id\":\"https:\\\/\\\/novice.si\\\/page\\\/gajsek-novi-drzavni-sekretar-na-ministrstvu-za-naravne-vire-in-prostor\\\/#primaryimage\"},\"thumbnailUrl\":\"https:\\\/\\\/novice.si\\\/page\\\/wp-content\\\/uploads\\\/2024\\\/01\\\/cz-miran-gajsek.jpg\",\"datePublished\":\"2024-01-05T13:32:22+00:00\",\"dateModified\":\"2024-01-05T16:32:03+00:00\",\"breadcrumb\":{\"@id\":\"https:\\\/\\\/novice.si\\\/page\\\/gajsek-novi-drzavni-sekretar-na-ministrstvu-za-naravne-vire-in-prostor\\\/#breadcrumb\"},\"inLanguage\":\"sl-SI\",\"potentialAction\":[{\"@type\":\"ReadAction\",\"target\":[\"https:\\\/\\\/novice.si\\\/page\\\/gajsek-novi-drzavni-sekretar-na-ministrstvu-za-naravne-vire-in-prostor\\\/\"]}]},{\"@type\":\"ImageObject\",\"inLanguage\":\"sl-SI\",\"@id\":\"https:\\\/\\\/novice.si\\\/page\\\/gajsek-novi-drzavni-sekretar-na-ministrstvu-za-naravne-vire-in-prostor\\\/#primaryimage\",\"url\":\"https:\\\/\\\/novice.si\\\/page\\\/wp-content\\\/uploads\\\/2024\\\/01\\\/cz-miran-gajsek.jpg\",\"contentUrl\":\"https:\\\/\\\/novice.si\\\/page\\\/wp-content\\\/uploads\\\/2024\\\/01\\\/cz-miran-gajsek.jpg\",\"width\":777,\"height\":518,\"caption\":\"Miran Gaj\u0161ek\"},{\"@type\":\"BreadcrumbList\",\"@id\":\"https:\\\/\\\/novice.si\\\/page\\\/gajsek-novi-drzavni-sekretar-na-ministrstvu-za-naravne-vire-in-prostor\\\/#breadcrumb\",\"itemListElement\":[{\"@type\":\"ListItem\",\"position\":1,\"name\":\"Home\",\"item\":\"https:\\\/\\\/novice.si\\\/page\\\/\"},{\"@type\":\"ListItem\",\"position\":2,\"name\":\"Gaj\u0161ek novi dr\u017eavni sekretar na ministrstvu za naravne vire in prostor\"}]},{\"@type\":\"WebSite\",\"@id\":\"https:\\\/\\\/novice.si\\\/page\\\/#website\",\"url\":\"https:\\\/\\\/novice.si\\\/page\\\/\",\"name\":\"Novice.si\",\"description\":\"\",\"publisher\":{\"@id\":\"https:\\\/\\\/novice.si\\\/page\\\/#organization\"},\"potentialAction\":[{\"@type\":\"SearchAction\",\"target\":{\"@type\":\"EntryPoint\",\"urlTemplate\":\"https:\\\/\\\/novice.si\\\/page\\\/?s={search_term_string}\"},\"query-input\":{\"@type\":\"PropertyValueSpecification\",\"valueRequired\":true,\"valueName\":\"search_term_string\"}}],\"inLanguage\":\"sl-SI\"},{\"@type\":\"Organization\",\"@id\":\"https:\\\/\\\/novice.si\\\/page\\\/#organization\",\"name\":\"Novice.si\",\"url\":\"https:\\\/\\\/novice.si\\\/page\\\/\",\"logo\":{\"@type\":\"ImageObject\",\"inLanguage\":\"sl-SI\",\"@id\":\"https:\\\/\\\/novice.si\\\/page\\\/#\\\/schema\\\/logo\\\/image\\\/\",\"url\":\"https:\\\/\\\/novice.si\\\/page\\\/wp-content\\\/uploads\\\/2023\\\/03\\\/novice_si.png\",\"contentUrl\":\"https:\\\/\\\/novice.si\\\/page\\\/wp-content\\\/uploads\\\/2023\\\/03\\\/novice_si.png\",\"width\":576,\"height\":200,\"caption\":\"Novice.si\"},\"image\":{\"@id\":\"https:\\\/\\\/novice.si\\\/page\\\/#\\\/schema\\\/logo\\\/image\\\/\"}},{\"@type\":\"Person\",\"@id\":\"https:\\\/\\\/novice.si\\\/page\\\/#\\\/schema\\\/person\\\/a49f233ef2777ec7b2e8d0662325bb48\",\"name\":\"Uredni\u0161tvo Celjana\",\"image\":{\"@type\":\"ImageObject\",\"inLanguage\":\"sl-SI\",\"@id\":\"https:\\\/\\\/secure.gravatar.com\\\/avatar\\\/7f7863e616af8f92806c638dd1db3f1a238d83d1cc2ec3100afc06fbb7eb303f?s=96&d=mm&r=g\",\"url\":\"https:\\\/\\\/secure.gravatar.com\\\/avatar\\\/7f7863e616af8f92806c638dd1db3f1a238d83d1cc2ec3100afc06fbb7eb303f?s=96&d=mm&r=g\",\"contentUrl\":\"https:\\\/\\\/secure.gravatar.com\\\/avatar\\\/7f7863e616af8f92806c638dd1db3f1a238d83d1cc2ec3100afc06fbb7eb303f?s=96&d=mm&r=g\",\"caption\":\"Uredni\u0161tvo Celjana\"},\"url\":\"https:\\\/\\\/novice.si\\\/page\\\/author\\\/maja\\\/\"}]}<\/script>\n<!-- \/ Yoast SEO plugin. -->","yoast_head_json":{"title":"Gaj\u0161ek novi dr\u017eavni sekretar na ministrstvu za naravne vire in prostor - Novice.si","robots":{"index":"index","follow":"follow","max-snippet":"max-snippet:-1","max-image-preview":"max-image-preview:large","max-video-preview":"max-video-preview:-1"},"canonical":"https:\/\/novice.si\/page\/gajsek-novi-drzavni-sekretar-na-ministrstvu-za-naravne-vire-in-prostor\/","og_locale":"sl_SI","og_type":"article","og_title":"Gaj\u0161ek novi dr\u017eavni sekretar na ministrstvu za naravne vire in prostor - Novice.si","og_description":"Vlada je na dopisni seji za dr\u017eavnega sekretarja na ministrstvu za naravne vire in prostor imenovala Mirana Gaj\u0161ka. Gaj\u0161ek je bil dolgoletni na\u010delnik oddelka za urejanje okolja na Mestni ob\u010dini Ljubljana, maja letos se je preselil na celjsko ob\u010dino, kjer je vodil oddelek za okolje, prostor in komunalo. Gaj\u0161ek je po izobrazbi magister prostorskega in [&hellip;]","og_url":"https:\/\/novice.si\/page\/gajsek-novi-drzavni-sekretar-na-ministrstvu-za-naravne-vire-in-prostor\/","og_site_name":"Novice.si","article_published_time":"2024-01-05T13:32:22+00:00","article_modified_time":"2024-01-05T16:32:03+00:00","og_image":[{"width":777,"height":518,"url":"https:\/\/novice.si\/page\/wp-content\/uploads\/2024\/01\/cz-miran-gajsek.jpg","type":"image\/jpeg"}],"author":"Uredni\u0161tvo Celjana","twitter_card":"summary_large_image","twitter_misc":{"Written by":"Uredni\u0161tvo Celjana","Est. reading time":"2 minuti"},"schema":{"@context":"https:\/\/schema.org","@graph":[{"@type":"Article","@id":"https:\/\/novice.si\/page\/gajsek-novi-drzavni-sekretar-na-ministrstvu-za-naravne-vire-in-prostor\/#article","isPartOf":{"@id":"https:\/\/novice.si\/page\/gajsek-novi-drzavni-sekretar-na-ministrstvu-za-naravne-vire-in-prostor\/"},"author":{"name":"Uredni\u0161tvo Celjana","@id":"https:\/\/novice.si\/page\/#\/schema\/person\/a49f233ef2777ec7b2e8d0662325bb48"},"headline":"Gaj\u0161ek novi dr\u017eavni sekretar na ministrstvu za naravne vire in prostor","datePublished":"2024-01-05T13:32:22+00:00","dateModified":"2024-01-05T16:32:03+00:00","mainEntityOfPage":{"@id":"https:\/\/novice.si\/page\/gajsek-novi-drzavni-sekretar-na-ministrstvu-za-naravne-vire-in-prostor\/"},"wordCount":184,"publisher":{"@id":"https:\/\/novice.si\/page\/#organization"},"image":{"@id":"https:\/\/novice.si\/page\/gajsek-novi-drzavni-sekretar-na-ministrstvu-za-naravne-vire-in-prostor\/#primaryimage"},"thumbnailUrl":"https:\/\/novice.si\/page\/wp-content\/uploads\/2024\/01\/cz-miran-gajsek.jpg","articleSection":["Aktualno","Celjan","Celjsko"],"inLanguage":"sl-SI"},{"@type":"WebPage","@id":"https:\/\/novice.si\/page\/gajsek-novi-drzavni-sekretar-na-ministrstvu-za-naravne-vire-in-prostor\/","url":"https:\/\/novice.si\/page\/gajsek-novi-drzavni-sekretar-na-ministrstvu-za-naravne-vire-in-prostor\/","name":"Gaj\u0161ek novi dr\u017eavni sekretar na ministrstvu za naravne vire in prostor - Novice.si","isPartOf":{"@id":"https:\/\/novice.si\/page\/#website"},"primaryImageOfPage":{"@id":"https:\/\/novice.si\/page\/gajsek-novi-drzavni-sekretar-na-ministrstvu-za-naravne-vire-in-prostor\/#primaryimage"},"image":{"@id":"https:\/\/novice.si\/page\/gajsek-novi-drzavni-sekretar-na-ministrstvu-za-naravne-vire-in-prostor\/#primaryimage"},"thumbnailUrl":"https:\/\/novice.si\/page\/wp-content\/uploads\/2024\/01\/cz-miran-gajsek.jpg","datePublished":"2024-01-05T13:32:22+00:00","dateModified":"2024-01-05T16:32:03+00:00","breadcrumb":{"@id":"https:\/\/novice.si\/page\/gajsek-novi-drzavni-sekretar-na-ministrstvu-za-naravne-vire-in-prostor\/#breadcrumb"},"inLanguage":"sl-SI","potentialAction":[{"@type":"ReadAction","target":["https:\/\/novice.si\/page\/gajsek-novi-drzavni-sekretar-na-ministrstvu-za-naravne-vire-in-prostor\/"]}]},{"@type":"ImageObject","inLanguage":"sl-SI","@id":"https:\/\/novice.si\/page\/gajsek-novi-drzavni-sekretar-na-ministrstvu-za-naravne-vire-in-prostor\/#primaryimage","url":"https:\/\/novice.si\/page\/wp-content\/uploads\/2024\/01\/cz-miran-gajsek.jpg","contentUrl":"https:\/\/novice.si\/page\/wp-content\/uploads\/2024\/01\/cz-miran-gajsek.jpg","width":777,"height":518,"caption":"Miran Gaj\u0161ek"},{"@type":"BreadcrumbList","@id":"https:\/\/novice.si\/page\/gajsek-novi-drzavni-sekretar-na-ministrstvu-za-naravne-vire-in-prostor\/#breadcrumb","itemListElement":[{"@type":"ListItem","position":1,"name":"Home","item":"https:\/\/novice.si\/page\/"},{"@type":"ListItem","position":2,"name":"Gaj\u0161ek novi dr\u017eavni sekretar na ministrstvu za naravne vire in prostor"}]},{"@type":"WebSite","@id":"https:\/\/novice.si\/page\/#website","url":"https:\/\/novice.si\/page\/","name":"Novice.si","description":"","publisher":{"@id":"https:\/\/novice.si\/page\/#organization"},"potentialAction":[{"@type":"SearchAction","target":{"@type":"EntryPoint","urlTemplate":"https:\/\/novice.si\/page\/?s={search_term_string}"},"query-input":{"@type":"PropertyValueSpecification","valueRequired":true,"valueName":"search_term_string"}}],"inLanguage":"sl-SI"},{"@type":"Organization","@id":"https:\/\/novice.si\/page\/#organization","name":"Novice.si","url":"https:\/\/novice.si\/page\/","logo":{"@type":"ImageObject","inLanguage":"sl-SI","@id":"https:\/\/novice.si\/page\/#\/schema\/logo\/image\/","url":"https:\/\/novice.si\/page\/wp-content\/uploads\/2023\/03\/novice_si.png","contentUrl":"https:\/\/novice.si\/page\/wp-content\/uploads\/2023\/03\/novice_si.png","width":576,"height":200,"caption":"Novice.si"},"image":{"@id":"https:\/\/novice.si\/page\/#\/schema\/logo\/image\/"}},{"@type":"Person","@id":"https:\/\/novice.si\/page\/#\/schema\/person\/a49f233ef2777ec7b2e8d0662325bb48","name":"Uredni\u0161tvo Celjana","image":{"@type":"ImageObject","inLanguage":"sl-SI","@id":"https:\/\/secure.gravatar.com\/avatar\/7f7863e616af8f92806c638dd1db3f1a238d83d1cc2ec3100afc06fbb7eb303f?s=96&d=mm&r=g","url":"https:\/\/secure.gravatar.com\/avatar\/7f7863e616af8f92806c638dd1db3f1a238d83d1cc2ec3100afc06fbb7eb303f?s=96&d=mm&r=g","contentUrl":"https:\/\/secure.gravatar.com\/avatar\/7f7863e616af8f92806c638dd1db3f1a238d83d1cc2ec3100afc06fbb7eb303f?s=96&d=mm&r=g","caption":"Uredni\u0161tvo Celjana"},"url":"https:\/\/novice.si\/page\/author\/maja\/"}]}},"_links":{"self":[{"href":"https:\/\/novice.si\/page\/wp-json\/wp\/v2\/posts\/170712","targetHints":{"allow":["GET"]}}],"collection":[{"href":"https:\/\/novice.si\/page\/wp-json\/wp\/v2\/posts"}],"about":[{"href":"https:\/\/novice.si\/page\/wp-json\/wp\/v2\/types\/post"}],"author":[{"embeddable":true,"href":"https:\/\/novice.si\/page\/wp-json\/wp\/v2\/users\/55"}],"replies":[{"embeddable":true,"href":"https:\/\/novice.si\/page\/wp-json\/wp\/v2\/comments?post=170712"}],"version-history":[{"count":1,"href":"https:\/\/novice.si\/page\/wp-json\/wp\/v2\/posts\/170712\/revisions"}],"predecessor-version":[{"id":170714,"href":"https:\/\/novice.si\/page\/wp-json\/wp\/v2\/posts\/170712\/revisions\/170714"}],"wp:featuredmedia":[{"embeddable":true,"href":"https:\/\/novice.si\/page\/wp-json\/wp\/v2\/media\/170713"}],"wp:attachment":[{"href":"https:\/\/novice.si\/page\/wp-json\/wp\/v2\/media?parent=170712"}],"wp:term":[{"taxonomy":"category","embeddable":true,"href":"https:\/\/novice.si\/page\/wp-json\/wp\/v2\/categories?post=170712"},{"taxonomy":"post_tag","embeddable":true,"href":"https:\/\/novice.si\/page\/wp-json\/wp\/v2\/tags?post=170712"}],"curies":[{"name":"wp","href":"https:\/\/api.w.org\/{rel}","templated":true}]}}