{"id":170703,"date":"2024-01-05T13:18:14","date_gmt":"2024-01-05T12:18:14","guid":{"rendered":"https:\/\/novice.si\/page\/?p=170703"},"modified":"2024-01-05T13:20:08","modified_gmt":"2024-01-05T12:20:08","slug":"celje-odziv-jz-celeia-na-ocitke-o-placljivem-koncertu","status":"publish","type":"post","link":"https:\/\/novice.si\/page\/celje-odziv-jz-celeia-na-ocitke-o-placljivem-koncertu\/","title":{"rendered":"CELJE Odziv JZ Celeia na o\u010ditke o pla\u010dljivem koncertu"},"content":{"rendered":"<p><img loading=\"lazy\" decoding=\"async\" class=\"wp-image-170705 alignleft\" src=\"https:\/\/novice.si\/page\/wp-content\/uploads\/2024\/01\/senidah-video-2-600x521.png\" alt=\"\" width=\"291\" height=\"253\" srcset=\"https:\/\/novice.si\/page\/wp-content\/uploads\/2024\/01\/senidah-video-2-600x521.png 600w, https:\/\/novice.si\/page\/wp-content\/uploads\/2024\/01\/senidah-video-2-534x462.png 534w, https:\/\/novice.si\/page\/wp-content\/uploads\/2024\/01\/senidah-video-2-483x420.png 483w, https:\/\/novice.si\/page\/wp-content\/uploads\/2024\/01\/senidah-video-2-24x21.png 24w, https:\/\/novice.si\/page\/wp-content\/uploads\/2024\/01\/senidah-video-2-36x31.png 36w, https:\/\/novice.si\/page\/wp-content\/uploads\/2024\/01\/senidah-video-2-48x42.png 48w, https:\/\/novice.si\/page\/wp-content\/uploads\/2024\/01\/senidah-video-2.png 695w\" sizes=\"auto, (max-width: 291px) 100vw, 291px\" \/>V Javnem zavodu Celeia so se odzvali na na\u0161a vpra\u0161anja v zvezi z edinim pla\u010dljivim koncertom v okviru decembrskih prireditev v sredi\u0161\u010du Celja.<\/p>\n<p>Veliko nejevolje je namre\u010d povzro\u010dil nastop pevke Senidah, za katerega je bilo treba od\u0161teti 16 evrov, obisk je bil slab, po mnenju mnogih tak\u0161ni izvajalci niti ne sodijo v Pravlji\u010dno Celje.<\/p>\n<p>Kakor so zapisali, se zavedajo, da z izborom nastopajo\u010dih ni mogo\u010de zadovoljiti vseh, pla\u010dljivi koncerti v mestnem jedru pa niso novost, saj jih izvajajo tudi na Muzejskem trgu in pri Vodnem stolpu.<\/p>\n<p><img loading=\"lazy\" decoding=\"async\" class=\"wp-image-170706 alignright\" src=\"https:\/\/novice.si\/page\/wp-content\/uploads\/2024\/01\/senidah-600x368.jpg\" alt=\"\" width=\"220\" height=\"135\" srcset=\"https:\/\/novice.si\/page\/wp-content\/uploads\/2024\/01\/senidah-600x368.jpg 600w, https:\/\/novice.si\/page\/wp-content\/uploads\/2024\/01\/senidah-356x220.jpg 356w, https:\/\/novice.si\/page\/wp-content\/uploads\/2024\/01\/senidah-696x427.jpg 696w, https:\/\/novice.si\/page\/wp-content\/uploads\/2024\/01\/senidah-684x420.jpg 684w, https:\/\/novice.si\/page\/wp-content\/uploads\/2024\/01\/senidah-24x15.jpg 24w, https:\/\/novice.si\/page\/wp-content\/uploads\/2024\/01\/senidah-36x22.jpg 36w, https:\/\/novice.si\/page\/wp-content\/uploads\/2024\/01\/senidah-48x29.jpg 48w, https:\/\/novice.si\/page\/wp-content\/uploads\/2024\/01\/senidah.jpg 749w\" sizes=\"auto, (max-width: 220px) 100vw, 220px\" \/><\/p>\n<p>Celoten program je mestno ob\u010dino stal 190 tiso\u010dakov, od tega 85 tiso\u010d evrov za vse\u00a0koncertne izvajalce, kar je na ravni lanskega leta. Kolik\u0161en znesek je dobila Senidah, ne odgovarjajo.<\/p>\n<p><em>Ve\u010d preberite v Celjanu.<\/em><\/p>\n<p>P\u0160, foto: YT video<\/p>\n<p>&nbsp;<\/p>\n","protected":false},"excerpt":{"rendered":"<p>V Javnem zavodu Celeia so se odzvali na na\u0161a vpra\u0161anja v zvezi z edinim pla\u010dljivim koncertom v okviru decembrskih prireditev v sredi\u0161\u010du Celja. Veliko nejevolje je namre\u010d povzro\u010dil nastop pevke Senidah, za katerega je bilo treba od\u0161teti 16 evrov, obisk je bil slab, po mnenju mnogih tak\u0161ni izvajalci niti ne sodijo v Pravlji\u010dno Celje. Kakor [&hellip;]<\/p>\n","protected":false},"author":33,"featured_media":170704,"comment_status":"closed","ping_status":"closed","sticky":false,"template":"","format":"standard","meta":{"footnotes":""},"categories":[17],"tags":[19456,19522,19521,2022,19520],"class_list":{"0":"post-170703","1":"post","2":"type-post","3":"status-publish","4":"format-standard","5":"has-post-thumbnail","7":"category-celjsko","8":"tag-jz-celeia","9":"tag-odziv-na-ocitke","10":"tag-placljivi-koncert","11":"tag-pravljicno-celje","12":"tag-senidah"},"yoast_head":"<!-- This site is optimized with the Yoast SEO plugin v27.4 - https:\/\/yoast.com\/product\/yoast-seo-wordpress\/ -->\n<title>CELJE Odziv JZ Celeia na o\u010ditke o pla\u010dljivem koncertu - Novice.si<\/title>\n<meta name=\"robots\" content=\"index, follow, max-snippet:-1, max-image-preview:large, max-video-preview:-1\" \/>\n<link rel=\"canonical\" href=\"https:\/\/novice.si\/page\/celje-odziv-jz-celeia-na-ocitke-o-placljivem-koncertu\/\" \/>\n<meta property=\"og:locale\" content=\"sl_SI\" \/>\n<meta property=\"og:type\" content=\"article\" \/>\n<meta property=\"og:title\" content=\"CELJE Odziv JZ Celeia na o\u010ditke o pla\u010dljivem koncertu - Novice.si\" \/>\n<meta property=\"og:description\" content=\"V Javnem zavodu Celeia so se odzvali na na\u0161a vpra\u0161anja v zvezi z edinim pla\u010dljivim koncertom v okviru decembrskih prireditev v sredi\u0161\u010du Celja. Veliko nejevolje je namre\u010d povzro\u010dil nastop pevke Senidah, za katerega je bilo treba od\u0161teti 16 evrov, obisk je bil slab, po mnenju mnogih tak\u0161ni izvajalci niti ne sodijo v Pravlji\u010dno Celje. Kakor [&hellip;]\" \/>\n<meta property=\"og:url\" content=\"https:\/\/novice.si\/page\/celje-odziv-jz-celeia-na-ocitke-o-placljivem-koncertu\/\" \/>\n<meta property=\"og:site_name\" content=\"Novice.si\" \/>\n<meta property=\"article:published_time\" content=\"2024-01-05T12:18:14+00:00\" \/>\n<meta property=\"article:modified_time\" content=\"2024-01-05T12:20:08+00:00\" \/>\n<meta property=\"og:image\" content=\"https:\/\/novice.si\/page\/wp-content\/uploads\/2024\/01\/senidah-video-1.png\" \/>\n\t<meta property=\"og:image:width\" content=\"576\" \/>\n\t<meta property=\"og:image:height\" content=\"527\" \/>\n\t<meta property=\"og:image:type\" content=\"image\/png\" \/>\n<meta name=\"author\" content=\"Uredni\u0161tvo Celjana\" \/>\n<meta name=\"twitter:card\" content=\"summary_large_image\" \/>\n<meta name=\"twitter:label1\" content=\"Written by\" \/>\n\t<meta name=\"twitter:data1\" content=\"Uredni\u0161tvo Celjana\" \/>\n\t<meta name=\"twitter:label2\" content=\"Est. reading time\" \/>\n\t<meta name=\"twitter:data2\" content=\"2 minuti\" \/>\n<script type=\"application\/ld+json\" class=\"yoast-schema-graph\">{\"@context\":\"https:\\\/\\\/schema.org\",\"@graph\":[{\"@type\":\"Article\",\"@id\":\"https:\\\/\\\/novice.si\\\/page\\\/celje-odziv-jz-celeia-na-ocitke-o-placljivem-koncertu\\\/#article\",\"isPartOf\":{\"@id\":\"https:\\\/\\\/novice.si\\\/page\\\/celje-odziv-jz-celeia-na-ocitke-o-placljivem-koncertu\\\/\"},\"author\":{\"name\":\"Uredni\u0161tvo Celjana\",\"@id\":\"https:\\\/\\\/novice.si\\\/page\\\/#\\\/schema\\\/person\\\/57f25c9642a9541c7349c65d32032c3e\"},\"headline\":\"CELJE Odziv JZ Celeia na o\u010ditke o pla\u010dljivem koncertu\",\"datePublished\":\"2024-01-05T12:18:14+00:00\",\"dateModified\":\"2024-01-05T12:20:08+00:00\",\"mainEntityOfPage\":{\"@id\":\"https:\\\/\\\/novice.si\\\/page\\\/celje-odziv-jz-celeia-na-ocitke-o-placljivem-koncertu\\\/\"},\"wordCount\":147,\"publisher\":{\"@id\":\"https:\\\/\\\/novice.si\\\/page\\\/#organization\"},\"image\":{\"@id\":\"https:\\\/\\\/novice.si\\\/page\\\/celje-odziv-jz-celeia-na-ocitke-o-placljivem-koncertu\\\/#primaryimage\"},\"thumbnailUrl\":\"https:\\\/\\\/novice.si\\\/page\\\/wp-content\\\/uploads\\\/2024\\\/01\\\/senidah-video-1.png\",\"keywords\":[\"JZ Celeia\",\"odziv na o\u010ditke\",\"pla\u010dljivi koncert\",\"Pravlji\u010dno Celje\",\"senidah\"],\"articleSection\":[\"Celjsko\"],\"inLanguage\":\"sl-SI\"},{\"@type\":\"WebPage\",\"@id\":\"https:\\\/\\\/novice.si\\\/page\\\/celje-odziv-jz-celeia-na-ocitke-o-placljivem-koncertu\\\/\",\"url\":\"https:\\\/\\\/novice.si\\\/page\\\/celje-odziv-jz-celeia-na-ocitke-o-placljivem-koncertu\\\/\",\"name\":\"CELJE Odziv JZ Celeia na o\u010ditke o pla\u010dljivem koncertu - Novice.si\",\"isPartOf\":{\"@id\":\"https:\\\/\\\/novice.si\\\/page\\\/#website\"},\"primaryImageOfPage\":{\"@id\":\"https:\\\/\\\/novice.si\\\/page\\\/celje-odziv-jz-celeia-na-ocitke-o-placljivem-koncertu\\\/#primaryimage\"},\"image\":{\"@id\":\"https:\\\/\\\/novice.si\\\/page\\\/celje-odziv-jz-celeia-na-ocitke-o-placljivem-koncertu\\\/#primaryimage\"},\"thumbnailUrl\":\"https:\\\/\\\/novice.si\\\/page\\\/wp-content\\\/uploads\\\/2024\\\/01\\\/senidah-video-1.png\",\"datePublished\":\"2024-01-05T12:18:14+00:00\",\"dateModified\":\"2024-01-05T12:20:08+00:00\",\"breadcrumb\":{\"@id\":\"https:\\\/\\\/novice.si\\\/page\\\/celje-odziv-jz-celeia-na-ocitke-o-placljivem-koncertu\\\/#breadcrumb\"},\"inLanguage\":\"sl-SI\",\"potentialAction\":[{\"@type\":\"ReadAction\",\"target\":[\"https:\\\/\\\/novice.si\\\/page\\\/celje-odziv-jz-celeia-na-ocitke-o-placljivem-koncertu\\\/\"]}]},{\"@type\":\"ImageObject\",\"inLanguage\":\"sl-SI\",\"@id\":\"https:\\\/\\\/novice.si\\\/page\\\/celje-odziv-jz-celeia-na-ocitke-o-placljivem-koncertu\\\/#primaryimage\",\"url\":\"https:\\\/\\\/novice.si\\\/page\\\/wp-content\\\/uploads\\\/2024\\\/01\\\/senidah-video-1.png\",\"contentUrl\":\"https:\\\/\\\/novice.si\\\/page\\\/wp-content\\\/uploads\\\/2024\\\/01\\\/senidah-video-1.png\",\"width\":576,\"height\":527},{\"@type\":\"BreadcrumbList\",\"@id\":\"https:\\\/\\\/novice.si\\\/page\\\/celje-odziv-jz-celeia-na-ocitke-o-placljivem-koncertu\\\/#breadcrumb\",\"itemListElement\":[{\"@type\":\"ListItem\",\"position\":1,\"name\":\"Home\",\"item\":\"https:\\\/\\\/novice.si\\\/page\\\/\"},{\"@type\":\"ListItem\",\"position\":2,\"name\":\"CELJE Odziv JZ Celeia na o\u010ditke o pla\u010dljivem koncertu\"}]},{\"@type\":\"WebSite\",\"@id\":\"https:\\\/\\\/novice.si\\\/page\\\/#website\",\"url\":\"https:\\\/\\\/novice.si\\\/page\\\/\",\"name\":\"Novice.si\",\"description\":\"\",\"publisher\":{\"@id\":\"https:\\\/\\\/novice.si\\\/page\\\/#organization\"},\"potentialAction\":[{\"@type\":\"SearchAction\",\"target\":{\"@type\":\"EntryPoint\",\"urlTemplate\":\"https:\\\/\\\/novice.si\\\/page\\\/?s={search_term_string}\"},\"query-input\":{\"@type\":\"PropertyValueSpecification\",\"valueRequired\":true,\"valueName\":\"search_term_string\"}}],\"inLanguage\":\"sl-SI\"},{\"@type\":\"Organization\",\"@id\":\"https:\\\/\\\/novice.si\\\/page\\\/#organization\",\"name\":\"Novice.si\",\"url\":\"https:\\\/\\\/novice.si\\\/page\\\/\",\"logo\":{\"@type\":\"ImageObject\",\"inLanguage\":\"sl-SI\",\"@id\":\"https:\\\/\\\/novice.si\\\/page\\\/#\\\/schema\\\/logo\\\/image\\\/\",\"url\":\"https:\\\/\\\/novice.si\\\/page\\\/wp-content\\\/uploads\\\/2023\\\/03\\\/novice_si.png\",\"contentUrl\":\"https:\\\/\\\/novice.si\\\/page\\\/wp-content\\\/uploads\\\/2023\\\/03\\\/novice_si.png\",\"width\":576,\"height\":200,\"caption\":\"Novice.si\"},\"image\":{\"@id\":\"https:\\\/\\\/novice.si\\\/page\\\/#\\\/schema\\\/logo\\\/image\\\/\"}},{\"@type\":\"Person\",\"@id\":\"https:\\\/\\\/novice.si\\\/page\\\/#\\\/schema\\\/person\\\/57f25c9642a9541c7349c65d32032c3e\",\"name\":\"Uredni\u0161tvo Celjana\",\"image\":{\"@type\":\"ImageObject\",\"inLanguage\":\"sl-SI\",\"@id\":\"https:\\\/\\\/secure.gravatar.com\\\/avatar\\\/78e52bc4279b65f6df6345e0ef0f7b792d361361f230cf4ffecfe0afe6d5629c?s=96&d=mm&r=g\",\"url\":\"https:\\\/\\\/secure.gravatar.com\\\/avatar\\\/78e52bc4279b65f6df6345e0ef0f7b792d361361f230cf4ffecfe0afe6d5629c?s=96&d=mm&r=g\",\"contentUrl\":\"https:\\\/\\\/secure.gravatar.com\\\/avatar\\\/78e52bc4279b65f6df6345e0ef0f7b792d361361f230cf4ffecfe0afe6d5629c?s=96&d=mm&r=g\",\"caption\":\"Uredni\u0161tvo Celjana\"},\"url\":\"https:\\\/\\\/novice.si\\\/page\\\/author\\\/primoz\\\/\"}]}<\/script>\n<!-- \/ Yoast SEO plugin. -->","yoast_head_json":{"title":"CELJE Odziv JZ Celeia na o\u010ditke o pla\u010dljivem koncertu - Novice.si","robots":{"index":"index","follow":"follow","max-snippet":"max-snippet:-1","max-image-preview":"max-image-preview:large","max-video-preview":"max-video-preview:-1"},"canonical":"https:\/\/novice.si\/page\/celje-odziv-jz-celeia-na-ocitke-o-placljivem-koncertu\/","og_locale":"sl_SI","og_type":"article","og_title":"CELJE Odziv JZ Celeia na o\u010ditke o pla\u010dljivem koncertu - Novice.si","og_description":"V Javnem zavodu Celeia so se odzvali na na\u0161a vpra\u0161anja v zvezi z edinim pla\u010dljivim koncertom v okviru decembrskih prireditev v sredi\u0161\u010du Celja. Veliko nejevolje je namre\u010d povzro\u010dil nastop pevke Senidah, za katerega je bilo treba od\u0161teti 16 evrov, obisk je bil slab, po mnenju mnogih tak\u0161ni izvajalci niti ne sodijo v Pravlji\u010dno Celje. Kakor [&hellip;]","og_url":"https:\/\/novice.si\/page\/celje-odziv-jz-celeia-na-ocitke-o-placljivem-koncertu\/","og_site_name":"Novice.si","article_published_time":"2024-01-05T12:18:14+00:00","article_modified_time":"2024-01-05T12:20:08+00:00","og_image":[{"width":576,"height":527,"url":"https:\/\/novice.si\/page\/wp-content\/uploads\/2024\/01\/senidah-video-1.png","type":"image\/png"}],"author":"Uredni\u0161tvo Celjana","twitter_card":"summary_large_image","twitter_misc":{"Written by":"Uredni\u0161tvo Celjana","Est. reading time":"2 minuti"},"schema":{"@context":"https:\/\/schema.org","@graph":[{"@type":"Article","@id":"https:\/\/novice.si\/page\/celje-odziv-jz-celeia-na-ocitke-o-placljivem-koncertu\/#article","isPartOf":{"@id":"https:\/\/novice.si\/page\/celje-odziv-jz-celeia-na-ocitke-o-placljivem-koncertu\/"},"author":{"name":"Uredni\u0161tvo Celjana","@id":"https:\/\/novice.si\/page\/#\/schema\/person\/57f25c9642a9541c7349c65d32032c3e"},"headline":"CELJE Odziv JZ Celeia na o\u010ditke o pla\u010dljivem koncertu","datePublished":"2024-01-05T12:18:14+00:00","dateModified":"2024-01-05T12:20:08+00:00","mainEntityOfPage":{"@id":"https:\/\/novice.si\/page\/celje-odziv-jz-celeia-na-ocitke-o-placljivem-koncertu\/"},"wordCount":147,"publisher":{"@id":"https:\/\/novice.si\/page\/#organization"},"image":{"@id":"https:\/\/novice.si\/page\/celje-odziv-jz-celeia-na-ocitke-o-placljivem-koncertu\/#primaryimage"},"thumbnailUrl":"https:\/\/novice.si\/page\/wp-content\/uploads\/2024\/01\/senidah-video-1.png","keywords":["JZ Celeia","odziv na o\u010ditke","pla\u010dljivi koncert","Pravlji\u010dno Celje","senidah"],"articleSection":["Celjsko"],"inLanguage":"sl-SI"},{"@type":"WebPage","@id":"https:\/\/novice.si\/page\/celje-odziv-jz-celeia-na-ocitke-o-placljivem-koncertu\/","url":"https:\/\/novice.si\/page\/celje-odziv-jz-celeia-na-ocitke-o-placljivem-koncertu\/","name":"CELJE Odziv JZ Celeia na o\u010ditke o pla\u010dljivem koncertu - Novice.si","isPartOf":{"@id":"https:\/\/novice.si\/page\/#website"},"primaryImageOfPage":{"@id":"https:\/\/novice.si\/page\/celje-odziv-jz-celeia-na-ocitke-o-placljivem-koncertu\/#primaryimage"},"image":{"@id":"https:\/\/novice.si\/page\/celje-odziv-jz-celeia-na-ocitke-o-placljivem-koncertu\/#primaryimage"},"thumbnailUrl":"https:\/\/novice.si\/page\/wp-content\/uploads\/2024\/01\/senidah-video-1.png","datePublished":"2024-01-05T12:18:14+00:00","dateModified":"2024-01-05T12:20:08+00:00","breadcrumb":{"@id":"https:\/\/novice.si\/page\/celje-odziv-jz-celeia-na-ocitke-o-placljivem-koncertu\/#breadcrumb"},"inLanguage":"sl-SI","potentialAction":[{"@type":"ReadAction","target":["https:\/\/novice.si\/page\/celje-odziv-jz-celeia-na-ocitke-o-placljivem-koncertu\/"]}]},{"@type":"ImageObject","inLanguage":"sl-SI","@id":"https:\/\/novice.si\/page\/celje-odziv-jz-celeia-na-ocitke-o-placljivem-koncertu\/#primaryimage","url":"https:\/\/novice.si\/page\/wp-content\/uploads\/2024\/01\/senidah-video-1.png","contentUrl":"https:\/\/novice.si\/page\/wp-content\/uploads\/2024\/01\/senidah-video-1.png","width":576,"height":527},{"@type":"BreadcrumbList","@id":"https:\/\/novice.si\/page\/celje-odziv-jz-celeia-na-ocitke-o-placljivem-koncertu\/#breadcrumb","itemListElement":[{"@type":"ListItem","position":1,"name":"Home","item":"https:\/\/novice.si\/page\/"},{"@type":"ListItem","position":2,"name":"CELJE Odziv JZ Celeia na o\u010ditke o pla\u010dljivem koncertu"}]},{"@type":"WebSite","@id":"https:\/\/novice.si\/page\/#website","url":"https:\/\/novice.si\/page\/","name":"Novice.si","description":"","publisher":{"@id":"https:\/\/novice.si\/page\/#organization"},"potentialAction":[{"@type":"SearchAction","target":{"@type":"EntryPoint","urlTemplate":"https:\/\/novice.si\/page\/?s={search_term_string}"},"query-input":{"@type":"PropertyValueSpecification","valueRequired":true,"valueName":"search_term_string"}}],"inLanguage":"sl-SI"},{"@type":"Organization","@id":"https:\/\/novice.si\/page\/#organization","name":"Novice.si","url":"https:\/\/novice.si\/page\/","logo":{"@type":"ImageObject","inLanguage":"sl-SI","@id":"https:\/\/novice.si\/page\/#\/schema\/logo\/image\/","url":"https:\/\/novice.si\/page\/wp-content\/uploads\/2023\/03\/novice_si.png","contentUrl":"https:\/\/novice.si\/page\/wp-content\/uploads\/2023\/03\/novice_si.png","width":576,"height":200,"caption":"Novice.si"},"image":{"@id":"https:\/\/novice.si\/page\/#\/schema\/logo\/image\/"}},{"@type":"Person","@id":"https:\/\/novice.si\/page\/#\/schema\/person\/57f25c9642a9541c7349c65d32032c3e","name":"Uredni\u0161tvo Celjana","image":{"@type":"ImageObject","inLanguage":"sl-SI","@id":"https:\/\/secure.gravatar.com\/avatar\/78e52bc4279b65f6df6345e0ef0f7b792d361361f230cf4ffecfe0afe6d5629c?s=96&d=mm&r=g","url":"https:\/\/secure.gravatar.com\/avatar\/78e52bc4279b65f6df6345e0ef0f7b792d361361f230cf4ffecfe0afe6d5629c?s=96&d=mm&r=g","contentUrl":"https:\/\/secure.gravatar.com\/avatar\/78e52bc4279b65f6df6345e0ef0f7b792d361361f230cf4ffecfe0afe6d5629c?s=96&d=mm&r=g","caption":"Uredni\u0161tvo Celjana"},"url":"https:\/\/novice.si\/page\/author\/primoz\/"}]}},"_links":{"self":[{"href":"https:\/\/novice.si\/page\/wp-json\/wp\/v2\/posts\/170703","targetHints":{"allow":["GET"]}}],"collection":[{"href":"https:\/\/novice.si\/page\/wp-json\/wp\/v2\/posts"}],"about":[{"href":"https:\/\/novice.si\/page\/wp-json\/wp\/v2\/types\/post"}],"author":[{"embeddable":true,"href":"https:\/\/novice.si\/page\/wp-json\/wp\/v2\/users\/33"}],"replies":[{"embeddable":true,"href":"https:\/\/novice.si\/page\/wp-json\/wp\/v2\/comments?post=170703"}],"version-history":[{"count":2,"href":"https:\/\/novice.si\/page\/wp-json\/wp\/v2\/posts\/170703\/revisions"}],"predecessor-version":[{"id":170708,"href":"https:\/\/novice.si\/page\/wp-json\/wp\/v2\/posts\/170703\/revisions\/170708"}],"wp:featuredmedia":[{"embeddable":true,"href":"https:\/\/novice.si\/page\/wp-json\/wp\/v2\/media\/170704"}],"wp:attachment":[{"href":"https:\/\/novice.si\/page\/wp-json\/wp\/v2\/media?parent=170703"}],"wp:term":[{"taxonomy":"category","embeddable":true,"href":"https:\/\/novice.si\/page\/wp-json\/wp\/v2\/categories?post=170703"},{"taxonomy":"post_tag","embeddable":true,"href":"https:\/\/novice.si\/page\/wp-json\/wp\/v2\/tags?post=170703"}],"curies":[{"name":"wp","href":"https:\/\/api.w.org\/{rel}","templated":true}]}}