{"id":170698,"date":"2024-01-05T12:27:01","date_gmt":"2024-01-05T11:27:01","guid":{"rendered":"https:\/\/novice.si\/page\/?p=170698"},"modified":"2024-01-05T12:27:01","modified_gmt":"2024-01-05T11:27:01","slug":"aljaz-krefl-je-novi-nogometas-nk-celje","status":"publish","type":"post","link":"https:\/\/novice.si\/page\/aljaz-krefl-je-novi-nogometas-nk-celje\/","title":{"rendered":"Alja\u017e Krefl je novi nogometa\u0161 NK Celje"},"content":{"rendered":"<p><strong><img loading=\"lazy\" decoding=\"async\" class=\"alignnone size-medium wp-image-170700\" src=\"https:\/\/novice.si\/page\/wp-content\/uploads\/2024\/01\/Krefl-Aljaz-foto-NK-Celje-480x600.jpg\" alt=\"\" width=\"480\" height=\"600\" srcset=\"https:\/\/novice.si\/page\/wp-content\/uploads\/2024\/01\/Krefl-Aljaz-foto-NK-Celje-480x600.jpg 480w, https:\/\/novice.si\/page\/wp-content\/uploads\/2024\/01\/Krefl-Aljaz-foto-NK-Celje-819x1024.jpg 819w, https:\/\/novice.si\/page\/wp-content\/uploads\/2024\/01\/Krefl-Aljaz-foto-NK-Celje-768x960.jpg 768w, https:\/\/novice.si\/page\/wp-content\/uploads\/2024\/01\/Krefl-Aljaz-foto-NK-Celje-1229x1536.jpg 1229w, https:\/\/novice.si\/page\/wp-content\/uploads\/2024\/01\/Krefl-Aljaz-foto-NK-Celje-696x870.jpg 696w, https:\/\/novice.si\/page\/wp-content\/uploads\/2024\/01\/Krefl-Aljaz-foto-NK-Celje-1068x1335.jpg 1068w, https:\/\/novice.si\/page\/wp-content\/uploads\/2024\/01\/Krefl-Aljaz-foto-NK-Celje-336x420.jpg 336w, https:\/\/novice.si\/page\/wp-content\/uploads\/2024\/01\/Krefl-Aljaz-foto-NK-Celje-19x24.jpg 19w, https:\/\/novice.si\/page\/wp-content\/uploads\/2024\/01\/Krefl-Aljaz-foto-NK-Celje-29x36.jpg 29w, https:\/\/novice.si\/page\/wp-content\/uploads\/2024\/01\/Krefl-Aljaz-foto-NK-Celje-38x48.jpg 38w, https:\/\/novice.si\/page\/wp-content\/uploads\/2024\/01\/Krefl-Aljaz-foto-NK-Celje.jpg 1600w\" sizes=\"auto, (max-width: 480px) 100vw, 480px\" \/><br \/>\nAlja\u017e Krefl<\/strong> je novi nogometa\u0161 NK Celje. Levi bo\u010dni branilec v klub prihaja kot prosti nogometa\u0161, s Celjem pa je sklenil pogodbo do 30. junija 2026.<br \/>\n29-letni nogometa\u0161, ki je nazadnje nosil dres ljubljanske Olimpije, v kne\u017eje mesto prihaja z bogatimi izku\u0161njami iz slovenskega nogometnega prostora. Krefl se bli\u017ea nastopu \u0161tevilka 200 v doma\u010dem dr\u017eavnem prvenstvu, najve\u010d pa jih je zabele\u017eil pri velenjskem Rudarju, kjer je tudi za\u010del svojo kariero. Po vmesni posoji pri \u0160martnem je poleti 2015 okrepil Olimpijo. Po sezoni in pol v slovenski prestolnici se je prvi\u010d podal v tujino in drugo polovico sezone 2016\/2017 kot posojeni nogometa\u0161 odigral za Spartak Subotica. Po vrnitvi v Slovenijo je nato znova oblekel dres Rudarja, pred prihodom v Celje pa je poleg Olimpije igral \u0161e za Aluminij. V Celju bo nosil dres s \u0161tevilko 43.<br \/>\nNovope\u010deni Grof se bo ekipi pridru\u017eil v ponedeljek, ko bodo varovanci Damirja Krznarja za\u010deli z zimskim pripravljalnim obdobjem.<br \/>\nFoto: NK Celje<\/p>\n<p>Preberite tudi:<br \/>\nNK Celje dobil \u2018bitko\u2019 za \u017dana Karni\u010dnika<br \/>\n<a href=\"https:\/\/novice.si\/page\/nk-celje-dobil-bitko-za-zana-karnicnika\/\">https:\/\/novice.si\/page\/nk-celje-dobil-bitko-za-zana-karnicnika\/<\/a><\/p>\n","protected":false},"excerpt":{"rendered":"<p>Alja\u017e Krefl je novi nogometa\u0161 NK Celje. Levi bo\u010dni branilec v klub prihaja kot prosti nogometa\u0161, s Celjem pa je sklenil pogodbo do 30. junija 2026. 29-letni nogometa\u0161, ki je nazadnje nosil dres ljubljanske Olimpije, v kne\u017eje mesto prihaja z bogatimi izku\u0161njami iz slovenskega nogometnega prostora. Krefl se bli\u017ea nastopu \u0161tevilka 200 v doma\u010dem dr\u017eavnem [&hellip;]<\/p>\n","protected":false},"author":7,"featured_media":170699,"comment_status":"closed","ping_status":"closed","sticky":false,"template":"","format":"standard","meta":{"footnotes":""},"categories":[14,17,68],"tags":[19519,1504],"class_list":{"0":"post-170698","1":"post","2":"type-post","3":"status-publish","4":"format-standard","5":"has-post-thumbnail","7":"category-aktualno","8":"category-celjsko","9":"category-sport","10":"tag-aljaz-krefl","11":"tag-nk-celje"},"yoast_head":"<!-- This site is optimized with the Yoast SEO plugin v27.4 - https:\/\/yoast.com\/product\/yoast-seo-wordpress\/ -->\n<title>Alja\u017e Krefl je novi nogometa\u0161 NK Celje - Novice.si<\/title>\n<meta name=\"robots\" content=\"index, follow, max-snippet:-1, max-image-preview:large, max-video-preview:-1\" \/>\n<link rel=\"canonical\" href=\"https:\/\/novice.si\/page\/aljaz-krefl-je-novi-nogometas-nk-celje\/\" \/>\n<meta property=\"og:locale\" content=\"sl_SI\" \/>\n<meta property=\"og:type\" content=\"article\" \/>\n<meta property=\"og:title\" content=\"Alja\u017e Krefl je novi nogometa\u0161 NK Celje - Novice.si\" \/>\n<meta property=\"og:description\" content=\"Alja\u017e Krefl je novi nogometa\u0161 NK Celje. Levi bo\u010dni branilec v klub prihaja kot prosti nogometa\u0161, s Celjem pa je sklenil pogodbo do 30. junija 2026. 29-letni nogometa\u0161, ki je nazadnje nosil dres ljubljanske Olimpije, v kne\u017eje mesto prihaja z bogatimi izku\u0161njami iz slovenskega nogometnega prostora. Krefl se bli\u017ea nastopu \u0161tevilka 200 v doma\u010dem dr\u017eavnem [&hellip;]\" \/>\n<meta property=\"og:url\" content=\"https:\/\/novice.si\/page\/aljaz-krefl-je-novi-nogometas-nk-celje\/\" \/>\n<meta property=\"og:site_name\" content=\"Novice.si\" \/>\n<meta property=\"article:published_time\" content=\"2024-01-05T11:27:01+00:00\" \/>\n<meta property=\"og:image\" content=\"https:\/\/novice.si\/page\/wp-content\/uploads\/2024\/01\/Krefl-Aljaz-2-foto-NK-Celje.jpg\" \/>\n\t<meta property=\"og:image:width\" content=\"1586\" \/>\n\t<meta property=\"og:image:height\" content=\"1181\" \/>\n\t<meta property=\"og:image:type\" content=\"image\/jpeg\" \/>\n<meta name=\"author\" content=\"Uredni\u0161tvo Novic\" \/>\n<meta name=\"twitter:card\" content=\"summary_large_image\" \/>\n<meta name=\"twitter:label1\" content=\"Written by\" \/>\n\t<meta name=\"twitter:data1\" content=\"Uredni\u0161tvo Novic\" \/>\n\t<meta name=\"twitter:label2\" content=\"Est. reading time\" \/>\n\t<meta name=\"twitter:data2\" content=\"2 minuti\" \/>\n<script type=\"application\/ld+json\" class=\"yoast-schema-graph\">{\"@context\":\"https:\\\/\\\/schema.org\",\"@graph\":[{\"@type\":\"Article\",\"@id\":\"https:\\\/\\\/novice.si\\\/page\\\/aljaz-krefl-je-novi-nogometas-nk-celje\\\/#article\",\"isPartOf\":{\"@id\":\"https:\\\/\\\/novice.si\\\/page\\\/aljaz-krefl-je-novi-nogometas-nk-celje\\\/\"},\"author\":{\"name\":\"Uredni\u0161tvo Novic\",\"@id\":\"https:\\\/\\\/novice.si\\\/page\\\/#\\\/schema\\\/person\\\/a877dbb8680d441357ce27663beb35ca\"},\"headline\":\"Alja\u017e Krefl je novi nogometa\u0161 NK Celje\",\"datePublished\":\"2024-01-05T11:27:01+00:00\",\"mainEntityOfPage\":{\"@id\":\"https:\\\/\\\/novice.si\\\/page\\\/aljaz-krefl-je-novi-nogometas-nk-celje\\\/\"},\"wordCount\":183,\"publisher\":{\"@id\":\"https:\\\/\\\/novice.si\\\/page\\\/#organization\"},\"image\":{\"@id\":\"https:\\\/\\\/novice.si\\\/page\\\/aljaz-krefl-je-novi-nogometas-nk-celje\\\/#primaryimage\"},\"thumbnailUrl\":\"https:\\\/\\\/novice.si\\\/page\\\/wp-content\\\/uploads\\\/2024\\\/01\\\/Krefl-Aljaz-2-foto-NK-Celje.jpg\",\"keywords\":[\"Alja\u017e Krefl\",\"Nk Celje\"],\"articleSection\":[\"Aktualno\",\"Celjsko\",\"\u0160port\"],\"inLanguage\":\"sl-SI\"},{\"@type\":\"WebPage\",\"@id\":\"https:\\\/\\\/novice.si\\\/page\\\/aljaz-krefl-je-novi-nogometas-nk-celje\\\/\",\"url\":\"https:\\\/\\\/novice.si\\\/page\\\/aljaz-krefl-je-novi-nogometas-nk-celje\\\/\",\"name\":\"Alja\u017e Krefl je novi nogometa\u0161 NK Celje - Novice.si\",\"isPartOf\":{\"@id\":\"https:\\\/\\\/novice.si\\\/page\\\/#website\"},\"primaryImageOfPage\":{\"@id\":\"https:\\\/\\\/novice.si\\\/page\\\/aljaz-krefl-je-novi-nogometas-nk-celje\\\/#primaryimage\"},\"image\":{\"@id\":\"https:\\\/\\\/novice.si\\\/page\\\/aljaz-krefl-je-novi-nogometas-nk-celje\\\/#primaryimage\"},\"thumbnailUrl\":\"https:\\\/\\\/novice.si\\\/page\\\/wp-content\\\/uploads\\\/2024\\\/01\\\/Krefl-Aljaz-2-foto-NK-Celje.jpg\",\"datePublished\":\"2024-01-05T11:27:01+00:00\",\"breadcrumb\":{\"@id\":\"https:\\\/\\\/novice.si\\\/page\\\/aljaz-krefl-je-novi-nogometas-nk-celje\\\/#breadcrumb\"},\"inLanguage\":\"sl-SI\",\"potentialAction\":[{\"@type\":\"ReadAction\",\"target\":[\"https:\\\/\\\/novice.si\\\/page\\\/aljaz-krefl-je-novi-nogometas-nk-celje\\\/\"]}]},{\"@type\":\"ImageObject\",\"inLanguage\":\"sl-SI\",\"@id\":\"https:\\\/\\\/novice.si\\\/page\\\/aljaz-krefl-je-novi-nogometas-nk-celje\\\/#primaryimage\",\"url\":\"https:\\\/\\\/novice.si\\\/page\\\/wp-content\\\/uploads\\\/2024\\\/01\\\/Krefl-Aljaz-2-foto-NK-Celje.jpg\",\"contentUrl\":\"https:\\\/\\\/novice.si\\\/page\\\/wp-content\\\/uploads\\\/2024\\\/01\\\/Krefl-Aljaz-2-foto-NK-Celje.jpg\",\"width\":1586,\"height\":1181},{\"@type\":\"BreadcrumbList\",\"@id\":\"https:\\\/\\\/novice.si\\\/page\\\/aljaz-krefl-je-novi-nogometas-nk-celje\\\/#breadcrumb\",\"itemListElement\":[{\"@type\":\"ListItem\",\"position\":1,\"name\":\"Home\",\"item\":\"https:\\\/\\\/novice.si\\\/page\\\/\"},{\"@type\":\"ListItem\",\"position\":2,\"name\":\"Alja\u017e Krefl je novi nogometa\u0161 NK Celje\"}]},{\"@type\":\"WebSite\",\"@id\":\"https:\\\/\\\/novice.si\\\/page\\\/#website\",\"url\":\"https:\\\/\\\/novice.si\\\/page\\\/\",\"name\":\"Novice.si\",\"description\":\"\",\"publisher\":{\"@id\":\"https:\\\/\\\/novice.si\\\/page\\\/#organization\"},\"potentialAction\":[{\"@type\":\"SearchAction\",\"target\":{\"@type\":\"EntryPoint\",\"urlTemplate\":\"https:\\\/\\\/novice.si\\\/page\\\/?s={search_term_string}\"},\"query-input\":{\"@type\":\"PropertyValueSpecification\",\"valueRequired\":true,\"valueName\":\"search_term_string\"}}],\"inLanguage\":\"sl-SI\"},{\"@type\":\"Organization\",\"@id\":\"https:\\\/\\\/novice.si\\\/page\\\/#organization\",\"name\":\"Novice.si\",\"url\":\"https:\\\/\\\/novice.si\\\/page\\\/\",\"logo\":{\"@type\":\"ImageObject\",\"inLanguage\":\"sl-SI\",\"@id\":\"https:\\\/\\\/novice.si\\\/page\\\/#\\\/schema\\\/logo\\\/image\\\/\",\"url\":\"https:\\\/\\\/novice.si\\\/page\\\/wp-content\\\/uploads\\\/2023\\\/03\\\/novice_si.png\",\"contentUrl\":\"https:\\\/\\\/novice.si\\\/page\\\/wp-content\\\/uploads\\\/2023\\\/03\\\/novice_si.png\",\"width\":576,\"height\":200,\"caption\":\"Novice.si\"},\"image\":{\"@id\":\"https:\\\/\\\/novice.si\\\/page\\\/#\\\/schema\\\/logo\\\/image\\\/\"}},{\"@type\":\"Person\",\"@id\":\"https:\\\/\\\/novice.si\\\/page\\\/#\\\/schema\\\/person\\\/a877dbb8680d441357ce27663beb35ca\",\"name\":\"Uredni\u0161tvo Novic\",\"image\":{\"@type\":\"ImageObject\",\"inLanguage\":\"sl-SI\",\"@id\":\"https:\\\/\\\/secure.gravatar.com\\\/avatar\\\/f19c0ae874706cc9ba19d2f6da5f74a5a5ee7674f283fed29ce0ad16a9f1893e?s=96&d=mm&r=g\",\"url\":\"https:\\\/\\\/secure.gravatar.com\\\/avatar\\\/f19c0ae874706cc9ba19d2f6da5f74a5a5ee7674f283fed29ce0ad16a9f1893e?s=96&d=mm&r=g\",\"contentUrl\":\"https:\\\/\\\/secure.gravatar.com\\\/avatar\\\/f19c0ae874706cc9ba19d2f6da5f74a5a5ee7674f283fed29ce0ad16a9f1893e?s=96&d=mm&r=g\",\"caption\":\"Uredni\u0161tvo Novic\"},\"url\":\"https:\\\/\\\/novice.si\\\/page\\\/author\\\/jure\\\/\"}]}<\/script>\n<!-- \/ Yoast SEO plugin. -->","yoast_head_json":{"title":"Alja\u017e Krefl je novi nogometa\u0161 NK Celje - Novice.si","robots":{"index":"index","follow":"follow","max-snippet":"max-snippet:-1","max-image-preview":"max-image-preview:large","max-video-preview":"max-video-preview:-1"},"canonical":"https:\/\/novice.si\/page\/aljaz-krefl-je-novi-nogometas-nk-celje\/","og_locale":"sl_SI","og_type":"article","og_title":"Alja\u017e Krefl je novi nogometa\u0161 NK Celje - Novice.si","og_description":"Alja\u017e Krefl je novi nogometa\u0161 NK Celje. Levi bo\u010dni branilec v klub prihaja kot prosti nogometa\u0161, s Celjem pa je sklenil pogodbo do 30. junija 2026. 29-letni nogometa\u0161, ki je nazadnje nosil dres ljubljanske Olimpije, v kne\u017eje mesto prihaja z bogatimi izku\u0161njami iz slovenskega nogometnega prostora. Krefl se bli\u017ea nastopu \u0161tevilka 200 v doma\u010dem dr\u017eavnem [&hellip;]","og_url":"https:\/\/novice.si\/page\/aljaz-krefl-je-novi-nogometas-nk-celje\/","og_site_name":"Novice.si","article_published_time":"2024-01-05T11:27:01+00:00","og_image":[{"width":1586,"height":1181,"url":"https:\/\/novice.si\/page\/wp-content\/uploads\/2024\/01\/Krefl-Aljaz-2-foto-NK-Celje.jpg","type":"image\/jpeg"}],"author":"Uredni\u0161tvo Novic","twitter_card":"summary_large_image","twitter_misc":{"Written by":"Uredni\u0161tvo Novic","Est. reading time":"2 minuti"},"schema":{"@context":"https:\/\/schema.org","@graph":[{"@type":"Article","@id":"https:\/\/novice.si\/page\/aljaz-krefl-je-novi-nogometas-nk-celje\/#article","isPartOf":{"@id":"https:\/\/novice.si\/page\/aljaz-krefl-je-novi-nogometas-nk-celje\/"},"author":{"name":"Uredni\u0161tvo Novic","@id":"https:\/\/novice.si\/page\/#\/schema\/person\/a877dbb8680d441357ce27663beb35ca"},"headline":"Alja\u017e Krefl je novi nogometa\u0161 NK Celje","datePublished":"2024-01-05T11:27:01+00:00","mainEntityOfPage":{"@id":"https:\/\/novice.si\/page\/aljaz-krefl-je-novi-nogometas-nk-celje\/"},"wordCount":183,"publisher":{"@id":"https:\/\/novice.si\/page\/#organization"},"image":{"@id":"https:\/\/novice.si\/page\/aljaz-krefl-je-novi-nogometas-nk-celje\/#primaryimage"},"thumbnailUrl":"https:\/\/novice.si\/page\/wp-content\/uploads\/2024\/01\/Krefl-Aljaz-2-foto-NK-Celje.jpg","keywords":["Alja\u017e Krefl","Nk Celje"],"articleSection":["Aktualno","Celjsko","\u0160port"],"inLanguage":"sl-SI"},{"@type":"WebPage","@id":"https:\/\/novice.si\/page\/aljaz-krefl-je-novi-nogometas-nk-celje\/","url":"https:\/\/novice.si\/page\/aljaz-krefl-je-novi-nogometas-nk-celje\/","name":"Alja\u017e Krefl je novi nogometa\u0161 NK Celje - Novice.si","isPartOf":{"@id":"https:\/\/novice.si\/page\/#website"},"primaryImageOfPage":{"@id":"https:\/\/novice.si\/page\/aljaz-krefl-je-novi-nogometas-nk-celje\/#primaryimage"},"image":{"@id":"https:\/\/novice.si\/page\/aljaz-krefl-je-novi-nogometas-nk-celje\/#primaryimage"},"thumbnailUrl":"https:\/\/novice.si\/page\/wp-content\/uploads\/2024\/01\/Krefl-Aljaz-2-foto-NK-Celje.jpg","datePublished":"2024-01-05T11:27:01+00:00","breadcrumb":{"@id":"https:\/\/novice.si\/page\/aljaz-krefl-je-novi-nogometas-nk-celje\/#breadcrumb"},"inLanguage":"sl-SI","potentialAction":[{"@type":"ReadAction","target":["https:\/\/novice.si\/page\/aljaz-krefl-je-novi-nogometas-nk-celje\/"]}]},{"@type":"ImageObject","inLanguage":"sl-SI","@id":"https:\/\/novice.si\/page\/aljaz-krefl-je-novi-nogometas-nk-celje\/#primaryimage","url":"https:\/\/novice.si\/page\/wp-content\/uploads\/2024\/01\/Krefl-Aljaz-2-foto-NK-Celje.jpg","contentUrl":"https:\/\/novice.si\/page\/wp-content\/uploads\/2024\/01\/Krefl-Aljaz-2-foto-NK-Celje.jpg","width":1586,"height":1181},{"@type":"BreadcrumbList","@id":"https:\/\/novice.si\/page\/aljaz-krefl-je-novi-nogometas-nk-celje\/#breadcrumb","itemListElement":[{"@type":"ListItem","position":1,"name":"Home","item":"https:\/\/novice.si\/page\/"},{"@type":"ListItem","position":2,"name":"Alja\u017e Krefl je novi nogometa\u0161 NK Celje"}]},{"@type":"WebSite","@id":"https:\/\/novice.si\/page\/#website","url":"https:\/\/novice.si\/page\/","name":"Novice.si","description":"","publisher":{"@id":"https:\/\/novice.si\/page\/#organization"},"potentialAction":[{"@type":"SearchAction","target":{"@type":"EntryPoint","urlTemplate":"https:\/\/novice.si\/page\/?s={search_term_string}"},"query-input":{"@type":"PropertyValueSpecification","valueRequired":true,"valueName":"search_term_string"}}],"inLanguage":"sl-SI"},{"@type":"Organization","@id":"https:\/\/novice.si\/page\/#organization","name":"Novice.si","url":"https:\/\/novice.si\/page\/","logo":{"@type":"ImageObject","inLanguage":"sl-SI","@id":"https:\/\/novice.si\/page\/#\/schema\/logo\/image\/","url":"https:\/\/novice.si\/page\/wp-content\/uploads\/2023\/03\/novice_si.png","contentUrl":"https:\/\/novice.si\/page\/wp-content\/uploads\/2023\/03\/novice_si.png","width":576,"height":200,"caption":"Novice.si"},"image":{"@id":"https:\/\/novice.si\/page\/#\/schema\/logo\/image\/"}},{"@type":"Person","@id":"https:\/\/novice.si\/page\/#\/schema\/person\/a877dbb8680d441357ce27663beb35ca","name":"Uredni\u0161tvo Novic","image":{"@type":"ImageObject","inLanguage":"sl-SI","@id":"https:\/\/secure.gravatar.com\/avatar\/f19c0ae874706cc9ba19d2f6da5f74a5a5ee7674f283fed29ce0ad16a9f1893e?s=96&d=mm&r=g","url":"https:\/\/secure.gravatar.com\/avatar\/f19c0ae874706cc9ba19d2f6da5f74a5a5ee7674f283fed29ce0ad16a9f1893e?s=96&d=mm&r=g","contentUrl":"https:\/\/secure.gravatar.com\/avatar\/f19c0ae874706cc9ba19d2f6da5f74a5a5ee7674f283fed29ce0ad16a9f1893e?s=96&d=mm&r=g","caption":"Uredni\u0161tvo Novic"},"url":"https:\/\/novice.si\/page\/author\/jure\/"}]}},"_links":{"self":[{"href":"https:\/\/novice.si\/page\/wp-json\/wp\/v2\/posts\/170698","targetHints":{"allow":["GET"]}}],"collection":[{"href":"https:\/\/novice.si\/page\/wp-json\/wp\/v2\/posts"}],"about":[{"href":"https:\/\/novice.si\/page\/wp-json\/wp\/v2\/types\/post"}],"author":[{"embeddable":true,"href":"https:\/\/novice.si\/page\/wp-json\/wp\/v2\/users\/7"}],"replies":[{"embeddable":true,"href":"https:\/\/novice.si\/page\/wp-json\/wp\/v2\/comments?post=170698"}],"version-history":[{"count":1,"href":"https:\/\/novice.si\/page\/wp-json\/wp\/v2\/posts\/170698\/revisions"}],"predecessor-version":[{"id":170701,"href":"https:\/\/novice.si\/page\/wp-json\/wp\/v2\/posts\/170698\/revisions\/170701"}],"wp:featuredmedia":[{"embeddable":true,"href":"https:\/\/novice.si\/page\/wp-json\/wp\/v2\/media\/170699"}],"wp:attachment":[{"href":"https:\/\/novice.si\/page\/wp-json\/wp\/v2\/media?parent=170698"}],"wp:term":[{"taxonomy":"category","embeddable":true,"href":"https:\/\/novice.si\/page\/wp-json\/wp\/v2\/categories?post=170698"},{"taxonomy":"post_tag","embeddable":true,"href":"https:\/\/novice.si\/page\/wp-json\/wp\/v2\/tags?post=170698"}],"curies":[{"name":"wp","href":"https:\/\/api.w.org\/{rel}","templated":true}]}}