{"id":170673,"date":"2024-01-04T10:30:44","date_gmt":"2024-01-04T09:30:44","guid":{"rendered":"https:\/\/novice.si\/page\/?p=170673"},"modified":"2024-01-04T14:42:35","modified_gmt":"2024-01-04T13:42:35","slug":"celje-madzarski-sofer-ga-je-zelo-lomil","status":"publish","type":"post","link":"https:\/\/novice.si\/page\/celje-madzarski-sofer-ga-je-zelo-lomil\/","title":{"rendered":"CELJE Mad\u017earski \u0161ofer ga je zelo lomil"},"content":{"rendered":"<p>Celjski prometni policisti so nekaj \u010dez polno\u010d na avtocesti \u00a0ustavili in kontrolirali <img loading=\"lazy\" decoding=\"async\" class=\"wp-image-170674 alignleft\" src=\"https:\/\/novice.si\/page\/wp-content\/uploads\/2024\/01\/tovorno-vozilo-1.jpg\" alt=\"\" width=\"435\" height=\"293\" srcset=\"https:\/\/novice.si\/page\/wp-content\/uploads\/2024\/01\/tovorno-vozilo-1.jpg 588w, https:\/\/novice.si\/page\/wp-content\/uploads\/2024\/01\/tovorno-vozilo-1-24x16.jpg 24w, https:\/\/novice.si\/page\/wp-content\/uploads\/2024\/01\/tovorno-vozilo-1-36x24.jpg 36w, https:\/\/novice.si\/page\/wp-content\/uploads\/2024\/01\/tovorno-vozilo-1-48x32.jpg 48w\" sizes=\"auto, (max-width: 435px) 100vw, 435px\" \/> mad\u017earskega voznika izrednega prevoza.<\/p>\n<p>Voznik, ki je opravljal izredni prevoz deljivega tovora, razdru\u017eenega na priklopnem vozilu, pri sebi ni mel\u00a0 dovoljenja za izredni prevoz. Tovor, ki ga je preva\u017eal, ni bil ustrezno zavarovan, oprtnice priklopnega vozila so bile uni\u010dene.<\/p>\n<p>Pri postopku so zaznali \u0161e ve\u010d kr\u0161itev s podro\u010dja socialne zakonodaje in sicer po zakonu o delovnem \u010dasu in obveznih po\u010ditkih mobilnih delavcev ter o zapisovalni opremi v cestnih prevozih, kjer so med drugim ugotovili manipulacijo tahografa, saj je voznik vozil brez voznikove kartice.<\/p>\n<p>\u0160oferju so za zaznane kr\u0161itve izdali pla\u010dilni \u00a0nalog v znesku 4000 evrov, ki ga je danes \u017ee poravnal, in mu za\u010dasno odvzeli vozni\u0161ko dovoljenje zaradi nezadostnega po\u010ditka, ki je trajal slabih sedem ur, moral pa bi imeti devet ur po\u010ditka. Vozilo so tudi izlo\u010dili iz prometa in mu napisali \u0161e\u00a0pla\u010dilni nalog za pravno osebo iz Mad\u017earske.<\/p>\n<p>P\u0160<\/p>\n","protected":false},"excerpt":{"rendered":"<p>Celjski prometni policisti so nekaj \u010dez polno\u010d na avtocesti \u00a0ustavili in kontrolirali mad\u017earskega voznika izrednega prevoza. Voznik, ki je opravljal izredni prevoz deljivega tovora, razdru\u017eenega na priklopnem vozilu, pri sebi ni mel\u00a0 dovoljenja za izredni prevoz. Tovor, ki ga je preva\u017eal, ni bil ustrezno zavarovan, oprtnice priklopnega vozila so bile uni\u010dene. Pri postopku so zaznali [&hellip;]<\/p>\n","protected":false},"author":33,"featured_media":170674,"comment_status":"closed","ping_status":"closed","sticky":false,"template":"","format":"standard","meta":{"footnotes":""},"categories":[14,17,29],"tags":[4417,19196,19507,17410,2677],"class_list":{"0":"post-170673","1":"post","2":"type-post","3":"status-publish","4":"format-standard","5":"has-post-thumbnail","7":"category-aktualno","8":"category-celjsko","9":"category-kronika","10":"tag-globa","11":"tag-madzarski-sofer","12":"tag-nalozen-tovor","13":"tag-nepravilno-nalozen-tovor","14":"tag-pocitek"},"yoast_head":"<!-- This site is optimized with the Yoast SEO plugin v27.4 - https:\/\/yoast.com\/product\/yoast-seo-wordpress\/ -->\n<title>CELJE Mad\u017earski \u0161ofer ga je zelo lomil - Novice.si<\/title>\n<meta name=\"robots\" content=\"index, follow, max-snippet:-1, max-image-preview:large, max-video-preview:-1\" \/>\n<link rel=\"canonical\" href=\"https:\/\/novice.si\/page\/celje-madzarski-sofer-ga-je-zelo-lomil\/\" \/>\n<meta property=\"og:locale\" content=\"sl_SI\" \/>\n<meta property=\"og:type\" content=\"article\" \/>\n<meta property=\"og:title\" content=\"CELJE Mad\u017earski \u0161ofer ga je zelo lomil - Novice.si\" \/>\n<meta property=\"og:description\" content=\"Celjski prometni policisti so nekaj \u010dez polno\u010d na avtocesti \u00a0ustavili in kontrolirali mad\u017earskega voznika izrednega prevoza. Voznik, ki je opravljal izredni prevoz deljivega tovora, razdru\u017eenega na priklopnem vozilu, pri sebi ni mel\u00a0 dovoljenja za izredni prevoz. Tovor, ki ga je preva\u017eal, ni bil ustrezno zavarovan, oprtnice priklopnega vozila so bile uni\u010dene. Pri postopku so zaznali [&hellip;]\" \/>\n<meta property=\"og:url\" content=\"https:\/\/novice.si\/page\/celje-madzarski-sofer-ga-je-zelo-lomil\/\" \/>\n<meta property=\"og:site_name\" content=\"Novice.si\" \/>\n<meta property=\"article:published_time\" content=\"2024-01-04T09:30:44+00:00\" \/>\n<meta property=\"article:modified_time\" content=\"2024-01-04T13:42:35+00:00\" \/>\n<meta property=\"og:image\" content=\"https:\/\/novice.si\/page\/wp-content\/uploads\/2024\/01\/tovorno-vozilo-1.jpg\" \/>\n\t<meta property=\"og:image:width\" content=\"588\" \/>\n\t<meta property=\"og:image:height\" content=\"396\" \/>\n\t<meta property=\"og:image:type\" content=\"image\/jpeg\" \/>\n<meta name=\"author\" content=\"Uredni\u0161tvo Celjana\" \/>\n<meta name=\"twitter:card\" content=\"summary_large_image\" \/>\n<meta name=\"twitter:label1\" content=\"Written by\" \/>\n\t<meta name=\"twitter:data1\" content=\"Uredni\u0161tvo Celjana\" \/>\n\t<meta name=\"twitter:label2\" content=\"Est. reading time\" \/>\n\t<meta name=\"twitter:data2\" content=\"2 minuti\" \/>\n<script type=\"application\/ld+json\" class=\"yoast-schema-graph\">{\"@context\":\"https:\\\/\\\/schema.org\",\"@graph\":[{\"@type\":\"Article\",\"@id\":\"https:\\\/\\\/novice.si\\\/page\\\/celje-madzarski-sofer-ga-je-zelo-lomil\\\/#article\",\"isPartOf\":{\"@id\":\"https:\\\/\\\/novice.si\\\/page\\\/celje-madzarski-sofer-ga-je-zelo-lomil\\\/\"},\"author\":{\"name\":\"Uredni\u0161tvo Celjana\",\"@id\":\"https:\\\/\\\/novice.si\\\/page\\\/#\\\/schema\\\/person\\\/57f25c9642a9541c7349c65d32032c3e\"},\"headline\":\"CELJE Mad\u017earski \u0161ofer ga je zelo lomil\",\"datePublished\":\"2024-01-04T09:30:44+00:00\",\"dateModified\":\"2024-01-04T13:42:35+00:00\",\"mainEntityOfPage\":{\"@id\":\"https:\\\/\\\/novice.si\\\/page\\\/celje-madzarski-sofer-ga-je-zelo-lomil\\\/\"},\"wordCount\":176,\"publisher\":{\"@id\":\"https:\\\/\\\/novice.si\\\/page\\\/#organization\"},\"image\":{\"@id\":\"https:\\\/\\\/novice.si\\\/page\\\/celje-madzarski-sofer-ga-je-zelo-lomil\\\/#primaryimage\"},\"thumbnailUrl\":\"https:\\\/\\\/novice.si\\\/page\\\/wp-content\\\/uploads\\\/2024\\\/01\\\/tovorno-vozilo-1.jpg\",\"keywords\":[\"globa\",\"mad\u017earski \u0161ofer\",\"nalo\u017een tovor\",\"nepravilno nalo\u017een tovor\",\"pocitek\"],\"articleSection\":[\"Aktualno\",\"Celjsko\",\"Kronika\"],\"inLanguage\":\"sl-SI\"},{\"@type\":\"WebPage\",\"@id\":\"https:\\\/\\\/novice.si\\\/page\\\/celje-madzarski-sofer-ga-je-zelo-lomil\\\/\",\"url\":\"https:\\\/\\\/novice.si\\\/page\\\/celje-madzarski-sofer-ga-je-zelo-lomil\\\/\",\"name\":\"CELJE Mad\u017earski \u0161ofer ga je zelo lomil - Novice.si\",\"isPartOf\":{\"@id\":\"https:\\\/\\\/novice.si\\\/page\\\/#website\"},\"primaryImageOfPage\":{\"@id\":\"https:\\\/\\\/novice.si\\\/page\\\/celje-madzarski-sofer-ga-je-zelo-lomil\\\/#primaryimage\"},\"image\":{\"@id\":\"https:\\\/\\\/novice.si\\\/page\\\/celje-madzarski-sofer-ga-je-zelo-lomil\\\/#primaryimage\"},\"thumbnailUrl\":\"https:\\\/\\\/novice.si\\\/page\\\/wp-content\\\/uploads\\\/2024\\\/01\\\/tovorno-vozilo-1.jpg\",\"datePublished\":\"2024-01-04T09:30:44+00:00\",\"dateModified\":\"2024-01-04T13:42:35+00:00\",\"breadcrumb\":{\"@id\":\"https:\\\/\\\/novice.si\\\/page\\\/celje-madzarski-sofer-ga-je-zelo-lomil\\\/#breadcrumb\"},\"inLanguage\":\"sl-SI\",\"potentialAction\":[{\"@type\":\"ReadAction\",\"target\":[\"https:\\\/\\\/novice.si\\\/page\\\/celje-madzarski-sofer-ga-je-zelo-lomil\\\/\"]}]},{\"@type\":\"ImageObject\",\"inLanguage\":\"sl-SI\",\"@id\":\"https:\\\/\\\/novice.si\\\/page\\\/celje-madzarski-sofer-ga-je-zelo-lomil\\\/#primaryimage\",\"url\":\"https:\\\/\\\/novice.si\\\/page\\\/wp-content\\\/uploads\\\/2024\\\/01\\\/tovorno-vozilo-1.jpg\",\"contentUrl\":\"https:\\\/\\\/novice.si\\\/page\\\/wp-content\\\/uploads\\\/2024\\\/01\\\/tovorno-vozilo-1.jpg\",\"width\":588,\"height\":396},{\"@type\":\"BreadcrumbList\",\"@id\":\"https:\\\/\\\/novice.si\\\/page\\\/celje-madzarski-sofer-ga-je-zelo-lomil\\\/#breadcrumb\",\"itemListElement\":[{\"@type\":\"ListItem\",\"position\":1,\"name\":\"Home\",\"item\":\"https:\\\/\\\/novice.si\\\/page\\\/\"},{\"@type\":\"ListItem\",\"position\":2,\"name\":\"CELJE Mad\u017earski \u0161ofer ga je zelo lomil\"}]},{\"@type\":\"WebSite\",\"@id\":\"https:\\\/\\\/novice.si\\\/page\\\/#website\",\"url\":\"https:\\\/\\\/novice.si\\\/page\\\/\",\"name\":\"Novice.si\",\"description\":\"\",\"publisher\":{\"@id\":\"https:\\\/\\\/novice.si\\\/page\\\/#organization\"},\"potentialAction\":[{\"@type\":\"SearchAction\",\"target\":{\"@type\":\"EntryPoint\",\"urlTemplate\":\"https:\\\/\\\/novice.si\\\/page\\\/?s={search_term_string}\"},\"query-input\":{\"@type\":\"PropertyValueSpecification\",\"valueRequired\":true,\"valueName\":\"search_term_string\"}}],\"inLanguage\":\"sl-SI\"},{\"@type\":\"Organization\",\"@id\":\"https:\\\/\\\/novice.si\\\/page\\\/#organization\",\"name\":\"Novice.si\",\"url\":\"https:\\\/\\\/novice.si\\\/page\\\/\",\"logo\":{\"@type\":\"ImageObject\",\"inLanguage\":\"sl-SI\",\"@id\":\"https:\\\/\\\/novice.si\\\/page\\\/#\\\/schema\\\/logo\\\/image\\\/\",\"url\":\"https:\\\/\\\/novice.si\\\/page\\\/wp-content\\\/uploads\\\/2023\\\/03\\\/novice_si.png\",\"contentUrl\":\"https:\\\/\\\/novice.si\\\/page\\\/wp-content\\\/uploads\\\/2023\\\/03\\\/novice_si.png\",\"width\":576,\"height\":200,\"caption\":\"Novice.si\"},\"image\":{\"@id\":\"https:\\\/\\\/novice.si\\\/page\\\/#\\\/schema\\\/logo\\\/image\\\/\"}},{\"@type\":\"Person\",\"@id\":\"https:\\\/\\\/novice.si\\\/page\\\/#\\\/schema\\\/person\\\/57f25c9642a9541c7349c65d32032c3e\",\"name\":\"Uredni\u0161tvo Celjana\",\"image\":{\"@type\":\"ImageObject\",\"inLanguage\":\"sl-SI\",\"@id\":\"https:\\\/\\\/secure.gravatar.com\\\/avatar\\\/78e52bc4279b65f6df6345e0ef0f7b792d361361f230cf4ffecfe0afe6d5629c?s=96&d=mm&r=g\",\"url\":\"https:\\\/\\\/secure.gravatar.com\\\/avatar\\\/78e52bc4279b65f6df6345e0ef0f7b792d361361f230cf4ffecfe0afe6d5629c?s=96&d=mm&r=g\",\"contentUrl\":\"https:\\\/\\\/secure.gravatar.com\\\/avatar\\\/78e52bc4279b65f6df6345e0ef0f7b792d361361f230cf4ffecfe0afe6d5629c?s=96&d=mm&r=g\",\"caption\":\"Uredni\u0161tvo Celjana\"},\"url\":\"https:\\\/\\\/novice.si\\\/page\\\/author\\\/primoz\\\/\"}]}<\/script>\n<!-- \/ Yoast SEO plugin. -->","yoast_head_json":{"title":"CELJE Mad\u017earski \u0161ofer ga je zelo lomil - Novice.si","robots":{"index":"index","follow":"follow","max-snippet":"max-snippet:-1","max-image-preview":"max-image-preview:large","max-video-preview":"max-video-preview:-1"},"canonical":"https:\/\/novice.si\/page\/celje-madzarski-sofer-ga-je-zelo-lomil\/","og_locale":"sl_SI","og_type":"article","og_title":"CELJE Mad\u017earski \u0161ofer ga je zelo lomil - Novice.si","og_description":"Celjski prometni policisti so nekaj \u010dez polno\u010d na avtocesti \u00a0ustavili in kontrolirali mad\u017earskega voznika izrednega prevoza. Voznik, ki je opravljal izredni prevoz deljivega tovora, razdru\u017eenega na priklopnem vozilu, pri sebi ni mel\u00a0 dovoljenja za izredni prevoz. Tovor, ki ga je preva\u017eal, ni bil ustrezno zavarovan, oprtnice priklopnega vozila so bile uni\u010dene. Pri postopku so zaznali [&hellip;]","og_url":"https:\/\/novice.si\/page\/celje-madzarski-sofer-ga-je-zelo-lomil\/","og_site_name":"Novice.si","article_published_time":"2024-01-04T09:30:44+00:00","article_modified_time":"2024-01-04T13:42:35+00:00","og_image":[{"width":588,"height":396,"url":"https:\/\/novice.si\/page\/wp-content\/uploads\/2024\/01\/tovorno-vozilo-1.jpg","type":"image\/jpeg"}],"author":"Uredni\u0161tvo Celjana","twitter_card":"summary_large_image","twitter_misc":{"Written by":"Uredni\u0161tvo Celjana","Est. reading time":"2 minuti"},"schema":{"@context":"https:\/\/schema.org","@graph":[{"@type":"Article","@id":"https:\/\/novice.si\/page\/celje-madzarski-sofer-ga-je-zelo-lomil\/#article","isPartOf":{"@id":"https:\/\/novice.si\/page\/celje-madzarski-sofer-ga-je-zelo-lomil\/"},"author":{"name":"Uredni\u0161tvo Celjana","@id":"https:\/\/novice.si\/page\/#\/schema\/person\/57f25c9642a9541c7349c65d32032c3e"},"headline":"CELJE Mad\u017earski \u0161ofer ga je zelo lomil","datePublished":"2024-01-04T09:30:44+00:00","dateModified":"2024-01-04T13:42:35+00:00","mainEntityOfPage":{"@id":"https:\/\/novice.si\/page\/celje-madzarski-sofer-ga-je-zelo-lomil\/"},"wordCount":176,"publisher":{"@id":"https:\/\/novice.si\/page\/#organization"},"image":{"@id":"https:\/\/novice.si\/page\/celje-madzarski-sofer-ga-je-zelo-lomil\/#primaryimage"},"thumbnailUrl":"https:\/\/novice.si\/page\/wp-content\/uploads\/2024\/01\/tovorno-vozilo-1.jpg","keywords":["globa","mad\u017earski \u0161ofer","nalo\u017een tovor","nepravilno nalo\u017een tovor","pocitek"],"articleSection":["Aktualno","Celjsko","Kronika"],"inLanguage":"sl-SI"},{"@type":"WebPage","@id":"https:\/\/novice.si\/page\/celje-madzarski-sofer-ga-je-zelo-lomil\/","url":"https:\/\/novice.si\/page\/celje-madzarski-sofer-ga-je-zelo-lomil\/","name":"CELJE Mad\u017earski \u0161ofer ga je zelo lomil - Novice.si","isPartOf":{"@id":"https:\/\/novice.si\/page\/#website"},"primaryImageOfPage":{"@id":"https:\/\/novice.si\/page\/celje-madzarski-sofer-ga-je-zelo-lomil\/#primaryimage"},"image":{"@id":"https:\/\/novice.si\/page\/celje-madzarski-sofer-ga-je-zelo-lomil\/#primaryimage"},"thumbnailUrl":"https:\/\/novice.si\/page\/wp-content\/uploads\/2024\/01\/tovorno-vozilo-1.jpg","datePublished":"2024-01-04T09:30:44+00:00","dateModified":"2024-01-04T13:42:35+00:00","breadcrumb":{"@id":"https:\/\/novice.si\/page\/celje-madzarski-sofer-ga-je-zelo-lomil\/#breadcrumb"},"inLanguage":"sl-SI","potentialAction":[{"@type":"ReadAction","target":["https:\/\/novice.si\/page\/celje-madzarski-sofer-ga-je-zelo-lomil\/"]}]},{"@type":"ImageObject","inLanguage":"sl-SI","@id":"https:\/\/novice.si\/page\/celje-madzarski-sofer-ga-je-zelo-lomil\/#primaryimage","url":"https:\/\/novice.si\/page\/wp-content\/uploads\/2024\/01\/tovorno-vozilo-1.jpg","contentUrl":"https:\/\/novice.si\/page\/wp-content\/uploads\/2024\/01\/tovorno-vozilo-1.jpg","width":588,"height":396},{"@type":"BreadcrumbList","@id":"https:\/\/novice.si\/page\/celje-madzarski-sofer-ga-je-zelo-lomil\/#breadcrumb","itemListElement":[{"@type":"ListItem","position":1,"name":"Home","item":"https:\/\/novice.si\/page\/"},{"@type":"ListItem","position":2,"name":"CELJE Mad\u017earski \u0161ofer ga je zelo lomil"}]},{"@type":"WebSite","@id":"https:\/\/novice.si\/page\/#website","url":"https:\/\/novice.si\/page\/","name":"Novice.si","description":"","publisher":{"@id":"https:\/\/novice.si\/page\/#organization"},"potentialAction":[{"@type":"SearchAction","target":{"@type":"EntryPoint","urlTemplate":"https:\/\/novice.si\/page\/?s={search_term_string}"},"query-input":{"@type":"PropertyValueSpecification","valueRequired":true,"valueName":"search_term_string"}}],"inLanguage":"sl-SI"},{"@type":"Organization","@id":"https:\/\/novice.si\/page\/#organization","name":"Novice.si","url":"https:\/\/novice.si\/page\/","logo":{"@type":"ImageObject","inLanguage":"sl-SI","@id":"https:\/\/novice.si\/page\/#\/schema\/logo\/image\/","url":"https:\/\/novice.si\/page\/wp-content\/uploads\/2023\/03\/novice_si.png","contentUrl":"https:\/\/novice.si\/page\/wp-content\/uploads\/2023\/03\/novice_si.png","width":576,"height":200,"caption":"Novice.si"},"image":{"@id":"https:\/\/novice.si\/page\/#\/schema\/logo\/image\/"}},{"@type":"Person","@id":"https:\/\/novice.si\/page\/#\/schema\/person\/57f25c9642a9541c7349c65d32032c3e","name":"Uredni\u0161tvo Celjana","image":{"@type":"ImageObject","inLanguage":"sl-SI","@id":"https:\/\/secure.gravatar.com\/avatar\/78e52bc4279b65f6df6345e0ef0f7b792d361361f230cf4ffecfe0afe6d5629c?s=96&d=mm&r=g","url":"https:\/\/secure.gravatar.com\/avatar\/78e52bc4279b65f6df6345e0ef0f7b792d361361f230cf4ffecfe0afe6d5629c?s=96&d=mm&r=g","contentUrl":"https:\/\/secure.gravatar.com\/avatar\/78e52bc4279b65f6df6345e0ef0f7b792d361361f230cf4ffecfe0afe6d5629c?s=96&d=mm&r=g","caption":"Uredni\u0161tvo Celjana"},"url":"https:\/\/novice.si\/page\/author\/primoz\/"}]}},"_links":{"self":[{"href":"https:\/\/novice.si\/page\/wp-json\/wp\/v2\/posts\/170673","targetHints":{"allow":["GET"]}}],"collection":[{"href":"https:\/\/novice.si\/page\/wp-json\/wp\/v2\/posts"}],"about":[{"href":"https:\/\/novice.si\/page\/wp-json\/wp\/v2\/types\/post"}],"author":[{"embeddable":true,"href":"https:\/\/novice.si\/page\/wp-json\/wp\/v2\/users\/33"}],"replies":[{"embeddable":true,"href":"https:\/\/novice.si\/page\/wp-json\/wp\/v2\/comments?post=170673"}],"version-history":[{"count":2,"href":"https:\/\/novice.si\/page\/wp-json\/wp\/v2\/posts\/170673\/revisions"}],"predecessor-version":[{"id":170678,"href":"https:\/\/novice.si\/page\/wp-json\/wp\/v2\/posts\/170673\/revisions\/170678"}],"wp:featuredmedia":[{"embeddable":true,"href":"https:\/\/novice.si\/page\/wp-json\/wp\/v2\/media\/170674"}],"wp:attachment":[{"href":"https:\/\/novice.si\/page\/wp-json\/wp\/v2\/media?parent=170673"}],"wp:term":[{"taxonomy":"category","embeddable":true,"href":"https:\/\/novice.si\/page\/wp-json\/wp\/v2\/categories?post=170673"},{"taxonomy":"post_tag","embeddable":true,"href":"https:\/\/novice.si\/page\/wp-json\/wp\/v2\/tags?post=170673"}],"curies":[{"name":"wp","href":"https:\/\/api.w.org\/{rel}","templated":true}]}}