{"id":170575,"date":"2024-01-03T15:35:48","date_gmt":"2024-01-03T14:35:48","guid":{"rendered":"https:\/\/novice.si\/page\/?p=170575"},"modified":"2024-01-03T15:35:48","modified_gmt":"2024-01-03T14:35:48","slug":"celje-ljubljana-vrhovni-sodniki-pri-jansi-prikimali-celjskim-sodnikom","status":"publish","type":"post","link":"https:\/\/novice.si\/page\/celje-ljubljana-vrhovni-sodniki-pri-jansi-prikimali-celjskim-sodnikom\/","title":{"rendered":"CELJE LJUBLJANA Vrhovni sodniki pri Jan\u0161i prikimali celjskim sodnikom"},"content":{"rendered":"<p>Vrhovni sodniki so zavrnili zahtevo za varstvo zakonitosti, ki jo je prvak SDS <strong>Janez Jan\u0161a<\/strong> vlo\u017eil preko svojega zagovornika v zadevi \u017daljivi tvit <strong>Francija Matoza<\/strong>.<\/p>\n<p><img loading=\"lazy\" decoding=\"async\" class=\"size-medium wp-image-146933 alignleft\" src=\"https:\/\/novice.si\/page\/wp-content\/uploads\/2022\/02\/jansa-sojenje-feb-22-2-300x169.jpg\" alt=\"\" width=\"300\" height=\"169\" srcset=\"https:\/\/novice.si\/page\/wp-content\/uploads\/2022\/02\/jansa-sojenje-feb-22-2-300x169.jpg 300w, https:\/\/novice.si\/page\/wp-content\/uploads\/2022\/02\/jansa-sojenje-feb-22-2-1024x576.jpg 1024w, https:\/\/novice.si\/page\/wp-content\/uploads\/2022\/02\/jansa-sojenje-feb-22-2-768x432.jpg 768w, https:\/\/novice.si\/page\/wp-content\/uploads\/2022\/02\/jansa-sojenje-feb-22-2-1536x864.jpg 1536w, https:\/\/novice.si\/page\/wp-content\/uploads\/2022\/02\/jansa-sojenje-feb-22-2-2048x1152.jpg 2048w, https:\/\/novice.si\/page\/wp-content\/uploads\/2022\/02\/jansa-sojenje-feb-22-2-696x392.jpg 696w, https:\/\/novice.si\/page\/wp-content\/uploads\/2022\/02\/jansa-sojenje-feb-22-2-1068x601.jpg 1068w, https:\/\/novice.si\/page\/wp-content\/uploads\/2022\/02\/jansa-sojenje-feb-22-2-747x420.jpg 747w, https:\/\/novice.si\/page\/wp-content\/uploads\/2022\/02\/jansa-sojenje-feb-22-2-24x14.jpg 24w, https:\/\/novice.si\/page\/wp-content\/uploads\/2022\/02\/jansa-sojenje-feb-22-2-36x20.jpg 36w, https:\/\/novice.si\/page\/wp-content\/uploads\/2022\/02\/jansa-sojenje-feb-22-2-48x27.jpg 48w\" sizes=\"auto, (max-width: 300px) 100vw, 300px\" \/>S tem ostaja v veljavi obsodba celjskega okro\u017enega sodi\u0161\u010da, ki je leta 2021 Jan\u0161i prisodilo tri mesece pogojne zaporne kazni zaradi raz\u017ealitve novinarke RTV Slovenija <strong>Eugenije Carl<\/strong> ter njene nekdanje stanovske kolegice in donedavne poslanke Svobode <strong>Mojce Pa\u0161ek \u0160etinc <\/strong>(na sliki s pravnim poobla\u0161\u010dencem <strong>Stojanom Zdol\u0161kom<\/strong>).<\/p>\n<p>Sodbo je Vi\u0161je sodi\u0161\u010de v Celju potrdilo predlanskega maja.<\/p>\n<p>Kot je znano, si je Jan\u0161a kazenski pregon nakopal zaradi zapisa na tvitu, da sta o\u0161kodovanki odslu\u017eeni prostitutki v javni hi\u0161i.<\/p>\n<p>P\u0160<\/p>\n","protected":false},"excerpt":{"rendered":"<p>Vrhovni sodniki so zavrnili zahtevo za varstvo zakonitosti, ki jo je prvak SDS Janez Jan\u0161a vlo\u017eil preko svojega zagovornika v zadevi \u017daljivi tvit Francija Matoza. S tem ostaja v veljavi obsodba celjskega okro\u017enega sodi\u0161\u010da, ki je leta 2021 Jan\u0161i prisodilo tri mesece pogojne zaporne kazni zaradi raz\u017ealitve novinarke RTV Slovenija Eugenije Carl ter njene nekdanje [&hellip;]<\/p>\n","protected":false},"author":33,"featured_media":149024,"comment_status":"closed","ping_status":"closed","sticky":false,"template":"","format":"standard","meta":{"footnotes":""},"categories":[14,17,29],"tags":[4252,3791,10785,19460,18710,4256,4318,19461],"class_list":{"0":"post-170575","1":"post","2":"type-post","3":"status-publish","4":"format-standard","5":"has-post-thumbnail","7":"category-aktualno","8":"category-celjsko","9":"category-kronika","10":"tag-eugenija-carl","11":"tag-janez-jansa","12":"tag-mojca-pasek-setinc","13":"tag-okrozno-sodisce","14":"tag-visje-sodisce-celje","15":"tag-vrhovno-sodisce","16":"tag-zaljivi-tvit","17":"tag-zavrnjjena-zahteva-za-varstvo-zakonitosti"},"yoast_head":"<!-- This site is optimized with the Yoast SEO plugin v27.4 - https:\/\/yoast.com\/product\/yoast-seo-wordpress\/ -->\n<title>CELJE LJUBLJANA Vrhovni sodniki pri Jan\u0161i prikimali celjskim sodnikom - Novice.si<\/title>\n<meta name=\"robots\" content=\"index, follow, max-snippet:-1, max-image-preview:large, max-video-preview:-1\" \/>\n<link rel=\"canonical\" href=\"https:\/\/novice.si\/page\/celje-ljubljana-vrhovni-sodniki-pri-jansi-prikimali-celjskim-sodnikom\/\" \/>\n<meta property=\"og:locale\" content=\"sl_SI\" \/>\n<meta property=\"og:type\" content=\"article\" \/>\n<meta property=\"og:title\" content=\"CELJE LJUBLJANA Vrhovni sodniki pri Jan\u0161i prikimali celjskim sodnikom - Novice.si\" \/>\n<meta property=\"og:description\" content=\"Vrhovni sodniki so zavrnili zahtevo za varstvo zakonitosti, ki jo je prvak SDS Janez Jan\u0161a vlo\u017eil preko svojega zagovornika v zadevi \u017daljivi tvit Francija Matoza. S tem ostaja v veljavi obsodba celjskega okro\u017enega sodi\u0161\u010da, ki je leta 2021 Jan\u0161i prisodilo tri mesece pogojne zaporne kazni zaradi raz\u017ealitve novinarke RTV Slovenija Eugenije Carl ter njene nekdanje [&hellip;]\" \/>\n<meta property=\"og:url\" content=\"https:\/\/novice.si\/page\/celje-ljubljana-vrhovni-sodniki-pri-jansi-prikimali-celjskim-sodnikom\/\" \/>\n<meta property=\"og:site_name\" content=\"Novice.si\" \/>\n<meta property=\"article:published_time\" content=\"2024-01-03T14:35:48+00:00\" \/>\n<meta property=\"og:image\" content=\"https:\/\/novice.si\/page\/wp-content\/uploads\/2022\/04\/Jansa-14maj21-6.jpg\" \/>\n\t<meta property=\"og:image:width\" content=\"2296\" \/>\n\t<meta property=\"og:image:height\" content=\"2345\" \/>\n\t<meta property=\"og:image:type\" content=\"image\/jpeg\" \/>\n<meta name=\"author\" content=\"Uredni\u0161tvo Celjana\" \/>\n<meta name=\"twitter:card\" content=\"summary_large_image\" \/>\n<meta name=\"twitter:label1\" content=\"Written by\" \/>\n\t<meta name=\"twitter:data1\" content=\"Uredni\u0161tvo Celjana\" \/>\n\t<meta name=\"twitter:label2\" content=\"Est. reading time\" \/>\n\t<meta name=\"twitter:data2\" content=\"1 minuta\" \/>\n<script type=\"application\/ld+json\" class=\"yoast-schema-graph\">{\"@context\":\"https:\\\/\\\/schema.org\",\"@graph\":[{\"@type\":\"Article\",\"@id\":\"https:\\\/\\\/novice.si\\\/page\\\/celje-ljubljana-vrhovni-sodniki-pri-jansi-prikimali-celjskim-sodnikom\\\/#article\",\"isPartOf\":{\"@id\":\"https:\\\/\\\/novice.si\\\/page\\\/celje-ljubljana-vrhovni-sodniki-pri-jansi-prikimali-celjskim-sodnikom\\\/\"},\"author\":{\"name\":\"Uredni\u0161tvo Celjana\",\"@id\":\"https:\\\/\\\/novice.si\\\/page\\\/#\\\/schema\\\/person\\\/57f25c9642a9541c7349c65d32032c3e\"},\"headline\":\"CELJE LJUBLJANA Vrhovni sodniki pri Jan\u0161i prikimali celjskim sodnikom\",\"datePublished\":\"2024-01-03T14:35:48+00:00\",\"mainEntityOfPage\":{\"@id\":\"https:\\\/\\\/novice.si\\\/page\\\/celje-ljubljana-vrhovni-sodniki-pri-jansi-prikimali-celjskim-sodnikom\\\/\"},\"wordCount\":126,\"publisher\":{\"@id\":\"https:\\\/\\\/novice.si\\\/page\\\/#organization\"},\"image\":{\"@id\":\"https:\\\/\\\/novice.si\\\/page\\\/celje-ljubljana-vrhovni-sodniki-pri-jansi-prikimali-celjskim-sodnikom\\\/#primaryimage\"},\"thumbnailUrl\":\"https:\\\/\\\/novice.si\\\/page\\\/wp-content\\\/uploads\\\/2022\\\/04\\\/Jansa-14maj21-6.jpg\",\"keywords\":[\"eugenija carl\",\"janez jan\u0161a\",\"Mojca Pa\u0161ek \u0160etinc\",\"okro\u017eno sodi\u0161\u010de\",\"vi\u0161je sodi\u0161\u010de celje\",\"vrhovno sodi\u0161\u010de\",\"\u017ealjivi tvit\",\"zavrnjjena zahteva za varstvo zakonitosti\"],\"articleSection\":[\"Aktualno\",\"Celjsko\",\"Kronika\"],\"inLanguage\":\"sl-SI\"},{\"@type\":\"WebPage\",\"@id\":\"https:\\\/\\\/novice.si\\\/page\\\/celje-ljubljana-vrhovni-sodniki-pri-jansi-prikimali-celjskim-sodnikom\\\/\",\"url\":\"https:\\\/\\\/novice.si\\\/page\\\/celje-ljubljana-vrhovni-sodniki-pri-jansi-prikimali-celjskim-sodnikom\\\/\",\"name\":\"CELJE LJUBLJANA Vrhovni sodniki pri Jan\u0161i prikimali celjskim sodnikom - Novice.si\",\"isPartOf\":{\"@id\":\"https:\\\/\\\/novice.si\\\/page\\\/#website\"},\"primaryImageOfPage\":{\"@id\":\"https:\\\/\\\/novice.si\\\/page\\\/celje-ljubljana-vrhovni-sodniki-pri-jansi-prikimali-celjskim-sodnikom\\\/#primaryimage\"},\"image\":{\"@id\":\"https:\\\/\\\/novice.si\\\/page\\\/celje-ljubljana-vrhovni-sodniki-pri-jansi-prikimali-celjskim-sodnikom\\\/#primaryimage\"},\"thumbnailUrl\":\"https:\\\/\\\/novice.si\\\/page\\\/wp-content\\\/uploads\\\/2022\\\/04\\\/Jansa-14maj21-6.jpg\",\"datePublished\":\"2024-01-03T14:35:48+00:00\",\"breadcrumb\":{\"@id\":\"https:\\\/\\\/novice.si\\\/page\\\/celje-ljubljana-vrhovni-sodniki-pri-jansi-prikimali-celjskim-sodnikom\\\/#breadcrumb\"},\"inLanguage\":\"sl-SI\",\"potentialAction\":[{\"@type\":\"ReadAction\",\"target\":[\"https:\\\/\\\/novice.si\\\/page\\\/celje-ljubljana-vrhovni-sodniki-pri-jansi-prikimali-celjskim-sodnikom\\\/\"]}]},{\"@type\":\"ImageObject\",\"inLanguage\":\"sl-SI\",\"@id\":\"https:\\\/\\\/novice.si\\\/page\\\/celje-ljubljana-vrhovni-sodniki-pri-jansi-prikimali-celjskim-sodnikom\\\/#primaryimage\",\"url\":\"https:\\\/\\\/novice.si\\\/page\\\/wp-content\\\/uploads\\\/2022\\\/04\\\/Jansa-14maj21-6.jpg\",\"contentUrl\":\"https:\\\/\\\/novice.si\\\/page\\\/wp-content\\\/uploads\\\/2022\\\/04\\\/Jansa-14maj21-6.jpg\",\"width\":2296,\"height\":2345},{\"@type\":\"BreadcrumbList\",\"@id\":\"https:\\\/\\\/novice.si\\\/page\\\/celje-ljubljana-vrhovni-sodniki-pri-jansi-prikimali-celjskim-sodnikom\\\/#breadcrumb\",\"itemListElement\":[{\"@type\":\"ListItem\",\"position\":1,\"name\":\"Home\",\"item\":\"https:\\\/\\\/novice.si\\\/page\\\/\"},{\"@type\":\"ListItem\",\"position\":2,\"name\":\"CELJE LJUBLJANA Vrhovni sodniki pri Jan\u0161i prikimali celjskim sodnikom\"}]},{\"@type\":\"WebSite\",\"@id\":\"https:\\\/\\\/novice.si\\\/page\\\/#website\",\"url\":\"https:\\\/\\\/novice.si\\\/page\\\/\",\"name\":\"Novice.si\",\"description\":\"\",\"publisher\":{\"@id\":\"https:\\\/\\\/novice.si\\\/page\\\/#organization\"},\"potentialAction\":[{\"@type\":\"SearchAction\",\"target\":{\"@type\":\"EntryPoint\",\"urlTemplate\":\"https:\\\/\\\/novice.si\\\/page\\\/?s={search_term_string}\"},\"query-input\":{\"@type\":\"PropertyValueSpecification\",\"valueRequired\":true,\"valueName\":\"search_term_string\"}}],\"inLanguage\":\"sl-SI\"},{\"@type\":\"Organization\",\"@id\":\"https:\\\/\\\/novice.si\\\/page\\\/#organization\",\"name\":\"Novice.si\",\"url\":\"https:\\\/\\\/novice.si\\\/page\\\/\",\"logo\":{\"@type\":\"ImageObject\",\"inLanguage\":\"sl-SI\",\"@id\":\"https:\\\/\\\/novice.si\\\/page\\\/#\\\/schema\\\/logo\\\/image\\\/\",\"url\":\"https:\\\/\\\/novice.si\\\/page\\\/wp-content\\\/uploads\\\/2023\\\/03\\\/novice_si.png\",\"contentUrl\":\"https:\\\/\\\/novice.si\\\/page\\\/wp-content\\\/uploads\\\/2023\\\/03\\\/novice_si.png\",\"width\":576,\"height\":200,\"caption\":\"Novice.si\"},\"image\":{\"@id\":\"https:\\\/\\\/novice.si\\\/page\\\/#\\\/schema\\\/logo\\\/image\\\/\"}},{\"@type\":\"Person\",\"@id\":\"https:\\\/\\\/novice.si\\\/page\\\/#\\\/schema\\\/person\\\/57f25c9642a9541c7349c65d32032c3e\",\"name\":\"Uredni\u0161tvo Celjana\",\"image\":{\"@type\":\"ImageObject\",\"inLanguage\":\"sl-SI\",\"@id\":\"https:\\\/\\\/secure.gravatar.com\\\/avatar\\\/78e52bc4279b65f6df6345e0ef0f7b792d361361f230cf4ffecfe0afe6d5629c?s=96&d=mm&r=g\",\"url\":\"https:\\\/\\\/secure.gravatar.com\\\/avatar\\\/78e52bc4279b65f6df6345e0ef0f7b792d361361f230cf4ffecfe0afe6d5629c?s=96&d=mm&r=g\",\"contentUrl\":\"https:\\\/\\\/secure.gravatar.com\\\/avatar\\\/78e52bc4279b65f6df6345e0ef0f7b792d361361f230cf4ffecfe0afe6d5629c?s=96&d=mm&r=g\",\"caption\":\"Uredni\u0161tvo Celjana\"},\"url\":\"https:\\\/\\\/novice.si\\\/page\\\/author\\\/primoz\\\/\"}]}<\/script>\n<!-- \/ Yoast SEO plugin. -->","yoast_head_json":{"title":"CELJE LJUBLJANA Vrhovni sodniki pri Jan\u0161i prikimali celjskim sodnikom - Novice.si","robots":{"index":"index","follow":"follow","max-snippet":"max-snippet:-1","max-image-preview":"max-image-preview:large","max-video-preview":"max-video-preview:-1"},"canonical":"https:\/\/novice.si\/page\/celje-ljubljana-vrhovni-sodniki-pri-jansi-prikimali-celjskim-sodnikom\/","og_locale":"sl_SI","og_type":"article","og_title":"CELJE LJUBLJANA Vrhovni sodniki pri Jan\u0161i prikimali celjskim sodnikom - Novice.si","og_description":"Vrhovni sodniki so zavrnili zahtevo za varstvo zakonitosti, ki jo je prvak SDS Janez Jan\u0161a vlo\u017eil preko svojega zagovornika v zadevi \u017daljivi tvit Francija Matoza. S tem ostaja v veljavi obsodba celjskega okro\u017enega sodi\u0161\u010da, ki je leta 2021 Jan\u0161i prisodilo tri mesece pogojne zaporne kazni zaradi raz\u017ealitve novinarke RTV Slovenija Eugenije Carl ter njene nekdanje [&hellip;]","og_url":"https:\/\/novice.si\/page\/celje-ljubljana-vrhovni-sodniki-pri-jansi-prikimali-celjskim-sodnikom\/","og_site_name":"Novice.si","article_published_time":"2024-01-03T14:35:48+00:00","og_image":[{"width":2296,"height":2345,"url":"https:\/\/novice.si\/page\/wp-content\/uploads\/2022\/04\/Jansa-14maj21-6.jpg","type":"image\/jpeg"}],"author":"Uredni\u0161tvo Celjana","twitter_card":"summary_large_image","twitter_misc":{"Written by":"Uredni\u0161tvo Celjana","Est. reading time":"1 minuta"},"schema":{"@context":"https:\/\/schema.org","@graph":[{"@type":"Article","@id":"https:\/\/novice.si\/page\/celje-ljubljana-vrhovni-sodniki-pri-jansi-prikimali-celjskim-sodnikom\/#article","isPartOf":{"@id":"https:\/\/novice.si\/page\/celje-ljubljana-vrhovni-sodniki-pri-jansi-prikimali-celjskim-sodnikom\/"},"author":{"name":"Uredni\u0161tvo Celjana","@id":"https:\/\/novice.si\/page\/#\/schema\/person\/57f25c9642a9541c7349c65d32032c3e"},"headline":"CELJE LJUBLJANA Vrhovni sodniki pri Jan\u0161i prikimali celjskim sodnikom","datePublished":"2024-01-03T14:35:48+00:00","mainEntityOfPage":{"@id":"https:\/\/novice.si\/page\/celje-ljubljana-vrhovni-sodniki-pri-jansi-prikimali-celjskim-sodnikom\/"},"wordCount":126,"publisher":{"@id":"https:\/\/novice.si\/page\/#organization"},"image":{"@id":"https:\/\/novice.si\/page\/celje-ljubljana-vrhovni-sodniki-pri-jansi-prikimali-celjskim-sodnikom\/#primaryimage"},"thumbnailUrl":"https:\/\/novice.si\/page\/wp-content\/uploads\/2022\/04\/Jansa-14maj21-6.jpg","keywords":["eugenija carl","janez jan\u0161a","Mojca Pa\u0161ek \u0160etinc","okro\u017eno sodi\u0161\u010de","vi\u0161je sodi\u0161\u010de celje","vrhovno sodi\u0161\u010de","\u017ealjivi tvit","zavrnjjena zahteva za varstvo zakonitosti"],"articleSection":["Aktualno","Celjsko","Kronika"],"inLanguage":"sl-SI"},{"@type":"WebPage","@id":"https:\/\/novice.si\/page\/celje-ljubljana-vrhovni-sodniki-pri-jansi-prikimali-celjskim-sodnikom\/","url":"https:\/\/novice.si\/page\/celje-ljubljana-vrhovni-sodniki-pri-jansi-prikimali-celjskim-sodnikom\/","name":"CELJE LJUBLJANA Vrhovni sodniki pri Jan\u0161i prikimali celjskim sodnikom - Novice.si","isPartOf":{"@id":"https:\/\/novice.si\/page\/#website"},"primaryImageOfPage":{"@id":"https:\/\/novice.si\/page\/celje-ljubljana-vrhovni-sodniki-pri-jansi-prikimali-celjskim-sodnikom\/#primaryimage"},"image":{"@id":"https:\/\/novice.si\/page\/celje-ljubljana-vrhovni-sodniki-pri-jansi-prikimali-celjskim-sodnikom\/#primaryimage"},"thumbnailUrl":"https:\/\/novice.si\/page\/wp-content\/uploads\/2022\/04\/Jansa-14maj21-6.jpg","datePublished":"2024-01-03T14:35:48+00:00","breadcrumb":{"@id":"https:\/\/novice.si\/page\/celje-ljubljana-vrhovni-sodniki-pri-jansi-prikimali-celjskim-sodnikom\/#breadcrumb"},"inLanguage":"sl-SI","potentialAction":[{"@type":"ReadAction","target":["https:\/\/novice.si\/page\/celje-ljubljana-vrhovni-sodniki-pri-jansi-prikimali-celjskim-sodnikom\/"]}]},{"@type":"ImageObject","inLanguage":"sl-SI","@id":"https:\/\/novice.si\/page\/celje-ljubljana-vrhovni-sodniki-pri-jansi-prikimali-celjskim-sodnikom\/#primaryimage","url":"https:\/\/novice.si\/page\/wp-content\/uploads\/2022\/04\/Jansa-14maj21-6.jpg","contentUrl":"https:\/\/novice.si\/page\/wp-content\/uploads\/2022\/04\/Jansa-14maj21-6.jpg","width":2296,"height":2345},{"@type":"BreadcrumbList","@id":"https:\/\/novice.si\/page\/celje-ljubljana-vrhovni-sodniki-pri-jansi-prikimali-celjskim-sodnikom\/#breadcrumb","itemListElement":[{"@type":"ListItem","position":1,"name":"Home","item":"https:\/\/novice.si\/page\/"},{"@type":"ListItem","position":2,"name":"CELJE LJUBLJANA Vrhovni sodniki pri Jan\u0161i prikimali celjskim sodnikom"}]},{"@type":"WebSite","@id":"https:\/\/novice.si\/page\/#website","url":"https:\/\/novice.si\/page\/","name":"Novice.si","description":"","publisher":{"@id":"https:\/\/novice.si\/page\/#organization"},"potentialAction":[{"@type":"SearchAction","target":{"@type":"EntryPoint","urlTemplate":"https:\/\/novice.si\/page\/?s={search_term_string}"},"query-input":{"@type":"PropertyValueSpecification","valueRequired":true,"valueName":"search_term_string"}}],"inLanguage":"sl-SI"},{"@type":"Organization","@id":"https:\/\/novice.si\/page\/#organization","name":"Novice.si","url":"https:\/\/novice.si\/page\/","logo":{"@type":"ImageObject","inLanguage":"sl-SI","@id":"https:\/\/novice.si\/page\/#\/schema\/logo\/image\/","url":"https:\/\/novice.si\/page\/wp-content\/uploads\/2023\/03\/novice_si.png","contentUrl":"https:\/\/novice.si\/page\/wp-content\/uploads\/2023\/03\/novice_si.png","width":576,"height":200,"caption":"Novice.si"},"image":{"@id":"https:\/\/novice.si\/page\/#\/schema\/logo\/image\/"}},{"@type":"Person","@id":"https:\/\/novice.si\/page\/#\/schema\/person\/57f25c9642a9541c7349c65d32032c3e","name":"Uredni\u0161tvo Celjana","image":{"@type":"ImageObject","inLanguage":"sl-SI","@id":"https:\/\/secure.gravatar.com\/avatar\/78e52bc4279b65f6df6345e0ef0f7b792d361361f230cf4ffecfe0afe6d5629c?s=96&d=mm&r=g","url":"https:\/\/secure.gravatar.com\/avatar\/78e52bc4279b65f6df6345e0ef0f7b792d361361f230cf4ffecfe0afe6d5629c?s=96&d=mm&r=g","contentUrl":"https:\/\/secure.gravatar.com\/avatar\/78e52bc4279b65f6df6345e0ef0f7b792d361361f230cf4ffecfe0afe6d5629c?s=96&d=mm&r=g","caption":"Uredni\u0161tvo Celjana"},"url":"https:\/\/novice.si\/page\/author\/primoz\/"}]}},"_links":{"self":[{"href":"https:\/\/novice.si\/page\/wp-json\/wp\/v2\/posts\/170575","targetHints":{"allow":["GET"]}}],"collection":[{"href":"https:\/\/novice.si\/page\/wp-json\/wp\/v2\/posts"}],"about":[{"href":"https:\/\/novice.si\/page\/wp-json\/wp\/v2\/types\/post"}],"author":[{"embeddable":true,"href":"https:\/\/novice.si\/page\/wp-json\/wp\/v2\/users\/33"}],"replies":[{"embeddable":true,"href":"https:\/\/novice.si\/page\/wp-json\/wp\/v2\/comments?post=170575"}],"version-history":[{"count":1,"href":"https:\/\/novice.si\/page\/wp-json\/wp\/v2\/posts\/170575\/revisions"}],"predecessor-version":[{"id":170576,"href":"https:\/\/novice.si\/page\/wp-json\/wp\/v2\/posts\/170575\/revisions\/170576"}],"wp:featuredmedia":[{"embeddable":true,"href":"https:\/\/novice.si\/page\/wp-json\/wp\/v2\/media\/149024"}],"wp:attachment":[{"href":"https:\/\/novice.si\/page\/wp-json\/wp\/v2\/media?parent=170575"}],"wp:term":[{"taxonomy":"category","embeddable":true,"href":"https:\/\/novice.si\/page\/wp-json\/wp\/v2\/categories?post=170575"},{"taxonomy":"post_tag","embeddable":true,"href":"https:\/\/novice.si\/page\/wp-json\/wp\/v2\/tags?post=170575"}],"curies":[{"name":"wp","href":"https:\/\/api.w.org\/{rel}","templated":true}]}}