{"id":170561,"date":"2024-01-03T15:19:33","date_gmt":"2024-01-03T14:19:33","guid":{"rendered":"https:\/\/novice.si\/page\/?p=170561"},"modified":"2024-01-03T15:19:33","modified_gmt":"2024-01-03T14:19:33","slug":"celje-obisk-pravljicnega-celja-desetino-visji","status":"publish","type":"post","link":"https:\/\/novice.si\/page\/celje-obisk-pravljicnega-celja-desetino-visji\/","title":{"rendered":"CELJE Obisk Pravlji\u010dnega Celja desetino vi\u0161ji"},"content":{"rendered":"<p>Po ocenah organizatorja Javnega zavoda Celeia je leto\u0161nji obisk Pravlji\u010dnega Celja za desetino presegel lanskega.<\/p>\n<p><img loading=\"lazy\" decoding=\"async\" class=\"wp-image-170562 alignleft\" src=\"https:\/\/novice.si\/page\/wp-content\/uploads\/2024\/01\/NY_23_24_Celje_foto_Nik_Jarh-5-600x400.jpg\" alt=\"\" width=\"308\" height=\"205\" srcset=\"https:\/\/novice.si\/page\/wp-content\/uploads\/2024\/01\/NY_23_24_Celje_foto_Nik_Jarh-5-600x400.jpg 600w, https:\/\/novice.si\/page\/wp-content\/uploads\/2024\/01\/NY_23_24_Celje_foto_Nik_Jarh-5-1024x683.jpg 1024w, https:\/\/novice.si\/page\/wp-content\/uploads\/2024\/01\/NY_23_24_Celje_foto_Nik_Jarh-5-768x512.jpg 768w, https:\/\/novice.si\/page\/wp-content\/uploads\/2024\/01\/NY_23_24_Celje_foto_Nik_Jarh-5-1536x1024.jpg 1536w, https:\/\/novice.si\/page\/wp-content\/uploads\/2024\/01\/NY_23_24_Celje_foto_Nik_Jarh-5-696x464.jpg 696w, https:\/\/novice.si\/page\/wp-content\/uploads\/2024\/01\/NY_23_24_Celje_foto_Nik_Jarh-5-1068x712.jpg 1068w, https:\/\/novice.si\/page\/wp-content\/uploads\/2024\/01\/NY_23_24_Celje_foto_Nik_Jarh-5-630x420.jpg 630w, https:\/\/novice.si\/page\/wp-content\/uploads\/2024\/01\/NY_23_24_Celje_foto_Nik_Jarh-5-24x16.jpg 24w, https:\/\/novice.si\/page\/wp-content\/uploads\/2024\/01\/NY_23_24_Celje_foto_Nik_Jarh-5-36x24.jpg 36w, https:\/\/novice.si\/page\/wp-content\/uploads\/2024\/01\/NY_23_24_Celje_foto_Nik_Jarh-5-48x32.jpg 48w, https:\/\/novice.si\/page\/wp-content\/uploads\/2024\/01\/NY_23_24_Celje_foto_Nik_Jarh-5.jpg 1920w\" sizes=\"auto, (max-width: 308px) 100vw, 308px\" \/>Nekaj ve\u010d kot 60 prireditev naj bi si tako ogledalo okoli 80 tiso\u010d obiskovalcev, kar je po besedah <strong>Tine Huremovi\u010d<\/strong> iz JZ Celeia zadovoljivo.<\/p>\n<p>\u00bbPravlji\u010dno Celje je prav vsak dan, od pri\u017eiga lu\u010dk dalje, postreglo vsaj z eno programsko vsebino, k obisku smo privabili ne le lokalno prebivalstvo, ampak tudi obiskovalce iz drugih slovenskih krajev in tujine, z dogodki smo nagovarjali razli\u010dne ciljne javnosti in generacije, spodbujali kreativnost in ohranjanje kulturne dedi\u0161\u010dine lokalnih ustvarjalcev, dru\u0161tev, zavodov, okrepili sodelovanje z drugimi dele\u017eniki v mestu ter z novostmi poskrbeli, da se je Celje na turisti\u010dnem zemljevidu \u0161e bolj pozicioniralo kot obiska vredna adventna destinacija.\u00ab<\/p>\n<p>P\u0160<\/p>\n","protected":false},"excerpt":{"rendered":"<p>Po ocenah organizatorja Javnega zavoda Celeia je leto\u0161nji obisk Pravlji\u010dnega Celja za desetino presegel lanskega. Nekaj ve\u010d kot 60 prireditev naj bi si tako ogledalo okoli 80 tiso\u010d obiskovalcev, kar je po besedah Tine Huremovi\u010d iz JZ Celeia zadovoljivo. \u00bbPravlji\u010dno Celje je prav vsak dan, od pri\u017eiga lu\u010dk dalje, postreglo vsaj z eno programsko vsebino, [&hellip;]<\/p>\n","protected":false},"author":33,"featured_media":170568,"comment_status":"closed","ping_status":"closed","sticky":false,"template":"","format":"standard","meta":{"footnotes":""},"categories":[17],"tags":[19456,19458,2022,19459,19457],"class_list":{"0":"post-170561","1":"post","2":"type-post","3":"status-publish","4":"format-standard","5":"has-post-thumbnail","7":"category-celjsko","8":"tag-jz-celeia","9":"tag-ocena-prireditev","10":"tag-pravljicno-celje","11":"tag-rekordni-obisk","12":"tag-tina-huremovic"},"yoast_head":"<!-- This site is optimized with the Yoast SEO plugin v27.4 - https:\/\/yoast.com\/product\/yoast-seo-wordpress\/ -->\n<title>CELJE Obisk Pravlji\u010dnega Celja desetino vi\u0161ji - Novice.si<\/title>\n<meta name=\"robots\" content=\"index, follow, max-snippet:-1, max-image-preview:large, max-video-preview:-1\" \/>\n<link rel=\"canonical\" href=\"https:\/\/novice.si\/page\/celje-obisk-pravljicnega-celja-desetino-visji\/\" \/>\n<meta property=\"og:locale\" content=\"sl_SI\" \/>\n<meta property=\"og:type\" content=\"article\" \/>\n<meta property=\"og:title\" content=\"CELJE Obisk Pravlji\u010dnega Celja desetino vi\u0161ji - Novice.si\" \/>\n<meta property=\"og:description\" content=\"Po ocenah organizatorja Javnega zavoda Celeia je leto\u0161nji obisk Pravlji\u010dnega Celja za desetino presegel lanskega. Nekaj ve\u010d kot 60 prireditev naj bi si tako ogledalo okoli 80 tiso\u010d obiskovalcev, kar je po besedah Tine Huremovi\u010d iz JZ Celeia zadovoljivo. \u00bbPravlji\u010dno Celje je prav vsak dan, od pri\u017eiga lu\u010dk dalje, postreglo vsaj z eno programsko vsebino, [&hellip;]\" \/>\n<meta property=\"og:url\" content=\"https:\/\/novice.si\/page\/celje-obisk-pravljicnega-celja-desetino-visji\/\" \/>\n<meta property=\"og:site_name\" content=\"Novice.si\" \/>\n<meta property=\"article:published_time\" content=\"2024-01-03T14:19:33+00:00\" \/>\n<meta property=\"og:image\" content=\"https:\/\/novice.si\/page\/wp-content\/uploads\/2024\/01\/Svetovni-dan-zborovskega-petja-39-scaled.jpg\" \/>\n\t<meta property=\"og:image:width\" content=\"2560\" \/>\n\t<meta property=\"og:image:height\" content=\"1707\" \/>\n\t<meta property=\"og:image:type\" content=\"image\/jpeg\" \/>\n<meta name=\"author\" content=\"Uredni\u0161tvo Celjana\" \/>\n<meta name=\"twitter:card\" content=\"summary_large_image\" \/>\n<meta name=\"twitter:label1\" content=\"Written by\" \/>\n\t<meta name=\"twitter:data1\" content=\"Uredni\u0161tvo Celjana\" \/>\n\t<meta name=\"twitter:label2\" content=\"Est. reading time\" \/>\n\t<meta name=\"twitter:data2\" content=\"2 minuti\" \/>\n<script type=\"application\/ld+json\" class=\"yoast-schema-graph\">{\"@context\":\"https:\\\/\\\/schema.org\",\"@graph\":[{\"@type\":\"Article\",\"@id\":\"https:\\\/\\\/novice.si\\\/page\\\/celje-obisk-pravljicnega-celja-desetino-visji\\\/#article\",\"isPartOf\":{\"@id\":\"https:\\\/\\\/novice.si\\\/page\\\/celje-obisk-pravljicnega-celja-desetino-visji\\\/\"},\"author\":{\"name\":\"Uredni\u0161tvo Celjana\",\"@id\":\"https:\\\/\\\/novice.si\\\/page\\\/#\\\/schema\\\/person\\\/57f25c9642a9541c7349c65d32032c3e\"},\"headline\":\"CELJE Obisk Pravlji\u010dnega Celja desetino vi\u0161ji\",\"datePublished\":\"2024-01-03T14:19:33+00:00\",\"mainEntityOfPage\":{\"@id\":\"https:\\\/\\\/novice.si\\\/page\\\/celje-obisk-pravljicnega-celja-desetino-visji\\\/\"},\"wordCount\":134,\"publisher\":{\"@id\":\"https:\\\/\\\/novice.si\\\/page\\\/#organization\"},\"image\":{\"@id\":\"https:\\\/\\\/novice.si\\\/page\\\/celje-obisk-pravljicnega-celja-desetino-visji\\\/#primaryimage\"},\"thumbnailUrl\":\"https:\\\/\\\/novice.si\\\/page\\\/wp-content\\\/uploads\\\/2024\\\/01\\\/Svetovni-dan-zborovskega-petja-39-scaled.jpg\",\"keywords\":[\"JZ Celeia\",\"ocena prireditev\",\"Pravlji\u010dno Celje\",\"rekordni obisk\",\"Tina Huremovi\u010d\"],\"articleSection\":[\"Celjsko\"],\"inLanguage\":\"sl-SI\"},{\"@type\":\"WebPage\",\"@id\":\"https:\\\/\\\/novice.si\\\/page\\\/celje-obisk-pravljicnega-celja-desetino-visji\\\/\",\"url\":\"https:\\\/\\\/novice.si\\\/page\\\/celje-obisk-pravljicnega-celja-desetino-visji\\\/\",\"name\":\"CELJE Obisk Pravlji\u010dnega Celja desetino vi\u0161ji - Novice.si\",\"isPartOf\":{\"@id\":\"https:\\\/\\\/novice.si\\\/page\\\/#website\"},\"primaryImageOfPage\":{\"@id\":\"https:\\\/\\\/novice.si\\\/page\\\/celje-obisk-pravljicnega-celja-desetino-visji\\\/#primaryimage\"},\"image\":{\"@id\":\"https:\\\/\\\/novice.si\\\/page\\\/celje-obisk-pravljicnega-celja-desetino-visji\\\/#primaryimage\"},\"thumbnailUrl\":\"https:\\\/\\\/novice.si\\\/page\\\/wp-content\\\/uploads\\\/2024\\\/01\\\/Svetovni-dan-zborovskega-petja-39-scaled.jpg\",\"datePublished\":\"2024-01-03T14:19:33+00:00\",\"breadcrumb\":{\"@id\":\"https:\\\/\\\/novice.si\\\/page\\\/celje-obisk-pravljicnega-celja-desetino-visji\\\/#breadcrumb\"},\"inLanguage\":\"sl-SI\",\"potentialAction\":[{\"@type\":\"ReadAction\",\"target\":[\"https:\\\/\\\/novice.si\\\/page\\\/celje-obisk-pravljicnega-celja-desetino-visji\\\/\"]}]},{\"@type\":\"ImageObject\",\"inLanguage\":\"sl-SI\",\"@id\":\"https:\\\/\\\/novice.si\\\/page\\\/celje-obisk-pravljicnega-celja-desetino-visji\\\/#primaryimage\",\"url\":\"https:\\\/\\\/novice.si\\\/page\\\/wp-content\\\/uploads\\\/2024\\\/01\\\/Svetovni-dan-zborovskega-petja-39-scaled.jpg\",\"contentUrl\":\"https:\\\/\\\/novice.si\\\/page\\\/wp-content\\\/uploads\\\/2024\\\/01\\\/Svetovni-dan-zborovskega-petja-39-scaled.jpg\",\"width\":2560,\"height\":1707},{\"@type\":\"BreadcrumbList\",\"@id\":\"https:\\\/\\\/novice.si\\\/page\\\/celje-obisk-pravljicnega-celja-desetino-visji\\\/#breadcrumb\",\"itemListElement\":[{\"@type\":\"ListItem\",\"position\":1,\"name\":\"Home\",\"item\":\"https:\\\/\\\/novice.si\\\/page\\\/\"},{\"@type\":\"ListItem\",\"position\":2,\"name\":\"CELJE Obisk Pravlji\u010dnega Celja desetino vi\u0161ji\"}]},{\"@type\":\"WebSite\",\"@id\":\"https:\\\/\\\/novice.si\\\/page\\\/#website\",\"url\":\"https:\\\/\\\/novice.si\\\/page\\\/\",\"name\":\"Novice.si\",\"description\":\"\",\"publisher\":{\"@id\":\"https:\\\/\\\/novice.si\\\/page\\\/#organization\"},\"potentialAction\":[{\"@type\":\"SearchAction\",\"target\":{\"@type\":\"EntryPoint\",\"urlTemplate\":\"https:\\\/\\\/novice.si\\\/page\\\/?s={search_term_string}\"},\"query-input\":{\"@type\":\"PropertyValueSpecification\",\"valueRequired\":true,\"valueName\":\"search_term_string\"}}],\"inLanguage\":\"sl-SI\"},{\"@type\":\"Organization\",\"@id\":\"https:\\\/\\\/novice.si\\\/page\\\/#organization\",\"name\":\"Novice.si\",\"url\":\"https:\\\/\\\/novice.si\\\/page\\\/\",\"logo\":{\"@type\":\"ImageObject\",\"inLanguage\":\"sl-SI\",\"@id\":\"https:\\\/\\\/novice.si\\\/page\\\/#\\\/schema\\\/logo\\\/image\\\/\",\"url\":\"https:\\\/\\\/novice.si\\\/page\\\/wp-content\\\/uploads\\\/2023\\\/03\\\/novice_si.png\",\"contentUrl\":\"https:\\\/\\\/novice.si\\\/page\\\/wp-content\\\/uploads\\\/2023\\\/03\\\/novice_si.png\",\"width\":576,\"height\":200,\"caption\":\"Novice.si\"},\"image\":{\"@id\":\"https:\\\/\\\/novice.si\\\/page\\\/#\\\/schema\\\/logo\\\/image\\\/\"}},{\"@type\":\"Person\",\"@id\":\"https:\\\/\\\/novice.si\\\/page\\\/#\\\/schema\\\/person\\\/57f25c9642a9541c7349c65d32032c3e\",\"name\":\"Uredni\u0161tvo Celjana\",\"image\":{\"@type\":\"ImageObject\",\"inLanguage\":\"sl-SI\",\"@id\":\"https:\\\/\\\/secure.gravatar.com\\\/avatar\\\/78e52bc4279b65f6df6345e0ef0f7b792d361361f230cf4ffecfe0afe6d5629c?s=96&d=mm&r=g\",\"url\":\"https:\\\/\\\/secure.gravatar.com\\\/avatar\\\/78e52bc4279b65f6df6345e0ef0f7b792d361361f230cf4ffecfe0afe6d5629c?s=96&d=mm&r=g\",\"contentUrl\":\"https:\\\/\\\/secure.gravatar.com\\\/avatar\\\/78e52bc4279b65f6df6345e0ef0f7b792d361361f230cf4ffecfe0afe6d5629c?s=96&d=mm&r=g\",\"caption\":\"Uredni\u0161tvo Celjana\"},\"url\":\"https:\\\/\\\/novice.si\\\/page\\\/author\\\/primoz\\\/\"}]}<\/script>\n<!-- \/ Yoast SEO plugin. -->","yoast_head_json":{"title":"CELJE Obisk Pravlji\u010dnega Celja desetino vi\u0161ji - Novice.si","robots":{"index":"index","follow":"follow","max-snippet":"max-snippet:-1","max-image-preview":"max-image-preview:large","max-video-preview":"max-video-preview:-1"},"canonical":"https:\/\/novice.si\/page\/celje-obisk-pravljicnega-celja-desetino-visji\/","og_locale":"sl_SI","og_type":"article","og_title":"CELJE Obisk Pravlji\u010dnega Celja desetino vi\u0161ji - Novice.si","og_description":"Po ocenah organizatorja Javnega zavoda Celeia je leto\u0161nji obisk Pravlji\u010dnega Celja za desetino presegel lanskega. Nekaj ve\u010d kot 60 prireditev naj bi si tako ogledalo okoli 80 tiso\u010d obiskovalcev, kar je po besedah Tine Huremovi\u010d iz JZ Celeia zadovoljivo. \u00bbPravlji\u010dno Celje je prav vsak dan, od pri\u017eiga lu\u010dk dalje, postreglo vsaj z eno programsko vsebino, [&hellip;]","og_url":"https:\/\/novice.si\/page\/celje-obisk-pravljicnega-celja-desetino-visji\/","og_site_name":"Novice.si","article_published_time":"2024-01-03T14:19:33+00:00","og_image":[{"width":2560,"height":1707,"url":"https:\/\/novice.si\/page\/wp-content\/uploads\/2024\/01\/Svetovni-dan-zborovskega-petja-39-scaled.jpg","type":"image\/jpeg"}],"author":"Uredni\u0161tvo Celjana","twitter_card":"summary_large_image","twitter_misc":{"Written by":"Uredni\u0161tvo Celjana","Est. reading time":"2 minuti"},"schema":{"@context":"https:\/\/schema.org","@graph":[{"@type":"Article","@id":"https:\/\/novice.si\/page\/celje-obisk-pravljicnega-celja-desetino-visji\/#article","isPartOf":{"@id":"https:\/\/novice.si\/page\/celje-obisk-pravljicnega-celja-desetino-visji\/"},"author":{"name":"Uredni\u0161tvo Celjana","@id":"https:\/\/novice.si\/page\/#\/schema\/person\/57f25c9642a9541c7349c65d32032c3e"},"headline":"CELJE Obisk Pravlji\u010dnega Celja desetino vi\u0161ji","datePublished":"2024-01-03T14:19:33+00:00","mainEntityOfPage":{"@id":"https:\/\/novice.si\/page\/celje-obisk-pravljicnega-celja-desetino-visji\/"},"wordCount":134,"publisher":{"@id":"https:\/\/novice.si\/page\/#organization"},"image":{"@id":"https:\/\/novice.si\/page\/celje-obisk-pravljicnega-celja-desetino-visji\/#primaryimage"},"thumbnailUrl":"https:\/\/novice.si\/page\/wp-content\/uploads\/2024\/01\/Svetovni-dan-zborovskega-petja-39-scaled.jpg","keywords":["JZ Celeia","ocena prireditev","Pravlji\u010dno Celje","rekordni obisk","Tina Huremovi\u010d"],"articleSection":["Celjsko"],"inLanguage":"sl-SI"},{"@type":"WebPage","@id":"https:\/\/novice.si\/page\/celje-obisk-pravljicnega-celja-desetino-visji\/","url":"https:\/\/novice.si\/page\/celje-obisk-pravljicnega-celja-desetino-visji\/","name":"CELJE Obisk Pravlji\u010dnega Celja desetino vi\u0161ji - Novice.si","isPartOf":{"@id":"https:\/\/novice.si\/page\/#website"},"primaryImageOfPage":{"@id":"https:\/\/novice.si\/page\/celje-obisk-pravljicnega-celja-desetino-visji\/#primaryimage"},"image":{"@id":"https:\/\/novice.si\/page\/celje-obisk-pravljicnega-celja-desetino-visji\/#primaryimage"},"thumbnailUrl":"https:\/\/novice.si\/page\/wp-content\/uploads\/2024\/01\/Svetovni-dan-zborovskega-petja-39-scaled.jpg","datePublished":"2024-01-03T14:19:33+00:00","breadcrumb":{"@id":"https:\/\/novice.si\/page\/celje-obisk-pravljicnega-celja-desetino-visji\/#breadcrumb"},"inLanguage":"sl-SI","potentialAction":[{"@type":"ReadAction","target":["https:\/\/novice.si\/page\/celje-obisk-pravljicnega-celja-desetino-visji\/"]}]},{"@type":"ImageObject","inLanguage":"sl-SI","@id":"https:\/\/novice.si\/page\/celje-obisk-pravljicnega-celja-desetino-visji\/#primaryimage","url":"https:\/\/novice.si\/page\/wp-content\/uploads\/2024\/01\/Svetovni-dan-zborovskega-petja-39-scaled.jpg","contentUrl":"https:\/\/novice.si\/page\/wp-content\/uploads\/2024\/01\/Svetovni-dan-zborovskega-petja-39-scaled.jpg","width":2560,"height":1707},{"@type":"BreadcrumbList","@id":"https:\/\/novice.si\/page\/celje-obisk-pravljicnega-celja-desetino-visji\/#breadcrumb","itemListElement":[{"@type":"ListItem","position":1,"name":"Home","item":"https:\/\/novice.si\/page\/"},{"@type":"ListItem","position":2,"name":"CELJE Obisk Pravlji\u010dnega Celja desetino vi\u0161ji"}]},{"@type":"WebSite","@id":"https:\/\/novice.si\/page\/#website","url":"https:\/\/novice.si\/page\/","name":"Novice.si","description":"","publisher":{"@id":"https:\/\/novice.si\/page\/#organization"},"potentialAction":[{"@type":"SearchAction","target":{"@type":"EntryPoint","urlTemplate":"https:\/\/novice.si\/page\/?s={search_term_string}"},"query-input":{"@type":"PropertyValueSpecification","valueRequired":true,"valueName":"search_term_string"}}],"inLanguage":"sl-SI"},{"@type":"Organization","@id":"https:\/\/novice.si\/page\/#organization","name":"Novice.si","url":"https:\/\/novice.si\/page\/","logo":{"@type":"ImageObject","inLanguage":"sl-SI","@id":"https:\/\/novice.si\/page\/#\/schema\/logo\/image\/","url":"https:\/\/novice.si\/page\/wp-content\/uploads\/2023\/03\/novice_si.png","contentUrl":"https:\/\/novice.si\/page\/wp-content\/uploads\/2023\/03\/novice_si.png","width":576,"height":200,"caption":"Novice.si"},"image":{"@id":"https:\/\/novice.si\/page\/#\/schema\/logo\/image\/"}},{"@type":"Person","@id":"https:\/\/novice.si\/page\/#\/schema\/person\/57f25c9642a9541c7349c65d32032c3e","name":"Uredni\u0161tvo Celjana","image":{"@type":"ImageObject","inLanguage":"sl-SI","@id":"https:\/\/secure.gravatar.com\/avatar\/78e52bc4279b65f6df6345e0ef0f7b792d361361f230cf4ffecfe0afe6d5629c?s=96&d=mm&r=g","url":"https:\/\/secure.gravatar.com\/avatar\/78e52bc4279b65f6df6345e0ef0f7b792d361361f230cf4ffecfe0afe6d5629c?s=96&d=mm&r=g","contentUrl":"https:\/\/secure.gravatar.com\/avatar\/78e52bc4279b65f6df6345e0ef0f7b792d361361f230cf4ffecfe0afe6d5629c?s=96&d=mm&r=g","caption":"Uredni\u0161tvo Celjana"},"url":"https:\/\/novice.si\/page\/author\/primoz\/"}]}},"_links":{"self":[{"href":"https:\/\/novice.si\/page\/wp-json\/wp\/v2\/posts\/170561","targetHints":{"allow":["GET"]}}],"collection":[{"href":"https:\/\/novice.si\/page\/wp-json\/wp\/v2\/posts"}],"about":[{"href":"https:\/\/novice.si\/page\/wp-json\/wp\/v2\/types\/post"}],"author":[{"embeddable":true,"href":"https:\/\/novice.si\/page\/wp-json\/wp\/v2\/users\/33"}],"replies":[{"embeddable":true,"href":"https:\/\/novice.si\/page\/wp-json\/wp\/v2\/comments?post=170561"}],"version-history":[{"count":1,"href":"https:\/\/novice.si\/page\/wp-json\/wp\/v2\/posts\/170561\/revisions"}],"predecessor-version":[{"id":170572,"href":"https:\/\/novice.si\/page\/wp-json\/wp\/v2\/posts\/170561\/revisions\/170572"}],"wp:featuredmedia":[{"embeddable":true,"href":"https:\/\/novice.si\/page\/wp-json\/wp\/v2\/media\/170568"}],"wp:attachment":[{"href":"https:\/\/novice.si\/page\/wp-json\/wp\/v2\/media?parent=170561"}],"wp:term":[{"taxonomy":"category","embeddable":true,"href":"https:\/\/novice.si\/page\/wp-json\/wp\/v2\/categories?post=170561"},{"taxonomy":"post_tag","embeddable":true,"href":"https:\/\/novice.si\/page\/wp-json\/wp\/v2\/tags?post=170561"}],"curies":[{"name":"wp","href":"https:\/\/api.w.org\/{rel}","templated":true}]}}