{"id":170479,"date":"2023-12-31T15:27:07","date_gmt":"2023-12-31T14:27:07","guid":{"rendered":"https:\/\/novice.si\/page\/?p=170479"},"modified":"2023-12-31T15:27:07","modified_gmt":"2023-12-31T14:27:07","slug":"rogla-tudi-to-zimo-v-koledarju-tekem-mednarodne-smucarske-zveze","status":"publish","type":"post","link":"https:\/\/novice.si\/page\/rogla-tudi-to-zimo-v-koledarju-tekem-mednarodne-smucarske-zveze\/","title":{"rendered":"Rogla tudi to zimo v koledarju tekem Mednarodne smu\u010darske zveze"},"content":{"rendered":"<p><img loading=\"lazy\" decoding=\"async\" class=\"size-medium wp-image-160777\" src=\"https:\/\/novice.si\/page\/wp-content\/uploads\/2023\/03\/rogla-deskanje-foto-Miha-Matavz-FIS_resize-300x200.jpg\" alt=\"\" width=\"300\" height=\"200\" srcset=\"https:\/\/novice.si\/page\/wp-content\/uploads\/2023\/03\/rogla-deskanje-foto-Miha-Matavz-FIS_resize-300x200.jpg 300w, https:\/\/novice.si\/page\/wp-content\/uploads\/2023\/03\/rogla-deskanje-foto-Miha-Matavz-FIS_resize-768x511.jpg 768w, https:\/\/novice.si\/page\/wp-content\/uploads\/2023\/03\/rogla-deskanje-foto-Miha-Matavz-FIS_resize-696x463.jpg 696w, https:\/\/novice.si\/page\/wp-content\/uploads\/2023\/03\/rogla-deskanje-foto-Miha-Matavz-FIS_resize-632x420.jpg 632w, https:\/\/novice.si\/page\/wp-content\/uploads\/2023\/03\/rogla-deskanje-foto-Miha-Matavz-FIS_resize-24x16.jpg 24w, https:\/\/novice.si\/page\/wp-content\/uploads\/2023\/03\/rogla-deskanje-foto-Miha-Matavz-FIS_resize-36x24.jpg 36w, https:\/\/novice.si\/page\/wp-content\/uploads\/2023\/03\/rogla-deskanje-foto-Miha-Matavz-FIS_resize-48x32.jpg 48w, https:\/\/novice.si\/page\/wp-content\/uploads\/2023\/03\/rogla-deskanje-foto-Miha-Matavz-FIS_resize.jpg 800w\" sizes=\"auto, (max-width: 300px) 100vw, 300px\" \/><\/p>\n<p>Tekmovanja v zimskih \u0161portih so na razli\u010dnih nivojih \u017ee v polnem teku. Tudi v tej sezoni pa bo nekaj tekem gostila Rogla. Alpski smu\u010darji imajo v koledarju Mednarodne smu\u010darske zveze (FIS) 14. in 15. januarja \u0161tiri slalome (dva \u017eenska in dva mo\u0161ka) kategorije FIS. Ob koncu zime, 15. in 16. marca, so predvidene \u0161e \u0161tiri tekme. Tako \u017eenske kot mo\u0161ki bodo takrat tekmovali vsak na dveh veleslalomih kategorije FIS.<br \/>\nNajbolj odmevno tekmovanje v zimi 2023\/2024 na Rogli bo znova svetovni pokal v deskanju na snegu. Paralelni veleslalom za \u017eenske in mo\u0161ke se znova seli na januarski termin, tokrat bo 25. januarja. Bo pa Rogla najbolj\u0161e deskarje alpskega sloga na svetu gostila \u017ee dvanajsto leto zapored, saj je med gostitelji svetovnega pokala \u017ee vse od leta 2013. Skupno pa bo naslednja tekma \u017ee trinajsta, saj so imeli deskarji leta 2018 na Rogli dvojni program. (Jure Mernik)<br \/>\nFoto: Miha Matav\u017e<\/p>\n","protected":false},"excerpt":{"rendered":"<p>Tekmovanja v zimskih \u0161portih so na razli\u010dnih nivojih \u017ee v polnem teku. Tudi v tej sezoni pa bo nekaj tekem gostila Rogla. Alpski smu\u010darji imajo v koledarju Mednarodne smu\u010darske zveze (FIS) 14. in 15. januarja \u0161tiri slalome (dva \u017eenska in dva mo\u0161ka) kategorije FIS. Ob koncu zime, 15. in 16. marca, so predvidene \u0161e \u0161tiri [&hellip;]<\/p>\n","protected":false},"author":7,"featured_media":160777,"comment_status":"closed","ping_status":"closed","sticky":false,"template":"","format":"standard","meta":{"footnotes":""},"categories":[14,16,68],"tags":[19439,320],"class_list":{"0":"post-170479","1":"post","2":"type-post","3":"status-publish","4":"format-standard","5":"has-post-thumbnail","7":"category-aktualno","8":"category-konjisko","9":"category-sport","10":"tag-fis","11":"tag-rogla"},"yoast_head":"<!-- This site is optimized with the Yoast SEO plugin v27.4 - https:\/\/yoast.com\/product\/yoast-seo-wordpress\/ -->\n<title>Rogla tudi to zimo v koledarju tekem Mednarodne smu\u010darske zveze - Novice.si<\/title>\n<meta name=\"robots\" content=\"index, follow, max-snippet:-1, max-image-preview:large, max-video-preview:-1\" \/>\n<link rel=\"canonical\" href=\"https:\/\/novice.si\/page\/rogla-tudi-to-zimo-v-koledarju-tekem-mednarodne-smucarske-zveze\/\" \/>\n<meta property=\"og:locale\" content=\"sl_SI\" \/>\n<meta property=\"og:type\" content=\"article\" \/>\n<meta property=\"og:title\" content=\"Rogla tudi to zimo v koledarju tekem Mednarodne smu\u010darske zveze - Novice.si\" \/>\n<meta property=\"og:description\" content=\"Tekmovanja v zimskih \u0161portih so na razli\u010dnih nivojih \u017ee v polnem teku. Tudi v tej sezoni pa bo nekaj tekem gostila Rogla. Alpski smu\u010darji imajo v koledarju Mednarodne smu\u010darske zveze (FIS) 14. in 15. januarja \u0161tiri slalome (dva \u017eenska in dva mo\u0161ka) kategorije FIS. Ob koncu zime, 15. in 16. marca, so predvidene \u0161e \u0161tiri [&hellip;]\" \/>\n<meta property=\"og:url\" content=\"https:\/\/novice.si\/page\/rogla-tudi-to-zimo-v-koledarju-tekem-mednarodne-smucarske-zveze\/\" \/>\n<meta property=\"og:site_name\" content=\"Novice.si\" \/>\n<meta property=\"article:published_time\" content=\"2023-12-31T14:27:07+00:00\" \/>\n<meta property=\"og:image\" content=\"https:\/\/novice.si\/page\/wp-content\/uploads\/2023\/03\/rogla-deskanje-foto-Miha-Matavz-FIS_resize.jpg\" \/>\n\t<meta property=\"og:image:width\" content=\"800\" \/>\n\t<meta property=\"og:image:height\" content=\"532\" \/>\n\t<meta property=\"og:image:type\" content=\"image\/jpeg\" \/>\n<meta name=\"author\" content=\"Uredni\u0161tvo Novic\" \/>\n<meta name=\"twitter:card\" content=\"summary_large_image\" \/>\n<meta name=\"twitter:label1\" content=\"Written by\" \/>\n\t<meta name=\"twitter:data1\" content=\"Uredni\u0161tvo Novic\" \/>\n\t<meta name=\"twitter:label2\" content=\"Est. reading time\" \/>\n\t<meta name=\"twitter:data2\" content=\"2 minuti\" \/>\n<script type=\"application\/ld+json\" class=\"yoast-schema-graph\">{\"@context\":\"https:\\\/\\\/schema.org\",\"@graph\":[{\"@type\":\"Article\",\"@id\":\"https:\\\/\\\/novice.si\\\/page\\\/rogla-tudi-to-zimo-v-koledarju-tekem-mednarodne-smucarske-zveze\\\/#article\",\"isPartOf\":{\"@id\":\"https:\\\/\\\/novice.si\\\/page\\\/rogla-tudi-to-zimo-v-koledarju-tekem-mednarodne-smucarske-zveze\\\/\"},\"author\":{\"name\":\"Uredni\u0161tvo Novic\",\"@id\":\"https:\\\/\\\/novice.si\\\/page\\\/#\\\/schema\\\/person\\\/a877dbb8680d441357ce27663beb35ca\"},\"headline\":\"Rogla tudi to zimo v koledarju tekem Mednarodne smu\u010darske zveze\",\"datePublished\":\"2023-12-31T14:27:07+00:00\",\"mainEntityOfPage\":{\"@id\":\"https:\\\/\\\/novice.si\\\/page\\\/rogla-tudi-to-zimo-v-koledarju-tekem-mednarodne-smucarske-zveze\\\/\"},\"wordCount\":158,\"publisher\":{\"@id\":\"https:\\\/\\\/novice.si\\\/page\\\/#organization\"},\"image\":{\"@id\":\"https:\\\/\\\/novice.si\\\/page\\\/rogla-tudi-to-zimo-v-koledarju-tekem-mednarodne-smucarske-zveze\\\/#primaryimage\"},\"thumbnailUrl\":\"https:\\\/\\\/novice.si\\\/page\\\/wp-content\\\/uploads\\\/2023\\\/03\\\/rogla-deskanje-foto-Miha-Matavz-FIS_resize.jpg\",\"keywords\":[\"FIS\",\"Rogla\"],\"articleSection\":[\"Aktualno\",\"Konji\u0161ko\",\"\u0160port\"],\"inLanguage\":\"sl-SI\"},{\"@type\":\"WebPage\",\"@id\":\"https:\\\/\\\/novice.si\\\/page\\\/rogla-tudi-to-zimo-v-koledarju-tekem-mednarodne-smucarske-zveze\\\/\",\"url\":\"https:\\\/\\\/novice.si\\\/page\\\/rogla-tudi-to-zimo-v-koledarju-tekem-mednarodne-smucarske-zveze\\\/\",\"name\":\"Rogla tudi to zimo v koledarju tekem Mednarodne smu\u010darske zveze - Novice.si\",\"isPartOf\":{\"@id\":\"https:\\\/\\\/novice.si\\\/page\\\/#website\"},\"primaryImageOfPage\":{\"@id\":\"https:\\\/\\\/novice.si\\\/page\\\/rogla-tudi-to-zimo-v-koledarju-tekem-mednarodne-smucarske-zveze\\\/#primaryimage\"},\"image\":{\"@id\":\"https:\\\/\\\/novice.si\\\/page\\\/rogla-tudi-to-zimo-v-koledarju-tekem-mednarodne-smucarske-zveze\\\/#primaryimage\"},\"thumbnailUrl\":\"https:\\\/\\\/novice.si\\\/page\\\/wp-content\\\/uploads\\\/2023\\\/03\\\/rogla-deskanje-foto-Miha-Matavz-FIS_resize.jpg\",\"datePublished\":\"2023-12-31T14:27:07+00:00\",\"breadcrumb\":{\"@id\":\"https:\\\/\\\/novice.si\\\/page\\\/rogla-tudi-to-zimo-v-koledarju-tekem-mednarodne-smucarske-zveze\\\/#breadcrumb\"},\"inLanguage\":\"sl-SI\",\"potentialAction\":[{\"@type\":\"ReadAction\",\"target\":[\"https:\\\/\\\/novice.si\\\/page\\\/rogla-tudi-to-zimo-v-koledarju-tekem-mednarodne-smucarske-zveze\\\/\"]}]},{\"@type\":\"ImageObject\",\"inLanguage\":\"sl-SI\",\"@id\":\"https:\\\/\\\/novice.si\\\/page\\\/rogla-tudi-to-zimo-v-koledarju-tekem-mednarodne-smucarske-zveze\\\/#primaryimage\",\"url\":\"https:\\\/\\\/novice.si\\\/page\\\/wp-content\\\/uploads\\\/2023\\\/03\\\/rogla-deskanje-foto-Miha-Matavz-FIS_resize.jpg\",\"contentUrl\":\"https:\\\/\\\/novice.si\\\/page\\\/wp-content\\\/uploads\\\/2023\\\/03\\\/rogla-deskanje-foto-Miha-Matavz-FIS_resize.jpg\",\"width\":800,\"height\":532,\"caption\":\"FIS Snowboard World Cup - Rogla SLO - PGS - MARGUC Rok SLO and LOGINOV Dmitry RUS \u00a9 Miha Matavz\\\/FIS\"},{\"@type\":\"BreadcrumbList\",\"@id\":\"https:\\\/\\\/novice.si\\\/page\\\/rogla-tudi-to-zimo-v-koledarju-tekem-mednarodne-smucarske-zveze\\\/#breadcrumb\",\"itemListElement\":[{\"@type\":\"ListItem\",\"position\":1,\"name\":\"Home\",\"item\":\"https:\\\/\\\/novice.si\\\/page\\\/\"},{\"@type\":\"ListItem\",\"position\":2,\"name\":\"Rogla tudi to zimo v koledarju tekem Mednarodne smu\u010darske zveze\"}]},{\"@type\":\"WebSite\",\"@id\":\"https:\\\/\\\/novice.si\\\/page\\\/#website\",\"url\":\"https:\\\/\\\/novice.si\\\/page\\\/\",\"name\":\"Novice.si\",\"description\":\"\",\"publisher\":{\"@id\":\"https:\\\/\\\/novice.si\\\/page\\\/#organization\"},\"potentialAction\":[{\"@type\":\"SearchAction\",\"target\":{\"@type\":\"EntryPoint\",\"urlTemplate\":\"https:\\\/\\\/novice.si\\\/page\\\/?s={search_term_string}\"},\"query-input\":{\"@type\":\"PropertyValueSpecification\",\"valueRequired\":true,\"valueName\":\"search_term_string\"}}],\"inLanguage\":\"sl-SI\"},{\"@type\":\"Organization\",\"@id\":\"https:\\\/\\\/novice.si\\\/page\\\/#organization\",\"name\":\"Novice.si\",\"url\":\"https:\\\/\\\/novice.si\\\/page\\\/\",\"logo\":{\"@type\":\"ImageObject\",\"inLanguage\":\"sl-SI\",\"@id\":\"https:\\\/\\\/novice.si\\\/page\\\/#\\\/schema\\\/logo\\\/image\\\/\",\"url\":\"https:\\\/\\\/novice.si\\\/page\\\/wp-content\\\/uploads\\\/2023\\\/03\\\/novice_si.png\",\"contentUrl\":\"https:\\\/\\\/novice.si\\\/page\\\/wp-content\\\/uploads\\\/2023\\\/03\\\/novice_si.png\",\"width\":576,\"height\":200,\"caption\":\"Novice.si\"},\"image\":{\"@id\":\"https:\\\/\\\/novice.si\\\/page\\\/#\\\/schema\\\/logo\\\/image\\\/\"}},{\"@type\":\"Person\",\"@id\":\"https:\\\/\\\/novice.si\\\/page\\\/#\\\/schema\\\/person\\\/a877dbb8680d441357ce27663beb35ca\",\"name\":\"Uredni\u0161tvo Novic\",\"image\":{\"@type\":\"ImageObject\",\"inLanguage\":\"sl-SI\",\"@id\":\"https:\\\/\\\/secure.gravatar.com\\\/avatar\\\/f19c0ae874706cc9ba19d2f6da5f74a5a5ee7674f283fed29ce0ad16a9f1893e?s=96&d=mm&r=g\",\"url\":\"https:\\\/\\\/secure.gravatar.com\\\/avatar\\\/f19c0ae874706cc9ba19d2f6da5f74a5a5ee7674f283fed29ce0ad16a9f1893e?s=96&d=mm&r=g\",\"contentUrl\":\"https:\\\/\\\/secure.gravatar.com\\\/avatar\\\/f19c0ae874706cc9ba19d2f6da5f74a5a5ee7674f283fed29ce0ad16a9f1893e?s=96&d=mm&r=g\",\"caption\":\"Uredni\u0161tvo Novic\"},\"url\":\"https:\\\/\\\/novice.si\\\/page\\\/author\\\/jure\\\/\"}]}<\/script>\n<!-- \/ Yoast SEO plugin. -->","yoast_head_json":{"title":"Rogla tudi to zimo v koledarju tekem Mednarodne smu\u010darske zveze - Novice.si","robots":{"index":"index","follow":"follow","max-snippet":"max-snippet:-1","max-image-preview":"max-image-preview:large","max-video-preview":"max-video-preview:-1"},"canonical":"https:\/\/novice.si\/page\/rogla-tudi-to-zimo-v-koledarju-tekem-mednarodne-smucarske-zveze\/","og_locale":"sl_SI","og_type":"article","og_title":"Rogla tudi to zimo v koledarju tekem Mednarodne smu\u010darske zveze - Novice.si","og_description":"Tekmovanja v zimskih \u0161portih so na razli\u010dnih nivojih \u017ee v polnem teku. Tudi v tej sezoni pa bo nekaj tekem gostila Rogla. Alpski smu\u010darji imajo v koledarju Mednarodne smu\u010darske zveze (FIS) 14. in 15. januarja \u0161tiri slalome (dva \u017eenska in dva mo\u0161ka) kategorije FIS. Ob koncu zime, 15. in 16. marca, so predvidene \u0161e \u0161tiri [&hellip;]","og_url":"https:\/\/novice.si\/page\/rogla-tudi-to-zimo-v-koledarju-tekem-mednarodne-smucarske-zveze\/","og_site_name":"Novice.si","article_published_time":"2023-12-31T14:27:07+00:00","og_image":[{"width":800,"height":532,"url":"https:\/\/novice.si\/page\/wp-content\/uploads\/2023\/03\/rogla-deskanje-foto-Miha-Matavz-FIS_resize.jpg","type":"image\/jpeg"}],"author":"Uredni\u0161tvo Novic","twitter_card":"summary_large_image","twitter_misc":{"Written by":"Uredni\u0161tvo Novic","Est. reading time":"2 minuti"},"schema":{"@context":"https:\/\/schema.org","@graph":[{"@type":"Article","@id":"https:\/\/novice.si\/page\/rogla-tudi-to-zimo-v-koledarju-tekem-mednarodne-smucarske-zveze\/#article","isPartOf":{"@id":"https:\/\/novice.si\/page\/rogla-tudi-to-zimo-v-koledarju-tekem-mednarodne-smucarske-zveze\/"},"author":{"name":"Uredni\u0161tvo Novic","@id":"https:\/\/novice.si\/page\/#\/schema\/person\/a877dbb8680d441357ce27663beb35ca"},"headline":"Rogla tudi to zimo v koledarju tekem Mednarodne smu\u010darske zveze","datePublished":"2023-12-31T14:27:07+00:00","mainEntityOfPage":{"@id":"https:\/\/novice.si\/page\/rogla-tudi-to-zimo-v-koledarju-tekem-mednarodne-smucarske-zveze\/"},"wordCount":158,"publisher":{"@id":"https:\/\/novice.si\/page\/#organization"},"image":{"@id":"https:\/\/novice.si\/page\/rogla-tudi-to-zimo-v-koledarju-tekem-mednarodne-smucarske-zveze\/#primaryimage"},"thumbnailUrl":"https:\/\/novice.si\/page\/wp-content\/uploads\/2023\/03\/rogla-deskanje-foto-Miha-Matavz-FIS_resize.jpg","keywords":["FIS","Rogla"],"articleSection":["Aktualno","Konji\u0161ko","\u0160port"],"inLanguage":"sl-SI"},{"@type":"WebPage","@id":"https:\/\/novice.si\/page\/rogla-tudi-to-zimo-v-koledarju-tekem-mednarodne-smucarske-zveze\/","url":"https:\/\/novice.si\/page\/rogla-tudi-to-zimo-v-koledarju-tekem-mednarodne-smucarske-zveze\/","name":"Rogla tudi to zimo v koledarju tekem Mednarodne smu\u010darske zveze - Novice.si","isPartOf":{"@id":"https:\/\/novice.si\/page\/#website"},"primaryImageOfPage":{"@id":"https:\/\/novice.si\/page\/rogla-tudi-to-zimo-v-koledarju-tekem-mednarodne-smucarske-zveze\/#primaryimage"},"image":{"@id":"https:\/\/novice.si\/page\/rogla-tudi-to-zimo-v-koledarju-tekem-mednarodne-smucarske-zveze\/#primaryimage"},"thumbnailUrl":"https:\/\/novice.si\/page\/wp-content\/uploads\/2023\/03\/rogla-deskanje-foto-Miha-Matavz-FIS_resize.jpg","datePublished":"2023-12-31T14:27:07+00:00","breadcrumb":{"@id":"https:\/\/novice.si\/page\/rogla-tudi-to-zimo-v-koledarju-tekem-mednarodne-smucarske-zveze\/#breadcrumb"},"inLanguage":"sl-SI","potentialAction":[{"@type":"ReadAction","target":["https:\/\/novice.si\/page\/rogla-tudi-to-zimo-v-koledarju-tekem-mednarodne-smucarske-zveze\/"]}]},{"@type":"ImageObject","inLanguage":"sl-SI","@id":"https:\/\/novice.si\/page\/rogla-tudi-to-zimo-v-koledarju-tekem-mednarodne-smucarske-zveze\/#primaryimage","url":"https:\/\/novice.si\/page\/wp-content\/uploads\/2023\/03\/rogla-deskanje-foto-Miha-Matavz-FIS_resize.jpg","contentUrl":"https:\/\/novice.si\/page\/wp-content\/uploads\/2023\/03\/rogla-deskanje-foto-Miha-Matavz-FIS_resize.jpg","width":800,"height":532,"caption":"FIS Snowboard World Cup - Rogla SLO - PGS - MARGUC Rok SLO and LOGINOV Dmitry RUS \u00a9 Miha Matavz\/FIS"},{"@type":"BreadcrumbList","@id":"https:\/\/novice.si\/page\/rogla-tudi-to-zimo-v-koledarju-tekem-mednarodne-smucarske-zveze\/#breadcrumb","itemListElement":[{"@type":"ListItem","position":1,"name":"Home","item":"https:\/\/novice.si\/page\/"},{"@type":"ListItem","position":2,"name":"Rogla tudi to zimo v koledarju tekem Mednarodne smu\u010darske zveze"}]},{"@type":"WebSite","@id":"https:\/\/novice.si\/page\/#website","url":"https:\/\/novice.si\/page\/","name":"Novice.si","description":"","publisher":{"@id":"https:\/\/novice.si\/page\/#organization"},"potentialAction":[{"@type":"SearchAction","target":{"@type":"EntryPoint","urlTemplate":"https:\/\/novice.si\/page\/?s={search_term_string}"},"query-input":{"@type":"PropertyValueSpecification","valueRequired":true,"valueName":"search_term_string"}}],"inLanguage":"sl-SI"},{"@type":"Organization","@id":"https:\/\/novice.si\/page\/#organization","name":"Novice.si","url":"https:\/\/novice.si\/page\/","logo":{"@type":"ImageObject","inLanguage":"sl-SI","@id":"https:\/\/novice.si\/page\/#\/schema\/logo\/image\/","url":"https:\/\/novice.si\/page\/wp-content\/uploads\/2023\/03\/novice_si.png","contentUrl":"https:\/\/novice.si\/page\/wp-content\/uploads\/2023\/03\/novice_si.png","width":576,"height":200,"caption":"Novice.si"},"image":{"@id":"https:\/\/novice.si\/page\/#\/schema\/logo\/image\/"}},{"@type":"Person","@id":"https:\/\/novice.si\/page\/#\/schema\/person\/a877dbb8680d441357ce27663beb35ca","name":"Uredni\u0161tvo Novic","image":{"@type":"ImageObject","inLanguage":"sl-SI","@id":"https:\/\/secure.gravatar.com\/avatar\/f19c0ae874706cc9ba19d2f6da5f74a5a5ee7674f283fed29ce0ad16a9f1893e?s=96&d=mm&r=g","url":"https:\/\/secure.gravatar.com\/avatar\/f19c0ae874706cc9ba19d2f6da5f74a5a5ee7674f283fed29ce0ad16a9f1893e?s=96&d=mm&r=g","contentUrl":"https:\/\/secure.gravatar.com\/avatar\/f19c0ae874706cc9ba19d2f6da5f74a5a5ee7674f283fed29ce0ad16a9f1893e?s=96&d=mm&r=g","caption":"Uredni\u0161tvo Novic"},"url":"https:\/\/novice.si\/page\/author\/jure\/"}]}},"_links":{"self":[{"href":"https:\/\/novice.si\/page\/wp-json\/wp\/v2\/posts\/170479","targetHints":{"allow":["GET"]}}],"collection":[{"href":"https:\/\/novice.si\/page\/wp-json\/wp\/v2\/posts"}],"about":[{"href":"https:\/\/novice.si\/page\/wp-json\/wp\/v2\/types\/post"}],"author":[{"embeddable":true,"href":"https:\/\/novice.si\/page\/wp-json\/wp\/v2\/users\/7"}],"replies":[{"embeddable":true,"href":"https:\/\/novice.si\/page\/wp-json\/wp\/v2\/comments?post=170479"}],"version-history":[{"count":1,"href":"https:\/\/novice.si\/page\/wp-json\/wp\/v2\/posts\/170479\/revisions"}],"predecessor-version":[{"id":170480,"href":"https:\/\/novice.si\/page\/wp-json\/wp\/v2\/posts\/170479\/revisions\/170480"}],"wp:featuredmedia":[{"embeddable":true,"href":"https:\/\/novice.si\/page\/wp-json\/wp\/v2\/media\/160777"}],"wp:attachment":[{"href":"https:\/\/novice.si\/page\/wp-json\/wp\/v2\/media?parent=170479"}],"wp:term":[{"taxonomy":"category","embeddable":true,"href":"https:\/\/novice.si\/page\/wp-json\/wp\/v2\/categories?post=170479"},{"taxonomy":"post_tag","embeddable":true,"href":"https:\/\/novice.si\/page\/wp-json\/wp\/v2\/tags?post=170479"}],"curies":[{"name":"wp","href":"https:\/\/api.w.org\/{rel}","templated":true}]}}