{"id":170454,"date":"2023-12-30T10:00:40","date_gmt":"2023-12-30T09:00:40","guid":{"rendered":"https:\/\/novice.si\/page\/?p=170454"},"modified":"2023-12-30T10:00:40","modified_gmt":"2023-12-30T09:00:40","slug":"celje-stavka-v-tusu-preklicana","status":"publish","type":"post","link":"https:\/\/novice.si\/page\/celje-stavka-v-tusu-preklicana\/","title":{"rendered":"CELJE Stavka v Tu\u0161u preklicana"},"content":{"rendered":"<p>Po no\u010dnih pogajanjih uprave Tu\u0161a s predstavniki podjetni\u0161kega in pano\u017enega sindikata je <img loading=\"lazy\" decoding=\"async\" class=\"size-medium wp-image-136071 alignleft\" src=\"https:\/\/novice.si\/page\/wp-content\/uploads\/2021\/02\/tus-2-300x281.jpg\" alt=\"\" width=\"300\" height=\"281\" srcset=\"https:\/\/novice.si\/page\/wp-content\/uploads\/2021\/02\/tus-2-300x281.jpg 300w, https:\/\/novice.si\/page\/wp-content\/uploads\/2021\/02\/tus-2-448x420.jpg 448w, https:\/\/novice.si\/page\/wp-content\/uploads\/2021\/02\/tus-2-24x22.jpg 24w, https:\/\/novice.si\/page\/wp-content\/uploads\/2021\/02\/tus-2-36x34.jpg 36w, https:\/\/novice.si\/page\/wp-content\/uploads\/2021\/02\/tus-2-48x45.jpg 48w, https:\/\/novice.si\/page\/wp-content\/uploads\/2021\/02\/tus-2.jpg 600w\" sizes=\"auto, (max-width: 300px) 100vw, 300px\" \/>pri\u0161lo do dogovora, ki je vsaj za\u010dasno sprejemljiv za obe strani. S tam je dana\u0161nja stavka odpovedana, Tu\u0161eve trgovine pa so povsod odprte.<\/p>\n<p>Kakor so sindikati poudarjali \u0161e v\u010deraj, se jim je z vodilnimi v podjetju uspelo dogovoriti o vsem, razen o pla\u010dah.<\/p>\n<p>Zadnja ponudba vodstva Tu\u0161a je bila 1.150 evrov bruto, sindikat in zaposleni so vztrajali pri 1.203 evrih, kolikor zna\u0161a minimalna pla\u010da v Sloveniji.<\/p>\n<p>Nazadnje sta strani dosegli kompromis pri 1.180 evrih, kar pa je, kot re\u010deno, zgolj za\u010dasno re\u0161itev, ki je odpihnila prednovoletno stavko, te\u017eav pa \u017ee zdale\u010d ni odpravila.<\/p>\n<p>P\u0160<\/p>\n","protected":false},"excerpt":{"rendered":"<p>Po no\u010dnih pogajanjih uprave Tu\u0161a s predstavniki podjetni\u0161kega in pano\u017enega sindikata je pri\u0161lo do dogovora, ki je vsaj za\u010dasno sprejemljiv za obe strani. S tam je dana\u0161nja stavka odpovedana, Tu\u0161eve trgovine pa so povsod odprte. Kakor so sindikati poudarjali \u0161e v\u010deraj, se jim je z vodilnimi v podjetju uspelo dogovoriti o vsem, razen o pla\u010dah. [&hellip;]<\/p>\n","protected":false},"author":33,"featured_media":123339,"comment_status":"closed","ping_status":"closed","sticky":false,"template":"","format":"standard","meta":{"footnotes":""},"categories":[17],"tags":[19436,19435,19434,19437,64],"class_list":{"0":"post-170454","1":"post","2":"type-post","3":"status-publish","4":"format-standard","5":"has-post-thumbnail","7":"category-celjsko","8":"tag-nocni-dogovor","9":"tag-podjetniski-in-panozni-sindikat","10":"tag-stavka-preklicana","11":"tag-trgovine-odprte","12":"tag-tus"},"yoast_head":"<!-- This site is optimized with the Yoast SEO plugin v27.4 - https:\/\/yoast.com\/product\/yoast-seo-wordpress\/ -->\n<title>CELJE Stavka v Tu\u0161u preklicana - Novice.si<\/title>\n<meta name=\"robots\" content=\"index, follow, max-snippet:-1, max-image-preview:large, max-video-preview:-1\" \/>\n<link rel=\"canonical\" href=\"https:\/\/novice.si\/page\/celje-stavka-v-tusu-preklicana\/\" \/>\n<meta property=\"og:locale\" content=\"sl_SI\" \/>\n<meta property=\"og:type\" content=\"article\" \/>\n<meta property=\"og:title\" content=\"CELJE Stavka v Tu\u0161u preklicana - Novice.si\" \/>\n<meta property=\"og:description\" content=\"Po no\u010dnih pogajanjih uprave Tu\u0161a s predstavniki podjetni\u0161kega in pano\u017enega sindikata je pri\u0161lo do dogovora, ki je vsaj za\u010dasno sprejemljiv za obe strani. S tam je dana\u0161nja stavka odpovedana, Tu\u0161eve trgovine pa so povsod odprte. Kakor so sindikati poudarjali \u0161e v\u010deraj, se jim je z vodilnimi v podjetju uspelo dogovoriti o vsem, razen o pla\u010dah. [&hellip;]\" \/>\n<meta property=\"og:url\" content=\"https:\/\/novice.si\/page\/celje-stavka-v-tusu-preklicana\/\" \/>\n<meta property=\"og:site_name\" content=\"Novice.si\" \/>\n<meta property=\"article:published_time\" content=\"2023-12-30T09:00:40+00:00\" \/>\n<meta property=\"og:image\" content=\"https:\/\/novice.si\/page\/wp-content\/uploads\/2020\/03\/portall-skupina-tus.jpg\" \/>\n\t<meta property=\"og:image:width\" content=\"800\" \/>\n\t<meta property=\"og:image:height\" content=\"533\" \/>\n\t<meta property=\"og:image:type\" content=\"image\/jpeg\" \/>\n<meta name=\"author\" content=\"Uredni\u0161tvo Celjana\" \/>\n<meta name=\"twitter:card\" content=\"summary_large_image\" \/>\n<meta name=\"twitter:label1\" content=\"Written by\" \/>\n\t<meta name=\"twitter:data1\" content=\"Uredni\u0161tvo Celjana\" \/>\n\t<meta name=\"twitter:label2\" content=\"Est. reading time\" \/>\n\t<meta name=\"twitter:data2\" content=\"1 minuta\" \/>\n<script type=\"application\/ld+json\" class=\"yoast-schema-graph\">{\"@context\":\"https:\\\/\\\/schema.org\",\"@graph\":[{\"@type\":\"Article\",\"@id\":\"https:\\\/\\\/novice.si\\\/page\\\/celje-stavka-v-tusu-preklicana\\\/#article\",\"isPartOf\":{\"@id\":\"https:\\\/\\\/novice.si\\\/page\\\/celje-stavka-v-tusu-preklicana\\\/\"},\"author\":{\"name\":\"Uredni\u0161tvo Celjana\",\"@id\":\"https:\\\/\\\/novice.si\\\/page\\\/#\\\/schema\\\/person\\\/57f25c9642a9541c7349c65d32032c3e\"},\"headline\":\"CELJE Stavka v Tu\u0161u preklicana\",\"datePublished\":\"2023-12-30T09:00:40+00:00\",\"mainEntityOfPage\":{\"@id\":\"https:\\\/\\\/novice.si\\\/page\\\/celje-stavka-v-tusu-preklicana\\\/\"},\"wordCount\":126,\"publisher\":{\"@id\":\"https:\\\/\\\/novice.si\\\/page\\\/#organization\"},\"image\":{\"@id\":\"https:\\\/\\\/novice.si\\\/page\\\/celje-stavka-v-tusu-preklicana\\\/#primaryimage\"},\"thumbnailUrl\":\"https:\\\/\\\/novice.si\\\/page\\\/wp-content\\\/uploads\\\/2020\\\/03\\\/portall-skupina-tus.jpg\",\"keywords\":[\"no\u010dni dogovor\",\"podjetni\u0161ki in pano\u017eni sindikat\",\"stavka preklicana\",\"trgovine odprte\",\"Tu\u0161\"],\"articleSection\":[\"Celjsko\"],\"inLanguage\":\"sl-SI\"},{\"@type\":\"WebPage\",\"@id\":\"https:\\\/\\\/novice.si\\\/page\\\/celje-stavka-v-tusu-preklicana\\\/\",\"url\":\"https:\\\/\\\/novice.si\\\/page\\\/celje-stavka-v-tusu-preklicana\\\/\",\"name\":\"CELJE Stavka v Tu\u0161u preklicana - Novice.si\",\"isPartOf\":{\"@id\":\"https:\\\/\\\/novice.si\\\/page\\\/#website\"},\"primaryImageOfPage\":{\"@id\":\"https:\\\/\\\/novice.si\\\/page\\\/celje-stavka-v-tusu-preklicana\\\/#primaryimage\"},\"image\":{\"@id\":\"https:\\\/\\\/novice.si\\\/page\\\/celje-stavka-v-tusu-preklicana\\\/#primaryimage\"},\"thumbnailUrl\":\"https:\\\/\\\/novice.si\\\/page\\\/wp-content\\\/uploads\\\/2020\\\/03\\\/portall-skupina-tus.jpg\",\"datePublished\":\"2023-12-30T09:00:40+00:00\",\"breadcrumb\":{\"@id\":\"https:\\\/\\\/novice.si\\\/page\\\/celje-stavka-v-tusu-preklicana\\\/#breadcrumb\"},\"inLanguage\":\"sl-SI\",\"potentialAction\":[{\"@type\":\"ReadAction\",\"target\":[\"https:\\\/\\\/novice.si\\\/page\\\/celje-stavka-v-tusu-preklicana\\\/\"]}]},{\"@type\":\"ImageObject\",\"inLanguage\":\"sl-SI\",\"@id\":\"https:\\\/\\\/novice.si\\\/page\\\/celje-stavka-v-tusu-preklicana\\\/#primaryimage\",\"url\":\"https:\\\/\\\/novice.si\\\/page\\\/wp-content\\\/uploads\\\/2020\\\/03\\\/portall-skupina-tus.jpg\",\"contentUrl\":\"https:\\\/\\\/novice.si\\\/page\\\/wp-content\\\/uploads\\\/2020\\\/03\\\/portall-skupina-tus.jpg\",\"width\":800,\"height\":533},{\"@type\":\"BreadcrumbList\",\"@id\":\"https:\\\/\\\/novice.si\\\/page\\\/celje-stavka-v-tusu-preklicana\\\/#breadcrumb\",\"itemListElement\":[{\"@type\":\"ListItem\",\"position\":1,\"name\":\"Home\",\"item\":\"https:\\\/\\\/novice.si\\\/page\\\/\"},{\"@type\":\"ListItem\",\"position\":2,\"name\":\"CELJE Stavka v Tu\u0161u preklicana\"}]},{\"@type\":\"WebSite\",\"@id\":\"https:\\\/\\\/novice.si\\\/page\\\/#website\",\"url\":\"https:\\\/\\\/novice.si\\\/page\\\/\",\"name\":\"Novice.si\",\"description\":\"\",\"publisher\":{\"@id\":\"https:\\\/\\\/novice.si\\\/page\\\/#organization\"},\"potentialAction\":[{\"@type\":\"SearchAction\",\"target\":{\"@type\":\"EntryPoint\",\"urlTemplate\":\"https:\\\/\\\/novice.si\\\/page\\\/?s={search_term_string}\"},\"query-input\":{\"@type\":\"PropertyValueSpecification\",\"valueRequired\":true,\"valueName\":\"search_term_string\"}}],\"inLanguage\":\"sl-SI\"},{\"@type\":\"Organization\",\"@id\":\"https:\\\/\\\/novice.si\\\/page\\\/#organization\",\"name\":\"Novice.si\",\"url\":\"https:\\\/\\\/novice.si\\\/page\\\/\",\"logo\":{\"@type\":\"ImageObject\",\"inLanguage\":\"sl-SI\",\"@id\":\"https:\\\/\\\/novice.si\\\/page\\\/#\\\/schema\\\/logo\\\/image\\\/\",\"url\":\"https:\\\/\\\/novice.si\\\/page\\\/wp-content\\\/uploads\\\/2023\\\/03\\\/novice_si.png\",\"contentUrl\":\"https:\\\/\\\/novice.si\\\/page\\\/wp-content\\\/uploads\\\/2023\\\/03\\\/novice_si.png\",\"width\":576,\"height\":200,\"caption\":\"Novice.si\"},\"image\":{\"@id\":\"https:\\\/\\\/novice.si\\\/page\\\/#\\\/schema\\\/logo\\\/image\\\/\"}},{\"@type\":\"Person\",\"@id\":\"https:\\\/\\\/novice.si\\\/page\\\/#\\\/schema\\\/person\\\/57f25c9642a9541c7349c65d32032c3e\",\"name\":\"Uredni\u0161tvo Celjana\",\"image\":{\"@type\":\"ImageObject\",\"inLanguage\":\"sl-SI\",\"@id\":\"https:\\\/\\\/secure.gravatar.com\\\/avatar\\\/78e52bc4279b65f6df6345e0ef0f7b792d361361f230cf4ffecfe0afe6d5629c?s=96&d=mm&r=g\",\"url\":\"https:\\\/\\\/secure.gravatar.com\\\/avatar\\\/78e52bc4279b65f6df6345e0ef0f7b792d361361f230cf4ffecfe0afe6d5629c?s=96&d=mm&r=g\",\"contentUrl\":\"https:\\\/\\\/secure.gravatar.com\\\/avatar\\\/78e52bc4279b65f6df6345e0ef0f7b792d361361f230cf4ffecfe0afe6d5629c?s=96&d=mm&r=g\",\"caption\":\"Uredni\u0161tvo Celjana\"},\"url\":\"https:\\\/\\\/novice.si\\\/page\\\/author\\\/primoz\\\/\"}]}<\/script>\n<!-- \/ Yoast SEO plugin. -->","yoast_head_json":{"title":"CELJE Stavka v Tu\u0161u preklicana - Novice.si","robots":{"index":"index","follow":"follow","max-snippet":"max-snippet:-1","max-image-preview":"max-image-preview:large","max-video-preview":"max-video-preview:-1"},"canonical":"https:\/\/novice.si\/page\/celje-stavka-v-tusu-preklicana\/","og_locale":"sl_SI","og_type":"article","og_title":"CELJE Stavka v Tu\u0161u preklicana - Novice.si","og_description":"Po no\u010dnih pogajanjih uprave Tu\u0161a s predstavniki podjetni\u0161kega in pano\u017enega sindikata je pri\u0161lo do dogovora, ki je vsaj za\u010dasno sprejemljiv za obe strani. S tam je dana\u0161nja stavka odpovedana, Tu\u0161eve trgovine pa so povsod odprte. Kakor so sindikati poudarjali \u0161e v\u010deraj, se jim je z vodilnimi v podjetju uspelo dogovoriti o vsem, razen o pla\u010dah. [&hellip;]","og_url":"https:\/\/novice.si\/page\/celje-stavka-v-tusu-preklicana\/","og_site_name":"Novice.si","article_published_time":"2023-12-30T09:00:40+00:00","og_image":[{"width":800,"height":533,"url":"https:\/\/novice.si\/page\/wp-content\/uploads\/2020\/03\/portall-skupina-tus.jpg","type":"image\/jpeg"}],"author":"Uredni\u0161tvo Celjana","twitter_card":"summary_large_image","twitter_misc":{"Written by":"Uredni\u0161tvo Celjana","Est. reading time":"1 minuta"},"schema":{"@context":"https:\/\/schema.org","@graph":[{"@type":"Article","@id":"https:\/\/novice.si\/page\/celje-stavka-v-tusu-preklicana\/#article","isPartOf":{"@id":"https:\/\/novice.si\/page\/celje-stavka-v-tusu-preklicana\/"},"author":{"name":"Uredni\u0161tvo Celjana","@id":"https:\/\/novice.si\/page\/#\/schema\/person\/57f25c9642a9541c7349c65d32032c3e"},"headline":"CELJE Stavka v Tu\u0161u preklicana","datePublished":"2023-12-30T09:00:40+00:00","mainEntityOfPage":{"@id":"https:\/\/novice.si\/page\/celje-stavka-v-tusu-preklicana\/"},"wordCount":126,"publisher":{"@id":"https:\/\/novice.si\/page\/#organization"},"image":{"@id":"https:\/\/novice.si\/page\/celje-stavka-v-tusu-preklicana\/#primaryimage"},"thumbnailUrl":"https:\/\/novice.si\/page\/wp-content\/uploads\/2020\/03\/portall-skupina-tus.jpg","keywords":["no\u010dni dogovor","podjetni\u0161ki in pano\u017eni sindikat","stavka preklicana","trgovine odprte","Tu\u0161"],"articleSection":["Celjsko"],"inLanguage":"sl-SI"},{"@type":"WebPage","@id":"https:\/\/novice.si\/page\/celje-stavka-v-tusu-preklicana\/","url":"https:\/\/novice.si\/page\/celje-stavka-v-tusu-preklicana\/","name":"CELJE Stavka v Tu\u0161u preklicana - Novice.si","isPartOf":{"@id":"https:\/\/novice.si\/page\/#website"},"primaryImageOfPage":{"@id":"https:\/\/novice.si\/page\/celje-stavka-v-tusu-preklicana\/#primaryimage"},"image":{"@id":"https:\/\/novice.si\/page\/celje-stavka-v-tusu-preklicana\/#primaryimage"},"thumbnailUrl":"https:\/\/novice.si\/page\/wp-content\/uploads\/2020\/03\/portall-skupina-tus.jpg","datePublished":"2023-12-30T09:00:40+00:00","breadcrumb":{"@id":"https:\/\/novice.si\/page\/celje-stavka-v-tusu-preklicana\/#breadcrumb"},"inLanguage":"sl-SI","potentialAction":[{"@type":"ReadAction","target":["https:\/\/novice.si\/page\/celje-stavka-v-tusu-preklicana\/"]}]},{"@type":"ImageObject","inLanguage":"sl-SI","@id":"https:\/\/novice.si\/page\/celje-stavka-v-tusu-preklicana\/#primaryimage","url":"https:\/\/novice.si\/page\/wp-content\/uploads\/2020\/03\/portall-skupina-tus.jpg","contentUrl":"https:\/\/novice.si\/page\/wp-content\/uploads\/2020\/03\/portall-skupina-tus.jpg","width":800,"height":533},{"@type":"BreadcrumbList","@id":"https:\/\/novice.si\/page\/celje-stavka-v-tusu-preklicana\/#breadcrumb","itemListElement":[{"@type":"ListItem","position":1,"name":"Home","item":"https:\/\/novice.si\/page\/"},{"@type":"ListItem","position":2,"name":"CELJE Stavka v Tu\u0161u preklicana"}]},{"@type":"WebSite","@id":"https:\/\/novice.si\/page\/#website","url":"https:\/\/novice.si\/page\/","name":"Novice.si","description":"","publisher":{"@id":"https:\/\/novice.si\/page\/#organization"},"potentialAction":[{"@type":"SearchAction","target":{"@type":"EntryPoint","urlTemplate":"https:\/\/novice.si\/page\/?s={search_term_string}"},"query-input":{"@type":"PropertyValueSpecification","valueRequired":true,"valueName":"search_term_string"}}],"inLanguage":"sl-SI"},{"@type":"Organization","@id":"https:\/\/novice.si\/page\/#organization","name":"Novice.si","url":"https:\/\/novice.si\/page\/","logo":{"@type":"ImageObject","inLanguage":"sl-SI","@id":"https:\/\/novice.si\/page\/#\/schema\/logo\/image\/","url":"https:\/\/novice.si\/page\/wp-content\/uploads\/2023\/03\/novice_si.png","contentUrl":"https:\/\/novice.si\/page\/wp-content\/uploads\/2023\/03\/novice_si.png","width":576,"height":200,"caption":"Novice.si"},"image":{"@id":"https:\/\/novice.si\/page\/#\/schema\/logo\/image\/"}},{"@type":"Person","@id":"https:\/\/novice.si\/page\/#\/schema\/person\/57f25c9642a9541c7349c65d32032c3e","name":"Uredni\u0161tvo Celjana","image":{"@type":"ImageObject","inLanguage":"sl-SI","@id":"https:\/\/secure.gravatar.com\/avatar\/78e52bc4279b65f6df6345e0ef0f7b792d361361f230cf4ffecfe0afe6d5629c?s=96&d=mm&r=g","url":"https:\/\/secure.gravatar.com\/avatar\/78e52bc4279b65f6df6345e0ef0f7b792d361361f230cf4ffecfe0afe6d5629c?s=96&d=mm&r=g","contentUrl":"https:\/\/secure.gravatar.com\/avatar\/78e52bc4279b65f6df6345e0ef0f7b792d361361f230cf4ffecfe0afe6d5629c?s=96&d=mm&r=g","caption":"Uredni\u0161tvo Celjana"},"url":"https:\/\/novice.si\/page\/author\/primoz\/"}]}},"_links":{"self":[{"href":"https:\/\/novice.si\/page\/wp-json\/wp\/v2\/posts\/170454","targetHints":{"allow":["GET"]}}],"collection":[{"href":"https:\/\/novice.si\/page\/wp-json\/wp\/v2\/posts"}],"about":[{"href":"https:\/\/novice.si\/page\/wp-json\/wp\/v2\/types\/post"}],"author":[{"embeddable":true,"href":"https:\/\/novice.si\/page\/wp-json\/wp\/v2\/users\/33"}],"replies":[{"embeddable":true,"href":"https:\/\/novice.si\/page\/wp-json\/wp\/v2\/comments?post=170454"}],"version-history":[{"count":1,"href":"https:\/\/novice.si\/page\/wp-json\/wp\/v2\/posts\/170454\/revisions"}],"predecessor-version":[{"id":170455,"href":"https:\/\/novice.si\/page\/wp-json\/wp\/v2\/posts\/170454\/revisions\/170455"}],"wp:featuredmedia":[{"embeddable":true,"href":"https:\/\/novice.si\/page\/wp-json\/wp\/v2\/media\/123339"}],"wp:attachment":[{"href":"https:\/\/novice.si\/page\/wp-json\/wp\/v2\/media?parent=170454"}],"wp:term":[{"taxonomy":"category","embeddable":true,"href":"https:\/\/novice.si\/page\/wp-json\/wp\/v2\/categories?post=170454"},{"taxonomy":"post_tag","embeddable":true,"href":"https:\/\/novice.si\/page\/wp-json\/wp\/v2\/tags?post=170454"}],"curies":[{"name":"wp","href":"https:\/\/api.w.org\/{rel}","templated":true}]}}