{"id":170350,"date":"2023-12-20T12:07:08","date_gmt":"2023-12-20T11:07:08","guid":{"rendered":"https:\/\/novice.si\/page\/?p=170350"},"modified":"2023-12-20T12:07:08","modified_gmt":"2023-12-20T11:07:08","slug":"vrhunec-praznovanja","status":"publish","type":"post","link":"https:\/\/novice.si\/page\/vrhunec-praznovanja\/","title":{"rendered":"Vrhunec praznovanja"},"content":{"rendered":"<p><em><img loading=\"lazy\" decoding=\"async\" class=\"size-medium wp-image-170353 aligncenter\" src=\"https:\/\/novice.si\/page\/wp-content\/uploads\/2023\/12\/CZ_dogodki-december2-600x270.jpg\" alt=\"veseli december celje\" width=\"600\" height=\"270\" srcset=\"https:\/\/novice.si\/page\/wp-content\/uploads\/2023\/12\/CZ_dogodki-december2-600x270.jpg 600w, https:\/\/novice.si\/page\/wp-content\/uploads\/2023\/12\/CZ_dogodki-december2-1024x461.jpg 1024w, https:\/\/novice.si\/page\/wp-content\/uploads\/2023\/12\/CZ_dogodki-december2-768x346.jpg 768w, https:\/\/novice.si\/page\/wp-content\/uploads\/2023\/12\/CZ_dogodki-december2-1536x691.jpg 1536w, https:\/\/novice.si\/page\/wp-content\/uploads\/2023\/12\/CZ_dogodki-december2-696x313.jpg 696w, https:\/\/novice.si\/page\/wp-content\/uploads\/2023\/12\/CZ_dogodki-december2-1068x481.jpg 1068w, https:\/\/novice.si\/page\/wp-content\/uploads\/2023\/12\/CZ_dogodki-december2-933x420.jpg 933w, https:\/\/novice.si\/page\/wp-content\/uploads\/2023\/12\/CZ_dogodki-december2-24x11.jpg 24w, https:\/\/novice.si\/page\/wp-content\/uploads\/2023\/12\/CZ_dogodki-december2-36x16.jpg 36w, https:\/\/novice.si\/page\/wp-content\/uploads\/2023\/12\/CZ_dogodki-december2-48x22.jpg 48w, https:\/\/novice.si\/page\/wp-content\/uploads\/2023\/12\/CZ_dogodki-december2.jpg 1600w\" sizes=\"auto, (max-width: 600px) 100vw, 600px\" \/><\/em><\/p>\n<p><em>Pravlji\u010dno Celje. Dosedanji obisk je zelo dober, najve\u010d obiskovalcev pa gre pri\u010dakovati na vrhuncu, ki je tik pred vrati. Silvestrovali bomo z LPS in Zvito feltno.<\/em><\/p>\n<p>V Zavodu Celeia Celje so bili v prvih decembrskih dneh zadovoljni z obiskom Pravlji\u010dnega Celja. \u00bbNovosti so po\u017eele zanimanje obiskovalcev iz Celja in tudi drugih slovenskih krajev. Na 20 dogodkih smo na\u0161teli ve\u010d kot 15.000 obiskovalcev,\u00ab so zapisali. Zavod Celeia je skupaj z Mestno ob\u010dino Celje in drugimi partnerji program Pravlji\u010dnega Celje za\u010del izvajati s pri\u017eigom lu\u010dk na predve\u010der prve adventne nedelje.<\/p>\n<p><strong>Prazni\u010dni sejem<\/strong><\/p>\n<p>Pred nami je vrhunec prazni\u010dnega dogajanja, prihajajo pa tudi prosti dnevi tako za odrasle kot seveda te\u017eko pri\u010dakovane bo\u017ei\u010dno-novoletne po\u010ditnice za \u0161olarje. Prazni\u010dne hi\u0161ke s ponudbo ro\u010dno izdelanih unikatnih daril so odprte vsak dan med 10. in 19. uro, na lokaciji prazni\u010dnega sejma pa so na voljo tudi turisti\u010dna ponudba Celja, celjskih muzejev, izdelki kolekcije Celje 1451 in vstopnice.<\/p>\n<p>\u0160e do 24. decembra obratuje Bo\u017ei\u010dkova tovarna daril, do 31. decembra vabi Pi\u0161kotarna, \u0161e jutri, 21. decembra, in prihodnji \u010detrtek, 28. decembra, nas bo pogrela Vro\u010dica: festival vro\u010dih pija\u010d, okusov in glasbe. Kateri koncerti nas \u0161e \u010dakajo in kaj vse prina\u0161ajo zadnji dnevi decembra v Celje pa preberite v aktualni \u0161tevilki \u010dasopisa Celjan, ki vas od danes \u010daka na prodajnih mestih.<\/p>\n","protected":false},"excerpt":{"rendered":"<p>Pravlji\u010dno Celje. Dosedanji obisk je zelo dober, najve\u010d obiskovalcev pa gre pri\u010dakovati na vrhuncu, ki je tik pred vrati. Silvestrovali bomo z LPS in Zvito feltno. V Zavodu Celeia Celje so bili v prvih decembrskih dneh zadovoljni z obiskom Pravlji\u010dnega Celja. \u00bbNovosti so po\u017eele zanimanje obiskovalcev iz Celja in tudi drugih slovenskih krajev. Na 20 [&hellip;]<\/p>\n","protected":false},"author":55,"featured_media":170353,"comment_status":"closed","ping_status":"closed","sticky":false,"template":"","format":"standard","meta":{"footnotes":""},"categories":[14,142,17],"tags":[],"class_list":{"0":"post-170350","1":"post","2":"type-post","3":"status-publish","4":"format-standard","5":"has-post-thumbnail","7":"category-aktualno","8":"category-celjan","9":"category-celjsko"},"yoast_head":"<!-- This site is optimized with the Yoast SEO plugin v27.4 - https:\/\/yoast.com\/product\/yoast-seo-wordpress\/ -->\n<title>Vrhunec praznovanja - Novice.si<\/title>\n<meta name=\"robots\" content=\"index, follow, max-snippet:-1, max-image-preview:large, max-video-preview:-1\" \/>\n<link rel=\"canonical\" href=\"https:\/\/novice.si\/page\/vrhunec-praznovanja\/\" \/>\n<meta property=\"og:locale\" content=\"sl_SI\" \/>\n<meta property=\"og:type\" content=\"article\" \/>\n<meta property=\"og:title\" content=\"Vrhunec praznovanja - Novice.si\" \/>\n<meta property=\"og:description\" content=\"Pravlji\u010dno Celje. Dosedanji obisk je zelo dober, najve\u010d obiskovalcev pa gre pri\u010dakovati na vrhuncu, ki je tik pred vrati. Silvestrovali bomo z LPS in Zvito feltno. V Zavodu Celeia Celje so bili v prvih decembrskih dneh zadovoljni z obiskom Pravlji\u010dnega Celja. \u00bbNovosti so po\u017eele zanimanje obiskovalcev iz Celja in tudi drugih slovenskih krajev. Na 20 [&hellip;]\" \/>\n<meta property=\"og:url\" content=\"https:\/\/novice.si\/page\/vrhunec-praznovanja\/\" \/>\n<meta property=\"og:site_name\" content=\"Novice.si\" \/>\n<meta property=\"article:published_time\" content=\"2023-12-20T11:07:08+00:00\" \/>\n<meta property=\"og:image\" content=\"https:\/\/novice.si\/page\/wp-content\/uploads\/2023\/12\/CZ_dogodki-december2.jpg\" \/>\n\t<meta property=\"og:image:width\" content=\"1600\" \/>\n\t<meta property=\"og:image:height\" content=\"720\" \/>\n\t<meta property=\"og:image:type\" content=\"image\/jpeg\" \/>\n<meta name=\"author\" content=\"Uredni\u0161tvo Celjana\" \/>\n<meta name=\"twitter:card\" content=\"summary_large_image\" \/>\n<meta name=\"twitter:label1\" content=\"Written by\" \/>\n\t<meta name=\"twitter:data1\" content=\"Uredni\u0161tvo Celjana\" \/>\n\t<meta name=\"twitter:label2\" content=\"Est. reading time\" \/>\n\t<meta name=\"twitter:data2\" content=\"2 minuti\" \/>\n<script type=\"application\/ld+json\" class=\"yoast-schema-graph\">{\"@context\":\"https:\\\/\\\/schema.org\",\"@graph\":[{\"@type\":\"Article\",\"@id\":\"https:\\\/\\\/novice.si\\\/page\\\/vrhunec-praznovanja\\\/#article\",\"isPartOf\":{\"@id\":\"https:\\\/\\\/novice.si\\\/page\\\/vrhunec-praznovanja\\\/\"},\"author\":{\"name\":\"Uredni\u0161tvo Celjana\",\"@id\":\"https:\\\/\\\/novice.si\\\/page\\\/#\\\/schema\\\/person\\\/a49f233ef2777ec7b2e8d0662325bb48\"},\"headline\":\"Vrhunec praznovanja\",\"datePublished\":\"2023-12-20T11:07:08+00:00\",\"mainEntityOfPage\":{\"@id\":\"https:\\\/\\\/novice.si\\\/page\\\/vrhunec-praznovanja\\\/\"},\"wordCount\":232,\"publisher\":{\"@id\":\"https:\\\/\\\/novice.si\\\/page\\\/#organization\"},\"image\":{\"@id\":\"https:\\\/\\\/novice.si\\\/page\\\/vrhunec-praznovanja\\\/#primaryimage\"},\"thumbnailUrl\":\"https:\\\/\\\/novice.si\\\/page\\\/wp-content\\\/uploads\\\/2023\\\/12\\\/CZ_dogodki-december2.jpg\",\"articleSection\":[\"Aktualno\",\"Celjan\",\"Celjsko\"],\"inLanguage\":\"sl-SI\"},{\"@type\":\"WebPage\",\"@id\":\"https:\\\/\\\/novice.si\\\/page\\\/vrhunec-praznovanja\\\/\",\"url\":\"https:\\\/\\\/novice.si\\\/page\\\/vrhunec-praznovanja\\\/\",\"name\":\"Vrhunec praznovanja - Novice.si\",\"isPartOf\":{\"@id\":\"https:\\\/\\\/novice.si\\\/page\\\/#website\"},\"primaryImageOfPage\":{\"@id\":\"https:\\\/\\\/novice.si\\\/page\\\/vrhunec-praznovanja\\\/#primaryimage\"},\"image\":{\"@id\":\"https:\\\/\\\/novice.si\\\/page\\\/vrhunec-praznovanja\\\/#primaryimage\"},\"thumbnailUrl\":\"https:\\\/\\\/novice.si\\\/page\\\/wp-content\\\/uploads\\\/2023\\\/12\\\/CZ_dogodki-december2.jpg\",\"datePublished\":\"2023-12-20T11:07:08+00:00\",\"breadcrumb\":{\"@id\":\"https:\\\/\\\/novice.si\\\/page\\\/vrhunec-praznovanja\\\/#breadcrumb\"},\"inLanguage\":\"sl-SI\",\"potentialAction\":[{\"@type\":\"ReadAction\",\"target\":[\"https:\\\/\\\/novice.si\\\/page\\\/vrhunec-praznovanja\\\/\"]}]},{\"@type\":\"ImageObject\",\"inLanguage\":\"sl-SI\",\"@id\":\"https:\\\/\\\/novice.si\\\/page\\\/vrhunec-praznovanja\\\/#primaryimage\",\"url\":\"https:\\\/\\\/novice.si\\\/page\\\/wp-content\\\/uploads\\\/2023\\\/12\\\/CZ_dogodki-december2.jpg\",\"contentUrl\":\"https:\\\/\\\/novice.si\\\/page\\\/wp-content\\\/uploads\\\/2023\\\/12\\\/CZ_dogodki-december2.jpg\",\"width\":1600,\"height\":720,\"caption\":\"veseli december celje\"},{\"@type\":\"BreadcrumbList\",\"@id\":\"https:\\\/\\\/novice.si\\\/page\\\/vrhunec-praznovanja\\\/#breadcrumb\",\"itemListElement\":[{\"@type\":\"ListItem\",\"position\":1,\"name\":\"Home\",\"item\":\"https:\\\/\\\/novice.si\\\/page\\\/\"},{\"@type\":\"ListItem\",\"position\":2,\"name\":\"Vrhunec praznovanja\"}]},{\"@type\":\"WebSite\",\"@id\":\"https:\\\/\\\/novice.si\\\/page\\\/#website\",\"url\":\"https:\\\/\\\/novice.si\\\/page\\\/\",\"name\":\"Novice.si\",\"description\":\"\",\"publisher\":{\"@id\":\"https:\\\/\\\/novice.si\\\/page\\\/#organization\"},\"potentialAction\":[{\"@type\":\"SearchAction\",\"target\":{\"@type\":\"EntryPoint\",\"urlTemplate\":\"https:\\\/\\\/novice.si\\\/page\\\/?s={search_term_string}\"},\"query-input\":{\"@type\":\"PropertyValueSpecification\",\"valueRequired\":true,\"valueName\":\"search_term_string\"}}],\"inLanguage\":\"sl-SI\"},{\"@type\":\"Organization\",\"@id\":\"https:\\\/\\\/novice.si\\\/page\\\/#organization\",\"name\":\"Novice.si\",\"url\":\"https:\\\/\\\/novice.si\\\/page\\\/\",\"logo\":{\"@type\":\"ImageObject\",\"inLanguage\":\"sl-SI\",\"@id\":\"https:\\\/\\\/novice.si\\\/page\\\/#\\\/schema\\\/logo\\\/image\\\/\",\"url\":\"https:\\\/\\\/novice.si\\\/page\\\/wp-content\\\/uploads\\\/2023\\\/03\\\/novice_si.png\",\"contentUrl\":\"https:\\\/\\\/novice.si\\\/page\\\/wp-content\\\/uploads\\\/2023\\\/03\\\/novice_si.png\",\"width\":576,\"height\":200,\"caption\":\"Novice.si\"},\"image\":{\"@id\":\"https:\\\/\\\/novice.si\\\/page\\\/#\\\/schema\\\/logo\\\/image\\\/\"}},{\"@type\":\"Person\",\"@id\":\"https:\\\/\\\/novice.si\\\/page\\\/#\\\/schema\\\/person\\\/a49f233ef2777ec7b2e8d0662325bb48\",\"name\":\"Uredni\u0161tvo Celjana\",\"image\":{\"@type\":\"ImageObject\",\"inLanguage\":\"sl-SI\",\"@id\":\"https:\\\/\\\/secure.gravatar.com\\\/avatar\\\/7f7863e616af8f92806c638dd1db3f1a238d83d1cc2ec3100afc06fbb7eb303f?s=96&d=mm&r=g\",\"url\":\"https:\\\/\\\/secure.gravatar.com\\\/avatar\\\/7f7863e616af8f92806c638dd1db3f1a238d83d1cc2ec3100afc06fbb7eb303f?s=96&d=mm&r=g\",\"contentUrl\":\"https:\\\/\\\/secure.gravatar.com\\\/avatar\\\/7f7863e616af8f92806c638dd1db3f1a238d83d1cc2ec3100afc06fbb7eb303f?s=96&d=mm&r=g\",\"caption\":\"Uredni\u0161tvo Celjana\"},\"url\":\"https:\\\/\\\/novice.si\\\/page\\\/author\\\/maja\\\/\"}]}<\/script>\n<!-- \/ Yoast SEO plugin. -->","yoast_head_json":{"title":"Vrhunec praznovanja - Novice.si","robots":{"index":"index","follow":"follow","max-snippet":"max-snippet:-1","max-image-preview":"max-image-preview:large","max-video-preview":"max-video-preview:-1"},"canonical":"https:\/\/novice.si\/page\/vrhunec-praznovanja\/","og_locale":"sl_SI","og_type":"article","og_title":"Vrhunec praznovanja - Novice.si","og_description":"Pravlji\u010dno Celje. Dosedanji obisk je zelo dober, najve\u010d obiskovalcev pa gre pri\u010dakovati na vrhuncu, ki je tik pred vrati. Silvestrovali bomo z LPS in Zvito feltno. V Zavodu Celeia Celje so bili v prvih decembrskih dneh zadovoljni z obiskom Pravlji\u010dnega Celja. \u00bbNovosti so po\u017eele zanimanje obiskovalcev iz Celja in tudi drugih slovenskih krajev. Na 20 [&hellip;]","og_url":"https:\/\/novice.si\/page\/vrhunec-praznovanja\/","og_site_name":"Novice.si","article_published_time":"2023-12-20T11:07:08+00:00","og_image":[{"width":1600,"height":720,"url":"https:\/\/novice.si\/page\/wp-content\/uploads\/2023\/12\/CZ_dogodki-december2.jpg","type":"image\/jpeg"}],"author":"Uredni\u0161tvo Celjana","twitter_card":"summary_large_image","twitter_misc":{"Written by":"Uredni\u0161tvo Celjana","Est. reading time":"2 minuti"},"schema":{"@context":"https:\/\/schema.org","@graph":[{"@type":"Article","@id":"https:\/\/novice.si\/page\/vrhunec-praznovanja\/#article","isPartOf":{"@id":"https:\/\/novice.si\/page\/vrhunec-praznovanja\/"},"author":{"name":"Uredni\u0161tvo Celjana","@id":"https:\/\/novice.si\/page\/#\/schema\/person\/a49f233ef2777ec7b2e8d0662325bb48"},"headline":"Vrhunec praznovanja","datePublished":"2023-12-20T11:07:08+00:00","mainEntityOfPage":{"@id":"https:\/\/novice.si\/page\/vrhunec-praznovanja\/"},"wordCount":232,"publisher":{"@id":"https:\/\/novice.si\/page\/#organization"},"image":{"@id":"https:\/\/novice.si\/page\/vrhunec-praznovanja\/#primaryimage"},"thumbnailUrl":"https:\/\/novice.si\/page\/wp-content\/uploads\/2023\/12\/CZ_dogodki-december2.jpg","articleSection":["Aktualno","Celjan","Celjsko"],"inLanguage":"sl-SI"},{"@type":"WebPage","@id":"https:\/\/novice.si\/page\/vrhunec-praznovanja\/","url":"https:\/\/novice.si\/page\/vrhunec-praznovanja\/","name":"Vrhunec praznovanja - Novice.si","isPartOf":{"@id":"https:\/\/novice.si\/page\/#website"},"primaryImageOfPage":{"@id":"https:\/\/novice.si\/page\/vrhunec-praznovanja\/#primaryimage"},"image":{"@id":"https:\/\/novice.si\/page\/vrhunec-praznovanja\/#primaryimage"},"thumbnailUrl":"https:\/\/novice.si\/page\/wp-content\/uploads\/2023\/12\/CZ_dogodki-december2.jpg","datePublished":"2023-12-20T11:07:08+00:00","breadcrumb":{"@id":"https:\/\/novice.si\/page\/vrhunec-praznovanja\/#breadcrumb"},"inLanguage":"sl-SI","potentialAction":[{"@type":"ReadAction","target":["https:\/\/novice.si\/page\/vrhunec-praznovanja\/"]}]},{"@type":"ImageObject","inLanguage":"sl-SI","@id":"https:\/\/novice.si\/page\/vrhunec-praznovanja\/#primaryimage","url":"https:\/\/novice.si\/page\/wp-content\/uploads\/2023\/12\/CZ_dogodki-december2.jpg","contentUrl":"https:\/\/novice.si\/page\/wp-content\/uploads\/2023\/12\/CZ_dogodki-december2.jpg","width":1600,"height":720,"caption":"veseli december celje"},{"@type":"BreadcrumbList","@id":"https:\/\/novice.si\/page\/vrhunec-praznovanja\/#breadcrumb","itemListElement":[{"@type":"ListItem","position":1,"name":"Home","item":"https:\/\/novice.si\/page\/"},{"@type":"ListItem","position":2,"name":"Vrhunec praznovanja"}]},{"@type":"WebSite","@id":"https:\/\/novice.si\/page\/#website","url":"https:\/\/novice.si\/page\/","name":"Novice.si","description":"","publisher":{"@id":"https:\/\/novice.si\/page\/#organization"},"potentialAction":[{"@type":"SearchAction","target":{"@type":"EntryPoint","urlTemplate":"https:\/\/novice.si\/page\/?s={search_term_string}"},"query-input":{"@type":"PropertyValueSpecification","valueRequired":true,"valueName":"search_term_string"}}],"inLanguage":"sl-SI"},{"@type":"Organization","@id":"https:\/\/novice.si\/page\/#organization","name":"Novice.si","url":"https:\/\/novice.si\/page\/","logo":{"@type":"ImageObject","inLanguage":"sl-SI","@id":"https:\/\/novice.si\/page\/#\/schema\/logo\/image\/","url":"https:\/\/novice.si\/page\/wp-content\/uploads\/2023\/03\/novice_si.png","contentUrl":"https:\/\/novice.si\/page\/wp-content\/uploads\/2023\/03\/novice_si.png","width":576,"height":200,"caption":"Novice.si"},"image":{"@id":"https:\/\/novice.si\/page\/#\/schema\/logo\/image\/"}},{"@type":"Person","@id":"https:\/\/novice.si\/page\/#\/schema\/person\/a49f233ef2777ec7b2e8d0662325bb48","name":"Uredni\u0161tvo Celjana","image":{"@type":"ImageObject","inLanguage":"sl-SI","@id":"https:\/\/secure.gravatar.com\/avatar\/7f7863e616af8f92806c638dd1db3f1a238d83d1cc2ec3100afc06fbb7eb303f?s=96&d=mm&r=g","url":"https:\/\/secure.gravatar.com\/avatar\/7f7863e616af8f92806c638dd1db3f1a238d83d1cc2ec3100afc06fbb7eb303f?s=96&d=mm&r=g","contentUrl":"https:\/\/secure.gravatar.com\/avatar\/7f7863e616af8f92806c638dd1db3f1a238d83d1cc2ec3100afc06fbb7eb303f?s=96&d=mm&r=g","caption":"Uredni\u0161tvo Celjana"},"url":"https:\/\/novice.si\/page\/author\/maja\/"}]}},"_links":{"self":[{"href":"https:\/\/novice.si\/page\/wp-json\/wp\/v2\/posts\/170350","targetHints":{"allow":["GET"]}}],"collection":[{"href":"https:\/\/novice.si\/page\/wp-json\/wp\/v2\/posts"}],"about":[{"href":"https:\/\/novice.si\/page\/wp-json\/wp\/v2\/types\/post"}],"author":[{"embeddable":true,"href":"https:\/\/novice.si\/page\/wp-json\/wp\/v2\/users\/55"}],"replies":[{"embeddable":true,"href":"https:\/\/novice.si\/page\/wp-json\/wp\/v2\/comments?post=170350"}],"version-history":[{"count":1,"href":"https:\/\/novice.si\/page\/wp-json\/wp\/v2\/posts\/170350\/revisions"}],"predecessor-version":[{"id":170354,"href":"https:\/\/novice.si\/page\/wp-json\/wp\/v2\/posts\/170350\/revisions\/170354"}],"wp:featuredmedia":[{"embeddable":true,"href":"https:\/\/novice.si\/page\/wp-json\/wp\/v2\/media\/170353"}],"wp:attachment":[{"href":"https:\/\/novice.si\/page\/wp-json\/wp\/v2\/media?parent=170350"}],"wp:term":[{"taxonomy":"category","embeddable":true,"href":"https:\/\/novice.si\/page\/wp-json\/wp\/v2\/categories?post=170350"},{"taxonomy":"post_tag","embeddable":true,"href":"https:\/\/novice.si\/page\/wp-json\/wp\/v2\/tags?post=170350"}],"curies":[{"name":"wp","href":"https:\/\/api.w.org\/{rel}","templated":true}]}}