{"id":170331,"date":"2023-12-20T08:22:25","date_gmt":"2023-12-20T07:22:25","guid":{"rendered":"https:\/\/novice.si\/page\/?p=170331"},"modified":"2023-12-20T08:22:25","modified_gmt":"2023-12-20T07:22:25","slug":"celje-v-celjski-bolnisnici-odkrili-spominsko-obelezje","status":"publish","type":"post","link":"https:\/\/novice.si\/page\/celje-v-celjski-bolnisnici-odkrili-spominsko-obelezje\/","title":{"rendered":"CELJE V celjski bolni\u0161nici odkrili spominsko obele\u017eje"},"content":{"rendered":"<p><img loading=\"lazy\" decoding=\"async\" class=\"wp-image-170333 alignleft\" src=\"https:\/\/novice.si\/page\/wp-content\/uploads\/2023\/12\/prim-spec-akad-st-Rado-Pilih-440x600.jpg\" alt=\"\" width=\"127\" height=\"173\" srcset=\"https:\/\/novice.si\/page\/wp-content\/uploads\/2023\/12\/prim-spec-akad-st-Rado-Pilih-440x600.jpg 440w, https:\/\/novice.si\/page\/wp-content\/uploads\/2023\/12\/prim-spec-akad-st-Rado-Pilih-751x1024.jpg 751w, https:\/\/novice.si\/page\/wp-content\/uploads\/2023\/12\/prim-spec-akad-st-Rado-Pilih-768x1048.jpg 768w, https:\/\/novice.si\/page\/wp-content\/uploads\/2023\/12\/prim-spec-akad-st-Rado-Pilih-1126x1536.jpg 1126w, https:\/\/novice.si\/page\/wp-content\/uploads\/2023\/12\/prim-spec-akad-st-Rado-Pilih-696x949.jpg 696w, https:\/\/novice.si\/page\/wp-content\/uploads\/2023\/12\/prim-spec-akad-st-Rado-Pilih-1068x1457.jpg 1068w, https:\/\/novice.si\/page\/wp-content\/uploads\/2023\/12\/prim-spec-akad-st-Rado-Pilih-308x420.jpg 308w, https:\/\/novice.si\/page\/wp-content\/uploads\/2023\/12\/prim-spec-akad-st-Rado-Pilih-18x24.jpg 18w, https:\/\/novice.si\/page\/wp-content\/uploads\/2023\/12\/prim-spec-akad-st-Rado-Pilih-26x36.jpg 26w, https:\/\/novice.si\/page\/wp-content\/uploads\/2023\/12\/prim-spec-akad-st-Rado-Pilih-35x48.jpg 35w, https:\/\/novice.si\/page\/wp-content\/uploads\/2023\/12\/prim-spec-akad-st-Rado-Pilih.jpg 1299w\" sizes=\"auto, (max-width: 127px) 100vw, 127px\" \/>Na posebni slovesnosti so v avli poliklinike celjske bolni\u0161nice v\u010deraj popoldne odkrili spominsko plo\u0161\u010do, ki bo namenjena tistim, ki so s svojim delom, zgledom, po\u017ertvovalnostjo, profesionalnim pristopom in lojalnostjo pripomogli k ugledu te zdravstvene ustanove.<\/p>\n<p>Sprva bosta na obele\u017eju imeni <strong>Rada Piliha<\/strong> in <strong>Fran\u010di\u0161ke \u0160krabl Mo\u010dnik<\/strong>, kasneje jo bodo \u0161e dopolnjevali.<\/p>\n<p>Primarij Pilih velja za za\u010detnika moderne travmatologije v Celju, nekdanja strokovna<img loading=\"lazy\" decoding=\"async\" class=\"wp-image-170334 alignright\" src=\"https:\/\/novice.si\/page\/wp-content\/uploads\/2023\/12\/prim-mag-Franciska-Skrabl-Mocnik-600x600.jpg\" alt=\"\" width=\"162\" height=\"162\" srcset=\"https:\/\/novice.si\/page\/wp-content\/uploads\/2023\/12\/prim-mag-Franciska-Skrabl-Mocnik-600x600.jpg 600w, https:\/\/novice.si\/page\/wp-content\/uploads\/2023\/12\/prim-mag-Franciska-Skrabl-Mocnik-1024x1024.jpg 1024w, https:\/\/novice.si\/page\/wp-content\/uploads\/2023\/12\/prim-mag-Franciska-Skrabl-Mocnik-150x150.jpg 150w, https:\/\/novice.si\/page\/wp-content\/uploads\/2023\/12\/prim-mag-Franciska-Skrabl-Mocnik-768x768.jpg 768w, https:\/\/novice.si\/page\/wp-content\/uploads\/2023\/12\/prim-mag-Franciska-Skrabl-Mocnik-1536x1536.jpg 1536w, https:\/\/novice.si\/page\/wp-content\/uploads\/2023\/12\/prim-mag-Franciska-Skrabl-Mocnik-2048x2048.jpg 2048w, https:\/\/novice.si\/page\/wp-content\/uploads\/2023\/12\/prim-mag-Franciska-Skrabl-Mocnik-696x696.jpg 696w, https:\/\/novice.si\/page\/wp-content\/uploads\/2023\/12\/prim-mag-Franciska-Skrabl-Mocnik-1068x1068.jpg 1068w, https:\/\/novice.si\/page\/wp-content\/uploads\/2023\/12\/prim-mag-Franciska-Skrabl-Mocnik-420x420.jpg 420w, https:\/\/novice.si\/page\/wp-content\/uploads\/2023\/12\/prim-mag-Franciska-Skrabl-Mocnik-1920x1920.jpg 1920w, https:\/\/novice.si\/page\/wp-content\/uploads\/2023\/12\/prim-mag-Franciska-Skrabl-Mocnik-24x24.jpg 24w, https:\/\/novice.si\/page\/wp-content\/uploads\/2023\/12\/prim-mag-Franciska-Skrabl-Mocnik-36x36.jpg 36w, https:\/\/novice.si\/page\/wp-content\/uploads\/2023\/12\/prim-mag-Franciska-Skrabl-Mocnik-48x48.jpg 48w\" sizes=\"auto, (max-width: 162px) 100vw, 162px\" \/> direktorica SBC \u0160krabl Mo\u010dnikova pa je prva vodila takrat novoustanovljeni oddelek za bolezni srca, o\u017eilja in plju\u010d. Oba sta v ospredje postavljala skrb za kakovost in strokovnost zdravni\u0161kega dela.<\/p>\n<p>P\u0160<\/p>\n","protected":false},"excerpt":{"rendered":"<p>Na posebni slovesnosti so v avli poliklinike celjske bolni\u0161nice v\u010deraj popoldne odkrili spominsko plo\u0161\u010do, ki bo namenjena tistim, ki so s svojim delom, zgledom, po\u017ertvovalnostjo, profesionalnim pristopom in lojalnostjo pripomogli k ugledu te zdravstvene ustanove. Sprva bosta na obele\u017eju imeni Rada Piliha in Fran\u010di\u0161ke \u0160krabl Mo\u010dnik, kasneje jo bodo \u0161e dopolnjevali. Primarij Pilih velja za [&hellip;]<\/p>\n","protected":false},"author":33,"featured_media":170332,"comment_status":"closed","ping_status":"closed","sticky":false,"template":"","format":"standard","meta":{"footnotes":""},"categories":[17],"tags":[19401,19400,3733,5785],"class_list":{"0":"post-170331","1":"post","2":"type-post","3":"status-publish","4":"format-standard","5":"has-post-thumbnail","7":"category-celjsko","8":"tag-franciska-skrabl-mocnik","9":"tag-rado-pilih","10":"tag-sbc","11":"tag-spominsko-obelezje"},"yoast_head":"<!-- This site is optimized with the Yoast SEO plugin v27.4 - https:\/\/yoast.com\/product\/yoast-seo-wordpress\/ -->\n<title>CELJE V celjski bolni\u0161nici odkrili spominsko obele\u017eje - Novice.si<\/title>\n<meta name=\"robots\" content=\"index, follow, max-snippet:-1, max-image-preview:large, max-video-preview:-1\" \/>\n<link rel=\"canonical\" href=\"https:\/\/novice.si\/page\/celje-v-celjski-bolnisnici-odkrili-spominsko-obelezje\/\" \/>\n<meta property=\"og:locale\" content=\"sl_SI\" \/>\n<meta property=\"og:type\" content=\"article\" \/>\n<meta property=\"og:title\" content=\"CELJE V celjski bolni\u0161nici odkrili spominsko obele\u017eje - Novice.si\" \/>\n<meta property=\"og:description\" content=\"Na posebni slovesnosti so v avli poliklinike celjske bolni\u0161nice v\u010deraj popoldne odkrili spominsko plo\u0161\u010do, ki bo namenjena tistim, ki so s svojim delom, zgledom, po\u017ertvovalnostjo, profesionalnim pristopom in lojalnostjo pripomogli k ugledu te zdravstvene ustanove. Sprva bosta na obele\u017eju imeni Rada Piliha in Fran\u010di\u0161ke \u0160krabl Mo\u010dnik, kasneje jo bodo \u0161e dopolnjevali. Primarij Pilih velja za [&hellip;]\" \/>\n<meta property=\"og:url\" content=\"https:\/\/novice.si\/page\/celje-v-celjski-bolnisnici-odkrili-spominsko-obelezje\/\" \/>\n<meta property=\"og:site_name\" content=\"Novice.si\" \/>\n<meta property=\"article:published_time\" content=\"2023-12-20T07:22:25+00:00\" \/>\n<meta property=\"og:image\" content=\"https:\/\/novice.si\/page\/wp-content\/uploads\/2023\/12\/IMG_2586_PURG-scaled.jpg\" \/>\n\t<meta property=\"og:image:width\" content=\"1707\" \/>\n\t<meta property=\"og:image:height\" content=\"2560\" \/>\n\t<meta property=\"og:image:type\" content=\"image\/jpeg\" \/>\n<meta name=\"author\" content=\"Uredni\u0161tvo Celjana\" \/>\n<meta name=\"twitter:card\" content=\"summary_large_image\" \/>\n<meta name=\"twitter:label1\" content=\"Written by\" \/>\n\t<meta name=\"twitter:data1\" content=\"Uredni\u0161tvo Celjana\" \/>\n\t<meta name=\"twitter:label2\" content=\"Est. reading time\" \/>\n\t<meta name=\"twitter:data2\" content=\"2 minuti\" \/>\n<script type=\"application\/ld+json\" class=\"yoast-schema-graph\">{\"@context\":\"https:\\\/\\\/schema.org\",\"@graph\":[{\"@type\":\"Article\",\"@id\":\"https:\\\/\\\/novice.si\\\/page\\\/celje-v-celjski-bolnisnici-odkrili-spominsko-obelezje\\\/#article\",\"isPartOf\":{\"@id\":\"https:\\\/\\\/novice.si\\\/page\\\/celje-v-celjski-bolnisnici-odkrili-spominsko-obelezje\\\/\"},\"author\":{\"name\":\"Uredni\u0161tvo Celjana\",\"@id\":\"https:\\\/\\\/novice.si\\\/page\\\/#\\\/schema\\\/person\\\/57f25c9642a9541c7349c65d32032c3e\"},\"headline\":\"CELJE V celjski bolni\u0161nici odkrili spominsko obele\u017eje\",\"datePublished\":\"2023-12-20T07:22:25+00:00\",\"mainEntityOfPage\":{\"@id\":\"https:\\\/\\\/novice.si\\\/page\\\/celje-v-celjski-bolnisnici-odkrili-spominsko-obelezje\\\/\"},\"wordCount\":113,\"publisher\":{\"@id\":\"https:\\\/\\\/novice.si\\\/page\\\/#organization\"},\"image\":{\"@id\":\"https:\\\/\\\/novice.si\\\/page\\\/celje-v-celjski-bolnisnici-odkrili-spominsko-obelezje\\\/#primaryimage\"},\"thumbnailUrl\":\"https:\\\/\\\/novice.si\\\/page\\\/wp-content\\\/uploads\\\/2023\\\/12\\\/IMG_2586_PURG-scaled.jpg\",\"keywords\":[\"Fran\u010di\u0161ka \u0160krabl Mo\u010dnik\",\"Rado Pilih\",\"SBC\",\"spominsko obele\u017eje\"],\"articleSection\":[\"Celjsko\"],\"inLanguage\":\"sl-SI\"},{\"@type\":\"WebPage\",\"@id\":\"https:\\\/\\\/novice.si\\\/page\\\/celje-v-celjski-bolnisnici-odkrili-spominsko-obelezje\\\/\",\"url\":\"https:\\\/\\\/novice.si\\\/page\\\/celje-v-celjski-bolnisnici-odkrili-spominsko-obelezje\\\/\",\"name\":\"CELJE V celjski bolni\u0161nici odkrili spominsko obele\u017eje - Novice.si\",\"isPartOf\":{\"@id\":\"https:\\\/\\\/novice.si\\\/page\\\/#website\"},\"primaryImageOfPage\":{\"@id\":\"https:\\\/\\\/novice.si\\\/page\\\/celje-v-celjski-bolnisnici-odkrili-spominsko-obelezje\\\/#primaryimage\"},\"image\":{\"@id\":\"https:\\\/\\\/novice.si\\\/page\\\/celje-v-celjski-bolnisnici-odkrili-spominsko-obelezje\\\/#primaryimage\"},\"thumbnailUrl\":\"https:\\\/\\\/novice.si\\\/page\\\/wp-content\\\/uploads\\\/2023\\\/12\\\/IMG_2586_PURG-scaled.jpg\",\"datePublished\":\"2023-12-20T07:22:25+00:00\",\"breadcrumb\":{\"@id\":\"https:\\\/\\\/novice.si\\\/page\\\/celje-v-celjski-bolnisnici-odkrili-spominsko-obelezje\\\/#breadcrumb\"},\"inLanguage\":\"sl-SI\",\"potentialAction\":[{\"@type\":\"ReadAction\",\"target\":[\"https:\\\/\\\/novice.si\\\/page\\\/celje-v-celjski-bolnisnici-odkrili-spominsko-obelezje\\\/\"]}]},{\"@type\":\"ImageObject\",\"inLanguage\":\"sl-SI\",\"@id\":\"https:\\\/\\\/novice.si\\\/page\\\/celje-v-celjski-bolnisnici-odkrili-spominsko-obelezje\\\/#primaryimage\",\"url\":\"https:\\\/\\\/novice.si\\\/page\\\/wp-content\\\/uploads\\\/2023\\\/12\\\/IMG_2586_PURG-scaled.jpg\",\"contentUrl\":\"https:\\\/\\\/novice.si\\\/page\\\/wp-content\\\/uploads\\\/2023\\\/12\\\/IMG_2586_PURG-scaled.jpg\",\"width\":1707,\"height\":2560},{\"@type\":\"BreadcrumbList\",\"@id\":\"https:\\\/\\\/novice.si\\\/page\\\/celje-v-celjski-bolnisnici-odkrili-spominsko-obelezje\\\/#breadcrumb\",\"itemListElement\":[{\"@type\":\"ListItem\",\"position\":1,\"name\":\"Home\",\"item\":\"https:\\\/\\\/novice.si\\\/page\\\/\"},{\"@type\":\"ListItem\",\"position\":2,\"name\":\"CELJE V celjski bolni\u0161nici odkrili spominsko obele\u017eje\"}]},{\"@type\":\"WebSite\",\"@id\":\"https:\\\/\\\/novice.si\\\/page\\\/#website\",\"url\":\"https:\\\/\\\/novice.si\\\/page\\\/\",\"name\":\"Novice.si\",\"description\":\"\",\"publisher\":{\"@id\":\"https:\\\/\\\/novice.si\\\/page\\\/#organization\"},\"potentialAction\":[{\"@type\":\"SearchAction\",\"target\":{\"@type\":\"EntryPoint\",\"urlTemplate\":\"https:\\\/\\\/novice.si\\\/page\\\/?s={search_term_string}\"},\"query-input\":{\"@type\":\"PropertyValueSpecification\",\"valueRequired\":true,\"valueName\":\"search_term_string\"}}],\"inLanguage\":\"sl-SI\"},{\"@type\":\"Organization\",\"@id\":\"https:\\\/\\\/novice.si\\\/page\\\/#organization\",\"name\":\"Novice.si\",\"url\":\"https:\\\/\\\/novice.si\\\/page\\\/\",\"logo\":{\"@type\":\"ImageObject\",\"inLanguage\":\"sl-SI\",\"@id\":\"https:\\\/\\\/novice.si\\\/page\\\/#\\\/schema\\\/logo\\\/image\\\/\",\"url\":\"https:\\\/\\\/novice.si\\\/page\\\/wp-content\\\/uploads\\\/2023\\\/03\\\/novice_si.png\",\"contentUrl\":\"https:\\\/\\\/novice.si\\\/page\\\/wp-content\\\/uploads\\\/2023\\\/03\\\/novice_si.png\",\"width\":576,\"height\":200,\"caption\":\"Novice.si\"},\"image\":{\"@id\":\"https:\\\/\\\/novice.si\\\/page\\\/#\\\/schema\\\/logo\\\/image\\\/\"}},{\"@type\":\"Person\",\"@id\":\"https:\\\/\\\/novice.si\\\/page\\\/#\\\/schema\\\/person\\\/57f25c9642a9541c7349c65d32032c3e\",\"name\":\"Uredni\u0161tvo Celjana\",\"image\":{\"@type\":\"ImageObject\",\"inLanguage\":\"sl-SI\",\"@id\":\"https:\\\/\\\/secure.gravatar.com\\\/avatar\\\/78e52bc4279b65f6df6345e0ef0f7b792d361361f230cf4ffecfe0afe6d5629c?s=96&d=mm&r=g\",\"url\":\"https:\\\/\\\/secure.gravatar.com\\\/avatar\\\/78e52bc4279b65f6df6345e0ef0f7b792d361361f230cf4ffecfe0afe6d5629c?s=96&d=mm&r=g\",\"contentUrl\":\"https:\\\/\\\/secure.gravatar.com\\\/avatar\\\/78e52bc4279b65f6df6345e0ef0f7b792d361361f230cf4ffecfe0afe6d5629c?s=96&d=mm&r=g\",\"caption\":\"Uredni\u0161tvo Celjana\"},\"url\":\"https:\\\/\\\/novice.si\\\/page\\\/author\\\/primoz\\\/\"}]}<\/script>\n<!-- \/ Yoast SEO plugin. -->","yoast_head_json":{"title":"CELJE V celjski bolni\u0161nici odkrili spominsko obele\u017eje - Novice.si","robots":{"index":"index","follow":"follow","max-snippet":"max-snippet:-1","max-image-preview":"max-image-preview:large","max-video-preview":"max-video-preview:-1"},"canonical":"https:\/\/novice.si\/page\/celje-v-celjski-bolnisnici-odkrili-spominsko-obelezje\/","og_locale":"sl_SI","og_type":"article","og_title":"CELJE V celjski bolni\u0161nici odkrili spominsko obele\u017eje - Novice.si","og_description":"Na posebni slovesnosti so v avli poliklinike celjske bolni\u0161nice v\u010deraj popoldne odkrili spominsko plo\u0161\u010do, ki bo namenjena tistim, ki so s svojim delom, zgledom, po\u017ertvovalnostjo, profesionalnim pristopom in lojalnostjo pripomogli k ugledu te zdravstvene ustanove. Sprva bosta na obele\u017eju imeni Rada Piliha in Fran\u010di\u0161ke \u0160krabl Mo\u010dnik, kasneje jo bodo \u0161e dopolnjevali. Primarij Pilih velja za [&hellip;]","og_url":"https:\/\/novice.si\/page\/celje-v-celjski-bolnisnici-odkrili-spominsko-obelezje\/","og_site_name":"Novice.si","article_published_time":"2023-12-20T07:22:25+00:00","og_image":[{"width":1707,"height":2560,"url":"https:\/\/novice.si\/page\/wp-content\/uploads\/2023\/12\/IMG_2586_PURG-scaled.jpg","type":"image\/jpeg"}],"author":"Uredni\u0161tvo Celjana","twitter_card":"summary_large_image","twitter_misc":{"Written by":"Uredni\u0161tvo Celjana","Est. reading time":"2 minuti"},"schema":{"@context":"https:\/\/schema.org","@graph":[{"@type":"Article","@id":"https:\/\/novice.si\/page\/celje-v-celjski-bolnisnici-odkrili-spominsko-obelezje\/#article","isPartOf":{"@id":"https:\/\/novice.si\/page\/celje-v-celjski-bolnisnici-odkrili-spominsko-obelezje\/"},"author":{"name":"Uredni\u0161tvo Celjana","@id":"https:\/\/novice.si\/page\/#\/schema\/person\/57f25c9642a9541c7349c65d32032c3e"},"headline":"CELJE V celjski bolni\u0161nici odkrili spominsko obele\u017eje","datePublished":"2023-12-20T07:22:25+00:00","mainEntityOfPage":{"@id":"https:\/\/novice.si\/page\/celje-v-celjski-bolnisnici-odkrili-spominsko-obelezje\/"},"wordCount":113,"publisher":{"@id":"https:\/\/novice.si\/page\/#organization"},"image":{"@id":"https:\/\/novice.si\/page\/celje-v-celjski-bolnisnici-odkrili-spominsko-obelezje\/#primaryimage"},"thumbnailUrl":"https:\/\/novice.si\/page\/wp-content\/uploads\/2023\/12\/IMG_2586_PURG-scaled.jpg","keywords":["Fran\u010di\u0161ka \u0160krabl Mo\u010dnik","Rado Pilih","SBC","spominsko obele\u017eje"],"articleSection":["Celjsko"],"inLanguage":"sl-SI"},{"@type":"WebPage","@id":"https:\/\/novice.si\/page\/celje-v-celjski-bolnisnici-odkrili-spominsko-obelezje\/","url":"https:\/\/novice.si\/page\/celje-v-celjski-bolnisnici-odkrili-spominsko-obelezje\/","name":"CELJE V celjski bolni\u0161nici odkrili spominsko obele\u017eje - Novice.si","isPartOf":{"@id":"https:\/\/novice.si\/page\/#website"},"primaryImageOfPage":{"@id":"https:\/\/novice.si\/page\/celje-v-celjski-bolnisnici-odkrili-spominsko-obelezje\/#primaryimage"},"image":{"@id":"https:\/\/novice.si\/page\/celje-v-celjski-bolnisnici-odkrili-spominsko-obelezje\/#primaryimage"},"thumbnailUrl":"https:\/\/novice.si\/page\/wp-content\/uploads\/2023\/12\/IMG_2586_PURG-scaled.jpg","datePublished":"2023-12-20T07:22:25+00:00","breadcrumb":{"@id":"https:\/\/novice.si\/page\/celje-v-celjski-bolnisnici-odkrili-spominsko-obelezje\/#breadcrumb"},"inLanguage":"sl-SI","potentialAction":[{"@type":"ReadAction","target":["https:\/\/novice.si\/page\/celje-v-celjski-bolnisnici-odkrili-spominsko-obelezje\/"]}]},{"@type":"ImageObject","inLanguage":"sl-SI","@id":"https:\/\/novice.si\/page\/celje-v-celjski-bolnisnici-odkrili-spominsko-obelezje\/#primaryimage","url":"https:\/\/novice.si\/page\/wp-content\/uploads\/2023\/12\/IMG_2586_PURG-scaled.jpg","contentUrl":"https:\/\/novice.si\/page\/wp-content\/uploads\/2023\/12\/IMG_2586_PURG-scaled.jpg","width":1707,"height":2560},{"@type":"BreadcrumbList","@id":"https:\/\/novice.si\/page\/celje-v-celjski-bolnisnici-odkrili-spominsko-obelezje\/#breadcrumb","itemListElement":[{"@type":"ListItem","position":1,"name":"Home","item":"https:\/\/novice.si\/page\/"},{"@type":"ListItem","position":2,"name":"CELJE V celjski bolni\u0161nici odkrili spominsko obele\u017eje"}]},{"@type":"WebSite","@id":"https:\/\/novice.si\/page\/#website","url":"https:\/\/novice.si\/page\/","name":"Novice.si","description":"","publisher":{"@id":"https:\/\/novice.si\/page\/#organization"},"potentialAction":[{"@type":"SearchAction","target":{"@type":"EntryPoint","urlTemplate":"https:\/\/novice.si\/page\/?s={search_term_string}"},"query-input":{"@type":"PropertyValueSpecification","valueRequired":true,"valueName":"search_term_string"}}],"inLanguage":"sl-SI"},{"@type":"Organization","@id":"https:\/\/novice.si\/page\/#organization","name":"Novice.si","url":"https:\/\/novice.si\/page\/","logo":{"@type":"ImageObject","inLanguage":"sl-SI","@id":"https:\/\/novice.si\/page\/#\/schema\/logo\/image\/","url":"https:\/\/novice.si\/page\/wp-content\/uploads\/2023\/03\/novice_si.png","contentUrl":"https:\/\/novice.si\/page\/wp-content\/uploads\/2023\/03\/novice_si.png","width":576,"height":200,"caption":"Novice.si"},"image":{"@id":"https:\/\/novice.si\/page\/#\/schema\/logo\/image\/"}},{"@type":"Person","@id":"https:\/\/novice.si\/page\/#\/schema\/person\/57f25c9642a9541c7349c65d32032c3e","name":"Uredni\u0161tvo Celjana","image":{"@type":"ImageObject","inLanguage":"sl-SI","@id":"https:\/\/secure.gravatar.com\/avatar\/78e52bc4279b65f6df6345e0ef0f7b792d361361f230cf4ffecfe0afe6d5629c?s=96&d=mm&r=g","url":"https:\/\/secure.gravatar.com\/avatar\/78e52bc4279b65f6df6345e0ef0f7b792d361361f230cf4ffecfe0afe6d5629c?s=96&d=mm&r=g","contentUrl":"https:\/\/secure.gravatar.com\/avatar\/78e52bc4279b65f6df6345e0ef0f7b792d361361f230cf4ffecfe0afe6d5629c?s=96&d=mm&r=g","caption":"Uredni\u0161tvo Celjana"},"url":"https:\/\/novice.si\/page\/author\/primoz\/"}]}},"_links":{"self":[{"href":"https:\/\/novice.si\/page\/wp-json\/wp\/v2\/posts\/170331","targetHints":{"allow":["GET"]}}],"collection":[{"href":"https:\/\/novice.si\/page\/wp-json\/wp\/v2\/posts"}],"about":[{"href":"https:\/\/novice.si\/page\/wp-json\/wp\/v2\/types\/post"}],"author":[{"embeddable":true,"href":"https:\/\/novice.si\/page\/wp-json\/wp\/v2\/users\/33"}],"replies":[{"embeddable":true,"href":"https:\/\/novice.si\/page\/wp-json\/wp\/v2\/comments?post=170331"}],"version-history":[{"count":1,"href":"https:\/\/novice.si\/page\/wp-json\/wp\/v2\/posts\/170331\/revisions"}],"predecessor-version":[{"id":170335,"href":"https:\/\/novice.si\/page\/wp-json\/wp\/v2\/posts\/170331\/revisions\/170335"}],"wp:featuredmedia":[{"embeddable":true,"href":"https:\/\/novice.si\/page\/wp-json\/wp\/v2\/media\/170332"}],"wp:attachment":[{"href":"https:\/\/novice.si\/page\/wp-json\/wp\/v2\/media?parent=170331"}],"wp:term":[{"taxonomy":"category","embeddable":true,"href":"https:\/\/novice.si\/page\/wp-json\/wp\/v2\/categories?post=170331"},{"taxonomy":"post_tag","embeddable":true,"href":"https:\/\/novice.si\/page\/wp-json\/wp\/v2\/tags?post=170331"}],"curies":[{"name":"wp","href":"https:\/\/api.w.org\/{rel}","templated":true}]}}