{"id":170328,"date":"2023-12-20T08:00:34","date_gmt":"2023-12-20T07:00:34","guid":{"rendered":"https:\/\/novice.si\/page\/?p=170328"},"modified":"2023-12-20T08:00:34","modified_gmt":"2023-12-20T07:00:34","slug":"slovenska-bistrica-na-ac-do-smrti-zbil-delavca","status":"publish","type":"post","link":"https:\/\/novice.si\/page\/slovenska-bistrica-na-ac-do-smrti-zbil-delavca\/","title":{"rendered":"SLOVENSKA BISTRICA Na AC do smrti zbil delavca"},"content":{"rendered":"<p>Do tragi\u010dne prometne nesre\u010de je sino\u010di nekaj pred pol osmo pri\u0161lo na avtocestnem odseku pri Slovenski Bistrici v smeri Maribora, ko je voznik osebnega vozila zbil delavca, ki se je zadr\u017eeval na obmo\u010dju del.<\/p>\n<p>Po\u0161kodbam je podlegel na kraju dogodka.<\/p>\n<p>Druge okoli\u0161\u010dine bodo znane danes.<\/p>\n<p>P\u0160<\/p>\n","protected":false},"excerpt":{"rendered":"<p>Do tragi\u010dne prometne nesre\u010de je sino\u010di nekaj pred pol osmo pri\u0161lo na avtocestnem odseku pri Slovenski Bistrici v smeri Maribora, ko je voznik osebnega vozila zbil delavca, ki se je zadr\u017eeval na obmo\u010dju del. Po\u0161kodbam je podlegel na kraju dogodka. Druge okoli\u0161\u010dine bodo znane danes. P\u0160<\/p>\n","protected":false},"author":33,"featured_media":121854,"comment_status":"closed","ping_status":"closed","sticky":false,"template":"","format":"standard","meta":{"footnotes":""},"categories":[14,32,29],"tags":[689,171,4132,19399],"class_list":{"0":"post-170328","1":"post","2":"type-post","3":"status-publish","4":"format-standard","5":"has-post-thumbnail","7":"category-aktualno","8":"category-bistrisko","9":"category-kronika","10":"tag-avtocesta","11":"tag-slovenska-bistrica","12":"tag-smrtna-pn","13":"tag-zbil-delavca"},"yoast_head":"<!-- This site is optimized with the Yoast SEO plugin v27.4 - https:\/\/yoast.com\/product\/yoast-seo-wordpress\/ -->\n<title>SLOVENSKA BISTRICA Na AC do smrti zbil delavca - Novice.si<\/title>\n<meta name=\"robots\" content=\"index, follow, max-snippet:-1, max-image-preview:large, max-video-preview:-1\" \/>\n<link rel=\"canonical\" href=\"https:\/\/novice.si\/page\/slovenska-bistrica-na-ac-do-smrti-zbil-delavca\/\" \/>\n<meta property=\"og:locale\" content=\"sl_SI\" \/>\n<meta property=\"og:type\" content=\"article\" \/>\n<meta property=\"og:title\" content=\"SLOVENSKA BISTRICA Na AC do smrti zbil delavca - Novice.si\" \/>\n<meta property=\"og:description\" content=\"Do tragi\u010dne prometne nesre\u010de je sino\u010di nekaj pred pol osmo pri\u0161lo na avtocestnem odseku pri Slovenski Bistrici v smeri Maribora, ko je voznik osebnega vozila zbil delavca, ki se je zadr\u017eeval na obmo\u010dju del. Po\u0161kodbam je podlegel na kraju dogodka. Druge okoli\u0161\u010dine bodo znane danes. P\u0160\" \/>\n<meta property=\"og:url\" content=\"https:\/\/novice.si\/page\/slovenska-bistrica-na-ac-do-smrti-zbil-delavca\/\" \/>\n<meta property=\"og:site_name\" content=\"Novice.si\" \/>\n<meta property=\"article:published_time\" content=\"2023-12-20T07:00:34+00:00\" \/>\n<meta property=\"og:image\" content=\"https:\/\/novice.si\/page\/wp-content\/uploads\/2020\/02\/policija-1_resize.jpg\" \/>\n\t<meta property=\"og:image:width\" content=\"1000\" \/>\n\t<meta property=\"og:image:height\" content=\"550\" \/>\n\t<meta property=\"og:image:type\" content=\"image\/jpeg\" \/>\n<meta name=\"author\" content=\"Uredni\u0161tvo Celjana\" \/>\n<meta name=\"twitter:card\" content=\"summary_large_image\" \/>\n<meta name=\"twitter:label1\" content=\"Written by\" \/>\n\t<meta name=\"twitter:data1\" content=\"Uredni\u0161tvo Celjana\" \/>\n\t<meta name=\"twitter:label2\" content=\"Est. reading time\" \/>\n\t<meta name=\"twitter:data2\" content=\"1 minuta\" \/>\n<script type=\"application\/ld+json\" class=\"yoast-schema-graph\">{\"@context\":\"https:\\\/\\\/schema.org\",\"@graph\":[{\"@type\":\"Article\",\"@id\":\"https:\\\/\\\/novice.si\\\/page\\\/slovenska-bistrica-na-ac-do-smrti-zbil-delavca\\\/#article\",\"isPartOf\":{\"@id\":\"https:\\\/\\\/novice.si\\\/page\\\/slovenska-bistrica-na-ac-do-smrti-zbil-delavca\\\/\"},\"author\":{\"name\":\"Uredni\u0161tvo Celjana\",\"@id\":\"https:\\\/\\\/novice.si\\\/page\\\/#\\\/schema\\\/person\\\/57f25c9642a9541c7349c65d32032c3e\"},\"headline\":\"SLOVENSKA BISTRICA Na AC do smrti zbil delavca\",\"datePublished\":\"2023-12-20T07:00:34+00:00\",\"mainEntityOfPage\":{\"@id\":\"https:\\\/\\\/novice.si\\\/page\\\/slovenska-bistrica-na-ac-do-smrti-zbil-delavca\\\/\"},\"wordCount\":62,\"publisher\":{\"@id\":\"https:\\\/\\\/novice.si\\\/page\\\/#organization\"},\"image\":{\"@id\":\"https:\\\/\\\/novice.si\\\/page\\\/slovenska-bistrica-na-ac-do-smrti-zbil-delavca\\\/#primaryimage\"},\"thumbnailUrl\":\"https:\\\/\\\/novice.si\\\/page\\\/wp-content\\\/uploads\\\/2020\\\/02\\\/policija-1_resize.jpg\",\"keywords\":[\"avtocesta\",\"Slovenska Bistrica\",\"smrtna pn\",\"zbil delavca\"],\"articleSection\":[\"Aktualno\",\"Bistri\u0161ko\",\"Kronika\"],\"inLanguage\":\"sl-SI\"},{\"@type\":\"WebPage\",\"@id\":\"https:\\\/\\\/novice.si\\\/page\\\/slovenska-bistrica-na-ac-do-smrti-zbil-delavca\\\/\",\"url\":\"https:\\\/\\\/novice.si\\\/page\\\/slovenska-bistrica-na-ac-do-smrti-zbil-delavca\\\/\",\"name\":\"SLOVENSKA BISTRICA Na AC do smrti zbil delavca - Novice.si\",\"isPartOf\":{\"@id\":\"https:\\\/\\\/novice.si\\\/page\\\/#website\"},\"primaryImageOfPage\":{\"@id\":\"https:\\\/\\\/novice.si\\\/page\\\/slovenska-bistrica-na-ac-do-smrti-zbil-delavca\\\/#primaryimage\"},\"image\":{\"@id\":\"https:\\\/\\\/novice.si\\\/page\\\/slovenska-bistrica-na-ac-do-smrti-zbil-delavca\\\/#primaryimage\"},\"thumbnailUrl\":\"https:\\\/\\\/novice.si\\\/page\\\/wp-content\\\/uploads\\\/2020\\\/02\\\/policija-1_resize.jpg\",\"datePublished\":\"2023-12-20T07:00:34+00:00\",\"breadcrumb\":{\"@id\":\"https:\\\/\\\/novice.si\\\/page\\\/slovenska-bistrica-na-ac-do-smrti-zbil-delavca\\\/#breadcrumb\"},\"inLanguage\":\"sl-SI\",\"potentialAction\":[{\"@type\":\"ReadAction\",\"target\":[\"https:\\\/\\\/novice.si\\\/page\\\/slovenska-bistrica-na-ac-do-smrti-zbil-delavca\\\/\"]}]},{\"@type\":\"ImageObject\",\"inLanguage\":\"sl-SI\",\"@id\":\"https:\\\/\\\/novice.si\\\/page\\\/slovenska-bistrica-na-ac-do-smrti-zbil-delavca\\\/#primaryimage\",\"url\":\"https:\\\/\\\/novice.si\\\/page\\\/wp-content\\\/uploads\\\/2020\\\/02\\\/policija-1_resize.jpg\",\"contentUrl\":\"https:\\\/\\\/novice.si\\\/page\\\/wp-content\\\/uploads\\\/2020\\\/02\\\/policija-1_resize.jpg\",\"width\":1000,\"height\":550},{\"@type\":\"BreadcrumbList\",\"@id\":\"https:\\\/\\\/novice.si\\\/page\\\/slovenska-bistrica-na-ac-do-smrti-zbil-delavca\\\/#breadcrumb\",\"itemListElement\":[{\"@type\":\"ListItem\",\"position\":1,\"name\":\"Home\",\"item\":\"https:\\\/\\\/novice.si\\\/page\\\/\"},{\"@type\":\"ListItem\",\"position\":2,\"name\":\"SLOVENSKA BISTRICA Na AC do smrti zbil delavca\"}]},{\"@type\":\"WebSite\",\"@id\":\"https:\\\/\\\/novice.si\\\/page\\\/#website\",\"url\":\"https:\\\/\\\/novice.si\\\/page\\\/\",\"name\":\"Novice.si\",\"description\":\"\",\"publisher\":{\"@id\":\"https:\\\/\\\/novice.si\\\/page\\\/#organization\"},\"potentialAction\":[{\"@type\":\"SearchAction\",\"target\":{\"@type\":\"EntryPoint\",\"urlTemplate\":\"https:\\\/\\\/novice.si\\\/page\\\/?s={search_term_string}\"},\"query-input\":{\"@type\":\"PropertyValueSpecification\",\"valueRequired\":true,\"valueName\":\"search_term_string\"}}],\"inLanguage\":\"sl-SI\"},{\"@type\":\"Organization\",\"@id\":\"https:\\\/\\\/novice.si\\\/page\\\/#organization\",\"name\":\"Novice.si\",\"url\":\"https:\\\/\\\/novice.si\\\/page\\\/\",\"logo\":{\"@type\":\"ImageObject\",\"inLanguage\":\"sl-SI\",\"@id\":\"https:\\\/\\\/novice.si\\\/page\\\/#\\\/schema\\\/logo\\\/image\\\/\",\"url\":\"https:\\\/\\\/novice.si\\\/page\\\/wp-content\\\/uploads\\\/2023\\\/03\\\/novice_si.png\",\"contentUrl\":\"https:\\\/\\\/novice.si\\\/page\\\/wp-content\\\/uploads\\\/2023\\\/03\\\/novice_si.png\",\"width\":576,\"height\":200,\"caption\":\"Novice.si\"},\"image\":{\"@id\":\"https:\\\/\\\/novice.si\\\/page\\\/#\\\/schema\\\/logo\\\/image\\\/\"}},{\"@type\":\"Person\",\"@id\":\"https:\\\/\\\/novice.si\\\/page\\\/#\\\/schema\\\/person\\\/57f25c9642a9541c7349c65d32032c3e\",\"name\":\"Uredni\u0161tvo Celjana\",\"image\":{\"@type\":\"ImageObject\",\"inLanguage\":\"sl-SI\",\"@id\":\"https:\\\/\\\/secure.gravatar.com\\\/avatar\\\/78e52bc4279b65f6df6345e0ef0f7b792d361361f230cf4ffecfe0afe6d5629c?s=96&d=mm&r=g\",\"url\":\"https:\\\/\\\/secure.gravatar.com\\\/avatar\\\/78e52bc4279b65f6df6345e0ef0f7b792d361361f230cf4ffecfe0afe6d5629c?s=96&d=mm&r=g\",\"contentUrl\":\"https:\\\/\\\/secure.gravatar.com\\\/avatar\\\/78e52bc4279b65f6df6345e0ef0f7b792d361361f230cf4ffecfe0afe6d5629c?s=96&d=mm&r=g\",\"caption\":\"Uredni\u0161tvo Celjana\"},\"url\":\"https:\\\/\\\/novice.si\\\/page\\\/author\\\/primoz\\\/\"}]}<\/script>\n<!-- \/ Yoast SEO plugin. -->","yoast_head_json":{"title":"SLOVENSKA BISTRICA Na AC do smrti zbil delavca - Novice.si","robots":{"index":"index","follow":"follow","max-snippet":"max-snippet:-1","max-image-preview":"max-image-preview:large","max-video-preview":"max-video-preview:-1"},"canonical":"https:\/\/novice.si\/page\/slovenska-bistrica-na-ac-do-smrti-zbil-delavca\/","og_locale":"sl_SI","og_type":"article","og_title":"SLOVENSKA BISTRICA Na AC do smrti zbil delavca - Novice.si","og_description":"Do tragi\u010dne prometne nesre\u010de je sino\u010di nekaj pred pol osmo pri\u0161lo na avtocestnem odseku pri Slovenski Bistrici v smeri Maribora, ko je voznik osebnega vozila zbil delavca, ki se je zadr\u017eeval na obmo\u010dju del. Po\u0161kodbam je podlegel na kraju dogodka. Druge okoli\u0161\u010dine bodo znane danes. P\u0160","og_url":"https:\/\/novice.si\/page\/slovenska-bistrica-na-ac-do-smrti-zbil-delavca\/","og_site_name":"Novice.si","article_published_time":"2023-12-20T07:00:34+00:00","og_image":[{"width":1000,"height":550,"url":"https:\/\/novice.si\/page\/wp-content\/uploads\/2020\/02\/policija-1_resize.jpg","type":"image\/jpeg"}],"author":"Uredni\u0161tvo Celjana","twitter_card":"summary_large_image","twitter_misc":{"Written by":"Uredni\u0161tvo Celjana","Est. reading time":"1 minuta"},"schema":{"@context":"https:\/\/schema.org","@graph":[{"@type":"Article","@id":"https:\/\/novice.si\/page\/slovenska-bistrica-na-ac-do-smrti-zbil-delavca\/#article","isPartOf":{"@id":"https:\/\/novice.si\/page\/slovenska-bistrica-na-ac-do-smrti-zbil-delavca\/"},"author":{"name":"Uredni\u0161tvo Celjana","@id":"https:\/\/novice.si\/page\/#\/schema\/person\/57f25c9642a9541c7349c65d32032c3e"},"headline":"SLOVENSKA BISTRICA Na AC do smrti zbil delavca","datePublished":"2023-12-20T07:00:34+00:00","mainEntityOfPage":{"@id":"https:\/\/novice.si\/page\/slovenska-bistrica-na-ac-do-smrti-zbil-delavca\/"},"wordCount":62,"publisher":{"@id":"https:\/\/novice.si\/page\/#organization"},"image":{"@id":"https:\/\/novice.si\/page\/slovenska-bistrica-na-ac-do-smrti-zbil-delavca\/#primaryimage"},"thumbnailUrl":"https:\/\/novice.si\/page\/wp-content\/uploads\/2020\/02\/policija-1_resize.jpg","keywords":["avtocesta","Slovenska Bistrica","smrtna pn","zbil delavca"],"articleSection":["Aktualno","Bistri\u0161ko","Kronika"],"inLanguage":"sl-SI"},{"@type":"WebPage","@id":"https:\/\/novice.si\/page\/slovenska-bistrica-na-ac-do-smrti-zbil-delavca\/","url":"https:\/\/novice.si\/page\/slovenska-bistrica-na-ac-do-smrti-zbil-delavca\/","name":"SLOVENSKA BISTRICA Na AC do smrti zbil delavca - Novice.si","isPartOf":{"@id":"https:\/\/novice.si\/page\/#website"},"primaryImageOfPage":{"@id":"https:\/\/novice.si\/page\/slovenska-bistrica-na-ac-do-smrti-zbil-delavca\/#primaryimage"},"image":{"@id":"https:\/\/novice.si\/page\/slovenska-bistrica-na-ac-do-smrti-zbil-delavca\/#primaryimage"},"thumbnailUrl":"https:\/\/novice.si\/page\/wp-content\/uploads\/2020\/02\/policija-1_resize.jpg","datePublished":"2023-12-20T07:00:34+00:00","breadcrumb":{"@id":"https:\/\/novice.si\/page\/slovenska-bistrica-na-ac-do-smrti-zbil-delavca\/#breadcrumb"},"inLanguage":"sl-SI","potentialAction":[{"@type":"ReadAction","target":["https:\/\/novice.si\/page\/slovenska-bistrica-na-ac-do-smrti-zbil-delavca\/"]}]},{"@type":"ImageObject","inLanguage":"sl-SI","@id":"https:\/\/novice.si\/page\/slovenska-bistrica-na-ac-do-smrti-zbil-delavca\/#primaryimage","url":"https:\/\/novice.si\/page\/wp-content\/uploads\/2020\/02\/policija-1_resize.jpg","contentUrl":"https:\/\/novice.si\/page\/wp-content\/uploads\/2020\/02\/policija-1_resize.jpg","width":1000,"height":550},{"@type":"BreadcrumbList","@id":"https:\/\/novice.si\/page\/slovenska-bistrica-na-ac-do-smrti-zbil-delavca\/#breadcrumb","itemListElement":[{"@type":"ListItem","position":1,"name":"Home","item":"https:\/\/novice.si\/page\/"},{"@type":"ListItem","position":2,"name":"SLOVENSKA BISTRICA Na AC do smrti zbil delavca"}]},{"@type":"WebSite","@id":"https:\/\/novice.si\/page\/#website","url":"https:\/\/novice.si\/page\/","name":"Novice.si","description":"","publisher":{"@id":"https:\/\/novice.si\/page\/#organization"},"potentialAction":[{"@type":"SearchAction","target":{"@type":"EntryPoint","urlTemplate":"https:\/\/novice.si\/page\/?s={search_term_string}"},"query-input":{"@type":"PropertyValueSpecification","valueRequired":true,"valueName":"search_term_string"}}],"inLanguage":"sl-SI"},{"@type":"Organization","@id":"https:\/\/novice.si\/page\/#organization","name":"Novice.si","url":"https:\/\/novice.si\/page\/","logo":{"@type":"ImageObject","inLanguage":"sl-SI","@id":"https:\/\/novice.si\/page\/#\/schema\/logo\/image\/","url":"https:\/\/novice.si\/page\/wp-content\/uploads\/2023\/03\/novice_si.png","contentUrl":"https:\/\/novice.si\/page\/wp-content\/uploads\/2023\/03\/novice_si.png","width":576,"height":200,"caption":"Novice.si"},"image":{"@id":"https:\/\/novice.si\/page\/#\/schema\/logo\/image\/"}},{"@type":"Person","@id":"https:\/\/novice.si\/page\/#\/schema\/person\/57f25c9642a9541c7349c65d32032c3e","name":"Uredni\u0161tvo Celjana","image":{"@type":"ImageObject","inLanguage":"sl-SI","@id":"https:\/\/secure.gravatar.com\/avatar\/78e52bc4279b65f6df6345e0ef0f7b792d361361f230cf4ffecfe0afe6d5629c?s=96&d=mm&r=g","url":"https:\/\/secure.gravatar.com\/avatar\/78e52bc4279b65f6df6345e0ef0f7b792d361361f230cf4ffecfe0afe6d5629c?s=96&d=mm&r=g","contentUrl":"https:\/\/secure.gravatar.com\/avatar\/78e52bc4279b65f6df6345e0ef0f7b792d361361f230cf4ffecfe0afe6d5629c?s=96&d=mm&r=g","caption":"Uredni\u0161tvo Celjana"},"url":"https:\/\/novice.si\/page\/author\/primoz\/"}]}},"_links":{"self":[{"href":"https:\/\/novice.si\/page\/wp-json\/wp\/v2\/posts\/170328","targetHints":{"allow":["GET"]}}],"collection":[{"href":"https:\/\/novice.si\/page\/wp-json\/wp\/v2\/posts"}],"about":[{"href":"https:\/\/novice.si\/page\/wp-json\/wp\/v2\/types\/post"}],"author":[{"embeddable":true,"href":"https:\/\/novice.si\/page\/wp-json\/wp\/v2\/users\/33"}],"replies":[{"embeddable":true,"href":"https:\/\/novice.si\/page\/wp-json\/wp\/v2\/comments?post=170328"}],"version-history":[{"count":1,"href":"https:\/\/novice.si\/page\/wp-json\/wp\/v2\/posts\/170328\/revisions"}],"predecessor-version":[{"id":170329,"href":"https:\/\/novice.si\/page\/wp-json\/wp\/v2\/posts\/170328\/revisions\/170329"}],"wp:featuredmedia":[{"embeddable":true,"href":"https:\/\/novice.si\/page\/wp-json\/wp\/v2\/media\/121854"}],"wp:attachment":[{"href":"https:\/\/novice.si\/page\/wp-json\/wp\/v2\/media?parent=170328"}],"wp:term":[{"taxonomy":"category","embeddable":true,"href":"https:\/\/novice.si\/page\/wp-json\/wp\/v2\/categories?post=170328"},{"taxonomy":"post_tag","embeddable":true,"href":"https:\/\/novice.si\/page\/wp-json\/wp\/v2\/tags?post=170328"}],"curies":[{"name":"wp","href":"https:\/\/api.w.org\/{rel}","templated":true}]}}