{"id":170309,"date":"2023-12-19T07:02:14","date_gmt":"2023-12-19T06:02:14","guid":{"rendered":"https:\/\/novice.si\/page\/?p=170309"},"modified":"2023-12-18T19:05:08","modified_gmt":"2023-12-18T18:05:08","slug":"celjsko-pro-bono-dan-slovenskih-odvetnikov","status":"publish","type":"post","link":"https:\/\/novice.si\/page\/celjsko-pro-bono-dan-slovenskih-odvetnikov\/","title":{"rendered":"CELJSKO Pro bono dan slovenskih odvetnikov"},"content":{"rendered":"<p>Ob dana\u0161njem dnevu brezpla\u010dne pravne pomo\u010di bo vrata za nasvete strankam odprlo tudi <img loading=\"lazy\" decoding=\"async\" class=\"size-medium wp-image-121014 alignleft\" src=\"https:\/\/novice.si\/page\/wp-content\/uploads\/2020\/02\/pravna-pomo\u010d-300x200.jpg\" alt=\"\" width=\"300\" height=\"200\" srcset=\"https:\/\/novice.si\/page\/wp-content\/uploads\/2020\/02\/pravna-pomo\u010d-300x200.jpg 300w, https:\/\/novice.si\/page\/wp-content\/uploads\/2020\/02\/pravna-pomo\u010d-768x512.jpg 768w, https:\/\/novice.si\/page\/wp-content\/uploads\/2020\/02\/pravna-pomo\u010d-696x464.jpg 696w, https:\/\/novice.si\/page\/wp-content\/uploads\/2020\/02\/pravna-pomo\u010d-630x420.jpg 630w, https:\/\/novice.si\/page\/wp-content\/uploads\/2020\/02\/pravna-pomo\u010d-24x16.jpg 24w, https:\/\/novice.si\/page\/wp-content\/uploads\/2020\/02\/pravna-pomo\u010d-36x24.jpg 36w, https:\/\/novice.si\/page\/wp-content\/uploads\/2020\/02\/pravna-pomo\u010d-48x32.jpg 48w, https:\/\/novice.si\/page\/wp-content\/uploads\/2020\/02\/pravna-pomo\u010d.jpg 800w\" sizes=\"auto, (max-width: 300px) 100vw, 300px\" \/>26 odvetnikov s Celjskega.<\/p>\n<p>Najve\u010d, 13, jih je iz Celja, po dva prihajata iz Slovenskih Konjic in Zre\u010d, po eden pa iz \u0160entjurja, \u0160marja pri Jel\u0161ah in Roga\u0161ke Slatine.<\/p>\n<p>Tovrstno pomo\u010d odvetniki nudijo \u017ee trinajsto leto, zainteresiranim bodo dostopni \u0161e preko telekomunikacijskih in videokonferen\u010dnih povezav. Ob\u010danom bodo do popoldneva na voljo tudi celjskem v Narodnem domu.<\/p>\n<p>Brezpla\u010dne nasvete bodo dajali za vsa podro\u010dja prava, pri \u010demer gre opozoriti, da gre za tisti prvi nasvet, kako se podati in usmeriti na pravno pot, nikakor pa ne za zastopanja strank.<\/p>\n<p>P\u0160<\/p>\n","protected":false},"excerpt":{"rendered":"<p>Ob dana\u0161njem dnevu brezpla\u010dne pravne pomo\u010di bo vrata za nasvete strankam odprlo tudi 26 odvetnikov s Celjskega. Najve\u010d, 13, jih je iz Celja, po dva prihajata iz Slovenskih Konjic in Zre\u010d, po eden pa iz \u0160entjurja, \u0160marja pri Jel\u0161ah in Roga\u0161ke Slatine. Tovrstno pomo\u010d odvetniki nudijo \u017ee trinajsto leto, zainteresiranim bodo dostopni \u0161e preko telekomunikacijskih [&hellip;]<\/p>\n","protected":false},"author":33,"featured_media":155920,"comment_status":"closed","ping_status":"closed","sticky":false,"template":"","format":"standard","meta":{"footnotes":""},"categories":[14,17,29],"tags":[5303,7909,19381,19383,19382],"class_list":{"0":"post-170309","1":"post","2":"type-post","3":"status-publish","4":"format-standard","5":"has-post-thumbnail","7":"category-aktualno","8":"category-celjsko","9":"category-kronika","10":"tag-brezplacna-pravna-pomoc","11":"tag-odprta-vrata","12":"tag-odvetniki-s-celjskega","13":"tag-podrocja-prava","14":"tag-svetovanje"},"yoast_head":"<!-- This site is optimized with the Yoast SEO plugin v27.4 - https:\/\/yoast.com\/product\/yoast-seo-wordpress\/ -->\n<title>CELJSKO Pro bono dan slovenskih odvetnikov - Novice.si<\/title>\n<meta name=\"robots\" content=\"index, follow, max-snippet:-1, max-image-preview:large, max-video-preview:-1\" \/>\n<link rel=\"canonical\" href=\"https:\/\/novice.si\/page\/celjsko-pro-bono-dan-slovenskih-odvetnikov\/\" \/>\n<meta property=\"og:locale\" content=\"sl_SI\" \/>\n<meta property=\"og:type\" content=\"article\" \/>\n<meta property=\"og:title\" content=\"CELJSKO Pro bono dan slovenskih odvetnikov - Novice.si\" \/>\n<meta property=\"og:description\" content=\"Ob dana\u0161njem dnevu brezpla\u010dne pravne pomo\u010di bo vrata za nasvete strankam odprlo tudi 26 odvetnikov s Celjskega. Najve\u010d, 13, jih je iz Celja, po dva prihajata iz Slovenskih Konjic in Zre\u010d, po eden pa iz \u0160entjurja, \u0160marja pri Jel\u0161ah in Roga\u0161ke Slatine. Tovrstno pomo\u010d odvetniki nudijo \u017ee trinajsto leto, zainteresiranim bodo dostopni \u0161e preko telekomunikacijskih [&hellip;]\" \/>\n<meta property=\"og:url\" content=\"https:\/\/novice.si\/page\/celjsko-pro-bono-dan-slovenskih-odvetnikov\/\" \/>\n<meta property=\"og:site_name\" content=\"Novice.si\" \/>\n<meta property=\"article:published_time\" content=\"2023-12-19T06:02:14+00:00\" \/>\n<meta property=\"og:image\" content=\"https:\/\/novice.si\/page\/wp-content\/uploads\/2022\/10\/mednarodno-srecanje-odvetnikov-1-scaled.jpg\" \/>\n\t<meta property=\"og:image:width\" content=\"2560\" \/>\n\t<meta property=\"og:image:height\" content=\"1920\" \/>\n\t<meta property=\"og:image:type\" content=\"image\/jpeg\" \/>\n<meta name=\"author\" content=\"Uredni\u0161tvo Celjana\" \/>\n<meta name=\"twitter:card\" content=\"summary_large_image\" \/>\n<meta name=\"twitter:label1\" content=\"Written by\" \/>\n\t<meta name=\"twitter:data1\" content=\"Uredni\u0161tvo Celjana\" \/>\n\t<meta name=\"twitter:label2\" content=\"Est. reading time\" \/>\n\t<meta name=\"twitter:data2\" content=\"1 minuta\" \/>\n<script type=\"application\/ld+json\" class=\"yoast-schema-graph\">{\"@context\":\"https:\\\/\\\/schema.org\",\"@graph\":[{\"@type\":\"Article\",\"@id\":\"https:\\\/\\\/novice.si\\\/page\\\/celjsko-pro-bono-dan-slovenskih-odvetnikov\\\/#article\",\"isPartOf\":{\"@id\":\"https:\\\/\\\/novice.si\\\/page\\\/celjsko-pro-bono-dan-slovenskih-odvetnikov\\\/\"},\"author\":{\"name\":\"Uredni\u0161tvo Celjana\",\"@id\":\"https:\\\/\\\/novice.si\\\/page\\\/#\\\/schema\\\/person\\\/57f25c9642a9541c7349c65d32032c3e\"},\"headline\":\"CELJSKO Pro bono dan slovenskih odvetnikov\",\"datePublished\":\"2023-12-19T06:02:14+00:00\",\"mainEntityOfPage\":{\"@id\":\"https:\\\/\\\/novice.si\\\/page\\\/celjsko-pro-bono-dan-slovenskih-odvetnikov\\\/\"},\"wordCount\":115,\"publisher\":{\"@id\":\"https:\\\/\\\/novice.si\\\/page\\\/#organization\"},\"image\":{\"@id\":\"https:\\\/\\\/novice.si\\\/page\\\/celjsko-pro-bono-dan-slovenskih-odvetnikov\\\/#primaryimage\"},\"thumbnailUrl\":\"https:\\\/\\\/novice.si\\\/page\\\/wp-content\\\/uploads\\\/2022\\\/10\\\/mednarodno-srecanje-odvetnikov-1-scaled.jpg\",\"keywords\":[\"Brezpla\u010dna pravna pomo\u010d\",\"Odprta vrata\",\"odvetniki s Celjskega\",\"podro\u010dja prava\",\"svetovanje\"],\"articleSection\":[\"Aktualno\",\"Celjsko\",\"Kronika\"],\"inLanguage\":\"sl-SI\"},{\"@type\":\"WebPage\",\"@id\":\"https:\\\/\\\/novice.si\\\/page\\\/celjsko-pro-bono-dan-slovenskih-odvetnikov\\\/\",\"url\":\"https:\\\/\\\/novice.si\\\/page\\\/celjsko-pro-bono-dan-slovenskih-odvetnikov\\\/\",\"name\":\"CELJSKO Pro bono dan slovenskih odvetnikov - Novice.si\",\"isPartOf\":{\"@id\":\"https:\\\/\\\/novice.si\\\/page\\\/#website\"},\"primaryImageOfPage\":{\"@id\":\"https:\\\/\\\/novice.si\\\/page\\\/celjsko-pro-bono-dan-slovenskih-odvetnikov\\\/#primaryimage\"},\"image\":{\"@id\":\"https:\\\/\\\/novice.si\\\/page\\\/celjsko-pro-bono-dan-slovenskih-odvetnikov\\\/#primaryimage\"},\"thumbnailUrl\":\"https:\\\/\\\/novice.si\\\/page\\\/wp-content\\\/uploads\\\/2022\\\/10\\\/mednarodno-srecanje-odvetnikov-1-scaled.jpg\",\"datePublished\":\"2023-12-19T06:02:14+00:00\",\"breadcrumb\":{\"@id\":\"https:\\\/\\\/novice.si\\\/page\\\/celjsko-pro-bono-dan-slovenskih-odvetnikov\\\/#breadcrumb\"},\"inLanguage\":\"sl-SI\",\"potentialAction\":[{\"@type\":\"ReadAction\",\"target\":[\"https:\\\/\\\/novice.si\\\/page\\\/celjsko-pro-bono-dan-slovenskih-odvetnikov\\\/\"]}]},{\"@type\":\"ImageObject\",\"inLanguage\":\"sl-SI\",\"@id\":\"https:\\\/\\\/novice.si\\\/page\\\/celjsko-pro-bono-dan-slovenskih-odvetnikov\\\/#primaryimage\",\"url\":\"https:\\\/\\\/novice.si\\\/page\\\/wp-content\\\/uploads\\\/2022\\\/10\\\/mednarodno-srecanje-odvetnikov-1-scaled.jpg\",\"contentUrl\":\"https:\\\/\\\/novice.si\\\/page\\\/wp-content\\\/uploads\\\/2022\\\/10\\\/mednarodno-srecanje-odvetnikov-1-scaled.jpg\",\"width\":2560,\"height\":1920},{\"@type\":\"BreadcrumbList\",\"@id\":\"https:\\\/\\\/novice.si\\\/page\\\/celjsko-pro-bono-dan-slovenskih-odvetnikov\\\/#breadcrumb\",\"itemListElement\":[{\"@type\":\"ListItem\",\"position\":1,\"name\":\"Home\",\"item\":\"https:\\\/\\\/novice.si\\\/page\\\/\"},{\"@type\":\"ListItem\",\"position\":2,\"name\":\"CELJSKO Pro bono dan slovenskih odvetnikov\"}]},{\"@type\":\"WebSite\",\"@id\":\"https:\\\/\\\/novice.si\\\/page\\\/#website\",\"url\":\"https:\\\/\\\/novice.si\\\/page\\\/\",\"name\":\"Novice.si\",\"description\":\"\",\"publisher\":{\"@id\":\"https:\\\/\\\/novice.si\\\/page\\\/#organization\"},\"potentialAction\":[{\"@type\":\"SearchAction\",\"target\":{\"@type\":\"EntryPoint\",\"urlTemplate\":\"https:\\\/\\\/novice.si\\\/page\\\/?s={search_term_string}\"},\"query-input\":{\"@type\":\"PropertyValueSpecification\",\"valueRequired\":true,\"valueName\":\"search_term_string\"}}],\"inLanguage\":\"sl-SI\"},{\"@type\":\"Organization\",\"@id\":\"https:\\\/\\\/novice.si\\\/page\\\/#organization\",\"name\":\"Novice.si\",\"url\":\"https:\\\/\\\/novice.si\\\/page\\\/\",\"logo\":{\"@type\":\"ImageObject\",\"inLanguage\":\"sl-SI\",\"@id\":\"https:\\\/\\\/novice.si\\\/page\\\/#\\\/schema\\\/logo\\\/image\\\/\",\"url\":\"https:\\\/\\\/novice.si\\\/page\\\/wp-content\\\/uploads\\\/2023\\\/03\\\/novice_si.png\",\"contentUrl\":\"https:\\\/\\\/novice.si\\\/page\\\/wp-content\\\/uploads\\\/2023\\\/03\\\/novice_si.png\",\"width\":576,\"height\":200,\"caption\":\"Novice.si\"},\"image\":{\"@id\":\"https:\\\/\\\/novice.si\\\/page\\\/#\\\/schema\\\/logo\\\/image\\\/\"}},{\"@type\":\"Person\",\"@id\":\"https:\\\/\\\/novice.si\\\/page\\\/#\\\/schema\\\/person\\\/57f25c9642a9541c7349c65d32032c3e\",\"name\":\"Uredni\u0161tvo Celjana\",\"image\":{\"@type\":\"ImageObject\",\"inLanguage\":\"sl-SI\",\"@id\":\"https:\\\/\\\/secure.gravatar.com\\\/avatar\\\/78e52bc4279b65f6df6345e0ef0f7b792d361361f230cf4ffecfe0afe6d5629c?s=96&d=mm&r=g\",\"url\":\"https:\\\/\\\/secure.gravatar.com\\\/avatar\\\/78e52bc4279b65f6df6345e0ef0f7b792d361361f230cf4ffecfe0afe6d5629c?s=96&d=mm&r=g\",\"contentUrl\":\"https:\\\/\\\/secure.gravatar.com\\\/avatar\\\/78e52bc4279b65f6df6345e0ef0f7b792d361361f230cf4ffecfe0afe6d5629c?s=96&d=mm&r=g\",\"caption\":\"Uredni\u0161tvo Celjana\"},\"url\":\"https:\\\/\\\/novice.si\\\/page\\\/author\\\/primoz\\\/\"}]}<\/script>\n<!-- \/ Yoast SEO plugin. -->","yoast_head_json":{"title":"CELJSKO Pro bono dan slovenskih odvetnikov - Novice.si","robots":{"index":"index","follow":"follow","max-snippet":"max-snippet:-1","max-image-preview":"max-image-preview:large","max-video-preview":"max-video-preview:-1"},"canonical":"https:\/\/novice.si\/page\/celjsko-pro-bono-dan-slovenskih-odvetnikov\/","og_locale":"sl_SI","og_type":"article","og_title":"CELJSKO Pro bono dan slovenskih odvetnikov - Novice.si","og_description":"Ob dana\u0161njem dnevu brezpla\u010dne pravne pomo\u010di bo vrata za nasvete strankam odprlo tudi 26 odvetnikov s Celjskega. Najve\u010d, 13, jih je iz Celja, po dva prihajata iz Slovenskih Konjic in Zre\u010d, po eden pa iz \u0160entjurja, \u0160marja pri Jel\u0161ah in Roga\u0161ke Slatine. Tovrstno pomo\u010d odvetniki nudijo \u017ee trinajsto leto, zainteresiranim bodo dostopni \u0161e preko telekomunikacijskih [&hellip;]","og_url":"https:\/\/novice.si\/page\/celjsko-pro-bono-dan-slovenskih-odvetnikov\/","og_site_name":"Novice.si","article_published_time":"2023-12-19T06:02:14+00:00","og_image":[{"width":2560,"height":1920,"url":"https:\/\/novice.si\/page\/wp-content\/uploads\/2022\/10\/mednarodno-srecanje-odvetnikov-1-scaled.jpg","type":"image\/jpeg"}],"author":"Uredni\u0161tvo Celjana","twitter_card":"summary_large_image","twitter_misc":{"Written by":"Uredni\u0161tvo Celjana","Est. reading time":"1 minuta"},"schema":{"@context":"https:\/\/schema.org","@graph":[{"@type":"Article","@id":"https:\/\/novice.si\/page\/celjsko-pro-bono-dan-slovenskih-odvetnikov\/#article","isPartOf":{"@id":"https:\/\/novice.si\/page\/celjsko-pro-bono-dan-slovenskih-odvetnikov\/"},"author":{"name":"Uredni\u0161tvo Celjana","@id":"https:\/\/novice.si\/page\/#\/schema\/person\/57f25c9642a9541c7349c65d32032c3e"},"headline":"CELJSKO Pro bono dan slovenskih odvetnikov","datePublished":"2023-12-19T06:02:14+00:00","mainEntityOfPage":{"@id":"https:\/\/novice.si\/page\/celjsko-pro-bono-dan-slovenskih-odvetnikov\/"},"wordCount":115,"publisher":{"@id":"https:\/\/novice.si\/page\/#organization"},"image":{"@id":"https:\/\/novice.si\/page\/celjsko-pro-bono-dan-slovenskih-odvetnikov\/#primaryimage"},"thumbnailUrl":"https:\/\/novice.si\/page\/wp-content\/uploads\/2022\/10\/mednarodno-srecanje-odvetnikov-1-scaled.jpg","keywords":["Brezpla\u010dna pravna pomo\u010d","Odprta vrata","odvetniki s Celjskega","podro\u010dja prava","svetovanje"],"articleSection":["Aktualno","Celjsko","Kronika"],"inLanguage":"sl-SI"},{"@type":"WebPage","@id":"https:\/\/novice.si\/page\/celjsko-pro-bono-dan-slovenskih-odvetnikov\/","url":"https:\/\/novice.si\/page\/celjsko-pro-bono-dan-slovenskih-odvetnikov\/","name":"CELJSKO Pro bono dan slovenskih odvetnikov - Novice.si","isPartOf":{"@id":"https:\/\/novice.si\/page\/#website"},"primaryImageOfPage":{"@id":"https:\/\/novice.si\/page\/celjsko-pro-bono-dan-slovenskih-odvetnikov\/#primaryimage"},"image":{"@id":"https:\/\/novice.si\/page\/celjsko-pro-bono-dan-slovenskih-odvetnikov\/#primaryimage"},"thumbnailUrl":"https:\/\/novice.si\/page\/wp-content\/uploads\/2022\/10\/mednarodno-srecanje-odvetnikov-1-scaled.jpg","datePublished":"2023-12-19T06:02:14+00:00","breadcrumb":{"@id":"https:\/\/novice.si\/page\/celjsko-pro-bono-dan-slovenskih-odvetnikov\/#breadcrumb"},"inLanguage":"sl-SI","potentialAction":[{"@type":"ReadAction","target":["https:\/\/novice.si\/page\/celjsko-pro-bono-dan-slovenskih-odvetnikov\/"]}]},{"@type":"ImageObject","inLanguage":"sl-SI","@id":"https:\/\/novice.si\/page\/celjsko-pro-bono-dan-slovenskih-odvetnikov\/#primaryimage","url":"https:\/\/novice.si\/page\/wp-content\/uploads\/2022\/10\/mednarodno-srecanje-odvetnikov-1-scaled.jpg","contentUrl":"https:\/\/novice.si\/page\/wp-content\/uploads\/2022\/10\/mednarodno-srecanje-odvetnikov-1-scaled.jpg","width":2560,"height":1920},{"@type":"BreadcrumbList","@id":"https:\/\/novice.si\/page\/celjsko-pro-bono-dan-slovenskih-odvetnikov\/#breadcrumb","itemListElement":[{"@type":"ListItem","position":1,"name":"Home","item":"https:\/\/novice.si\/page\/"},{"@type":"ListItem","position":2,"name":"CELJSKO Pro bono dan slovenskih odvetnikov"}]},{"@type":"WebSite","@id":"https:\/\/novice.si\/page\/#website","url":"https:\/\/novice.si\/page\/","name":"Novice.si","description":"","publisher":{"@id":"https:\/\/novice.si\/page\/#organization"},"potentialAction":[{"@type":"SearchAction","target":{"@type":"EntryPoint","urlTemplate":"https:\/\/novice.si\/page\/?s={search_term_string}"},"query-input":{"@type":"PropertyValueSpecification","valueRequired":true,"valueName":"search_term_string"}}],"inLanguage":"sl-SI"},{"@type":"Organization","@id":"https:\/\/novice.si\/page\/#organization","name":"Novice.si","url":"https:\/\/novice.si\/page\/","logo":{"@type":"ImageObject","inLanguage":"sl-SI","@id":"https:\/\/novice.si\/page\/#\/schema\/logo\/image\/","url":"https:\/\/novice.si\/page\/wp-content\/uploads\/2023\/03\/novice_si.png","contentUrl":"https:\/\/novice.si\/page\/wp-content\/uploads\/2023\/03\/novice_si.png","width":576,"height":200,"caption":"Novice.si"},"image":{"@id":"https:\/\/novice.si\/page\/#\/schema\/logo\/image\/"}},{"@type":"Person","@id":"https:\/\/novice.si\/page\/#\/schema\/person\/57f25c9642a9541c7349c65d32032c3e","name":"Uredni\u0161tvo Celjana","image":{"@type":"ImageObject","inLanguage":"sl-SI","@id":"https:\/\/secure.gravatar.com\/avatar\/78e52bc4279b65f6df6345e0ef0f7b792d361361f230cf4ffecfe0afe6d5629c?s=96&d=mm&r=g","url":"https:\/\/secure.gravatar.com\/avatar\/78e52bc4279b65f6df6345e0ef0f7b792d361361f230cf4ffecfe0afe6d5629c?s=96&d=mm&r=g","contentUrl":"https:\/\/secure.gravatar.com\/avatar\/78e52bc4279b65f6df6345e0ef0f7b792d361361f230cf4ffecfe0afe6d5629c?s=96&d=mm&r=g","caption":"Uredni\u0161tvo Celjana"},"url":"https:\/\/novice.si\/page\/author\/primoz\/"}]}},"_links":{"self":[{"href":"https:\/\/novice.si\/page\/wp-json\/wp\/v2\/posts\/170309","targetHints":{"allow":["GET"]}}],"collection":[{"href":"https:\/\/novice.si\/page\/wp-json\/wp\/v2\/posts"}],"about":[{"href":"https:\/\/novice.si\/page\/wp-json\/wp\/v2\/types\/post"}],"author":[{"embeddable":true,"href":"https:\/\/novice.si\/page\/wp-json\/wp\/v2\/users\/33"}],"replies":[{"embeddable":true,"href":"https:\/\/novice.si\/page\/wp-json\/wp\/v2\/comments?post=170309"}],"version-history":[{"count":1,"href":"https:\/\/novice.si\/page\/wp-json\/wp\/v2\/posts\/170309\/revisions"}],"predecessor-version":[{"id":170310,"href":"https:\/\/novice.si\/page\/wp-json\/wp\/v2\/posts\/170309\/revisions\/170310"}],"wp:featuredmedia":[{"embeddable":true,"href":"https:\/\/novice.si\/page\/wp-json\/wp\/v2\/media\/155920"}],"wp:attachment":[{"href":"https:\/\/novice.si\/page\/wp-json\/wp\/v2\/media?parent=170309"}],"wp:term":[{"taxonomy":"category","embeddable":true,"href":"https:\/\/novice.si\/page\/wp-json\/wp\/v2\/categories?post=170309"},{"taxonomy":"post_tag","embeddable":true,"href":"https:\/\/novice.si\/page\/wp-json\/wp\/v2\/tags?post=170309"}],"curies":[{"name":"wp","href":"https:\/\/api.w.org\/{rel}","templated":true}]}}